{"id":25374,"date":"2025-09-17T11:36:48","date_gmt":"2025-09-17T14:36:48","guid":{"rendered":"https:\/\/dioceseteixeiradefreitas.com.br\/?p=25374"},"modified":"2025-09-17T11:54:05","modified_gmt":"2025-09-17T14:54:05","slug":"convite-especial-para-o-111o-retiro-dos-exercicios-espirituais-inacianos","status":"publish","type":"post","link":"https:\/\/dioceseteixeiradefreitas.com.br\/?p=25374","title":{"rendered":"Convite Especial para o III Retiro dos Exerc\u00edcios Espirituais Inacianos."},"content":{"rendered":"\n<figure class=\"wp-block-image size-large\"><a href=\"https:\/\/dioceseteixeiradefreitas.com.br\/wp-content\/uploads\/2025\/09\/WhatsApp-Image-2025-09-16-at-17.35.26.jpeg\"><img loading=\"lazy\" decoding=\"async\" width=\"1024\" height=\"1024\" src=\"https:\/\/dioceseteixeiradefreitas.com.br\/wp-content\/uploads\/2025\/09\/WhatsApp-Image-2025-09-16-at-17.35.26-1024x1024.jpeg\" alt=\"\" class=\"wp-image-25375\" srcset=\"https:\/\/dioceseteixeiradefreitas.com.br\/wp-content\/uploads\/2025\/09\/WhatsApp-Image-2025-09-16-at-17.35.26-1024x1024.jpeg 1024w, https:\/\/dioceseteixeiradefreitas.com.br\/wp-content\/uploads\/2025\/09\/WhatsApp-Image-2025-09-16-at-17.35.26-300x300.jpeg 300w, https:\/\/dioceseteixeiradefreitas.com.br\/wp-content\/uploads\/2025\/09\/WhatsApp-Image-2025-09-16-at-17.35.26-150x150.jpeg 150w, https:\/\/dioceseteixeiradefreitas.com.br\/wp-content\/uploads\/2025\/09\/WhatsApp-Image-2025-09-16-at-17.35.26-768x768.jpeg 768w, https:\/\/dioceseteixeiradefreitas.com.br\/wp-content\/uploads\/2025\/09\/WhatsApp-Image-2025-09-16-at-17.35.26-1536x1536.jpeg 1536w, https:\/\/dioceseteixeiradefreitas.com.br\/wp-content\/uploads\/2025\/09\/WhatsApp-Image-2025-09-16-at-17.35.26.jpeg 1599w\" sizes=\"auto, (max-width: 1024px) 100vw, 1024px\" \/><\/a><\/figure>\n\n\n\n<p>A Congrega\u00e7\u00e3o Mariana de Nossa Senhora Medianeira de Todas as Gra\u00e7as e S\u00e3o Jos\u00e9 tem a honra de convidar todos os homens da nossa amada Diocese para participarem do <strong>III Retiro dos Exerc\u00edcios Espirituais Inacianos<\/strong>, que ocorrer\u00e1 entre os dias 24 a 26 de Outubro.<\/p>\n\n\n\n<p>Ser\u00e1 um tempo \u00fanico de sil\u00eancio sagrado, escuta atenta e profunda intimidade com Deus, \u00e0 luz da espiritualidade inaciana. O retiro ser\u00e1 conduzido pelo Reverend\u00edssimo Padre Luiz Fernando Moscatelli, IVE, Vig\u00e1rio Paroquial da Par\u00f3quia S\u00e3o Jos\u00e9 de Anchieta, Arquidiocese de Vit\u00f3ria \u2013 ES.<\/p>\n\n\n\n<p>N\u00e3o perca essa oportunidade de gra\u00e7a! Maria, nossa Medianeira, te espera com ternura para viver este momento de renova\u00e7\u00e3o espiritual.<\/p>\n\n\n\n<figure class=\"wp-block-embed is-type-video is-provider-youtube wp-block-embed-youtube wp-embed-aspect-9-16 wp-has-aspect-ratio\"><div class=\"wp-block-embed__wrapper\">\n<iframe loading=\"lazy\" title=\"Pe. Luiz Fernando Moscatelli (IVE) faz um convite especial aos homens de nossa Diocese.\" width=\"422\" height=\"750\" src=\"https:\/\/www.youtube.com\/embed\/D6oA283XdFs?feature=oembed\" frameborder=\"0\" allow=\"accelerometer; autoplay; clipboard-write; encrypted-media; gyroscope; picture-in-picture; web-share\" referrerpolicy=\"strict-origin-when-cross-origin\" allowfullscreen><\/iframe>\n<\/div><\/figure>\n\n\n\n<p><strong>Venha se entregar ao sil\u00eancio e \u00e0 reflex\u00e3o, aprofundando seu relacionamento com Deus!<\/strong><\/p>\n\n\n\n<p><strong>Data:<\/strong> 24 a 26 de Outubro de 2025.<br><strong>Inscri\u00e7\u00f5es:<\/strong> Entrar em contato com o Sr. Felippe Oliveira CM &#8211; (73) 99196-7229<\/p>\n\n\n\n<p>Contamos com sua presen\u00e7a! <\/p>\n","protected":false},"excerpt":{"rendered":"<p>A Congrega\u00e7\u00e3o Mariana de Nossa Senhora Medianeira de Todas as Gra\u00e7as e S\u00e3o Jos\u00e9 tem a honra de convidar todos os homens da nossa amada Diocese para participarem do III Retiro dos Exerc\u00edcios Espirituais Inacianos, que ocorrer\u00e1 entre os dias 24 a 26 de Outubro. Ser\u00e1 um tempo \u00fanico de sil\u00eancio sagrado, escuta atenta e &hellip;<\/p>\n","protected":false},"author":32,"featured_media":25375,"comment_status":"closed","ping_status":"closed","sticky":false,"template":"","format":"standard","meta":{"footnotes":""},"categories":[100,41],"tags":[],"class_list":["post-25374","post","type-post","status-publish","format-standard","has-post-thumbnail","hentry","category-noticias-diocesanas","category-noticias_destaque"],"_links":{"self":[{"href":"https:\/\/dioceseteixeiradefreitas.com.br\/index.php?rest_route=\/wp\/v2\/posts\/25374","targetHints":{"allow":["GET"]}}],"collection":[{"href":"https:\/\/dioceseteixeiradefreitas.com.br\/index.php?rest_route=\/wp\/v2\/posts"}],"about":[{"href":"https:\/\/dioceseteixeiradefreitas.com.br\/index.php?rest_route=\/wp\/v2\/types\/post"}],"author":[{"embeddable":true,"href":"https:\/\/dioceseteixeiradefreitas.com.br\/index.php?rest_route=\/wp\/v2\/users\/32"}],"replies":[{"embeddable":true,"href":"https:\/\/dioceseteixeiradefreitas.com.br\/index.php?rest_route=%2Fwp%2Fv2%2Fcomments&post=25374"}],"version-history":[{"count":2,"href":"https:\/\/dioceseteixeiradefreitas.com.br\/index.php?rest_route=\/wp\/v2\/posts\/25374\/revisions"}],"predecessor-version":[{"id":25378,"href":"https:\/\/dioceseteixeiradefreitas.com.br\/index.php?rest_route=\/wp\/v2\/posts\/25374\/revisions\/25378"}],"wp:featuredmedia":[{"embeddable":true,"href":"https:\/\/dioceseteixeiradefreitas.com.br\/index.php?rest_route=\/wp\/v2\/media\/25375"}],"wp:attachment":[{"href":"https:\/\/dioceseteixeiradefreitas.com.br\/index.php?rest_route=%2Fwp%2Fv2%2Fmedia&parent=25374"}],"wp:term":[{"taxonomy":"category","embeddable":true,"href":"https:\/\/dioceseteixeiradefreitas.com.br\/index.php?rest_route=%2Fwp%2Fv2%2Fcategories&post=25374"},{"taxonomy":"post_tag","embeddable":true,"href":"https:\/\/dioceseteixeiradefreitas.com.br\/index.php?rest_route=%2Fwp%2Fv2%2Ftags&post=25374"}],"curies":[{"name":"wp","href":"https:\/\/api.w.org\/{rel}","templated":true}]}}