{"id":25407,"date":"2025-09-23T21:58:13","date_gmt":"2025-09-24T00:58:13","guid":{"rendered":"https:\/\/dioceseteixeiradefreitas.com.br\/?p=25407"},"modified":"2025-09-23T21:58:13","modified_gmt":"2025-09-24T00:58:13","slug":"reuniao-dos-secretarios-paroquiais-da-diocese-de-teixeira-de-freitas-caravelas","status":"publish","type":"post","link":"https:\/\/dioceseteixeiradefreitas.com.br\/?p=25407","title":{"rendered":"Reuni\u00e3o dos Secret\u00e1rios Paroquiais da Diocese de Teixeira de Freitas\/Caravelas."},"content":{"rendered":"\n<figure class=\"wp-block-image size-large\"><a href=\"https:\/\/dioceseteixeiradefreitas.com.br\/wp-content\/uploads\/2025\/09\/WhatsApp-Image-2025-09-23-at-16.54.03-2-scaled.jpeg\"><img loading=\"lazy\" decoding=\"async\" width=\"1024\" height=\"768\" src=\"https:\/\/dioceseteixeiradefreitas.com.br\/wp-content\/uploads\/2025\/09\/WhatsApp-Image-2025-09-23-at-16.54.03-2-1024x768.jpeg\" alt=\"\" class=\"wp-image-25424\" srcset=\"https:\/\/dioceseteixeiradefreitas.com.br\/wp-content\/uploads\/2025\/09\/WhatsApp-Image-2025-09-23-at-16.54.03-2-1024x768.jpeg 1024w, https:\/\/dioceseteixeiradefreitas.com.br\/wp-content\/uploads\/2025\/09\/WhatsApp-Image-2025-09-23-at-16.54.03-2-300x225.jpeg 300w, https:\/\/dioceseteixeiradefreitas.com.br\/wp-content\/uploads\/2025\/09\/WhatsApp-Image-2025-09-23-at-16.54.03-2-768x576.jpeg 768w, https:\/\/dioceseteixeiradefreitas.com.br\/wp-content\/uploads\/2025\/09\/WhatsApp-Image-2025-09-23-at-16.54.03-2-1536x1152.jpeg 1536w, https:\/\/dioceseteixeiradefreitas.com.br\/wp-content\/uploads\/2025\/09\/WhatsApp-Image-2025-09-23-at-16.54.03-2-2048x1536.jpeg 2048w\" sizes=\"auto, (max-width: 1024px) 100vw, 1024px\" \/><\/a><\/figure>\n\n\n\n<p>Na manh\u00e3 de 23 de setembro de 2025, realizou-se no Audit\u00f3rio da Catedral a Reuni\u00e3o dos Secret\u00e1rios Paroquiais da Diocese de Teixeira de Freitas\/Caravelas.<\/p>\n\n\n\n<p>A programa\u00e7\u00e3o teve in\u00edcio com um momento de Adora\u00e7\u00e3o ao Sant\u00edssimo Sacramento e, em seguida, foram tratados os seguintes assuntos:<\/p>\n\n\n\n<p>\u2022 Quest\u00f5es can\u00f4nicas da Secretaria Paroquial (mesa redonda);<br>\u2022 Apresenta\u00e7\u00e3o do Livro Protocolo de Prote\u00e7\u00e3o dos Menores e dos Adultos Vulner\u00e1veis;<br>\u2022 Comunicados do setor cont\u00e1bil;<br>\u2022 Homenagem aos Secret\u00e1rios Paroquiais, em alus\u00e3o ao Dia do Secret\u00e1rio (30\/09).<\/p>\n\n\n\n<p>Participaram do encontro: o Administrador Diocesano, Reverend\u00edssimo Pe. Edivaldo Oliveira Santana, o Ec\u00f4nomo Diocesano, Reverend\u00edssimo Pe. Isael Santana da Silva, colaboradores da C\u00faria Diocesana, Secret\u00e1rios Paroquiais e os Oficiais do Tribunal Eclesi\u00e1stico Interdiocesano, Reverend\u00edssimos Pe. Vanderley Oliveira e Pe. Valdemir Santos.<\/p>\n\n\n\n<p>O evento foi encerrado em clima de fraternidade, com um almo\u00e7o de confraterniza\u00e7\u00e3o.<\/p>\n\n\n\n<figure class=\"wp-block-gallery has-nested-images columns-default is-cropped wp-block-gallery-1 is-layout-flex wp-block-gallery-is-layout-flex\">\n<figure class=\"wp-block-image size-large\"><a href=\"https:\/\/dioceseteixeiradefreitas.com.br\/wp-content\/uploads\/2025\/09\/WhatsApp-Image-2025-09-23-at-16.54.04-2-scaled.jpeg\"><img loading=\"lazy\" decoding=\"async\" width=\"1024\" height=\"576\" data-id=\"25412\" src=\"https:\/\/dioceseteixeiradefreitas.com.br\/wp-content\/uploads\/2025\/09\/WhatsApp-Image-2025-09-23-at-16.54.04-2-1024x576.jpeg\" alt=\"\" class=\"wp-image-25412\" srcset=\"https:\/\/dioceseteixeiradefreitas.com.br\/wp-content\/uploads\/2025\/09\/WhatsApp-Image-2025-09-23-at-16.54.04-2-1024x576.jpeg 1024w, https:\/\/dioceseteixeiradefreitas.com.br\/wp-content\/uploads\/2025\/09\/WhatsApp-Image-2025-09-23-at-16.54.04-2-300x169.jpeg 300w, https:\/\/dioceseteixeiradefreitas.com.br\/wp-content\/uploads\/2025\/09\/WhatsApp-Image-2025-09-23-at-16.54.04-2-768x432.jpeg 768w, https:\/\/dioceseteixeiradefreitas.com.br\/wp-content\/uploads\/2025\/09\/WhatsApp-Image-2025-09-23-at-16.54.04-2-1536x864.jpeg 1536w, https:\/\/dioceseteixeiradefreitas.com.br\/wp-content\/uploads\/2025\/09\/WhatsApp-Image-2025-09-23-at-16.54.04-2-2048x1152.jpeg 2048w, https:\/\/dioceseteixeiradefreitas.com.br\/wp-content\/uploads\/2025\/09\/WhatsApp-Image-2025-09-23-at-16.54.04-2-390x220.jpeg 390w\" sizes=\"auto, (max-width: 1024px) 100vw, 1024px\" \/><\/a><\/figure>\n\n\n\n<figure class=\"wp-block-image size-large\"><a href=\"https:\/\/dioceseteixeiradefreitas.com.br\/wp-content\/uploads\/2025\/09\/WhatsApp-Image-2025-09-23-at-16.54.04-1-scaled.jpeg\"><img loading=\"lazy\" decoding=\"async\" width=\"1024\" height=\"768\" data-id=\"25426\" src=\"https:\/\/dioceseteixeiradefreitas.com.br\/wp-content\/uploads\/2025\/09\/WhatsApp-Image-2025-09-23-at-16.54.04-1-1024x768.jpeg\" alt=\"\" class=\"wp-image-25426\" srcset=\"https:\/\/dioceseteixeiradefreitas.com.br\/wp-content\/uploads\/2025\/09\/WhatsApp-Image-2025-09-23-at-16.54.04-1-1024x768.jpeg 1024w, https:\/\/dioceseteixeiradefreitas.com.br\/wp-content\/uploads\/2025\/09\/WhatsApp-Image-2025-09-23-at-16.54.04-1-300x225.jpeg 300w, https:\/\/dioceseteixeiradefreitas.com.br\/wp-content\/uploads\/2025\/09\/WhatsApp-Image-2025-09-23-at-16.54.04-1-768x576.jpeg 768w, https:\/\/dioceseteixeiradefreitas.com.br\/wp-content\/uploads\/2025\/09\/WhatsApp-Image-2025-09-23-at-16.54.04-1-1536x1152.jpeg 1536w, https:\/\/dioceseteixeiradefreitas.com.br\/wp-content\/uploads\/2025\/09\/WhatsApp-Image-2025-09-23-at-16.54.04-1-2048x1536.jpeg 2048w\" sizes=\"auto, (max-width: 1024px) 100vw, 1024px\" \/><\/a><\/figure>\n\n\n\n<figure class=\"wp-block-image size-large\"><a href=\"https:\/\/dioceseteixeiradefreitas.com.br\/wp-content\/uploads\/2025\/09\/WhatsApp-Image-2025-09-23-at-16.54.04-scaled.jpeg\"><img loading=\"lazy\" decoding=\"async\" width=\"1024\" height=\"768\" data-id=\"25425\" src=\"https:\/\/dioceseteixeiradefreitas.com.br\/wp-content\/uploads\/2025\/09\/WhatsApp-Image-2025-09-23-at-16.54.04-1024x768.jpeg\" alt=\"\" class=\"wp-image-25425\" srcset=\"https:\/\/dioceseteixeiradefreitas.com.br\/wp-content\/uploads\/2025\/09\/WhatsApp-Image-2025-09-23-at-16.54.04-1024x768.jpeg 1024w, https:\/\/dioceseteixeiradefreitas.com.br\/wp-content\/uploads\/2025\/09\/WhatsApp-Image-2025-09-23-at-16.54.04-300x225.jpeg 300w, https:\/\/dioceseteixeiradefreitas.com.br\/wp-content\/uploads\/2025\/09\/WhatsApp-Image-2025-09-23-at-16.54.04-768x576.jpeg 768w, https:\/\/dioceseteixeiradefreitas.com.br\/wp-content\/uploads\/2025\/09\/WhatsApp-Image-2025-09-23-at-16.54.04-1536x1152.jpeg 1536w, https:\/\/dioceseteixeiradefreitas.com.br\/wp-content\/uploads\/2025\/09\/WhatsApp-Image-2025-09-23-at-16.54.04-2048x1536.jpeg 2048w\" sizes=\"auto, (max-width: 1024px) 100vw, 1024px\" \/><\/a><\/figure>\n\n\n\n<figure class=\"wp-block-image size-large\"><a href=\"https:\/\/dioceseteixeiradefreitas.com.br\/wp-content\/uploads\/2025\/09\/WhatsApp-Image-2025-09-23-at-16.54.03-2-scaled.jpeg\"><img loading=\"lazy\" decoding=\"async\" width=\"1024\" height=\"768\" data-id=\"25424\" src=\"https:\/\/dioceseteixeiradefreitas.com.br\/wp-content\/uploads\/2025\/09\/WhatsApp-Image-2025-09-23-at-16.54.03-2-1024x768.jpeg\" alt=\"\" class=\"wp-image-25424\" srcset=\"https:\/\/dioceseteixeiradefreitas.com.br\/wp-content\/uploads\/2025\/09\/WhatsApp-Image-2025-09-23-at-16.54.03-2-1024x768.jpeg 1024w, https:\/\/dioceseteixeiradefreitas.com.br\/wp-content\/uploads\/2025\/09\/WhatsApp-Image-2025-09-23-at-16.54.03-2-300x225.jpeg 300w, https:\/\/dioceseteixeiradefreitas.com.br\/wp-content\/uploads\/2025\/09\/WhatsApp-Image-2025-09-23-at-16.54.03-2-768x576.jpeg 768w, https:\/\/dioceseteixeiradefreitas.com.br\/wp-content\/uploads\/2025\/09\/WhatsApp-Image-2025-09-23-at-16.54.03-2-1536x1152.jpeg 1536w, https:\/\/dioceseteixeiradefreitas.com.br\/wp-content\/uploads\/2025\/09\/WhatsApp-Image-2025-09-23-at-16.54.03-2-2048x1536.jpeg 2048w\" sizes=\"auto, (max-width: 1024px) 100vw, 1024px\" \/><\/a><\/figure>\n\n\n\n<figure class=\"wp-block-image size-large\"><a href=\"https:\/\/dioceseteixeiradefreitas.com.br\/wp-content\/uploads\/2025\/09\/WhatsApp-Image-2025-09-23-at-16.54.03-1-scaled.jpeg\"><img loading=\"lazy\" decoding=\"async\" width=\"576\" height=\"1024\" data-id=\"25417\" src=\"https:\/\/dioceseteixeiradefreitas.com.br\/wp-content\/uploads\/2025\/09\/WhatsApp-Image-2025-09-23-at-16.54.03-1-576x1024.jpeg\" alt=\"\" class=\"wp-image-25417\" srcset=\"https:\/\/dioceseteixeiradefreitas.com.br\/wp-content\/uploads\/2025\/09\/WhatsApp-Image-2025-09-23-at-16.54.03-1-576x1024.jpeg 576w, https:\/\/dioceseteixeiradefreitas.com.br\/wp-content\/uploads\/2025\/09\/WhatsApp-Image-2025-09-23-at-16.54.03-1-169x300.jpeg 169w, https:\/\/dioceseteixeiradefreitas.com.br\/wp-content\/uploads\/2025\/09\/WhatsApp-Image-2025-09-23-at-16.54.03-1-768x1365.jpeg 768w, https:\/\/dioceseteixeiradefreitas.com.br\/wp-content\/uploads\/2025\/09\/WhatsApp-Image-2025-09-23-at-16.54.03-1-864x1536.jpeg 864w, https:\/\/dioceseteixeiradefreitas.com.br\/wp-content\/uploads\/2025\/09\/WhatsApp-Image-2025-09-23-at-16.54.03-1-1152x2048.jpeg 1152w, https:\/\/dioceseteixeiradefreitas.com.br\/wp-content\/uploads\/2025\/09\/WhatsApp-Image-2025-09-23-at-16.54.03-1-scaled.jpeg 1440w\" sizes=\"auto, (max-width: 576px) 100vw, 576px\" \/><\/a><\/figure>\n\n\n\n<figure class=\"wp-block-image size-large\"><a href=\"https:\/\/dioceseteixeiradefreitas.com.br\/wp-content\/uploads\/2025\/09\/WhatsApp-Image-2025-09-23-at-16.54.03-scaled.jpeg\"><img loading=\"lazy\" decoding=\"async\" width=\"576\" height=\"1024\" data-id=\"25414\" src=\"https:\/\/dioceseteixeiradefreitas.com.br\/wp-content\/uploads\/2025\/09\/WhatsApp-Image-2025-09-23-at-16.54.03-576x1024.jpeg\" alt=\"\" class=\"wp-image-25414\" srcset=\"https:\/\/dioceseteixeiradefreitas.com.br\/wp-content\/uploads\/2025\/09\/WhatsApp-Image-2025-09-23-at-16.54.03-576x1024.jpeg 576w, https:\/\/dioceseteixeiradefreitas.com.br\/wp-content\/uploads\/2025\/09\/WhatsApp-Image-2025-09-23-at-16.54.03-169x300.jpeg 169w, https:\/\/dioceseteixeiradefreitas.com.br\/wp-content\/uploads\/2025\/09\/WhatsApp-Image-2025-09-23-at-16.54.03-768x1365.jpeg 768w, https:\/\/dioceseteixeiradefreitas.com.br\/wp-content\/uploads\/2025\/09\/WhatsApp-Image-2025-09-23-at-16.54.03-864x1536.jpeg 864w, https:\/\/dioceseteixeiradefreitas.com.br\/wp-content\/uploads\/2025\/09\/WhatsApp-Image-2025-09-23-at-16.54.03-1152x2048.jpeg 1152w, https:\/\/dioceseteixeiradefreitas.com.br\/wp-content\/uploads\/2025\/09\/WhatsApp-Image-2025-09-23-at-16.54.03-scaled.jpeg 1440w\" sizes=\"auto, (max-width: 576px) 100vw, 576px\" \/><\/a><\/figure>\n\n\n\n<figure class=\"wp-block-image size-large\"><a href=\"https:\/\/dioceseteixeiradefreitas.com.br\/wp-content\/uploads\/2025\/09\/WhatsApp-Image-2025-09-23-at-16.54.02-3-scaled.jpeg\"><img loading=\"lazy\" decoding=\"async\" width=\"576\" height=\"1024\" data-id=\"25413\" src=\"https:\/\/dioceseteixeiradefreitas.com.br\/wp-content\/uploads\/2025\/09\/WhatsApp-Image-2025-09-23-at-16.54.02-3-576x1024.jpeg\" alt=\"\" class=\"wp-image-25413\" srcset=\"https:\/\/dioceseteixeiradefreitas.com.br\/wp-content\/uploads\/2025\/09\/WhatsApp-Image-2025-09-23-at-16.54.02-3-576x1024.jpeg 576w, https:\/\/dioceseteixeiradefreitas.com.br\/wp-content\/uploads\/2025\/09\/WhatsApp-Image-2025-09-23-at-16.54.02-3-169x300.jpeg 169w, https:\/\/dioceseteixeiradefreitas.com.br\/wp-content\/uploads\/2025\/09\/WhatsApp-Image-2025-09-23-at-16.54.02-3-768x1365.jpeg 768w, https:\/\/dioceseteixeiradefreitas.com.br\/wp-content\/uploads\/2025\/09\/WhatsApp-Image-2025-09-23-at-16.54.02-3-864x1536.jpeg 864w, https:\/\/dioceseteixeiradefreitas.com.br\/wp-content\/uploads\/2025\/09\/WhatsApp-Image-2025-09-23-at-16.54.02-3-1152x2048.jpeg 1152w, https:\/\/dioceseteixeiradefreitas.com.br\/wp-content\/uploads\/2025\/09\/WhatsApp-Image-2025-09-23-at-16.54.02-3-scaled.jpeg 1440w\" sizes=\"auto, (max-width: 576px) 100vw, 576px\" \/><\/a><\/figure>\n\n\n\n<figure class=\"wp-block-image size-large\"><a href=\"https:\/\/dioceseteixeiradefreitas.com.br\/wp-content\/uploads\/2025\/09\/WhatsApp-Image-2025-09-23-at-16.54.02-2-scaled.jpeg\"><img loading=\"lazy\" decoding=\"async\" width=\"1024\" height=\"576\" data-id=\"25409\" src=\"https:\/\/dioceseteixeiradefreitas.com.br\/wp-content\/uploads\/2025\/09\/WhatsApp-Image-2025-09-23-at-16.54.02-2-1024x576.jpeg\" alt=\"\" class=\"wp-image-25409\" srcset=\"https:\/\/dioceseteixeiradefreitas.com.br\/wp-content\/uploads\/2025\/09\/WhatsApp-Image-2025-09-23-at-16.54.02-2-1024x576.jpeg 1024w, https:\/\/dioceseteixeiradefreitas.com.br\/wp-content\/uploads\/2025\/09\/WhatsApp-Image-2025-09-23-at-16.54.02-2-300x169.jpeg 300w, https:\/\/dioceseteixeiradefreitas.com.br\/wp-content\/uploads\/2025\/09\/WhatsApp-Image-2025-09-23-at-16.54.02-2-768x432.jpeg 768w, https:\/\/dioceseteixeiradefreitas.com.br\/wp-content\/uploads\/2025\/09\/WhatsApp-Image-2025-09-23-at-16.54.02-2-1536x864.jpeg 1536w, https:\/\/dioceseteixeiradefreitas.com.br\/wp-content\/uploads\/2025\/09\/WhatsApp-Image-2025-09-23-at-16.54.02-2-2048x1152.jpeg 2048w, https:\/\/dioceseteixeiradefreitas.com.br\/wp-content\/uploads\/2025\/09\/WhatsApp-Image-2025-09-23-at-16.54.02-2-390x220.jpeg 390w\" sizes=\"auto, (max-width: 1024px) 100vw, 1024px\" \/><\/a><\/figure>\n\n\n\n<figure class=\"wp-block-image size-large\"><a href=\"https:\/\/dioceseteixeiradefreitas.com.br\/wp-content\/uploads\/2025\/09\/WhatsApp-Image-2025-09-23-at-16.54.02-1-scaled.jpeg\"><img loading=\"lazy\" decoding=\"async\" width=\"576\" height=\"1024\" data-id=\"25411\" src=\"https:\/\/dioceseteixeiradefreitas.com.br\/wp-content\/uploads\/2025\/09\/WhatsApp-Image-2025-09-23-at-16.54.02-1-576x1024.jpeg\" alt=\"\" class=\"wp-image-25411\" srcset=\"https:\/\/dioceseteixeiradefreitas.com.br\/wp-content\/uploads\/2025\/09\/WhatsApp-Image-2025-09-23-at-16.54.02-1-576x1024.jpeg 576w, https:\/\/dioceseteixeiradefreitas.com.br\/wp-content\/uploads\/2025\/09\/WhatsApp-Image-2025-09-23-at-16.54.02-1-169x300.jpeg 169w, https:\/\/dioceseteixeiradefreitas.com.br\/wp-content\/uploads\/2025\/09\/WhatsApp-Image-2025-09-23-at-16.54.02-1-768x1365.jpeg 768w, https:\/\/dioceseteixeiradefreitas.com.br\/wp-content\/uploads\/2025\/09\/WhatsApp-Image-2025-09-23-at-16.54.02-1-864x1536.jpeg 864w, https:\/\/dioceseteixeiradefreitas.com.br\/wp-content\/uploads\/2025\/09\/WhatsApp-Image-2025-09-23-at-16.54.02-1-1152x2048.jpeg 1152w, https:\/\/dioceseteixeiradefreitas.com.br\/wp-content\/uploads\/2025\/09\/WhatsApp-Image-2025-09-23-at-16.54.02-1-scaled.jpeg 1440w\" sizes=\"auto, (max-width: 576px) 100vw, 576px\" \/><\/a><\/figure>\n\n\n\n<figure class=\"wp-block-image size-large\"><a href=\"https:\/\/dioceseteixeiradefreitas.com.br\/wp-content\/uploads\/2025\/09\/WhatsApp-Image-2025-09-23-at-16.54.02-scaled.jpeg\"><img loading=\"lazy\" decoding=\"async\" width=\"576\" height=\"1024\" data-id=\"25415\" src=\"https:\/\/dioceseteixeiradefreitas.com.br\/wp-content\/uploads\/2025\/09\/WhatsApp-Image-2025-09-23-at-16.54.02-576x1024.jpeg\" alt=\"\" class=\"wp-image-25415\" srcset=\"https:\/\/dioceseteixeiradefreitas.com.br\/wp-content\/uploads\/2025\/09\/WhatsApp-Image-2025-09-23-at-16.54.02-576x1024.jpeg 576w, https:\/\/dioceseteixeiradefreitas.com.br\/wp-content\/uploads\/2025\/09\/WhatsApp-Image-2025-09-23-at-16.54.02-169x300.jpeg 169w, https:\/\/dioceseteixeiradefreitas.com.br\/wp-content\/uploads\/2025\/09\/WhatsApp-Image-2025-09-23-at-16.54.02-768x1365.jpeg 768w, https:\/\/dioceseteixeiradefreitas.com.br\/wp-content\/uploads\/2025\/09\/WhatsApp-Image-2025-09-23-at-16.54.02-864x1536.jpeg 864w, https:\/\/dioceseteixeiradefreitas.com.br\/wp-content\/uploads\/2025\/09\/WhatsApp-Image-2025-09-23-at-16.54.02-1152x2048.jpeg 1152w, https:\/\/dioceseteixeiradefreitas.com.br\/wp-content\/uploads\/2025\/09\/WhatsApp-Image-2025-09-23-at-16.54.02-scaled.jpeg 1440w\" sizes=\"auto, (max-width: 576px) 100vw, 576px\" \/><\/a><\/figure>\n\n\n\n<figure class=\"wp-block-image size-large\"><a href=\"https:\/\/dioceseteixeiradefreitas.com.br\/wp-content\/uploads\/2025\/09\/WhatsApp-Image-2025-09-23-at-16.54.01-1-scaled.jpeg\"><img loading=\"lazy\" decoding=\"async\" width=\"1024\" height=\"576\" data-id=\"25420\" src=\"https:\/\/dioceseteixeiradefreitas.com.br\/wp-content\/uploads\/2025\/09\/WhatsApp-Image-2025-09-23-at-16.54.01-1-1024x576.jpeg\" alt=\"\" class=\"wp-image-25420\" srcset=\"https:\/\/dioceseteixeiradefreitas.com.br\/wp-content\/uploads\/2025\/09\/WhatsApp-Image-2025-09-23-at-16.54.01-1-1024x576.jpeg 1024w, https:\/\/dioceseteixeiradefreitas.com.br\/wp-content\/uploads\/2025\/09\/WhatsApp-Image-2025-09-23-at-16.54.01-1-300x169.jpeg 300w, https:\/\/dioceseteixeiradefreitas.com.br\/wp-content\/uploads\/2025\/09\/WhatsApp-Image-2025-09-23-at-16.54.01-1-768x432.jpeg 768w, https:\/\/dioceseteixeiradefreitas.com.br\/wp-content\/uploads\/2025\/09\/WhatsApp-Image-2025-09-23-at-16.54.01-1-1536x864.jpeg 1536w, https:\/\/dioceseteixeiradefreitas.com.br\/wp-content\/uploads\/2025\/09\/WhatsApp-Image-2025-09-23-at-16.54.01-1-2048x1152.jpeg 2048w, https:\/\/dioceseteixeiradefreitas.com.br\/wp-content\/uploads\/2025\/09\/WhatsApp-Image-2025-09-23-at-16.54.01-1-390x220.jpeg 390w\" sizes=\"auto, (max-width: 1024px) 100vw, 1024px\" \/><\/a><\/figure>\n\n\n\n<figure class=\"wp-block-image size-large\"><a href=\"https:\/\/dioceseteixeiradefreitas.com.br\/wp-content\/uploads\/2025\/09\/WhatsApp-Image-2025-09-23-at-16.54.01-scaled.jpeg\"><img loading=\"lazy\" decoding=\"async\" width=\"1024\" height=\"768\" data-id=\"25423\" src=\"https:\/\/dioceseteixeiradefreitas.com.br\/wp-content\/uploads\/2025\/09\/WhatsApp-Image-2025-09-23-at-16.54.01-1024x768.jpeg\" alt=\"\" class=\"wp-image-25423\" srcset=\"https:\/\/dioceseteixeiradefreitas.com.br\/wp-content\/uploads\/2025\/09\/WhatsApp-Image-2025-09-23-at-16.54.01-1024x768.jpeg 1024w, https:\/\/dioceseteixeiradefreitas.com.br\/wp-content\/uploads\/2025\/09\/WhatsApp-Image-2025-09-23-at-16.54.01-300x225.jpeg 300w, https:\/\/dioceseteixeiradefreitas.com.br\/wp-content\/uploads\/2025\/09\/WhatsApp-Image-2025-09-23-at-16.54.01-768x576.jpeg 768w, https:\/\/dioceseteixeiradefreitas.com.br\/wp-content\/uploads\/2025\/09\/WhatsApp-Image-2025-09-23-at-16.54.01-1536x1152.jpeg 1536w, https:\/\/dioceseteixeiradefreitas.com.br\/wp-content\/uploads\/2025\/09\/WhatsApp-Image-2025-09-23-at-16.54.01-2048x1536.jpeg 2048w\" sizes=\"auto, (max-width: 1024px) 100vw, 1024px\" \/><\/a><\/figure>\n\n\n\n<figure class=\"wp-block-image size-large\"><a href=\"https:\/\/dioceseteixeiradefreitas.com.br\/wp-content\/uploads\/2025\/09\/WhatsApp-Image-2025-09-23-at-16.54.00-2-scaled.jpeg\"><img loading=\"lazy\" decoding=\"async\" width=\"918\" height=\"1024\" data-id=\"25421\" src=\"https:\/\/dioceseteixeiradefreitas.com.br\/wp-content\/uploads\/2025\/09\/WhatsApp-Image-2025-09-23-at-16.54.00-2-918x1024.jpeg\" alt=\"\" class=\"wp-image-25421\" srcset=\"https:\/\/dioceseteixeiradefreitas.com.br\/wp-content\/uploads\/2025\/09\/WhatsApp-Image-2025-09-23-at-16.54.00-2-918x1024.jpeg 918w, https:\/\/dioceseteixeiradefreitas.com.br\/wp-content\/uploads\/2025\/09\/WhatsApp-Image-2025-09-23-at-16.54.00-2-269x300.jpeg 269w, https:\/\/dioceseteixeiradefreitas.com.br\/wp-content\/uploads\/2025\/09\/WhatsApp-Image-2025-09-23-at-16.54.00-2-768x856.jpeg 768w, https:\/\/dioceseteixeiradefreitas.com.br\/wp-content\/uploads\/2025\/09\/WhatsApp-Image-2025-09-23-at-16.54.00-2-1377x1536.jpeg 1377w, https:\/\/dioceseteixeiradefreitas.com.br\/wp-content\/uploads\/2025\/09\/WhatsApp-Image-2025-09-23-at-16.54.00-2-1837x2048.jpeg 1837w\" sizes=\"auto, (max-width: 918px) 100vw, 918px\" \/><\/a><\/figure>\n\n\n\n<figure class=\"wp-block-image size-large\"><a href=\"https:\/\/dioceseteixeiradefreitas.com.br\/wp-content\/uploads\/2025\/09\/WhatsApp-Image-2025-09-23-at-16.54.00-1-scaled.jpeg\"><img loading=\"lazy\" decoding=\"async\" width=\"1024\" height=\"576\" data-id=\"25419\" src=\"https:\/\/dioceseteixeiradefreitas.com.br\/wp-content\/uploads\/2025\/09\/WhatsApp-Image-2025-09-23-at-16.54.00-1-1024x576.jpeg\" alt=\"\" class=\"wp-image-25419\" srcset=\"https:\/\/dioceseteixeiradefreitas.com.br\/wp-content\/uploads\/2025\/09\/WhatsApp-Image-2025-09-23-at-16.54.00-1-1024x576.jpeg 1024w, https:\/\/dioceseteixeiradefreitas.com.br\/wp-content\/uploads\/2025\/09\/WhatsApp-Image-2025-09-23-at-16.54.00-1-300x169.jpeg 300w, https:\/\/dioceseteixeiradefreitas.com.br\/wp-content\/uploads\/2025\/09\/WhatsApp-Image-2025-09-23-at-16.54.00-1-768x432.jpeg 768w, https:\/\/dioceseteixeiradefreitas.com.br\/wp-content\/uploads\/2025\/09\/WhatsApp-Image-2025-09-23-at-16.54.00-1-1536x864.jpeg 1536w, https:\/\/dioceseteixeiradefreitas.com.br\/wp-content\/uploads\/2025\/09\/WhatsApp-Image-2025-09-23-at-16.54.00-1-2048x1152.jpeg 2048w, https:\/\/dioceseteixeiradefreitas.com.br\/wp-content\/uploads\/2025\/09\/WhatsApp-Image-2025-09-23-at-16.54.00-1-390x220.jpeg 390w\" sizes=\"auto, (max-width: 1024px) 100vw, 1024px\" \/><\/a><\/figure>\n\n\n\n<figure class=\"wp-block-image size-large\"><a href=\"https:\/\/dioceseteixeiradefreitas.com.br\/wp-content\/uploads\/2025\/09\/WhatsApp-Image-2025-09-23-at-16.54.00-scaled.jpeg\"><img loading=\"lazy\" decoding=\"async\" width=\"576\" height=\"1024\" data-id=\"25410\" src=\"https:\/\/dioceseteixeiradefreitas.com.br\/wp-content\/uploads\/2025\/09\/WhatsApp-Image-2025-09-23-at-16.54.00-576x1024.jpeg\" alt=\"\" class=\"wp-image-25410\" srcset=\"https:\/\/dioceseteixeiradefreitas.com.br\/wp-content\/uploads\/2025\/09\/WhatsApp-Image-2025-09-23-at-16.54.00-576x1024.jpeg 576w, https:\/\/dioceseteixeiradefreitas.com.br\/wp-content\/uploads\/2025\/09\/WhatsApp-Image-2025-09-23-at-16.54.00-169x300.jpeg 169w, https:\/\/dioceseteixeiradefreitas.com.br\/wp-content\/uploads\/2025\/09\/WhatsApp-Image-2025-09-23-at-16.54.00-768x1365.jpeg 768w, https:\/\/dioceseteixeiradefreitas.com.br\/wp-content\/uploads\/2025\/09\/WhatsApp-Image-2025-09-23-at-16.54.00-864x1536.jpeg 864w, https:\/\/dioceseteixeiradefreitas.com.br\/wp-content\/uploads\/2025\/09\/WhatsApp-Image-2025-09-23-at-16.54.00-1152x2048.jpeg 1152w, https:\/\/dioceseteixeiradefreitas.com.br\/wp-content\/uploads\/2025\/09\/WhatsApp-Image-2025-09-23-at-16.54.00-scaled.jpeg 1440w\" sizes=\"auto, (max-width: 576px) 100vw, 576px\" \/><\/a><\/figure>\n\n\n\n<figure class=\"wp-block-image size-large\"><a href=\"https:\/\/dioceseteixeiradefreitas.com.br\/wp-content\/uploads\/2025\/09\/WhatsApp-Image-2025-09-23-at-16.53.59-2-scaled.jpeg\"><img loading=\"lazy\" decoding=\"async\" width=\"1024\" height=\"576\" data-id=\"25422\" src=\"https:\/\/dioceseteixeiradefreitas.com.br\/wp-content\/uploads\/2025\/09\/WhatsApp-Image-2025-09-23-at-16.53.59-2-1024x576.jpeg\" alt=\"\" class=\"wp-image-25422\" srcset=\"https:\/\/dioceseteixeiradefreitas.com.br\/wp-content\/uploads\/2025\/09\/WhatsApp-Image-2025-09-23-at-16.53.59-2-1024x576.jpeg 1024w, https:\/\/dioceseteixeiradefreitas.com.br\/wp-content\/uploads\/2025\/09\/WhatsApp-Image-2025-09-23-at-16.53.59-2-300x169.jpeg 300w, https:\/\/dioceseteixeiradefreitas.com.br\/wp-content\/uploads\/2025\/09\/WhatsApp-Image-2025-09-23-at-16.53.59-2-768x432.jpeg 768w, https:\/\/dioceseteixeiradefreitas.com.br\/wp-content\/uploads\/2025\/09\/WhatsApp-Image-2025-09-23-at-16.53.59-2-1536x864.jpeg 1536w, https:\/\/dioceseteixeiradefreitas.com.br\/wp-content\/uploads\/2025\/09\/WhatsApp-Image-2025-09-23-at-16.53.59-2-2048x1152.jpeg 2048w, https:\/\/dioceseteixeiradefreitas.com.br\/wp-content\/uploads\/2025\/09\/WhatsApp-Image-2025-09-23-at-16.53.59-2-390x220.jpeg 390w\" sizes=\"auto, (max-width: 1024px) 100vw, 1024px\" \/><\/a><\/figure>\n\n\n\n<figure class=\"wp-block-image size-large\"><a href=\"https:\/\/dioceseteixeiradefreitas.com.br\/wp-content\/uploads\/2025\/09\/WhatsApp-Image-2025-09-23-at-16.53.59-1-scaled.jpeg\"><img loading=\"lazy\" decoding=\"async\" width=\"1024\" height=\"768\" data-id=\"25418\" src=\"https:\/\/dioceseteixeiradefreitas.com.br\/wp-content\/uploads\/2025\/09\/WhatsApp-Image-2025-09-23-at-16.53.59-1-1024x768.jpeg\" alt=\"\" class=\"wp-image-25418\" srcset=\"https:\/\/dioceseteixeiradefreitas.com.br\/wp-content\/uploads\/2025\/09\/WhatsApp-Image-2025-09-23-at-16.53.59-1-1024x768.jpeg 1024w, https:\/\/dioceseteixeiradefreitas.com.br\/wp-content\/uploads\/2025\/09\/WhatsApp-Image-2025-09-23-at-16.53.59-1-300x225.jpeg 300w, https:\/\/dioceseteixeiradefreitas.com.br\/wp-content\/uploads\/2025\/09\/WhatsApp-Image-2025-09-23-at-16.53.59-1-768x576.jpeg 768w, https:\/\/dioceseteixeiradefreitas.com.br\/wp-content\/uploads\/2025\/09\/WhatsApp-Image-2025-09-23-at-16.53.59-1-1536x1152.jpeg 1536w, https:\/\/dioceseteixeiradefreitas.com.br\/wp-content\/uploads\/2025\/09\/WhatsApp-Image-2025-09-23-at-16.53.59-1-2048x1536.jpeg 2048w\" sizes=\"auto, (max-width: 1024px) 100vw, 1024px\" \/><\/a><\/figure>\n\n\n\n<figure class=\"wp-block-image size-large\"><a href=\"https:\/\/dioceseteixeiradefreitas.com.br\/wp-content\/uploads\/2025\/09\/WhatsApp-Image-2025-09-23-at-16.53.59-scaled.jpeg\"><img loading=\"lazy\" decoding=\"async\" width=\"576\" height=\"1024\" data-id=\"25416\" src=\"https:\/\/dioceseteixeiradefreitas.com.br\/wp-content\/uploads\/2025\/09\/WhatsApp-Image-2025-09-23-at-16.53.59-576x1024.jpeg\" alt=\"\" class=\"wp-image-25416\" srcset=\"https:\/\/dioceseteixeiradefreitas.com.br\/wp-content\/uploads\/2025\/09\/WhatsApp-Image-2025-09-23-at-16.53.59-576x1024.jpeg 576w, https:\/\/dioceseteixeiradefreitas.com.br\/wp-content\/uploads\/2025\/09\/WhatsApp-Image-2025-09-23-at-16.53.59-169x300.jpeg 169w, https:\/\/dioceseteixeiradefreitas.com.br\/wp-content\/uploads\/2025\/09\/WhatsApp-Image-2025-09-23-at-16.53.59-768x1365.jpeg 768w, https:\/\/dioceseteixeiradefreitas.com.br\/wp-content\/uploads\/2025\/09\/WhatsApp-Image-2025-09-23-at-16.53.59-864x1536.jpeg 864w, https:\/\/dioceseteixeiradefreitas.com.br\/wp-content\/uploads\/2025\/09\/WhatsApp-Image-2025-09-23-at-16.53.59-1152x2048.jpeg 1152w, https:\/\/dioceseteixeiradefreitas.com.br\/wp-content\/uploads\/2025\/09\/WhatsApp-Image-2025-09-23-at-16.53.59-scaled.jpeg 1440w\" sizes=\"auto, (max-width: 576px) 100vw, 576px\" \/><\/a><\/figure>\n\n\n\n<figure class=\"wp-block-image size-large\"><a href=\"https:\/\/dioceseteixeiradefreitas.com.br\/wp-content\/uploads\/2025\/09\/WhatsApp-Image-2025-09-23-at-16.53.58-scaled.jpeg\"><img loading=\"lazy\" decoding=\"async\" width=\"646\" height=\"1024\" data-id=\"25408\" src=\"https:\/\/dioceseteixeiradefreitas.com.br\/wp-content\/uploads\/2025\/09\/WhatsApp-Image-2025-09-23-at-16.53.58-646x1024.jpeg\" alt=\"\" class=\"wp-image-25408\" srcset=\"https:\/\/dioceseteixeiradefreitas.com.br\/wp-content\/uploads\/2025\/09\/WhatsApp-Image-2025-09-23-at-16.53.58-646x1024.jpeg 646w, https:\/\/dioceseteixeiradefreitas.com.br\/wp-content\/uploads\/2025\/09\/WhatsApp-Image-2025-09-23-at-16.53.58-189x300.jpeg 189w, https:\/\/dioceseteixeiradefreitas.com.br\/wp-content\/uploads\/2025\/09\/WhatsApp-Image-2025-09-23-at-16.53.58-768x1218.jpeg 768w, https:\/\/dioceseteixeiradefreitas.com.br\/wp-content\/uploads\/2025\/09\/WhatsApp-Image-2025-09-23-at-16.53.58-969x1536.jpeg 969w, https:\/\/dioceseteixeiradefreitas.com.br\/wp-content\/uploads\/2025\/09\/WhatsApp-Image-2025-09-23-at-16.53.58-1291x2048.jpeg 1291w, https:\/\/dioceseteixeiradefreitas.com.br\/wp-content\/uploads\/2025\/09\/WhatsApp-Image-2025-09-23-at-16.53.58-scaled.jpeg 1614w\" sizes=\"auto, (max-width: 646px) 100vw, 646px\" \/><\/a><\/figure>\n<\/figure>\n","protected":false},"excerpt":{"rendered":"<p>Na manh\u00e3 de 23 de setembro de 2025, realizou-se no Audit\u00f3rio da Catedral a Reuni\u00e3o dos Secret\u00e1rios Paroquiais da Diocese de Teixeira de Freitas\/Caravelas. A programa\u00e7\u00e3o teve in\u00edcio com um momento de Adora\u00e7\u00e3o ao Sant\u00edssimo Sacramento e, em seguida, foram tratados os seguintes assuntos: \u2022 Quest\u00f5es can\u00f4nicas da Secretaria Paroquial (mesa redonda);\u2022 Apresenta\u00e7\u00e3o do Livro &hellip;<\/p>\n","protected":false},"author":32,"featured_media":25424,"comment_status":"closed","ping_status":"closed","sticky":false,"template":"","format":"standard","meta":{"footnotes":""},"categories":[100,41],"tags":[],"class_list":["post-25407","post","type-post","status-publish","format-standard","has-post-thumbnail","hentry","category-noticias-diocesanas","category-noticias_destaque"],"_links":{"self":[{"href":"https:\/\/dioceseteixeiradefreitas.com.br\/index.php?rest_route=\/wp\/v2\/posts\/25407","targetHints":{"allow":["GET"]}}],"collection":[{"href":"https:\/\/dioceseteixeiradefreitas.com.br\/index.php?rest_route=\/wp\/v2\/posts"}],"about":[{"href":"https:\/\/dioceseteixeiradefreitas.com.br\/index.php?rest_route=\/wp\/v2\/types\/post"}],"author":[{"embeddable":true,"href":"https:\/\/dioceseteixeiradefreitas.com.br\/index.php?rest_route=\/wp\/v2\/users\/32"}],"replies":[{"embeddable":true,"href":"https:\/\/dioceseteixeiradefreitas.com.br\/index.php?rest_route=%2Fwp%2Fv2%2Fcomments&post=25407"}],"version-history":[{"count":1,"href":"https:\/\/dioceseteixeiradefreitas.com.br\/index.php?rest_route=\/wp\/v2\/posts\/25407\/revisions"}],"predecessor-version":[{"id":25427,"href":"https:\/\/dioceseteixeiradefreitas.com.br\/index.php?rest_route=\/wp\/v2\/posts\/25407\/revisions\/25427"}],"wp:featuredmedia":[{"embeddable":true,"href":"https:\/\/dioceseteixeiradefreitas.com.br\/index.php?rest_route=\/wp\/v2\/media\/25424"}],"wp:attachment":[{"href":"https:\/\/dioceseteixeiradefreitas.com.br\/index.php?rest_route=%2Fwp%2Fv2%2Fmedia&parent=25407"}],"wp:term":[{"taxonomy":"category","embeddable":true,"href":"https:\/\/dioceseteixeiradefreitas.com.br\/index.php?rest_route=%2Fwp%2Fv2%2Fcategories&post=25407"},{"taxonomy":"post_tag","embeddable":true,"href":"https:\/\/dioceseteixeiradefreitas.com.br\/index.php?rest_route=%2Fwp%2Fv2%2Ftags&post=25407"}],"curies":[{"name":"wp","href":"https:\/\/api.w.org\/{rel}","templated":true}]}}