{"id":25507,"date":"2025-10-26T19:40:43","date_gmt":"2025-10-26T22:40:43","guid":{"rendered":"https:\/\/dioceseteixeiradefreitas.com.br\/?p=25507"},"modified":"2026-04-13T21:10:46","modified_gmt":"2026-04-14T00:10:46","slug":"62a-assembleia-diocesana-de-pastoral-reune-agentes-e-liderancas-na-catedral-diocesana","status":"publish","type":"post","link":"https:\/\/dioceseteixeiradefreitas.com.br\/?p=25507","title":{"rendered":"62\u00aa Assembleia Diocesana de Pastoral re\u00fane agentes e lideran\u00e7as na Catedral Diocesana"},"content":{"rendered":"\n<figure class=\"wp-block-image size-large\"><a href=\"https:\/\/dioceseteixeiradefreitas.com.br\/wp-content\/uploads\/2025\/10\/WhatsApp-Image-2025-10-26-at-18.41.45.jpeg\"><img loading=\"lazy\" decoding=\"async\" width=\"1024\" height=\"576\" src=\"https:\/\/dioceseteixeiradefreitas.com.br\/wp-content\/uploads\/2025\/10\/WhatsApp-Image-2025-10-26-at-18.41.45-1024x576.jpeg\" alt=\"\" class=\"wp-image-25518\" srcset=\"https:\/\/dioceseteixeiradefreitas.com.br\/wp-content\/uploads\/2025\/10\/WhatsApp-Image-2025-10-26-at-18.41.45-1024x576.jpeg 1024w, https:\/\/dioceseteixeiradefreitas.com.br\/wp-content\/uploads\/2025\/10\/WhatsApp-Image-2025-10-26-at-18.41.45-300x169.jpeg 300w, https:\/\/dioceseteixeiradefreitas.com.br\/wp-content\/uploads\/2025\/10\/WhatsApp-Image-2025-10-26-at-18.41.45-768x432.jpeg 768w, https:\/\/dioceseteixeiradefreitas.com.br\/wp-content\/uploads\/2025\/10\/WhatsApp-Image-2025-10-26-at-18.41.45-390x220.jpeg 390w, https:\/\/dioceseteixeiradefreitas.com.br\/wp-content\/uploads\/2025\/10\/WhatsApp-Image-2025-10-26-at-18.41.45.jpeg 1280w\" sizes=\"auto, (max-width: 1024px) 100vw, 1024px\" \/><\/a><\/figure>\n\n\n\n<p>A Assembleia Diocesana de Pastoral \u00e9 um importante momento de comunh\u00e3o, escuta e planejamento da caminhada evangelizadora da Igreja local. Reunindo padres, religiosos, religiosas e leigos engajados, o encontro busca discernir, \u00e0 luz do Esp\u00edrito Santo, os caminhos pastorais que orientam a a\u00e7\u00e3o evangelizadora da Diocese de Teixeira de Freitas\/Caravelas.<\/p>\n\n\n\n<p>Neste esp\u00edrito de unidade e corresponsabilidade, a 62\u00aa Assembleia Diocesana de Pastoral foi realizada neste s\u00e1bado, 25 de outubro, na Catedral S\u00e3o Pedro, em Teixeira de Freitas, conduzida pelo reverend\u00edssimo Pe. Ricardo de Pinho Menezes, Coordenador Diocesano de Pastoral.<\/p>\n\n\n\n<p>O encontro iniciou \u00e0s 07h, com a Santa Missa presidida pelo reverend\u00edssimo Pe. Edivaldo Oliveira Santana (Administrador Diocesano), reunindo representantes das diversas par\u00f3quias, pastorais e movimentos da Diocese.<\/p>\n\n\n\n<p>Ap\u00f3s a celebra\u00e7\u00e3o eucar\u00edstica, os participantes partilharam um momento de confraterniza\u00e7\u00e3o com o caf\u00e9 da manh\u00e3, dando sequ\u00eancia \u00e0 programa\u00e7\u00e3o formativa. O Prof. Me. C\u00e9zar Jesus da Rocha proferiu uma palestra sobre o tema \u201cO caminho sinodal e as novas diretrizes da Igreja no Brasil\u201d, oferecendo uma profunda reflex\u00e3o sobre o processo sinodal e os novos desafios pastorais propostos pela Igreja no pa\u00eds.<br>Em seguida, os participantes se reuniram em grupos de trabalho para aprofundar e explanar as reflex\u00f5es apresentadas, partilhando experi\u00eancias e contribui\u00e7\u00f5es que enriquecem a caminhada pastoral da Diocese.<\/p>\n\n\n\n<p>No per\u00edodo da tarde, a programa\u00e7\u00e3o seguiu com o reverend\u00edssimo Pe. Vanderley Silva de Oliveira, Vig\u00e1rio Judicial do Tribunal Eclesi\u00e1stico Interdiocesano, que conduziu uma fala esclarecedora sobre o Tribunal Eclesi\u00e1stico, tratando do tema \u201cO bem das almas \u00e9 a lei suprema da Igreja (cf. C\u00e2n. 1752)\u201d, destacando o zelo pastoral e a dimens\u00e3o espiritual que fundamentam a a\u00e7\u00e3o da Igreja.<\/p>\n\n\n\n<p>Logo ap\u00f3s, foi apresentado o calend\u00e1rio diocesano de 2026, com as datas enviadas previamente pelas par\u00f3quias, pastorais e movimentos por meio eletr\u00f4nico, permitindo o alinhamento e planejamento conjunto das atividades diocesanas para o pr\u00f3ximo ano.<\/p>\n\n\n\n<p>Encerrando o encontro, o reverend\u00edssimo Pe. Edivaldo Oliveira Santana dirigiu palavras de \u00e2nimo e encorajamento, ressaltando a import\u00e2ncia da perseveran\u00e7a na miss\u00e3o e da ora\u00e7\u00e3o pela chegada do novo bispo diocesano.<\/p>\n\n\n\n<p>A assembleia foi conclu\u00edda com os comunicados finais e a b\u00ean\u00e7\u00e3o de envio, marcando um dia de profunda comunh\u00e3o e compromisso com a vida e a miss\u00e3o da Igreja particular de Teixeira de Freitas\/Caravelas.<\/p>\n\n\n\n<p><em>Teixeira de Freitas, 25 de outubro de 2025<\/em><\/p>\n\n\n\n<figure class=\"wp-block-gallery has-nested-images columns-default is-cropped wp-block-gallery-1 is-layout-flex wp-block-gallery-is-layout-flex\">\n<figure class=\"wp-block-image size-large\"><a href=\"https:\/\/dioceseteixeiradefreitas.com.br\/wp-content\/uploads\/2025\/10\/WhatsApp-Image-2025-10-26-at-18.41.44.jpeg\"><img loading=\"lazy\" decoding=\"async\" width=\"1024\" height=\"612\" data-id=\"25523\" src=\"https:\/\/dioceseteixeiradefreitas.com.br\/wp-content\/uploads\/2025\/10\/WhatsApp-Image-2025-10-26-at-18.41.44-1024x612.jpeg\" alt=\"\" class=\"wp-image-25523\" srcset=\"https:\/\/dioceseteixeiradefreitas.com.br\/wp-content\/uploads\/2025\/10\/WhatsApp-Image-2025-10-26-at-18.41.44-1024x612.jpeg 1024w, https:\/\/dioceseteixeiradefreitas.com.br\/wp-content\/uploads\/2025\/10\/WhatsApp-Image-2025-10-26-at-18.41.44-300x179.jpeg 300w, https:\/\/dioceseteixeiradefreitas.com.br\/wp-content\/uploads\/2025\/10\/WhatsApp-Image-2025-10-26-at-18.41.44-768x459.jpeg 768w, https:\/\/dioceseteixeiradefreitas.com.br\/wp-content\/uploads\/2025\/10\/WhatsApp-Image-2025-10-26-at-18.41.44.jpeg 1251w\" sizes=\"auto, (max-width: 1024px) 100vw, 1024px\" \/><\/a><\/figure>\n\n\n\n<figure class=\"wp-block-image size-large\"><a href=\"https:\/\/dioceseteixeiradefreitas.com.br\/wp-content\/uploads\/2025\/10\/WhatsApp-Image-2025-10-26-at-18.41.46.jpeg\"><img loading=\"lazy\" decoding=\"async\" width=\"1024\" height=\"576\" data-id=\"25512\" src=\"https:\/\/dioceseteixeiradefreitas.com.br\/wp-content\/uploads\/2025\/10\/WhatsApp-Image-2025-10-26-at-18.41.46-1024x576.jpeg\" alt=\"\" class=\"wp-image-25512\" srcset=\"https:\/\/dioceseteixeiradefreitas.com.br\/wp-content\/uploads\/2025\/10\/WhatsApp-Image-2025-10-26-at-18.41.46-1024x576.jpeg 1024w, https:\/\/dioceseteixeiradefreitas.com.br\/wp-content\/uploads\/2025\/10\/WhatsApp-Image-2025-10-26-at-18.41.46-300x169.jpeg 300w, https:\/\/dioceseteixeiradefreitas.com.br\/wp-content\/uploads\/2025\/10\/WhatsApp-Image-2025-10-26-at-18.41.46-768x432.jpeg 768w, https:\/\/dioceseteixeiradefreitas.com.br\/wp-content\/uploads\/2025\/10\/WhatsApp-Image-2025-10-26-at-18.41.46-390x220.jpeg 390w, https:\/\/dioceseteixeiradefreitas.com.br\/wp-content\/uploads\/2025\/10\/WhatsApp-Image-2025-10-26-at-18.41.46.jpeg 1280w\" sizes=\"auto, (max-width: 1024px) 100vw, 1024px\" \/><\/a><\/figure>\n\n\n\n<figure class=\"wp-block-image size-large\"><a href=\"https:\/\/dioceseteixeiradefreitas.com.br\/wp-content\/uploads\/2025\/10\/WhatsApp-Image-2025-10-26-at-18.41.44-1.jpeg\"><img loading=\"lazy\" decoding=\"async\" width=\"576\" height=\"1024\" data-id=\"25508\" src=\"https:\/\/dioceseteixeiradefreitas.com.br\/wp-content\/uploads\/2025\/10\/WhatsApp-Image-2025-10-26-at-18.41.44-1-576x1024.jpeg\" alt=\"\" class=\"wp-image-25508\" srcset=\"https:\/\/dioceseteixeiradefreitas.com.br\/wp-content\/uploads\/2025\/10\/WhatsApp-Image-2025-10-26-at-18.41.44-1-576x1024.jpeg 576w, https:\/\/dioceseteixeiradefreitas.com.br\/wp-content\/uploads\/2025\/10\/WhatsApp-Image-2025-10-26-at-18.41.44-1-169x300.jpeg 169w, https:\/\/dioceseteixeiradefreitas.com.br\/wp-content\/uploads\/2025\/10\/WhatsApp-Image-2025-10-26-at-18.41.44-1.jpeg 720w\" sizes=\"auto, (max-width: 576px) 100vw, 576px\" \/><\/a><\/figure>\n\n\n\n<figure class=\"wp-block-image size-large\"><a href=\"https:\/\/dioceseteixeiradefreitas.com.br\/wp-content\/uploads\/2025\/10\/WhatsApp-Image-2025-10-26-at-18.41.43.jpeg\"><img loading=\"lazy\" decoding=\"async\" width=\"1024\" height=\"831\" data-id=\"25509\" src=\"https:\/\/dioceseteixeiradefreitas.com.br\/wp-content\/uploads\/2025\/10\/WhatsApp-Image-2025-10-26-at-18.41.43-1024x831.jpeg\" alt=\"\" class=\"wp-image-25509\" srcset=\"https:\/\/dioceseteixeiradefreitas.com.br\/wp-content\/uploads\/2025\/10\/WhatsApp-Image-2025-10-26-at-18.41.43-1024x831.jpeg 1024w, https:\/\/dioceseteixeiradefreitas.com.br\/wp-content\/uploads\/2025\/10\/WhatsApp-Image-2025-10-26-at-18.41.43-300x244.jpeg 300w, https:\/\/dioceseteixeiradefreitas.com.br\/wp-content\/uploads\/2025\/10\/WhatsApp-Image-2025-10-26-at-18.41.43-768x623.jpeg 768w, https:\/\/dioceseteixeiradefreitas.com.br\/wp-content\/uploads\/2025\/10\/WhatsApp-Image-2025-10-26-at-18.41.43.jpeg 1280w\" sizes=\"auto, (max-width: 1024px) 100vw, 1024px\" \/><\/a><\/figure>\n\n\n\n<figure class=\"wp-block-image size-large\"><a href=\"https:\/\/dioceseteixeiradefreitas.com.br\/wp-content\/uploads\/2025\/10\/WhatsApp-Image-2025-10-26-at-18.41.42.jpeg\"><img loading=\"lazy\" decoding=\"async\" width=\"768\" height=\"1024\" data-id=\"25526\" src=\"https:\/\/dioceseteixeiradefreitas.com.br\/wp-content\/uploads\/2025\/10\/WhatsApp-Image-2025-10-26-at-18.41.42-768x1024.jpeg\" alt=\"\" class=\"wp-image-25526\" srcset=\"https:\/\/dioceseteixeiradefreitas.com.br\/wp-content\/uploads\/2025\/10\/WhatsApp-Image-2025-10-26-at-18.41.42-768x1024.jpeg 768w, https:\/\/dioceseteixeiradefreitas.com.br\/wp-content\/uploads\/2025\/10\/WhatsApp-Image-2025-10-26-at-18.41.42-225x300.jpeg 225w, https:\/\/dioceseteixeiradefreitas.com.br\/wp-content\/uploads\/2025\/10\/WhatsApp-Image-2025-10-26-at-18.41.42.jpeg 960w\" sizes=\"auto, (max-width: 768px) 100vw, 768px\" \/><\/a><\/figure>\n\n\n\n<figure class=\"wp-block-image size-large\"><a href=\"https:\/\/dioceseteixeiradefreitas.com.br\/wp-content\/uploads\/2025\/10\/WhatsApp-Image-2025-10-26-at-18.41.41-1.jpeg\"><img loading=\"lazy\" decoding=\"async\" width=\"1024\" height=\"768\" data-id=\"25527\" src=\"https:\/\/dioceseteixeiradefreitas.com.br\/wp-content\/uploads\/2025\/10\/WhatsApp-Image-2025-10-26-at-18.41.41-1-1024x768.jpeg\" alt=\"\" class=\"wp-image-25527\" srcset=\"https:\/\/dioceseteixeiradefreitas.com.br\/wp-content\/uploads\/2025\/10\/WhatsApp-Image-2025-10-26-at-18.41.41-1-1024x768.jpeg 1024w, https:\/\/dioceseteixeiradefreitas.com.br\/wp-content\/uploads\/2025\/10\/WhatsApp-Image-2025-10-26-at-18.41.41-1-300x225.jpeg 300w, https:\/\/dioceseteixeiradefreitas.com.br\/wp-content\/uploads\/2025\/10\/WhatsApp-Image-2025-10-26-at-18.41.41-1-768x576.jpeg 768w, https:\/\/dioceseteixeiradefreitas.com.br\/wp-content\/uploads\/2025\/10\/WhatsApp-Image-2025-10-26-at-18.41.41-1.jpeg 1280w\" sizes=\"auto, (max-width: 1024px) 100vw, 1024px\" \/><\/a><\/figure>\n\n\n\n<figure class=\"wp-block-image size-large\"><a href=\"https:\/\/dioceseteixeiradefreitas.com.br\/wp-content\/uploads\/2025\/10\/WhatsApp-Image-2025-10-26-at-18.41.41.jpeg\"><img loading=\"lazy\" decoding=\"async\" width=\"1024\" height=\"576\" data-id=\"25521\" src=\"https:\/\/dioceseteixeiradefreitas.com.br\/wp-content\/uploads\/2025\/10\/WhatsApp-Image-2025-10-26-at-18.41.41-1024x576.jpeg\" alt=\"\" class=\"wp-image-25521\" srcset=\"https:\/\/dioceseteixeiradefreitas.com.br\/wp-content\/uploads\/2025\/10\/WhatsApp-Image-2025-10-26-at-18.41.41-1024x576.jpeg 1024w, https:\/\/dioceseteixeiradefreitas.com.br\/wp-content\/uploads\/2025\/10\/WhatsApp-Image-2025-10-26-at-18.41.41-300x169.jpeg 300w, https:\/\/dioceseteixeiradefreitas.com.br\/wp-content\/uploads\/2025\/10\/WhatsApp-Image-2025-10-26-at-18.41.41-768x432.jpeg 768w, https:\/\/dioceseteixeiradefreitas.com.br\/wp-content\/uploads\/2025\/10\/WhatsApp-Image-2025-10-26-at-18.41.41-1536x864.jpeg 1536w, https:\/\/dioceseteixeiradefreitas.com.br\/wp-content\/uploads\/2025\/10\/WhatsApp-Image-2025-10-26-at-18.41.41-390x220.jpeg 390w, https:\/\/dioceseteixeiradefreitas.com.br\/wp-content\/uploads\/2025\/10\/WhatsApp-Image-2025-10-26-at-18.41.41.jpeg 1600w\" sizes=\"auto, (max-width: 1024px) 100vw, 1024px\" \/><\/a><\/figure>\n\n\n\n<figure class=\"wp-block-image size-large\"><a href=\"https:\/\/dioceseteixeiradefreitas.com.br\/wp-content\/uploads\/2025\/10\/WhatsApp-Image-2025-10-26-at-18.41.40-1.jpeg\"><img loading=\"lazy\" decoding=\"async\" width=\"768\" height=\"1024\" data-id=\"25524\" src=\"https:\/\/dioceseteixeiradefreitas.com.br\/wp-content\/uploads\/2025\/10\/WhatsApp-Image-2025-10-26-at-18.41.40-1-768x1024.jpeg\" alt=\"\" class=\"wp-image-25524\" srcset=\"https:\/\/dioceseteixeiradefreitas.com.br\/wp-content\/uploads\/2025\/10\/WhatsApp-Image-2025-10-26-at-18.41.40-1-768x1024.jpeg 768w, https:\/\/dioceseteixeiradefreitas.com.br\/wp-content\/uploads\/2025\/10\/WhatsApp-Image-2025-10-26-at-18.41.40-1-225x300.jpeg 225w, https:\/\/dioceseteixeiradefreitas.com.br\/wp-content\/uploads\/2025\/10\/WhatsApp-Image-2025-10-26-at-18.41.40-1.jpeg 960w\" sizes=\"auto, (max-width: 768px) 100vw, 768px\" \/><\/a><\/figure>\n\n\n\n<figure class=\"wp-block-image size-large\"><a href=\"https:\/\/dioceseteixeiradefreitas.com.br\/wp-content\/uploads\/2025\/10\/WhatsApp-Image-2025-10-26-at-18.41.40.jpeg\"><img loading=\"lazy\" decoding=\"async\" width=\"1024\" height=\"768\" data-id=\"25522\" src=\"https:\/\/dioceseteixeiradefreitas.com.br\/wp-content\/uploads\/2025\/10\/WhatsApp-Image-2025-10-26-at-18.41.40-1024x768.jpeg\" alt=\"\" class=\"wp-image-25522\" srcset=\"https:\/\/dioceseteixeiradefreitas.com.br\/wp-content\/uploads\/2025\/10\/WhatsApp-Image-2025-10-26-at-18.41.40-1024x768.jpeg 1024w, https:\/\/dioceseteixeiradefreitas.com.br\/wp-content\/uploads\/2025\/10\/WhatsApp-Image-2025-10-26-at-18.41.40-300x225.jpeg 300w, https:\/\/dioceseteixeiradefreitas.com.br\/wp-content\/uploads\/2025\/10\/WhatsApp-Image-2025-10-26-at-18.41.40-768x576.jpeg 768w, https:\/\/dioceseteixeiradefreitas.com.br\/wp-content\/uploads\/2025\/10\/WhatsApp-Image-2025-10-26-at-18.41.40-1536x1152.jpeg 1536w, https:\/\/dioceseteixeiradefreitas.com.br\/wp-content\/uploads\/2025\/10\/WhatsApp-Image-2025-10-26-at-18.41.40.jpeg 1600w\" sizes=\"auto, (max-width: 1024px) 100vw, 1024px\" \/><\/a><\/figure>\n\n\n\n<figure class=\"wp-block-image size-large\"><a href=\"https:\/\/dioceseteixeiradefreitas.com.br\/wp-content\/uploads\/2025\/10\/WhatsApp-Image-2025-10-26-at-18.41.39-1.jpeg\"><img loading=\"lazy\" decoding=\"async\" width=\"1024\" height=\"484\" data-id=\"25510\" src=\"https:\/\/dioceseteixeiradefreitas.com.br\/wp-content\/uploads\/2025\/10\/WhatsApp-Image-2025-10-26-at-18.41.39-1-1024x484.jpeg\" alt=\"\" class=\"wp-image-25510\" srcset=\"https:\/\/dioceseteixeiradefreitas.com.br\/wp-content\/uploads\/2025\/10\/WhatsApp-Image-2025-10-26-at-18.41.39-1-1024x484.jpeg 1024w, https:\/\/dioceseteixeiradefreitas.com.br\/wp-content\/uploads\/2025\/10\/WhatsApp-Image-2025-10-26-at-18.41.39-1-300x142.jpeg 300w, https:\/\/dioceseteixeiradefreitas.com.br\/wp-content\/uploads\/2025\/10\/WhatsApp-Image-2025-10-26-at-18.41.39-1-768x363.jpeg 768w, https:\/\/dioceseteixeiradefreitas.com.br\/wp-content\/uploads\/2025\/10\/WhatsApp-Image-2025-10-26-at-18.41.39-1-1536x727.jpeg 1536w, https:\/\/dioceseteixeiradefreitas.com.br\/wp-content\/uploads\/2025\/10\/WhatsApp-Image-2025-10-26-at-18.41.39-1.jpeg 1600w\" sizes=\"auto, (max-width: 1024px) 100vw, 1024px\" \/><\/a><\/figure>\n\n\n\n<figure class=\"wp-block-image size-large\"><a href=\"https:\/\/dioceseteixeiradefreitas.com.br\/wp-content\/uploads\/2025\/10\/WhatsApp-Image-2025-10-26-at-18.41.39.jpeg\"><img loading=\"lazy\" decoding=\"async\" width=\"978\" height=\"1024\" data-id=\"25511\" src=\"https:\/\/dioceseteixeiradefreitas.com.br\/wp-content\/uploads\/2025\/10\/WhatsApp-Image-2025-10-26-at-18.41.39-978x1024.jpeg\" alt=\"\" class=\"wp-image-25511\" srcset=\"https:\/\/dioceseteixeiradefreitas.com.br\/wp-content\/uploads\/2025\/10\/WhatsApp-Image-2025-10-26-at-18.41.39-978x1024.jpeg 978w, https:\/\/dioceseteixeiradefreitas.com.br\/wp-content\/uploads\/2025\/10\/WhatsApp-Image-2025-10-26-at-18.41.39-287x300.jpeg 287w, https:\/\/dioceseteixeiradefreitas.com.br\/wp-content\/uploads\/2025\/10\/WhatsApp-Image-2025-10-26-at-18.41.39-768x804.jpeg 768w, https:\/\/dioceseteixeiradefreitas.com.br\/wp-content\/uploads\/2025\/10\/WhatsApp-Image-2025-10-26-at-18.41.39.jpeg 1223w\" sizes=\"auto, (max-width: 978px) 100vw, 978px\" \/><\/a><\/figure>\n\n\n\n<figure class=\"wp-block-image size-large\"><a href=\"https:\/\/dioceseteixeiradefreitas.com.br\/wp-content\/uploads\/2025\/10\/WhatsApp-Image-2025-10-26-at-18.41.38.jpeg\"><img loading=\"lazy\" decoding=\"async\" width=\"1024\" height=\"484\" data-id=\"25514\" src=\"https:\/\/dioceseteixeiradefreitas.com.br\/wp-content\/uploads\/2025\/10\/WhatsApp-Image-2025-10-26-at-18.41.38-1024x484.jpeg\" alt=\"\" class=\"wp-image-25514\" srcset=\"https:\/\/dioceseteixeiradefreitas.com.br\/wp-content\/uploads\/2025\/10\/WhatsApp-Image-2025-10-26-at-18.41.38-1024x484.jpeg 1024w, https:\/\/dioceseteixeiradefreitas.com.br\/wp-content\/uploads\/2025\/10\/WhatsApp-Image-2025-10-26-at-18.41.38-300x142.jpeg 300w, https:\/\/dioceseteixeiradefreitas.com.br\/wp-content\/uploads\/2025\/10\/WhatsApp-Image-2025-10-26-at-18.41.38-768x363.jpeg 768w, https:\/\/dioceseteixeiradefreitas.com.br\/wp-content\/uploads\/2025\/10\/WhatsApp-Image-2025-10-26-at-18.41.38-1536x727.jpeg 1536w, https:\/\/dioceseteixeiradefreitas.com.br\/wp-content\/uploads\/2025\/10\/WhatsApp-Image-2025-10-26-at-18.41.38.jpeg 1600w\" sizes=\"auto, (max-width: 1024px) 100vw, 1024px\" \/><\/a><\/figure>\n\n\n\n<figure class=\"wp-block-image size-large\"><a href=\"https:\/\/dioceseteixeiradefreitas.com.br\/wp-content\/uploads\/2025\/10\/WhatsApp-Image-2025-10-26-at-18.41.37.jpeg\"><img loading=\"lazy\" decoding=\"async\" width=\"485\" height=\"1024\" data-id=\"25513\" src=\"https:\/\/dioceseteixeiradefreitas.com.br\/wp-content\/uploads\/2025\/10\/WhatsApp-Image-2025-10-26-at-18.41.37-485x1024.jpeg\" alt=\"\" class=\"wp-image-25513\" srcset=\"https:\/\/dioceseteixeiradefreitas.com.br\/wp-content\/uploads\/2025\/10\/WhatsApp-Image-2025-10-26-at-18.41.37-485x1024.jpeg 485w, https:\/\/dioceseteixeiradefreitas.com.br\/wp-content\/uploads\/2025\/10\/WhatsApp-Image-2025-10-26-at-18.41.37-142x300.jpeg 142w, https:\/\/dioceseteixeiradefreitas.com.br\/wp-content\/uploads\/2025\/10\/WhatsApp-Image-2025-10-26-at-18.41.37-728x1536.jpeg 728w, https:\/\/dioceseteixeiradefreitas.com.br\/wp-content\/uploads\/2025\/10\/WhatsApp-Image-2025-10-26-at-18.41.37.jpeg 758w\" sizes=\"auto, (max-width: 485px) 100vw, 485px\" \/><\/a><\/figure>\n\n\n\n<figure class=\"wp-block-image size-large\"><a href=\"https:\/\/dioceseteixeiradefreitas.com.br\/wp-content\/uploads\/2025\/10\/WhatsApp-Image-2025-10-26-at-18.41.36.jpeg\"><img loading=\"lazy\" decoding=\"async\" width=\"1024\" height=\"768\" data-id=\"25525\" src=\"https:\/\/dioceseteixeiradefreitas.com.br\/wp-content\/uploads\/2025\/10\/WhatsApp-Image-2025-10-26-at-18.41.36-1024x768.jpeg\" alt=\"\" class=\"wp-image-25525\" srcset=\"https:\/\/dioceseteixeiradefreitas.com.br\/wp-content\/uploads\/2025\/10\/WhatsApp-Image-2025-10-26-at-18.41.36-1024x768.jpeg 1024w, https:\/\/dioceseteixeiradefreitas.com.br\/wp-content\/uploads\/2025\/10\/WhatsApp-Image-2025-10-26-at-18.41.36-300x225.jpeg 300w, https:\/\/dioceseteixeiradefreitas.com.br\/wp-content\/uploads\/2025\/10\/WhatsApp-Image-2025-10-26-at-18.41.36-768x576.jpeg 768w, https:\/\/dioceseteixeiradefreitas.com.br\/wp-content\/uploads\/2025\/10\/WhatsApp-Image-2025-10-26-at-18.41.36-1536x1152.jpeg 1536w, https:\/\/dioceseteixeiradefreitas.com.br\/wp-content\/uploads\/2025\/10\/WhatsApp-Image-2025-10-26-at-18.41.36.jpeg 1600w\" sizes=\"auto, (max-width: 1024px) 100vw, 1024px\" \/><\/a><\/figure>\n\n\n\n<figure class=\"wp-block-image size-large\"><a href=\"https:\/\/dioceseteixeiradefreitas.com.br\/wp-content\/uploads\/2025\/10\/WhatsApp-Image-2025-10-26-at-18.41.35-1.jpeg\"><img loading=\"lazy\" decoding=\"async\" width=\"485\" height=\"1024\" data-id=\"25519\" src=\"https:\/\/dioceseteixeiradefreitas.com.br\/wp-content\/uploads\/2025\/10\/WhatsApp-Image-2025-10-26-at-18.41.35-1-485x1024.jpeg\" alt=\"\" class=\"wp-image-25519\" srcset=\"https:\/\/dioceseteixeiradefreitas.com.br\/wp-content\/uploads\/2025\/10\/WhatsApp-Image-2025-10-26-at-18.41.35-1-485x1024.jpeg 485w, https:\/\/dioceseteixeiradefreitas.com.br\/wp-content\/uploads\/2025\/10\/WhatsApp-Image-2025-10-26-at-18.41.35-1-142x300.jpeg 142w, https:\/\/dioceseteixeiradefreitas.com.br\/wp-content\/uploads\/2025\/10\/WhatsApp-Image-2025-10-26-at-18.41.35-1-728x1536.jpeg 728w, https:\/\/dioceseteixeiradefreitas.com.br\/wp-content\/uploads\/2025\/10\/WhatsApp-Image-2025-10-26-at-18.41.35-1.jpeg 758w\" sizes=\"auto, (max-width: 485px) 100vw, 485px\" \/><\/a><\/figure>\n\n\n\n<figure class=\"wp-block-image size-large\"><a href=\"https:\/\/dioceseteixeiradefreitas.com.br\/wp-content\/uploads\/2025\/10\/WhatsApp-Image-2025-10-26-at-18.41.34.jpeg\"><img loading=\"lazy\" decoding=\"async\" width=\"1024\" height=\"484\" data-id=\"25515\" src=\"https:\/\/dioceseteixeiradefreitas.com.br\/wp-content\/uploads\/2025\/10\/WhatsApp-Image-2025-10-26-at-18.41.34-1024x484.jpeg\" alt=\"\" class=\"wp-image-25515\" srcset=\"https:\/\/dioceseteixeiradefreitas.com.br\/wp-content\/uploads\/2025\/10\/WhatsApp-Image-2025-10-26-at-18.41.34-1024x484.jpeg 1024w, https:\/\/dioceseteixeiradefreitas.com.br\/wp-content\/uploads\/2025\/10\/WhatsApp-Image-2025-10-26-at-18.41.34-300x142.jpeg 300w, https:\/\/dioceseteixeiradefreitas.com.br\/wp-content\/uploads\/2025\/10\/WhatsApp-Image-2025-10-26-at-18.41.34-768x363.jpeg 768w, https:\/\/dioceseteixeiradefreitas.com.br\/wp-content\/uploads\/2025\/10\/WhatsApp-Image-2025-10-26-at-18.41.34-1536x727.jpeg 1536w, https:\/\/dioceseteixeiradefreitas.com.br\/wp-content\/uploads\/2025\/10\/WhatsApp-Image-2025-10-26-at-18.41.34.jpeg 1600w\" sizes=\"auto, (max-width: 1024px) 100vw, 1024px\" \/><\/a><\/figure>\n\n\n\n<figure class=\"wp-block-image size-large\"><a href=\"https:\/\/dioceseteixeiradefreitas.com.br\/wp-content\/uploads\/2025\/10\/WhatsApp-Image-2025-10-26-at-18.41.33.jpeg\"><img loading=\"lazy\" decoding=\"async\" width=\"1024\" height=\"768\" data-id=\"25528\" src=\"https:\/\/dioceseteixeiradefreitas.com.br\/wp-content\/uploads\/2025\/10\/WhatsApp-Image-2025-10-26-at-18.41.33-1024x768.jpeg\" alt=\"\" class=\"wp-image-25528\" srcset=\"https:\/\/dioceseteixeiradefreitas.com.br\/wp-content\/uploads\/2025\/10\/WhatsApp-Image-2025-10-26-at-18.41.33-1024x768.jpeg 1024w, https:\/\/dioceseteixeiradefreitas.com.br\/wp-content\/uploads\/2025\/10\/WhatsApp-Image-2025-10-26-at-18.41.33-300x225.jpeg 300w, https:\/\/dioceseteixeiradefreitas.com.br\/wp-content\/uploads\/2025\/10\/WhatsApp-Image-2025-10-26-at-18.41.33-768x576.jpeg 768w, https:\/\/dioceseteixeiradefreitas.com.br\/wp-content\/uploads\/2025\/10\/WhatsApp-Image-2025-10-26-at-18.41.33.jpeg 1280w\" sizes=\"auto, (max-width: 1024px) 100vw, 1024px\" \/><\/a><\/figure>\n\n\n\n<figure class=\"wp-block-image size-large\"><a href=\"https:\/\/dioceseteixeiradefreitas.com.br\/wp-content\/uploads\/2025\/10\/WhatsApp-Image-2025-10-26-at-18.41.32-2.jpeg\"><img loading=\"lazy\" decoding=\"async\" width=\"768\" height=\"1024\" data-id=\"25516\" src=\"https:\/\/dioceseteixeiradefreitas.com.br\/wp-content\/uploads\/2025\/10\/WhatsApp-Image-2025-10-26-at-18.41.32-2-768x1024.jpeg\" alt=\"\" class=\"wp-image-25516\" srcset=\"https:\/\/dioceseteixeiradefreitas.com.br\/wp-content\/uploads\/2025\/10\/WhatsApp-Image-2025-10-26-at-18.41.32-2-768x1024.jpeg 768w, https:\/\/dioceseteixeiradefreitas.com.br\/wp-content\/uploads\/2025\/10\/WhatsApp-Image-2025-10-26-at-18.41.32-2-225x300.jpeg 225w, https:\/\/dioceseteixeiradefreitas.com.br\/wp-content\/uploads\/2025\/10\/WhatsApp-Image-2025-10-26-at-18.41.32-2-1152x1536.jpeg 1152w, https:\/\/dioceseteixeiradefreitas.com.br\/wp-content\/uploads\/2025\/10\/WhatsApp-Image-2025-10-26-at-18.41.32-2.jpeg 1200w\" sizes=\"auto, (max-width: 768px) 100vw, 768px\" \/><\/a><\/figure>\n\n\n\n<figure class=\"wp-block-image size-large\"><a href=\"https:\/\/dioceseteixeiradefreitas.com.br\/wp-content\/uploads\/2025\/10\/WhatsApp-Image-2025-10-26-at-18.41.32-1.jpeg\"><img loading=\"lazy\" decoding=\"async\" width=\"1024\" height=\"576\" data-id=\"25520\" src=\"https:\/\/dioceseteixeiradefreitas.com.br\/wp-content\/uploads\/2025\/10\/WhatsApp-Image-2025-10-26-at-18.41.32-1-1024x576.jpeg\" alt=\"\" class=\"wp-image-25520\" srcset=\"https:\/\/dioceseteixeiradefreitas.com.br\/wp-content\/uploads\/2025\/10\/WhatsApp-Image-2025-10-26-at-18.41.32-1-1024x576.jpeg 1024w, https:\/\/dioceseteixeiradefreitas.com.br\/wp-content\/uploads\/2025\/10\/WhatsApp-Image-2025-10-26-at-18.41.32-1-300x169.jpeg 300w, https:\/\/dioceseteixeiradefreitas.com.br\/wp-content\/uploads\/2025\/10\/WhatsApp-Image-2025-10-26-at-18.41.32-1-768x432.jpeg 768w, https:\/\/dioceseteixeiradefreitas.com.br\/wp-content\/uploads\/2025\/10\/WhatsApp-Image-2025-10-26-at-18.41.32-1-1536x864.jpeg 1536w, https:\/\/dioceseteixeiradefreitas.com.br\/wp-content\/uploads\/2025\/10\/WhatsApp-Image-2025-10-26-at-18.41.32-1-390x220.jpeg 390w, https:\/\/dioceseteixeiradefreitas.com.br\/wp-content\/uploads\/2025\/10\/WhatsApp-Image-2025-10-26-at-18.41.32-1.jpeg 1599w\" sizes=\"auto, (max-width: 1024px) 100vw, 1024px\" \/><\/a><\/figure>\n\n\n\n<figure class=\"wp-block-image size-large\"><a href=\"https:\/\/dioceseteixeiradefreitas.com.br\/wp-content\/uploads\/2025\/10\/WhatsApp-Image-2025-10-26-at-18.41.32.jpeg\"><img loading=\"lazy\" decoding=\"async\" width=\"1024\" height=\"576\" data-id=\"25517\" src=\"https:\/\/dioceseteixeiradefreitas.com.br\/wp-content\/uploads\/2025\/10\/WhatsApp-Image-2025-10-26-at-18.41.32-1024x576.jpeg\" alt=\"\" class=\"wp-image-25517\" srcset=\"https:\/\/dioceseteixeiradefreitas.com.br\/wp-content\/uploads\/2025\/10\/WhatsApp-Image-2025-10-26-at-18.41.32-1024x576.jpeg 1024w, https:\/\/dioceseteixeiradefreitas.com.br\/wp-content\/uploads\/2025\/10\/WhatsApp-Image-2025-10-26-at-18.41.32-300x169.jpeg 300w, https:\/\/dioceseteixeiradefreitas.com.br\/wp-content\/uploads\/2025\/10\/WhatsApp-Image-2025-10-26-at-18.41.32-768x432.jpeg 768w, https:\/\/dioceseteixeiradefreitas.com.br\/wp-content\/uploads\/2025\/10\/WhatsApp-Image-2025-10-26-at-18.41.32-1536x864.jpeg 1536w, https:\/\/dioceseteixeiradefreitas.com.br\/wp-content\/uploads\/2025\/10\/WhatsApp-Image-2025-10-26-at-18.41.32-390x220.jpeg 390w, https:\/\/dioceseteixeiradefreitas.com.br\/wp-content\/uploads\/2025\/10\/WhatsApp-Image-2025-10-26-at-18.41.32.jpeg 1599w\" sizes=\"auto, (max-width: 1024px) 100vw, 1024px\" \/><\/a><\/figure>\n<\/figure>\n","protected":false},"excerpt":{"rendered":"<p>A Assembleia Diocesana de Pastoral \u00e9 um importante momento de comunh\u00e3o, escuta e planejamento da caminhada evangelizadora da Igreja local. Reunindo padres, religiosos, religiosas e leigos engajados, o encontro busca discernir, \u00e0 luz do Esp\u00edrito Santo, os caminhos pastorais que orientam a a\u00e7\u00e3o evangelizadora da Diocese de Teixeira de Freitas\/Caravelas. Neste esp\u00edrito de unidade e &hellip;<\/p>\n","protected":false},"author":33,"featured_media":25518,"comment_status":"closed","ping_status":"closed","sticky":false,"template":"","format":"standard","meta":{"footnotes":""},"categories":[1237],"tags":[965,125,451],"class_list":["post-25507","post","type-post","status-publish","format-standard","has-post-thumbnail","hentry","category-pastorais","tag-assembleia-diocesana","tag-diocese","tag-diocese-de-teixeira-de-freitas-caravelas"],"_links":{"self":[{"href":"https:\/\/dioceseteixeiradefreitas.com.br\/index.php?rest_route=\/wp\/v2\/posts\/25507","targetHints":{"allow":["GET"]}}],"collection":[{"href":"https:\/\/dioceseteixeiradefreitas.com.br\/index.php?rest_route=\/wp\/v2\/posts"}],"about":[{"href":"https:\/\/dioceseteixeiradefreitas.com.br\/index.php?rest_route=\/wp\/v2\/types\/post"}],"author":[{"embeddable":true,"href":"https:\/\/dioceseteixeiradefreitas.com.br\/index.php?rest_route=\/wp\/v2\/users\/33"}],"replies":[{"embeddable":true,"href":"https:\/\/dioceseteixeiradefreitas.com.br\/index.php?rest_route=%2Fwp%2Fv2%2Fcomments&post=25507"}],"version-history":[{"count":1,"href":"https:\/\/dioceseteixeiradefreitas.com.br\/index.php?rest_route=\/wp\/v2\/posts\/25507\/revisions"}],"predecessor-version":[{"id":25529,"href":"https:\/\/dioceseteixeiradefreitas.com.br\/index.php?rest_route=\/wp\/v2\/posts\/25507\/revisions\/25529"}],"wp:featuredmedia":[{"embeddable":true,"href":"https:\/\/dioceseteixeiradefreitas.com.br\/index.php?rest_route=\/wp\/v2\/media\/25518"}],"wp:attachment":[{"href":"https:\/\/dioceseteixeiradefreitas.com.br\/index.php?rest_route=%2Fwp%2Fv2%2Fmedia&parent=25507"}],"wp:term":[{"taxonomy":"category","embeddable":true,"href":"https:\/\/dioceseteixeiradefreitas.com.br\/index.php?rest_route=%2Fwp%2Fv2%2Fcategories&post=25507"},{"taxonomy":"post_tag","embeddable":true,"href":"https:\/\/dioceseteixeiradefreitas.com.br\/index.php?rest_route=%2Fwp%2Fv2%2Ftags&post=25507"}],"curies":[{"name":"wp","href":"https:\/\/api.w.org\/{rel}","templated":true}]}}