{"id":25535,"date":"2025-12-05T17:24:43","date_gmt":"2025-12-05T20:24:43","guid":{"rendered":"https:\/\/dioceseteixeiradefreitas.com.br\/?p=25535"},"modified":"2025-12-05T17:24:43","modified_gmt":"2025-12-05T20:24:43","slug":"nota-oficial-diocese-de-teixeira-de-freitas-caravelas","status":"publish","type":"post","link":"https:\/\/dioceseteixeiradefreitas.com.br\/?p=25535","title":{"rendered":"Nota Oficial \u2013 Diocese de Teixeira de Freitas\/Caravelas"},"content":{"rendered":"\n<figure class=\"wp-block-image size-full\"><a href=\"https:\/\/dioceseteixeiradefreitas.com.br\/wp-content\/uploads\/2025\/12\/WhatsApp-Image-2025-12-05-at-17.09.17.jpeg\"><img loading=\"lazy\" decoding=\"async\" width=\"600\" height=\"500\" src=\"https:\/\/dioceseteixeiradefreitas.com.br\/wp-content\/uploads\/2025\/12\/WhatsApp-Image-2025-12-05-at-17.09.17.jpeg\" alt=\"\" class=\"wp-image-25536\" srcset=\"https:\/\/dioceseteixeiradefreitas.com.br\/wp-content\/uploads\/2025\/12\/WhatsApp-Image-2025-12-05-at-17.09.17.jpeg 600w, https:\/\/dioceseteixeiradefreitas.com.br\/wp-content\/uploads\/2025\/12\/WhatsApp-Image-2025-12-05-at-17.09.17-300x250.jpeg 300w\" sizes=\"auto, (max-width: 600px) 100vw, 600px\" \/><\/a><\/figure>\n\n\n\n<p>A Diocese de Teixeira de Freitas\u2013Caravelas, por meio de seu Administrador Diocesano, <strong>Pe. Edivaldo Oliveira Santana<\/strong>, informa as seguintes atualiza\u00e7\u00f5es referentes ao acompanhamento vocacional e \u00e0s recentes nomea\u00e7\u00f5es pastorais.<\/p>\n\n\n\n<p><strong>Acompanhamento dos Seminaristas<\/strong><\/p>\n\n\n\n<p>A Diocese segue com zelo e responsabilidade no acompanhamento dos seminaristas que conclu\u00edram o curso teol\u00f3gico, reafirmando o compromisso com uma forma\u00e7\u00e3o integral e fiel ao Evangelho.<\/p>\n\n\n\n<p>Ap\u00f3s os devidos discernimentos e escuta dos formadores, confirmam-se os seguintes <strong>envios pastorais<\/strong>:<\/p>\n\n\n\n<ul class=\"wp-block-list\">\n<li><strong>Alex Cardoso<\/strong> \u2013 Par\u00f3quia Santo Ant\u00f4nio (Distrito)<\/li>\n\n\n\n<li><strong>Ivan Coelho<\/strong> \u2013 Par\u00f3quia S\u00e3o Louren\u00e7o<\/li>\n\n\n\n<li><strong>Ronny Von Rodrigues<\/strong> \u2013 Par\u00f3quia Santa Luzia \u2013 Teixeira de Freitas<\/li>\n\n\n\n<li><strong>Elson Fernandes<\/strong> \u2013 Par\u00f3quia Nossa Senhora Concei\u00e7\u00e3o &#8211; Nova Vi\u00e7osa<\/li>\n<\/ul>\n\n\n\n<p>A Pastoral Vocacional continuar\u00e1 acompanhando atentamente cada seminarista em seu processo de inser\u00e7\u00e3o pastoral, discernimento e continuidade vocacional.<\/p>\n\n\n\n<p><strong>Nomea\u00e7\u00f5es Pastorais<\/strong><\/p>\n\n\n\n<p>O Administrador Diocesano confirma a nomea\u00e7\u00e3o do <strong>Pe. Wallas Oliveira<\/strong> como <strong>Vig\u00e1rio Paroquial da Par\u00f3quia S\u00e3o Jos\u00e9 Oper\u00e1rio &#8211; Itabat\u00e3<\/strong>, onde exercer\u00e1 seu minist\u00e9rio em comunh\u00e3o fraterna e pastoral com o <strong>Pe. S\u00e1vio Fiorot<\/strong>.<\/p>\n\n\n\n<p>O <strong>Pe. Edivaldo<\/strong> expressa sua gratid\u00e3o e estima, desejando ao Pe. Wallas e aos seminaristas <strong>uma miss\u00e3o pastoral aben\u00e7oada, fecunda e iluminada pelo Esp\u00edrito Santo<\/strong>, sempre dedicados ao servi\u00e7o do Povo de Deus.<\/p>\n\n\n\n<p><strong>Como Igreja particular, seguimos orantes pelo envio do nosso pastor, unidos na f\u00e9 e na esperan\u00e7a que nos sustentam no caminho mission\u00e1rio.<\/strong><\/p>\n\n\n\n<p>Teixeira de Freitas-BA, 05 de dezembro de 2025<\/p>\n","protected":false},"excerpt":{"rendered":"<p>A Diocese de Teixeira de Freitas\u2013Caravelas, por meio de seu Administrador Diocesano, Pe. Edivaldo Oliveira Santana, informa as seguintes atualiza\u00e7\u00f5es referentes ao acompanhamento vocacional e \u00e0s recentes nomea\u00e7\u00f5es pastorais. Acompanhamento dos Seminaristas A Diocese segue com zelo e responsabilidade no acompanhamento dos seminaristas que conclu\u00edram o curso teol\u00f3gico, reafirmando o compromisso com uma forma\u00e7\u00e3o integral &hellip;<\/p>\n","protected":false},"author":32,"featured_media":25536,"comment_status":"closed","ping_status":"closed","sticky":false,"template":"","format":"standard","meta":{"footnotes":""},"categories":[51,41],"tags":[],"class_list":["post-25535","post","type-post","status-publish","format-standard","has-post-thumbnail","hentry","category-notas","category-noticias_destaque"],"_links":{"self":[{"href":"https:\/\/dioceseteixeiradefreitas.com.br\/index.php?rest_route=\/wp\/v2\/posts\/25535","targetHints":{"allow":["GET"]}}],"collection":[{"href":"https:\/\/dioceseteixeiradefreitas.com.br\/index.php?rest_route=\/wp\/v2\/posts"}],"about":[{"href":"https:\/\/dioceseteixeiradefreitas.com.br\/index.php?rest_route=\/wp\/v2\/types\/post"}],"author":[{"embeddable":true,"href":"https:\/\/dioceseteixeiradefreitas.com.br\/index.php?rest_route=\/wp\/v2\/users\/32"}],"replies":[{"embeddable":true,"href":"https:\/\/dioceseteixeiradefreitas.com.br\/index.php?rest_route=%2Fwp%2Fv2%2Fcomments&post=25535"}],"version-history":[{"count":1,"href":"https:\/\/dioceseteixeiradefreitas.com.br\/index.php?rest_route=\/wp\/v2\/posts\/25535\/revisions"}],"predecessor-version":[{"id":25537,"href":"https:\/\/dioceseteixeiradefreitas.com.br\/index.php?rest_route=\/wp\/v2\/posts\/25535\/revisions\/25537"}],"wp:featuredmedia":[{"embeddable":true,"href":"https:\/\/dioceseteixeiradefreitas.com.br\/index.php?rest_route=\/wp\/v2\/media\/25536"}],"wp:attachment":[{"href":"https:\/\/dioceseteixeiradefreitas.com.br\/index.php?rest_route=%2Fwp%2Fv2%2Fmedia&parent=25535"}],"wp:term":[{"taxonomy":"category","embeddable":true,"href":"https:\/\/dioceseteixeiradefreitas.com.br\/index.php?rest_route=%2Fwp%2Fv2%2Fcategories&post=25535"},{"taxonomy":"post_tag","embeddable":true,"href":"https:\/\/dioceseteixeiradefreitas.com.br\/index.php?rest_route=%2Fwp%2Fv2%2Ftags&post=25535"}],"curies":[{"name":"wp","href":"https:\/\/api.w.org\/{rel}","templated":true}]}}