{"id":25688,"date":"2026-03-09T20:44:33","date_gmt":"2026-03-09T23:44:33","guid":{"rendered":"https:\/\/dioceseteixeiradefreitas.com.br\/?p=25688"},"modified":"2026-04-13T21:09:27","modified_gmt":"2026-04-14T00:09:27","slug":"nova-coordenacao-diocesana-da-catequese-e-apresentada-durante-reuniao-do-conselho-diocesano-de-pastoral","status":"publish","type":"post","link":"https:\/\/dioceseteixeiradefreitas.com.br\/?p=25688","title":{"rendered":"Nova Coordena\u00e7\u00e3o Diocesana da Catequese \u00e9 Apresentada Durante Reuni\u00e3o do Conselho Diocesano de Pastoral"},"content":{"rendered":"\n<figure class=\"wp-block-image size-large\"><a href=\"https:\/\/dioceseteixeiradefreitas.com.br\/wp-content\/uploads\/2026\/03\/30744bf6-76b3-4226-a118-a762932678cd.jpeg\"><img loading=\"lazy\" decoding=\"async\" width=\"1024\" height=\"576\" src=\"https:\/\/dioceseteixeiradefreitas.com.br\/wp-content\/uploads\/2026\/03\/30744bf6-76b3-4226-a118-a762932678cd-1024x576.jpeg\" alt=\"\" class=\"wp-image-25689\" srcset=\"https:\/\/dioceseteixeiradefreitas.com.br\/wp-content\/uploads\/2026\/03\/30744bf6-76b3-4226-a118-a762932678cd-1024x576.jpeg 1024w, https:\/\/dioceseteixeiradefreitas.com.br\/wp-content\/uploads\/2026\/03\/30744bf6-76b3-4226-a118-a762932678cd-300x169.jpeg 300w, https:\/\/dioceseteixeiradefreitas.com.br\/wp-content\/uploads\/2026\/03\/30744bf6-76b3-4226-a118-a762932678cd-768x432.jpeg 768w, https:\/\/dioceseteixeiradefreitas.com.br\/wp-content\/uploads\/2026\/03\/30744bf6-76b3-4226-a118-a762932678cd-1536x864.jpeg 1536w, https:\/\/dioceseteixeiradefreitas.com.br\/wp-content\/uploads\/2026\/03\/30744bf6-76b3-4226-a118-a762932678cd-390x220.jpeg 390w, https:\/\/dioceseteixeiradefreitas.com.br\/wp-content\/uploads\/2026\/03\/30744bf6-76b3-4226-a118-a762932678cd.jpeg 1600w\" sizes=\"auto, (max-width: 1024px) 100vw, 1024px\" \/><\/a><\/figure>\n\n\n\n<p>Na manh\u00e3 do \u00faltimo s\u00e1bado, 07 de mar\u00e7o, foi realizada na Par\u00f3quia Santo Ant\u00f4nio a reuni\u00e3o do Conselho Diocesano de Pastoral da Diocese de Teixeira de Freitas\/Caravelas. O encontro reuniu representantes de diversas pastorais e servi\u00e7os da diocese para momentos de partilha, comunh\u00e3o e encaminhamentos pastorais.<\/p>\n\n\n\n<p>Durante a reuni\u00e3o, e com as b\u00ean\u00e7\u00e3os do Administrador Diocesano, foi apresentada a nova coordena\u00e7\u00e3o diocesana da Catequese, que passa a assumir a miss\u00e3o de animar, acompanhar e fortalecer o trabalho catequ\u00e9tico em toda a diocese.<\/p>\n\n\n\n<p>A nova coordena\u00e7\u00e3o ficou assim constitu\u00edda:<\/p>\n\n\n\n<ul class=\"wp-block-list\">\n<li><strong>Coordenadora:<\/strong> Edjane, da Par\u00f3quia Nossa Senhora das Gra\u00e7as, em Teixeira de Freitas.<\/li>\n\n\n\n<li><strong>Vice-coordenadora:<\/strong> Maria Aparecida, da Par\u00f3quia S\u00e3o Miguel Arcanjo, tamb\u00e9m em Teixeira de Freitas.<\/li>\n\n\n\n<li><strong>Assessor:<\/strong> Seminarista Ronny Von.<\/li>\n<\/ul>\n\n\n\n<p>A Diocese manifesta gratid\u00e3o pela disponibilidade e servi\u00e7o dos novos coordenadores, confiando \u00e0 intercess\u00e3o do Senhor o trabalho evangelizador que ser\u00e1 desenvolvido junto aos catequistas e catequizandos.<\/p>\n\n\n\n<p>Que Deus aben\u00e7oe esta miss\u00e3o e fortale\u00e7a cada agente de pastoral que se dedica \u00e0 transmiss\u00e3o da f\u00e9 em nossas comunidades.<\/p>\n\n\n\n<p>Sa\u00fade e Paz!<\/p>\n\n\n\n<figure class=\"wp-block-gallery has-nested-images columns-default is-cropped wp-block-gallery-1 is-layout-flex wp-block-gallery-is-layout-flex\">\n<figure class=\"wp-block-image size-large\"><a href=\"https:\/\/dioceseteixeiradefreitas.com.br\/wp-content\/uploads\/2026\/03\/30744bf6-76b3-4226-a118-a762932678cd-1.jpeg\"><img loading=\"lazy\" decoding=\"async\" width=\"1024\" height=\"576\" data-id=\"25693\" src=\"https:\/\/dioceseteixeiradefreitas.com.br\/wp-content\/uploads\/2026\/03\/30744bf6-76b3-4226-a118-a762932678cd-1-1024x576.jpeg\" alt=\"\" class=\"wp-image-25693\" srcset=\"https:\/\/dioceseteixeiradefreitas.com.br\/wp-content\/uploads\/2026\/03\/30744bf6-76b3-4226-a118-a762932678cd-1-1024x576.jpeg 1024w, https:\/\/dioceseteixeiradefreitas.com.br\/wp-content\/uploads\/2026\/03\/30744bf6-76b3-4226-a118-a762932678cd-1-300x169.jpeg 300w, https:\/\/dioceseteixeiradefreitas.com.br\/wp-content\/uploads\/2026\/03\/30744bf6-76b3-4226-a118-a762932678cd-1-768x432.jpeg 768w, https:\/\/dioceseteixeiradefreitas.com.br\/wp-content\/uploads\/2026\/03\/30744bf6-76b3-4226-a118-a762932678cd-1-1536x864.jpeg 1536w, https:\/\/dioceseteixeiradefreitas.com.br\/wp-content\/uploads\/2026\/03\/30744bf6-76b3-4226-a118-a762932678cd-1-390x220.jpeg 390w, https:\/\/dioceseteixeiradefreitas.com.br\/wp-content\/uploads\/2026\/03\/30744bf6-76b3-4226-a118-a762932678cd-1.jpeg 1600w\" sizes=\"auto, (max-width: 1024px) 100vw, 1024px\" \/><\/a><\/figure>\n\n\n\n<figure class=\"wp-block-image size-large\"><a href=\"https:\/\/dioceseteixeiradefreitas.com.br\/wp-content\/uploads\/2026\/03\/8346c09c-1a90-48ea-b07d-8ccdfa23f19f.jpeg\"><img loading=\"lazy\" decoding=\"async\" width=\"1024\" height=\"576\" data-id=\"25690\" src=\"https:\/\/dioceseteixeiradefreitas.com.br\/wp-content\/uploads\/2026\/03\/8346c09c-1a90-48ea-b07d-8ccdfa23f19f-1024x576.jpeg\" alt=\"\" class=\"wp-image-25690\" srcset=\"https:\/\/dioceseteixeiradefreitas.com.br\/wp-content\/uploads\/2026\/03\/8346c09c-1a90-48ea-b07d-8ccdfa23f19f-1024x576.jpeg 1024w, https:\/\/dioceseteixeiradefreitas.com.br\/wp-content\/uploads\/2026\/03\/8346c09c-1a90-48ea-b07d-8ccdfa23f19f-300x169.jpeg 300w, https:\/\/dioceseteixeiradefreitas.com.br\/wp-content\/uploads\/2026\/03\/8346c09c-1a90-48ea-b07d-8ccdfa23f19f-768x432.jpeg 768w, https:\/\/dioceseteixeiradefreitas.com.br\/wp-content\/uploads\/2026\/03\/8346c09c-1a90-48ea-b07d-8ccdfa23f19f-1536x864.jpeg 1536w, https:\/\/dioceseteixeiradefreitas.com.br\/wp-content\/uploads\/2026\/03\/8346c09c-1a90-48ea-b07d-8ccdfa23f19f-390x220.jpeg 390w, https:\/\/dioceseteixeiradefreitas.com.br\/wp-content\/uploads\/2026\/03\/8346c09c-1a90-48ea-b07d-8ccdfa23f19f.jpeg 1600w\" sizes=\"auto, (max-width: 1024px) 100vw, 1024px\" \/><\/a><\/figure>\n\n\n\n<figure class=\"wp-block-image size-large\"><a href=\"https:\/\/dioceseteixeiradefreitas.com.br\/wp-content\/uploads\/2026\/03\/bb9c1028-13d8-4eac-a4a6-e759052c3074.jpeg\"><img loading=\"lazy\" decoding=\"async\" width=\"1024\" height=\"576\" data-id=\"25692\" src=\"https:\/\/dioceseteixeiradefreitas.com.br\/wp-content\/uploads\/2026\/03\/bb9c1028-13d8-4eac-a4a6-e759052c3074-1024x576.jpeg\" alt=\"\" class=\"wp-image-25692\" srcset=\"https:\/\/dioceseteixeiradefreitas.com.br\/wp-content\/uploads\/2026\/03\/bb9c1028-13d8-4eac-a4a6-e759052c3074-1024x576.jpeg 1024w, https:\/\/dioceseteixeiradefreitas.com.br\/wp-content\/uploads\/2026\/03\/bb9c1028-13d8-4eac-a4a6-e759052c3074-300x169.jpeg 300w, https:\/\/dioceseteixeiradefreitas.com.br\/wp-content\/uploads\/2026\/03\/bb9c1028-13d8-4eac-a4a6-e759052c3074-768x432.jpeg 768w, https:\/\/dioceseteixeiradefreitas.com.br\/wp-content\/uploads\/2026\/03\/bb9c1028-13d8-4eac-a4a6-e759052c3074-1536x864.jpeg 1536w, https:\/\/dioceseteixeiradefreitas.com.br\/wp-content\/uploads\/2026\/03\/bb9c1028-13d8-4eac-a4a6-e759052c3074-390x220.jpeg 390w, https:\/\/dioceseteixeiradefreitas.com.br\/wp-content\/uploads\/2026\/03\/bb9c1028-13d8-4eac-a4a6-e759052c3074.jpeg 1600w\" sizes=\"auto, (max-width: 1024px) 100vw, 1024px\" \/><\/a><\/figure>\n\n\n\n<figure class=\"wp-block-image size-large\"><a href=\"https:\/\/dioceseteixeiradefreitas.com.br\/wp-content\/uploads\/2026\/03\/c45462f8-6fe9-4e2c-8b02-7639ff26cb97.jpeg\"><img loading=\"lazy\" decoding=\"async\" width=\"1024\" height=\"768\" data-id=\"25691\" src=\"https:\/\/dioceseteixeiradefreitas.com.br\/wp-content\/uploads\/2026\/03\/c45462f8-6fe9-4e2c-8b02-7639ff26cb97-1024x768.jpeg\" alt=\"\" class=\"wp-image-25691\" srcset=\"https:\/\/dioceseteixeiradefreitas.com.br\/wp-content\/uploads\/2026\/03\/c45462f8-6fe9-4e2c-8b02-7639ff26cb97-1024x768.jpeg 1024w, https:\/\/dioceseteixeiradefreitas.com.br\/wp-content\/uploads\/2026\/03\/c45462f8-6fe9-4e2c-8b02-7639ff26cb97-300x225.jpeg 300w, https:\/\/dioceseteixeiradefreitas.com.br\/wp-content\/uploads\/2026\/03\/c45462f8-6fe9-4e2c-8b02-7639ff26cb97-768x576.jpeg 768w, https:\/\/dioceseteixeiradefreitas.com.br\/wp-content\/uploads\/2026\/03\/c45462f8-6fe9-4e2c-8b02-7639ff26cb97-1536x1152.jpeg 1536w, https:\/\/dioceseteixeiradefreitas.com.br\/wp-content\/uploads\/2026\/03\/c45462f8-6fe9-4e2c-8b02-7639ff26cb97.jpeg 1600w\" sizes=\"auto, (max-width: 1024px) 100vw, 1024px\" \/><\/a><\/figure>\n\n\n\n<figure class=\"wp-block-image size-large\"><a href=\"https:\/\/dioceseteixeiradefreitas.com.br\/wp-content\/uploads\/2026\/03\/48fa06b1-ad28-4fcb-8baa-7ab060b12bae.jpeg\"><img loading=\"lazy\" decoding=\"async\" width=\"1024\" height=\"768\" data-id=\"25694\" src=\"https:\/\/dioceseteixeiradefreitas.com.br\/wp-content\/uploads\/2026\/03\/48fa06b1-ad28-4fcb-8baa-7ab060b12bae-1024x768.jpeg\" alt=\"\" class=\"wp-image-25694\" srcset=\"https:\/\/dioceseteixeiradefreitas.com.br\/wp-content\/uploads\/2026\/03\/48fa06b1-ad28-4fcb-8baa-7ab060b12bae-1024x768.jpeg 1024w, https:\/\/dioceseteixeiradefreitas.com.br\/wp-content\/uploads\/2026\/03\/48fa06b1-ad28-4fcb-8baa-7ab060b12bae-300x225.jpeg 300w, https:\/\/dioceseteixeiradefreitas.com.br\/wp-content\/uploads\/2026\/03\/48fa06b1-ad28-4fcb-8baa-7ab060b12bae-768x576.jpeg 768w, https:\/\/dioceseteixeiradefreitas.com.br\/wp-content\/uploads\/2026\/03\/48fa06b1-ad28-4fcb-8baa-7ab060b12bae-1536x1152.jpeg 1536w, https:\/\/dioceseteixeiradefreitas.com.br\/wp-content\/uploads\/2026\/03\/48fa06b1-ad28-4fcb-8baa-7ab060b12bae.jpeg 1600w\" sizes=\"auto, (max-width: 1024px) 100vw, 1024px\" \/><\/a><\/figure>\n<\/figure>\n","protected":false},"excerpt":{"rendered":"<p>Na manh\u00e3 do \u00faltimo s\u00e1bado, 07 de mar\u00e7o, foi realizada na Par\u00f3quia Santo Ant\u00f4nio a reuni\u00e3o do Conselho Diocesano de Pastoral da Diocese de Teixeira de Freitas\/Caravelas. O encontro reuniu representantes de diversas pastorais e servi\u00e7os da diocese para momentos de partilha, comunh\u00e3o e encaminhamentos pastorais. Durante a reuni\u00e3o, e com as b\u00ean\u00e7\u00e3os do Administrador &hellip;<\/p>\n","protected":false},"author":32,"featured_media":25689,"comment_status":"closed","ping_status":"closed","sticky":false,"template":"","format":"standard","meta":{"footnotes":""},"categories":[1237],"tags":[],"class_list":["post-25688","post","type-post","status-publish","format-standard","has-post-thumbnail","hentry","category-pastorais"],"_links":{"self":[{"href":"https:\/\/dioceseteixeiradefreitas.com.br\/index.php?rest_route=\/wp\/v2\/posts\/25688","targetHints":{"allow":["GET"]}}],"collection":[{"href":"https:\/\/dioceseteixeiradefreitas.com.br\/index.php?rest_route=\/wp\/v2\/posts"}],"about":[{"href":"https:\/\/dioceseteixeiradefreitas.com.br\/index.php?rest_route=\/wp\/v2\/types\/post"}],"author":[{"embeddable":true,"href":"https:\/\/dioceseteixeiradefreitas.com.br\/index.php?rest_route=\/wp\/v2\/users\/32"}],"replies":[{"embeddable":true,"href":"https:\/\/dioceseteixeiradefreitas.com.br\/index.php?rest_route=%2Fwp%2Fv2%2Fcomments&post=25688"}],"version-history":[{"count":1,"href":"https:\/\/dioceseteixeiradefreitas.com.br\/index.php?rest_route=\/wp\/v2\/posts\/25688\/revisions"}],"predecessor-version":[{"id":25695,"href":"https:\/\/dioceseteixeiradefreitas.com.br\/index.php?rest_route=\/wp\/v2\/posts\/25688\/revisions\/25695"}],"wp:featuredmedia":[{"embeddable":true,"href":"https:\/\/dioceseteixeiradefreitas.com.br\/index.php?rest_route=\/wp\/v2\/media\/25689"}],"wp:attachment":[{"href":"https:\/\/dioceseteixeiradefreitas.com.br\/index.php?rest_route=%2Fwp%2Fv2%2Fmedia&parent=25688"}],"wp:term":[{"taxonomy":"category","embeddable":true,"href":"https:\/\/dioceseteixeiradefreitas.com.br\/index.php?rest_route=%2Fwp%2Fv2%2Fcategories&post=25688"},{"taxonomy":"post_tag","embeddable":true,"href":"https:\/\/dioceseteixeiradefreitas.com.br\/index.php?rest_route=%2Fwp%2Fv2%2Ftags&post=25688"}],"curies":[{"name":"wp","href":"https:\/\/api.w.org\/{rel}","templated":true}]}}