{"id":25696,"date":"2026-03-13T23:32:31","date_gmt":"2026-03-14T02:32:31","guid":{"rendered":"https:\/\/dioceseteixeiradefreitas.com.br\/?p=25696"},"modified":"2026-04-13T21:09:27","modified_gmt":"2026-04-14T00:09:27","slug":"encontro-diocesano-da-campanha-da-mae-peregrina-reune-missionarios-em-manha-de-formacao-e-espiritualidade","status":"publish","type":"post","link":"https:\/\/dioceseteixeiradefreitas.com.br\/?p=25696","title":{"rendered":"Encontro Diocesano da Campanha da M\u00e3e Peregrina re\u00fane mission\u00e1rios em manh\u00e3 de forma\u00e7\u00e3o e espiritualidade"},"content":{"rendered":"<div class=\"wp-block-image\">\n<figure class=\"aligncenter\"><img loading=\"lazy\" decoding=\"async\" width=\"1024\" height=\"768\" src=\"https:\/\/dioceseteixeiradefreitas.com.br\/wp-content\/uploads\/2026\/03\/WhatsApp-Image-2026-03-13-at-21.50.56-1024x768.jpeg\" alt=\"\" class=\"wp-image-25697\" srcset=\"https:\/\/dioceseteixeiradefreitas.com.br\/wp-content\/uploads\/2026\/03\/WhatsApp-Image-2026-03-13-at-21.50.56-1024x768.jpeg 1024w, https:\/\/dioceseteixeiradefreitas.com.br\/wp-content\/uploads\/2026\/03\/WhatsApp-Image-2026-03-13-at-21.50.56-300x225.jpeg 300w, https:\/\/dioceseteixeiradefreitas.com.br\/wp-content\/uploads\/2026\/03\/WhatsApp-Image-2026-03-13-at-21.50.56-768x576.jpeg 768w, https:\/\/dioceseteixeiradefreitas.com.br\/wp-content\/uploads\/2026\/03\/WhatsApp-Image-2026-03-13-at-21.50.56-1536x1152.jpeg 1536w, https:\/\/dioceseteixeiradefreitas.com.br\/wp-content\/uploads\/2026\/03\/WhatsApp-Image-2026-03-13-at-21.50.56.jpeg 1600w\" sizes=\"auto, (max-width: 1024px) 100vw, 1024px\" \/><\/figure>\n<\/div>\n\n\n<p>O Encontro Diocesano da Campanha da M\u00e3e Peregrina de Schoenstatt reuniu, na manh\u00e3 de domingo, dia 08 de mar\u00e7o de 2026, as coordena\u00e7\u00f5es e vice-coordena\u00e7\u00f5es das foranias, par\u00f3quias e comunidades da Diocese para um momento especial de forma\u00e7\u00e3o e espiritualidade schoenstattiana.<\/p>\n\n\n\n<p>O encontro foi marcado por partilhas, reflex\u00f5es e aprendizados. Na ocasi\u00e3o, os participantes receberam a b\u00ean\u00e7\u00e3o e palavras de incentivo do Administrador Diocesano, Padre Edvaldo, que motivou todos a seguirem firmes na miss\u00e3o de evangelizar por meio da M\u00e3e Peregrina, fortalecendo cada vez mais essa caminhada de f\u00e9.<\/p>\n\n\n\n<p>Aproveitando a data do Dia Internacional da Mulher, o sacerdote tamb\u00e9m parabenizou todas as mulheres presentes, que receberam um pequeno mimo como sinal de carinho e reconhecimento da coordena\u00e7\u00e3o.<\/p>\n\n\n<div class=\"wp-block-image\">\n<figure class=\"aligncenter size-large is-resized\"><a href=\"https:\/\/dioceseteixeiradefreitas.com.br\/wp-content\/uploads\/2026\/03\/IMG_9212-scaled.jpg\"><img loading=\"lazy\" decoding=\"async\" width=\"1024\" height=\"683\" src=\"https:\/\/dioceseteixeiradefreitas.com.br\/wp-content\/uploads\/2026\/03\/IMG_9212-1024x683.jpg\" alt=\"\" class=\"wp-image-25702\" style=\"width:576px;height:auto\" srcset=\"https:\/\/dioceseteixeiradefreitas.com.br\/wp-content\/uploads\/2026\/03\/IMG_9212-1024x683.jpg 1024w, https:\/\/dioceseteixeiradefreitas.com.br\/wp-content\/uploads\/2026\/03\/IMG_9212-300x200.jpg 300w, https:\/\/dioceseteixeiradefreitas.com.br\/wp-content\/uploads\/2026\/03\/IMG_9212-768x512.jpg 768w, https:\/\/dioceseteixeiradefreitas.com.br\/wp-content\/uploads\/2026\/03\/IMG_9212-1536x1024.jpg 1536w, https:\/\/dioceseteixeiradefreitas.com.br\/wp-content\/uploads\/2026\/03\/IMG_9212-2048x1365.jpg 2048w\" sizes=\"auto, (max-width: 1024px) 100vw, 1024px\" \/><\/a><\/figure>\n<\/div>\n\n\n<p>Durante a din\u00e2mica do \u201cAbra\u00e7o com Maria\u201d, os participantes foram convidados a refletir sobre a Par\u00e1bola do Semeador, recordando a import\u00e2ncia da miss\u00e3o de semear a Palavra de Deus nos cora\u00e7\u00f5es. Em seguida, foi apresentado o material do Congresso realizado em outubro de 2025, em Salvador (BA), aprofundando o conhecimento sobre as ramifica\u00e7\u00f5es da Campanha da M\u00e3e Peregrina e do Ter\u00e7o dos Homens, com o tema: <em>\u201cJuntos, rumo ao C\u00e9u\u201d.<\/em><\/p>\n\n\n\n<p>Assim, seguimos unidos na miss\u00e3o de evangelizar por meio da M\u00e3e de Jesus \u2014 <strong>M\u00e3e, Rainha e Vencedora Tr\u00eas Vezes Admir\u00e1vel de Schoenstatt<\/strong> \u2014 levando sua presen\u00e7a e seu amor \u00e0s fam\u00edlias e comunidades.<\/p>\n\n\n\n<p><strong>Resumo da hist\u00f3ria da Campanha da M\u00e3e Peregrina<\/strong><\/p>\n\n\n<div class=\"wp-block-image\">\n<figure class=\"aligncenter size-large is-resized\"><a href=\"https:\/\/dioceseteixeiradefreitas.com.br\/wp-content\/uploads\/2026\/03\/IMG_9108-scaled.jpg\"><img loading=\"lazy\" decoding=\"async\" width=\"1024\" height=\"683\" src=\"https:\/\/dioceseteixeiradefreitas.com.br\/wp-content\/uploads\/2026\/03\/IMG_9108-1024x683.jpg\" alt=\"\" class=\"wp-image-25703\" style=\"width:618px;height:auto\" srcset=\"https:\/\/dioceseteixeiradefreitas.com.br\/wp-content\/uploads\/2026\/03\/IMG_9108-1024x683.jpg 1024w, https:\/\/dioceseteixeiradefreitas.com.br\/wp-content\/uploads\/2026\/03\/IMG_9108-300x200.jpg 300w, https:\/\/dioceseteixeiradefreitas.com.br\/wp-content\/uploads\/2026\/03\/IMG_9108-768x512.jpg 768w, https:\/\/dioceseteixeiradefreitas.com.br\/wp-content\/uploads\/2026\/03\/IMG_9108-1536x1024.jpg 1536w, https:\/\/dioceseteixeiradefreitas.com.br\/wp-content\/uploads\/2026\/03\/IMG_9108-2048x1365.jpg 2048w\" sizes=\"auto, (max-width: 1024px) 100vw, 1024px\" \/><\/a><\/figure>\n<\/div>\n\n\n<p>A Campanha da M\u00e3e Peregrina nasceu em 1950, a partir da miss\u00e3o confiada ao di\u00e1cono brasileiro Jo\u00e3o Luiz Pozzobon. Com grande amor a Maria e profundo esp\u00edrito mission\u00e1rio, ele iniciou a visita da imagem da M\u00e3e, Rainha e Vencedora Tr\u00eas Vezes Admir\u00e1vel de Schoenstatt \u00e0s fam\u00edlias, levando ora\u00e7\u00e3o, esperan\u00e7a e f\u00e9 aos lares.<\/p>\n\n\n\n<p>Durante muitos anos, Jo\u00e3o Pozzobon percorreu milhares de quil\u00f4metros a p\u00e9, visitando casas, rezando com as fam\u00edlias e incentivando a viv\u00eancia do Evangelho no cotidiano. Sua dedica\u00e7\u00e3o simples e perseverante tornou-se inspira\u00e7\u00e3o para uma grande corrente de evangeliza\u00e7\u00e3o.<\/p>\n\n\n\n<p>Hoje, a Campanha da M\u00e3e Peregrina est\u00e1 presente em diversos pa\u00edses, continuando essa miss\u00e3o de levar Maria \u00e0s fam\u00edlias e fortalecendo, por meio dela, a vida de f\u00e9, a ora\u00e7\u00e3o e a confian\u00e7a em Deus. <\/p>\n\n\n\n<figure class=\"wp-block-gallery has-nested-images columns-default is-cropped wp-block-gallery-1 is-layout-flex wp-block-gallery-is-layout-flex\">\n<figure class=\"wp-block-image size-large\"><a href=\"https:\/\/dioceseteixeiradefreitas.com.br\/wp-content\/uploads\/2026\/03\/IMG_9142-scaled.jpg\"><img loading=\"lazy\" decoding=\"async\" width=\"1024\" height=\"683\" data-id=\"25704\" src=\"https:\/\/dioceseteixeiradefreitas.com.br\/wp-content\/uploads\/2026\/03\/IMG_9142-1024x683.jpg\" alt=\"\" class=\"wp-image-25704\" srcset=\"https:\/\/dioceseteixeiradefreitas.com.br\/wp-content\/uploads\/2026\/03\/IMG_9142-1024x683.jpg 1024w, https:\/\/dioceseteixeiradefreitas.com.br\/wp-content\/uploads\/2026\/03\/IMG_9142-300x200.jpg 300w, https:\/\/dioceseteixeiradefreitas.com.br\/wp-content\/uploads\/2026\/03\/IMG_9142-768x512.jpg 768w, https:\/\/dioceseteixeiradefreitas.com.br\/wp-content\/uploads\/2026\/03\/IMG_9142-1536x1024.jpg 1536w, https:\/\/dioceseteixeiradefreitas.com.br\/wp-content\/uploads\/2026\/03\/IMG_9142-2048x1365.jpg 2048w\" sizes=\"auto, (max-width: 1024px) 100vw, 1024px\" \/><\/a><\/figure>\n\n\n\n<figure class=\"wp-block-image size-large\"><a href=\"https:\/\/dioceseteixeiradefreitas.com.br\/wp-content\/uploads\/2026\/03\/IMG_9147-scaled.jpg\"><img loading=\"lazy\" decoding=\"async\" width=\"1024\" height=\"683\" data-id=\"25706\" src=\"https:\/\/dioceseteixeiradefreitas.com.br\/wp-content\/uploads\/2026\/03\/IMG_9147-1024x683.jpg\" alt=\"\" class=\"wp-image-25706\" srcset=\"https:\/\/dioceseteixeiradefreitas.com.br\/wp-content\/uploads\/2026\/03\/IMG_9147-1024x683.jpg 1024w, https:\/\/dioceseteixeiradefreitas.com.br\/wp-content\/uploads\/2026\/03\/IMG_9147-300x200.jpg 300w, https:\/\/dioceseteixeiradefreitas.com.br\/wp-content\/uploads\/2026\/03\/IMG_9147-768x512.jpg 768w, https:\/\/dioceseteixeiradefreitas.com.br\/wp-content\/uploads\/2026\/03\/IMG_9147-1536x1024.jpg 1536w, https:\/\/dioceseteixeiradefreitas.com.br\/wp-content\/uploads\/2026\/03\/IMG_9147-2048x1365.jpg 2048w\" sizes=\"auto, (max-width: 1024px) 100vw, 1024px\" \/><\/a><\/figure>\n\n\n\n<figure class=\"wp-block-image size-large\"><a href=\"https:\/\/dioceseteixeiradefreitas.com.br\/wp-content\/uploads\/2026\/03\/IMG_9150-scaled.jpg\"><img loading=\"lazy\" decoding=\"async\" width=\"1024\" height=\"683\" data-id=\"25709\" src=\"https:\/\/dioceseteixeiradefreitas.com.br\/wp-content\/uploads\/2026\/03\/IMG_9150-1024x683.jpg\" alt=\"\" class=\"wp-image-25709\" srcset=\"https:\/\/dioceseteixeiradefreitas.com.br\/wp-content\/uploads\/2026\/03\/IMG_9150-1024x683.jpg 1024w, https:\/\/dioceseteixeiradefreitas.com.br\/wp-content\/uploads\/2026\/03\/IMG_9150-300x200.jpg 300w, https:\/\/dioceseteixeiradefreitas.com.br\/wp-content\/uploads\/2026\/03\/IMG_9150-768x512.jpg 768w, https:\/\/dioceseteixeiradefreitas.com.br\/wp-content\/uploads\/2026\/03\/IMG_9150-1536x1024.jpg 1536w, https:\/\/dioceseteixeiradefreitas.com.br\/wp-content\/uploads\/2026\/03\/IMG_9150-2048x1365.jpg 2048w\" sizes=\"auto, (max-width: 1024px) 100vw, 1024px\" \/><\/a><\/figure>\n\n\n\n<figure class=\"wp-block-image size-large\"><a href=\"https:\/\/dioceseteixeiradefreitas.com.br\/wp-content\/uploads\/2026\/03\/IMG_9156-scaled.jpg\"><img loading=\"lazy\" decoding=\"async\" width=\"1024\" height=\"683\" data-id=\"25716\" src=\"https:\/\/dioceseteixeiradefreitas.com.br\/wp-content\/uploads\/2026\/03\/IMG_9156-1024x683.jpg\" alt=\"\" class=\"wp-image-25716\" srcset=\"https:\/\/dioceseteixeiradefreitas.com.br\/wp-content\/uploads\/2026\/03\/IMG_9156-1024x683.jpg 1024w, https:\/\/dioceseteixeiradefreitas.com.br\/wp-content\/uploads\/2026\/03\/IMG_9156-300x200.jpg 300w, https:\/\/dioceseteixeiradefreitas.com.br\/wp-content\/uploads\/2026\/03\/IMG_9156-768x512.jpg 768w, https:\/\/dioceseteixeiradefreitas.com.br\/wp-content\/uploads\/2026\/03\/IMG_9156-1536x1024.jpg 1536w, https:\/\/dioceseteixeiradefreitas.com.br\/wp-content\/uploads\/2026\/03\/IMG_9156-2048x1365.jpg 2048w\" sizes=\"auto, (max-width: 1024px) 100vw, 1024px\" \/><\/a><\/figure>\n\n\n\n<figure class=\"wp-block-image size-large\"><a href=\"https:\/\/dioceseteixeiradefreitas.com.br\/wp-content\/uploads\/2026\/03\/IMG_9165-scaled.jpg\"><img loading=\"lazy\" decoding=\"async\" width=\"1024\" height=\"683\" data-id=\"25707\" src=\"https:\/\/dioceseteixeiradefreitas.com.br\/wp-content\/uploads\/2026\/03\/IMG_9165-1024x683.jpg\" alt=\"\" class=\"wp-image-25707\" srcset=\"https:\/\/dioceseteixeiradefreitas.com.br\/wp-content\/uploads\/2026\/03\/IMG_9165-1024x683.jpg 1024w, https:\/\/dioceseteixeiradefreitas.com.br\/wp-content\/uploads\/2026\/03\/IMG_9165-300x200.jpg 300w, https:\/\/dioceseteixeiradefreitas.com.br\/wp-content\/uploads\/2026\/03\/IMG_9165-768x512.jpg 768w, https:\/\/dioceseteixeiradefreitas.com.br\/wp-content\/uploads\/2026\/03\/IMG_9165-1536x1024.jpg 1536w, https:\/\/dioceseteixeiradefreitas.com.br\/wp-content\/uploads\/2026\/03\/IMG_9165-2048x1365.jpg 2048w\" sizes=\"auto, (max-width: 1024px) 100vw, 1024px\" \/><\/a><\/figure>\n\n\n\n<figure class=\"wp-block-image size-large\"><a href=\"https:\/\/dioceseteixeiradefreitas.com.br\/wp-content\/uploads\/2026\/03\/IMG_9175-scaled.jpg\"><img loading=\"lazy\" decoding=\"async\" width=\"1024\" height=\"683\" data-id=\"25711\" src=\"https:\/\/dioceseteixeiradefreitas.com.br\/wp-content\/uploads\/2026\/03\/IMG_9175-1024x683.jpg\" alt=\"\" class=\"wp-image-25711\" srcset=\"https:\/\/dioceseteixeiradefreitas.com.br\/wp-content\/uploads\/2026\/03\/IMG_9175-1024x683.jpg 1024w, https:\/\/dioceseteixeiradefreitas.com.br\/wp-content\/uploads\/2026\/03\/IMG_9175-300x200.jpg 300w, https:\/\/dioceseteixeiradefreitas.com.br\/wp-content\/uploads\/2026\/03\/IMG_9175-768x512.jpg 768w, https:\/\/dioceseteixeiradefreitas.com.br\/wp-content\/uploads\/2026\/03\/IMG_9175-1536x1024.jpg 1536w, https:\/\/dioceseteixeiradefreitas.com.br\/wp-content\/uploads\/2026\/03\/IMG_9175-2048x1365.jpg 2048w\" sizes=\"auto, (max-width: 1024px) 100vw, 1024px\" \/><\/a><\/figure>\n\n\n\n<figure class=\"wp-block-image size-large\"><a href=\"https:\/\/dioceseteixeiradefreitas.com.br\/wp-content\/uploads\/2026\/03\/IMG_9176-scaled.jpg\"><img loading=\"lazy\" decoding=\"async\" width=\"1024\" height=\"683\" data-id=\"25715\" src=\"https:\/\/dioceseteixeiradefreitas.com.br\/wp-content\/uploads\/2026\/03\/IMG_9176-1024x683.jpg\" alt=\"\" class=\"wp-image-25715\" srcset=\"https:\/\/dioceseteixeiradefreitas.com.br\/wp-content\/uploads\/2026\/03\/IMG_9176-1024x683.jpg 1024w, https:\/\/dioceseteixeiradefreitas.com.br\/wp-content\/uploads\/2026\/03\/IMG_9176-300x200.jpg 300w, https:\/\/dioceseteixeiradefreitas.com.br\/wp-content\/uploads\/2026\/03\/IMG_9176-768x512.jpg 768w, https:\/\/dioceseteixeiradefreitas.com.br\/wp-content\/uploads\/2026\/03\/IMG_9176-1536x1024.jpg 1536w, https:\/\/dioceseteixeiradefreitas.com.br\/wp-content\/uploads\/2026\/03\/IMG_9176-2048x1365.jpg 2048w\" sizes=\"auto, (max-width: 1024px) 100vw, 1024px\" \/><\/a><\/figure>\n\n\n\n<figure class=\"wp-block-image size-large\"><a href=\"https:\/\/dioceseteixeiradefreitas.com.br\/wp-content\/uploads\/2026\/03\/IMG_9183-scaled.jpg\"><img loading=\"lazy\" decoding=\"async\" width=\"1024\" height=\"683\" data-id=\"25714\" src=\"https:\/\/dioceseteixeiradefreitas.com.br\/wp-content\/uploads\/2026\/03\/IMG_9183-1024x683.jpg\" alt=\"\" class=\"wp-image-25714\" srcset=\"https:\/\/dioceseteixeiradefreitas.com.br\/wp-content\/uploads\/2026\/03\/IMG_9183-1024x683.jpg 1024w, https:\/\/dioceseteixeiradefreitas.com.br\/wp-content\/uploads\/2026\/03\/IMG_9183-300x200.jpg 300w, https:\/\/dioceseteixeiradefreitas.com.br\/wp-content\/uploads\/2026\/03\/IMG_9183-768x512.jpg 768w, https:\/\/dioceseteixeiradefreitas.com.br\/wp-content\/uploads\/2026\/03\/IMG_9183-1536x1024.jpg 1536w, https:\/\/dioceseteixeiradefreitas.com.br\/wp-content\/uploads\/2026\/03\/IMG_9183-2048x1365.jpg 2048w\" sizes=\"auto, (max-width: 1024px) 100vw, 1024px\" \/><\/a><\/figure>\n\n\n\n<figure class=\"wp-block-image size-large\"><a href=\"https:\/\/dioceseteixeiradefreitas.com.br\/wp-content\/uploads\/2026\/03\/IMG_9194-scaled.jpg\"><img loading=\"lazy\" decoding=\"async\" width=\"1024\" height=\"683\" data-id=\"25710\" src=\"https:\/\/dioceseteixeiradefreitas.com.br\/wp-content\/uploads\/2026\/03\/IMG_9194-1024x683.jpg\" alt=\"\" class=\"wp-image-25710\" srcset=\"https:\/\/dioceseteixeiradefreitas.com.br\/wp-content\/uploads\/2026\/03\/IMG_9194-1024x683.jpg 1024w, https:\/\/dioceseteixeiradefreitas.com.br\/wp-content\/uploads\/2026\/03\/IMG_9194-300x200.jpg 300w, https:\/\/dioceseteixeiradefreitas.com.br\/wp-content\/uploads\/2026\/03\/IMG_9194-768x512.jpg 768w, https:\/\/dioceseteixeiradefreitas.com.br\/wp-content\/uploads\/2026\/03\/IMG_9194-1536x1024.jpg 1536w, https:\/\/dioceseteixeiradefreitas.com.br\/wp-content\/uploads\/2026\/03\/IMG_9194-2048x1365.jpg 2048w\" sizes=\"auto, (max-width: 1024px) 100vw, 1024px\" \/><\/a><\/figure>\n\n\n\n<figure class=\"wp-block-image size-large\"><a href=\"https:\/\/dioceseteixeiradefreitas.com.br\/wp-content\/uploads\/2026\/03\/IMG_9215-scaled.jpg\"><img loading=\"lazy\" decoding=\"async\" width=\"1024\" height=\"683\" data-id=\"25717\" src=\"https:\/\/dioceseteixeiradefreitas.com.br\/wp-content\/uploads\/2026\/03\/IMG_9215-1024x683.jpg\" alt=\"\" class=\"wp-image-25717\" srcset=\"https:\/\/dioceseteixeiradefreitas.com.br\/wp-content\/uploads\/2026\/03\/IMG_9215-1024x683.jpg 1024w, https:\/\/dioceseteixeiradefreitas.com.br\/wp-content\/uploads\/2026\/03\/IMG_9215-300x200.jpg 300w, https:\/\/dioceseteixeiradefreitas.com.br\/wp-content\/uploads\/2026\/03\/IMG_9215-768x512.jpg 768w, https:\/\/dioceseteixeiradefreitas.com.br\/wp-content\/uploads\/2026\/03\/IMG_9215-1536x1024.jpg 1536w, https:\/\/dioceseteixeiradefreitas.com.br\/wp-content\/uploads\/2026\/03\/IMG_9215-2048x1365.jpg 2048w\" sizes=\"auto, (max-width: 1024px) 100vw, 1024px\" \/><\/a><\/figure>\n\n\n\n<figure class=\"wp-block-image size-large\"><a href=\"https:\/\/dioceseteixeiradefreitas.com.br\/wp-content\/uploads\/2026\/03\/IMG_9229-scaled.jpg\"><img loading=\"lazy\" decoding=\"async\" width=\"1024\" height=\"683\" data-id=\"25713\" src=\"https:\/\/dioceseteixeiradefreitas.com.br\/wp-content\/uploads\/2026\/03\/IMG_9229-1024x683.jpg\" alt=\"\" class=\"wp-image-25713\" srcset=\"https:\/\/dioceseteixeiradefreitas.com.br\/wp-content\/uploads\/2026\/03\/IMG_9229-1024x683.jpg 1024w, https:\/\/dioceseteixeiradefreitas.com.br\/wp-content\/uploads\/2026\/03\/IMG_9229-300x200.jpg 300w, https:\/\/dioceseteixeiradefreitas.com.br\/wp-content\/uploads\/2026\/03\/IMG_9229-768x512.jpg 768w, https:\/\/dioceseteixeiradefreitas.com.br\/wp-content\/uploads\/2026\/03\/IMG_9229-1536x1024.jpg 1536w, https:\/\/dioceseteixeiradefreitas.com.br\/wp-content\/uploads\/2026\/03\/IMG_9229-2048x1365.jpg 2048w\" sizes=\"auto, (max-width: 1024px) 100vw, 1024px\" \/><\/a><\/figure>\n\n\n\n<figure class=\"wp-block-image size-large\"><a href=\"https:\/\/dioceseteixeiradefreitas.com.br\/wp-content\/uploads\/2026\/03\/IMG_9234-scaled.jpg\"><img loading=\"lazy\" decoding=\"async\" width=\"1024\" height=\"683\" data-id=\"25718\" src=\"https:\/\/dioceseteixeiradefreitas.com.br\/wp-content\/uploads\/2026\/03\/IMG_9234-1024x683.jpg\" alt=\"\" class=\"wp-image-25718\" srcset=\"https:\/\/dioceseteixeiradefreitas.com.br\/wp-content\/uploads\/2026\/03\/IMG_9234-1024x683.jpg 1024w, https:\/\/dioceseteixeiradefreitas.com.br\/wp-content\/uploads\/2026\/03\/IMG_9234-300x200.jpg 300w, https:\/\/dioceseteixeiradefreitas.com.br\/wp-content\/uploads\/2026\/03\/IMG_9234-768x512.jpg 768w, https:\/\/dioceseteixeiradefreitas.com.br\/wp-content\/uploads\/2026\/03\/IMG_9234-1536x1024.jpg 1536w, https:\/\/dioceseteixeiradefreitas.com.br\/wp-content\/uploads\/2026\/03\/IMG_9234-2048x1365.jpg 2048w\" sizes=\"auto, (max-width: 1024px) 100vw, 1024px\" \/><\/a><\/figure>\n\n\n\n<figure class=\"wp-block-image size-large\"><a href=\"https:\/\/dioceseteixeiradefreitas.com.br\/wp-content\/uploads\/2026\/03\/IMG_9104-1-scaled.jpg\"><img loading=\"lazy\" decoding=\"async\" width=\"1024\" height=\"683\" data-id=\"25705\" src=\"https:\/\/dioceseteixeiradefreitas.com.br\/wp-content\/uploads\/2026\/03\/IMG_9104-1-1024x683.jpg\" alt=\"\" class=\"wp-image-25705\" srcset=\"https:\/\/dioceseteixeiradefreitas.com.br\/wp-content\/uploads\/2026\/03\/IMG_9104-1-1024x683.jpg 1024w, https:\/\/dioceseteixeiradefreitas.com.br\/wp-content\/uploads\/2026\/03\/IMG_9104-1-300x200.jpg 300w, https:\/\/dioceseteixeiradefreitas.com.br\/wp-content\/uploads\/2026\/03\/IMG_9104-1-768x512.jpg 768w, https:\/\/dioceseteixeiradefreitas.com.br\/wp-content\/uploads\/2026\/03\/IMG_9104-1-1536x1024.jpg 1536w, https:\/\/dioceseteixeiradefreitas.com.br\/wp-content\/uploads\/2026\/03\/IMG_9104-1-2048x1365.jpg 2048w\" sizes=\"auto, (max-width: 1024px) 100vw, 1024px\" \/><\/a><\/figure>\n\n\n\n<figure class=\"wp-block-image size-large\"><a href=\"https:\/\/dioceseteixeiradefreitas.com.br\/wp-content\/uploads\/2026\/03\/IMG_9132-scaled.jpg\"><img loading=\"lazy\" decoding=\"async\" width=\"1024\" height=\"683\" data-id=\"25719\" src=\"https:\/\/dioceseteixeiradefreitas.com.br\/wp-content\/uploads\/2026\/03\/IMG_9132-1024x683.jpg\" alt=\"\" class=\"wp-image-25719\" srcset=\"https:\/\/dioceseteixeiradefreitas.com.br\/wp-content\/uploads\/2026\/03\/IMG_9132-1024x683.jpg 1024w, https:\/\/dioceseteixeiradefreitas.com.br\/wp-content\/uploads\/2026\/03\/IMG_9132-300x200.jpg 300w, https:\/\/dioceseteixeiradefreitas.com.br\/wp-content\/uploads\/2026\/03\/IMG_9132-768x512.jpg 768w, https:\/\/dioceseteixeiradefreitas.com.br\/wp-content\/uploads\/2026\/03\/IMG_9132-1536x1024.jpg 1536w, https:\/\/dioceseteixeiradefreitas.com.br\/wp-content\/uploads\/2026\/03\/IMG_9132-2048x1365.jpg 2048w\" sizes=\"auto, (max-width: 1024px) 100vw, 1024px\" \/><\/a><\/figure>\n\n\n\n<figure class=\"wp-block-image size-large\"><a href=\"https:\/\/dioceseteixeiradefreitas.com.br\/wp-content\/uploads\/2026\/03\/IMG_9134-scaled.jpg\"><img loading=\"lazy\" decoding=\"async\" width=\"1024\" height=\"683\" data-id=\"25708\" src=\"https:\/\/dioceseteixeiradefreitas.com.br\/wp-content\/uploads\/2026\/03\/IMG_9134-1024x683.jpg\" alt=\"\" class=\"wp-image-25708\" srcset=\"https:\/\/dioceseteixeiradefreitas.com.br\/wp-content\/uploads\/2026\/03\/IMG_9134-1024x683.jpg 1024w, https:\/\/dioceseteixeiradefreitas.com.br\/wp-content\/uploads\/2026\/03\/IMG_9134-300x200.jpg 300w, https:\/\/dioceseteixeiradefreitas.com.br\/wp-content\/uploads\/2026\/03\/IMG_9134-768x512.jpg 768w, https:\/\/dioceseteixeiradefreitas.com.br\/wp-content\/uploads\/2026\/03\/IMG_9134-1536x1024.jpg 1536w, https:\/\/dioceseteixeiradefreitas.com.br\/wp-content\/uploads\/2026\/03\/IMG_9134-2048x1365.jpg 2048w\" sizes=\"auto, (max-width: 1024px) 100vw, 1024px\" \/><\/a><\/figure>\n<\/figure>\n\n\n\n<figure class=\"wp-block-image size-large\"><a href=\"https:\/\/dioceseteixeiradefreitas.com.br\/wp-content\/uploads\/2026\/03\/IMG_9190-scaled.jpg\"><img loading=\"lazy\" decoding=\"async\" width=\"1024\" height=\"683\" src=\"https:\/\/dioceseteixeiradefreitas.com.br\/wp-content\/uploads\/2026\/03\/IMG_9190-1024x683.jpg\" alt=\"\" class=\"wp-image-25712\" srcset=\"https:\/\/dioceseteixeiradefreitas.com.br\/wp-content\/uploads\/2026\/03\/IMG_9190-1024x683.jpg 1024w, https:\/\/dioceseteixeiradefreitas.com.br\/wp-content\/uploads\/2026\/03\/IMG_9190-300x200.jpg 300w, https:\/\/dioceseteixeiradefreitas.com.br\/wp-content\/uploads\/2026\/03\/IMG_9190-768x512.jpg 768w, https:\/\/dioceseteixeiradefreitas.com.br\/wp-content\/uploads\/2026\/03\/IMG_9190-1536x1024.jpg 1536w, https:\/\/dioceseteixeiradefreitas.com.br\/wp-content\/uploads\/2026\/03\/IMG_9190-2048x1365.jpg 2048w\" sizes=\"auto, (max-width: 1024px) 100vw, 1024px\" \/><\/a><\/figure>\n","protected":false},"excerpt":{"rendered":"<p>O Encontro Diocesano da Campanha da M\u00e3e Peregrina de Schoenstatt reuniu, na manh\u00e3 de domingo, dia 08 de mar\u00e7o de 2026, as coordena\u00e7\u00f5es e vice-coordena\u00e7\u00f5es das foranias, par\u00f3quias e comunidades da Diocese para um momento especial de forma\u00e7\u00e3o e espiritualidade schoenstattiana. O encontro foi marcado por partilhas, reflex\u00f5es e aprendizados. Na ocasi\u00e3o, os participantes receberam &hellip;<\/p>\n","protected":false},"author":33,"featured_media":25697,"comment_status":"closed","ping_status":"closed","sticky":false,"template":"","format":"standard","meta":{"footnotes":""},"categories":[1237,1],"tags":[451,1235],"class_list":["post-25696","post","type-post","status-publish","format-standard","has-post-thumbnail","hentry","category-pastorais","category-uncategorized","tag-diocese-de-teixeira-de-freitas-caravelas","tag-maeperegrina"],"_links":{"self":[{"href":"https:\/\/dioceseteixeiradefreitas.com.br\/index.php?rest_route=\/wp\/v2\/posts\/25696","targetHints":{"allow":["GET"]}}],"collection":[{"href":"https:\/\/dioceseteixeiradefreitas.com.br\/index.php?rest_route=\/wp\/v2\/posts"}],"about":[{"href":"https:\/\/dioceseteixeiradefreitas.com.br\/index.php?rest_route=\/wp\/v2\/types\/post"}],"author":[{"embeddable":true,"href":"https:\/\/dioceseteixeiradefreitas.com.br\/index.php?rest_route=\/wp\/v2\/users\/33"}],"replies":[{"embeddable":true,"href":"https:\/\/dioceseteixeiradefreitas.com.br\/index.php?rest_route=%2Fwp%2Fv2%2Fcomments&post=25696"}],"version-history":[{"count":3,"href":"https:\/\/dioceseteixeiradefreitas.com.br\/index.php?rest_route=\/wp\/v2\/posts\/25696\/revisions"}],"predecessor-version":[{"id":25720,"href":"https:\/\/dioceseteixeiradefreitas.com.br\/index.php?rest_route=\/wp\/v2\/posts\/25696\/revisions\/25720"}],"wp:featuredmedia":[{"embeddable":true,"href":"https:\/\/dioceseteixeiradefreitas.com.br\/index.php?rest_route=\/wp\/v2\/media\/25697"}],"wp:attachment":[{"href":"https:\/\/dioceseteixeiradefreitas.com.br\/index.php?rest_route=%2Fwp%2Fv2%2Fmedia&parent=25696"}],"wp:term":[{"taxonomy":"category","embeddable":true,"href":"https:\/\/dioceseteixeiradefreitas.com.br\/index.php?rest_route=%2Fwp%2Fv2%2Fcategories&post=25696"},{"taxonomy":"post_tag","embeddable":true,"href":"https:\/\/dioceseteixeiradefreitas.com.br\/index.php?rest_route=%2Fwp%2Fv2%2Ftags&post=25696"}],"curies":[{"name":"wp","href":"https:\/\/api.w.org\/{rel}","templated":true}]}}