{"id":25722,"date":"2026-03-22T11:54:28","date_gmt":"2026-03-22T14:54:28","guid":{"rendered":"https:\/\/dioceseteixeiradefreitas.com.br\/?p=25722"},"modified":"2026-04-13T21:09:27","modified_gmt":"2026-04-14T00:09:27","slug":"encontro-com-os-coordenadores-paroquiais-de-catequese-da-diocese-de-teixeira-de-freitas-caravelas","status":"publish","type":"post","link":"https:\/\/dioceseteixeiradefreitas.com.br\/?p=25722","title":{"rendered":"Encontro com os Coordenadores Paroquiais de Catequese da Diocese de Teixeira de Freitas\/Caravelas."},"content":{"rendered":"\n<figure class=\"wp-block-gallery has-nested-images columns-default is-cropped wp-block-gallery-1 is-layout-flex wp-block-gallery-is-layout-flex\">\n<figure class=\"wp-block-image size-large\"><a href=\"https:\/\/dioceseteixeiradefreitas.com.br\/wp-content\/uploads\/2026\/03\/60751a52-cd3b-45fd-af69-e2d4b160acf1-1.jpeg\"><img loading=\"lazy\" decoding=\"async\" width=\"1024\" height=\"768\" data-id=\"25730\" src=\"https:\/\/dioceseteixeiradefreitas.com.br\/wp-content\/uploads\/2026\/03\/60751a52-cd3b-45fd-af69-e2d4b160acf1-1-1024x768.jpeg\" alt=\"\" class=\"wp-image-25730\" srcset=\"https:\/\/dioceseteixeiradefreitas.com.br\/wp-content\/uploads\/2026\/03\/60751a52-cd3b-45fd-af69-e2d4b160acf1-1-1024x768.jpeg 1024w, https:\/\/dioceseteixeiradefreitas.com.br\/wp-content\/uploads\/2026\/03\/60751a52-cd3b-45fd-af69-e2d4b160acf1-1-300x225.jpeg 300w, https:\/\/dioceseteixeiradefreitas.com.br\/wp-content\/uploads\/2026\/03\/60751a52-cd3b-45fd-af69-e2d4b160acf1-1-768x576.jpeg 768w, https:\/\/dioceseteixeiradefreitas.com.br\/wp-content\/uploads\/2026\/03\/60751a52-cd3b-45fd-af69-e2d4b160acf1-1-1536x1152.jpeg 1536w, https:\/\/dioceseteixeiradefreitas.com.br\/wp-content\/uploads\/2026\/03\/60751a52-cd3b-45fd-af69-e2d4b160acf1-1.jpeg 1600w\" sizes=\"auto, (max-width: 1024px) 100vw, 1024px\" \/><\/a><\/figure>\n<\/figure>\n\n\n\n<p>No \u00faltimo dia 21 de mar\u00e7o, realizou-se o encontro com os coordenadores paroquiais de catequese da Diocese, promovido pela equipe diocesana de catequese. Foi uma manh\u00e3 marcada pela escuta, partilha e comunh\u00e3o, na qual os coordenadores puderam apresentar as dificuldades, ang\u00fastias, desafios e alegrias vivenciados na caminhada catequ\u00e9tica em cada par\u00f3quia.<\/p>\n\n\n\n<p>Na ocasi\u00e3o, o Reverend\u00edssimo Padre Ricardo coordenador diocesano de pastoral se fez presente e apresentou oficialmente a nova equipe diocesana de catequese, a nova coordena\u00e7\u00e3o e o novo assessor.<\/p>\n\n\n\n<p>Em sua fala, o seminarista Ronny Von, novo assessor da catequese, dirigiu uma mensagem de incentivo aos coordenadores, encorajando-os a n\u00e3o desanimarem diante dos desafios encontrados na miss\u00e3o, recordando que Cristo, que os chamou para t\u00e3o belo servi\u00e7o na Igreja, caminha com eles e os sustenta na miss\u00e3o e voca\u00e7\u00e3o de ser catequista.<\/p>\n\n\n\n<figure class=\"wp-block-image size-large\"><a href=\"https:\/\/dioceseteixeiradefreitas.com.br\/wp-content\/uploads\/2026\/03\/99e5a1b5-2b05-42db-8de1-29bf3d797e85.jpeg\"><img loading=\"lazy\" decoding=\"async\" width=\"483\" height=\"860\" src=\"https:\/\/dioceseteixeiradefreitas.com.br\/wp-content\/uploads\/2026\/03\/99e5a1b5-2b05-42db-8de1-29bf3d797e85-edited.jpeg\" alt=\"\" class=\"wp-image-25724\" srcset=\"https:\/\/dioceseteixeiradefreitas.com.br\/wp-content\/uploads\/2026\/03\/99e5a1b5-2b05-42db-8de1-29bf3d797e85-edited.jpeg 483w, https:\/\/dioceseteixeiradefreitas.com.br\/wp-content\/uploads\/2026\/03\/99e5a1b5-2b05-42db-8de1-29bf3d797e85-edited-168x300.jpeg 168w\" sizes=\"auto, (max-width: 483px) 100vw, 483px\" \/><\/a><\/figure>\n\n\n\n<p>Destacou ainda a import\u00e2ncia da unidade e da comunh\u00e3o enquanto Igreja Diocesana, ressaltando que a nova equipe diocesana de catequese caminhar\u00e1 pr\u00f3xima de cada forania e de cada par\u00f3quia, demonstrando presen\u00e7a, apoio e esp\u00edrito de unidade.<\/p>\n\n\n\n<p>Por fim, foi pedido aos coordenadores que transmitissem a todos os catequistas a mensagem de perseveran\u00e7a, fidelidade e esperan\u00e7a, para que continuem sendo, em suas par\u00f3quias, o rosto de Deus para tantas crian\u00e7as, jovens e adultos, anunciando com amor o Deus que nos ama e se faz presente em nossas vidas.<\/p>\n\n\n\n<figure class=\"wp-block-gallery has-nested-images columns-default is-cropped wp-block-gallery-2 is-layout-flex wp-block-gallery-is-layout-flex\">\n<figure class=\"wp-block-image size-large\"><a href=\"https:\/\/dioceseteixeiradefreitas.com.br\/wp-content\/uploads\/2026\/03\/54ce5873-99bd-4a20-b210-bb991520c5ec-1.jpeg\"><img loading=\"lazy\" decoding=\"async\" width=\"1024\" height=\"768\" data-id=\"25727\" src=\"https:\/\/dioceseteixeiradefreitas.com.br\/wp-content\/uploads\/2026\/03\/54ce5873-99bd-4a20-b210-bb991520c5ec-1-1024x768.jpeg\" alt=\"\" class=\"wp-image-25727\" srcset=\"https:\/\/dioceseteixeiradefreitas.com.br\/wp-content\/uploads\/2026\/03\/54ce5873-99bd-4a20-b210-bb991520c5ec-1-1024x768.jpeg 1024w, https:\/\/dioceseteixeiradefreitas.com.br\/wp-content\/uploads\/2026\/03\/54ce5873-99bd-4a20-b210-bb991520c5ec-1-300x225.jpeg 300w, https:\/\/dioceseteixeiradefreitas.com.br\/wp-content\/uploads\/2026\/03\/54ce5873-99bd-4a20-b210-bb991520c5ec-1-768x576.jpeg 768w, https:\/\/dioceseteixeiradefreitas.com.br\/wp-content\/uploads\/2026\/03\/54ce5873-99bd-4a20-b210-bb991520c5ec-1-1536x1152.jpeg 1536w, https:\/\/dioceseteixeiradefreitas.com.br\/wp-content\/uploads\/2026\/03\/54ce5873-99bd-4a20-b210-bb991520c5ec-1.jpeg 1600w\" sizes=\"auto, (max-width: 1024px) 100vw, 1024px\" \/><\/a><\/figure>\n\n\n\n<figure class=\"wp-block-image size-large\"><a href=\"https:\/\/dioceseteixeiradefreitas.com.br\/wp-content\/uploads\/2026\/03\/21b34575-530b-4820-9ce4-770200314c27.jpeg\"><img loading=\"lazy\" decoding=\"async\" width=\"1024\" height=\"768\" data-id=\"25729\" src=\"https:\/\/dioceseteixeiradefreitas.com.br\/wp-content\/uploads\/2026\/03\/21b34575-530b-4820-9ce4-770200314c27-1024x768.jpeg\" alt=\"\" class=\"wp-image-25729\" srcset=\"https:\/\/dioceseteixeiradefreitas.com.br\/wp-content\/uploads\/2026\/03\/21b34575-530b-4820-9ce4-770200314c27-1024x768.jpeg 1024w, https:\/\/dioceseteixeiradefreitas.com.br\/wp-content\/uploads\/2026\/03\/21b34575-530b-4820-9ce4-770200314c27-300x225.jpeg 300w, https:\/\/dioceseteixeiradefreitas.com.br\/wp-content\/uploads\/2026\/03\/21b34575-530b-4820-9ce4-770200314c27-768x576.jpeg 768w, https:\/\/dioceseteixeiradefreitas.com.br\/wp-content\/uploads\/2026\/03\/21b34575-530b-4820-9ce4-770200314c27-1536x1152.jpeg 1536w, https:\/\/dioceseteixeiradefreitas.com.br\/wp-content\/uploads\/2026\/03\/21b34575-530b-4820-9ce4-770200314c27.jpeg 1600w\" sizes=\"auto, (max-width: 1024px) 100vw, 1024px\" \/><\/a><\/figure>\n\n\n\n<figure class=\"wp-block-image size-large\"><a href=\"https:\/\/dioceseteixeiradefreitas.com.br\/wp-content\/uploads\/2026\/03\/60751a52-cd3b-45fd-af69-e2d4b160acf1.jpeg\"><img loading=\"lazy\" decoding=\"async\" width=\"1024\" height=\"768\" data-id=\"25728\" src=\"https:\/\/dioceseteixeiradefreitas.com.br\/wp-content\/uploads\/2026\/03\/60751a52-cd3b-45fd-af69-e2d4b160acf1-1024x768.jpeg\" alt=\"\" class=\"wp-image-25728\" srcset=\"https:\/\/dioceseteixeiradefreitas.com.br\/wp-content\/uploads\/2026\/03\/60751a52-cd3b-45fd-af69-e2d4b160acf1-1024x768.jpeg 1024w, https:\/\/dioceseteixeiradefreitas.com.br\/wp-content\/uploads\/2026\/03\/60751a52-cd3b-45fd-af69-e2d4b160acf1-300x225.jpeg 300w, https:\/\/dioceseteixeiradefreitas.com.br\/wp-content\/uploads\/2026\/03\/60751a52-cd3b-45fd-af69-e2d4b160acf1-768x576.jpeg 768w, https:\/\/dioceseteixeiradefreitas.com.br\/wp-content\/uploads\/2026\/03\/60751a52-cd3b-45fd-af69-e2d4b160acf1-1536x1152.jpeg 1536w, https:\/\/dioceseteixeiradefreitas.com.br\/wp-content\/uploads\/2026\/03\/60751a52-cd3b-45fd-af69-e2d4b160acf1.jpeg 1600w\" sizes=\"auto, (max-width: 1024px) 100vw, 1024px\" \/><\/a><\/figure>\n\n\n\n<figure class=\"wp-block-image size-large\"><a href=\"https:\/\/dioceseteixeiradefreitas.com.br\/wp-content\/uploads\/2026\/03\/99e5a1b5-2b05-42db-8de1-29bf3d797e85-1.jpeg\"><img loading=\"lazy\" decoding=\"async\" width=\"576\" height=\"1024\" data-id=\"25725\" src=\"https:\/\/dioceseteixeiradefreitas.com.br\/wp-content\/uploads\/2026\/03\/99e5a1b5-2b05-42db-8de1-29bf3d797e85-1-576x1024.jpeg\" alt=\"\" class=\"wp-image-25725\" srcset=\"https:\/\/dioceseteixeiradefreitas.com.br\/wp-content\/uploads\/2026\/03\/99e5a1b5-2b05-42db-8de1-29bf3d797e85-1-576x1024.jpeg 576w, https:\/\/dioceseteixeiradefreitas.com.br\/wp-content\/uploads\/2026\/03\/99e5a1b5-2b05-42db-8de1-29bf3d797e85-1-169x300.jpeg 169w, https:\/\/dioceseteixeiradefreitas.com.br\/wp-content\/uploads\/2026\/03\/99e5a1b5-2b05-42db-8de1-29bf3d797e85-1-768x1366.jpeg 768w, https:\/\/dioceseteixeiradefreitas.com.br\/wp-content\/uploads\/2026\/03\/99e5a1b5-2b05-42db-8de1-29bf3d797e85-1-864x1536.jpeg 864w, https:\/\/dioceseteixeiradefreitas.com.br\/wp-content\/uploads\/2026\/03\/99e5a1b5-2b05-42db-8de1-29bf3d797e85-1.jpeg 899w\" sizes=\"auto, (max-width: 576px) 100vw, 576px\" \/><\/a><\/figure>\n\n\n\n<figure class=\"wp-block-image size-large\"><a href=\"https:\/\/dioceseteixeiradefreitas.com.br\/wp-content\/uploads\/2026\/03\/54ce5873-99bd-4a20-b210-bb991520c5ec.jpeg\"><img loading=\"lazy\" decoding=\"async\" width=\"1024\" height=\"768\" data-id=\"25726\" src=\"https:\/\/dioceseteixeiradefreitas.com.br\/wp-content\/uploads\/2026\/03\/54ce5873-99bd-4a20-b210-bb991520c5ec-1024x768.jpeg\" alt=\"\" class=\"wp-image-25726\" srcset=\"https:\/\/dioceseteixeiradefreitas.com.br\/wp-content\/uploads\/2026\/03\/54ce5873-99bd-4a20-b210-bb991520c5ec-1024x768.jpeg 1024w, https:\/\/dioceseteixeiradefreitas.com.br\/wp-content\/uploads\/2026\/03\/54ce5873-99bd-4a20-b210-bb991520c5ec-300x225.jpeg 300w, https:\/\/dioceseteixeiradefreitas.com.br\/wp-content\/uploads\/2026\/03\/54ce5873-99bd-4a20-b210-bb991520c5ec-768x576.jpeg 768w, https:\/\/dioceseteixeiradefreitas.com.br\/wp-content\/uploads\/2026\/03\/54ce5873-99bd-4a20-b210-bb991520c5ec-1536x1152.jpeg 1536w, https:\/\/dioceseteixeiradefreitas.com.br\/wp-content\/uploads\/2026\/03\/54ce5873-99bd-4a20-b210-bb991520c5ec.jpeg 1600w\" sizes=\"auto, (max-width: 1024px) 100vw, 1024px\" \/><\/a><\/figure>\n<\/figure>\n","protected":false},"excerpt":{"rendered":"<p>No \u00faltimo dia 21 de mar\u00e7o, realizou-se o encontro com os coordenadores paroquiais de catequese da Diocese, promovido pela equipe diocesana de catequese. Foi uma manh\u00e3 marcada pela escuta, partilha e comunh\u00e3o, na qual os coordenadores puderam apresentar as dificuldades, ang\u00fastias, desafios e alegrias vivenciados na caminhada catequ\u00e9tica em cada par\u00f3quia. Na ocasi\u00e3o, o Reverend\u00edssimo &hellip;<\/p>\n","protected":false},"author":32,"featured_media":25726,"comment_status":"closed","ping_status":"closed","sticky":false,"template":"","format":"standard","meta":{"footnotes":""},"categories":[1237],"tags":[],"class_list":["post-25722","post","type-post","status-publish","format-standard","has-post-thumbnail","hentry","category-pastorais"],"_links":{"self":[{"href":"https:\/\/dioceseteixeiradefreitas.com.br\/index.php?rest_route=\/wp\/v2\/posts\/25722","targetHints":{"allow":["GET"]}}],"collection":[{"href":"https:\/\/dioceseteixeiradefreitas.com.br\/index.php?rest_route=\/wp\/v2\/posts"}],"about":[{"href":"https:\/\/dioceseteixeiradefreitas.com.br\/index.php?rest_route=\/wp\/v2\/types\/post"}],"author":[{"embeddable":true,"href":"https:\/\/dioceseteixeiradefreitas.com.br\/index.php?rest_route=\/wp\/v2\/users\/32"}],"replies":[{"embeddable":true,"href":"https:\/\/dioceseteixeiradefreitas.com.br\/index.php?rest_route=%2Fwp%2Fv2%2Fcomments&post=25722"}],"version-history":[{"count":1,"href":"https:\/\/dioceseteixeiradefreitas.com.br\/index.php?rest_route=\/wp\/v2\/posts\/25722\/revisions"}],"predecessor-version":[{"id":25731,"href":"https:\/\/dioceseteixeiradefreitas.com.br\/index.php?rest_route=\/wp\/v2\/posts\/25722\/revisions\/25731"}],"wp:featuredmedia":[{"embeddable":true,"href":"https:\/\/dioceseteixeiradefreitas.com.br\/index.php?rest_route=\/wp\/v2\/media\/25726"}],"wp:attachment":[{"href":"https:\/\/dioceseteixeiradefreitas.com.br\/index.php?rest_route=%2Fwp%2Fv2%2Fmedia&parent=25722"}],"wp:term":[{"taxonomy":"category","embeddable":true,"href":"https:\/\/dioceseteixeiradefreitas.com.br\/index.php?rest_route=%2Fwp%2Fv2%2Fcategories&post=25722"},{"taxonomy":"post_tag","embeddable":true,"href":"https:\/\/dioceseteixeiradefreitas.com.br\/index.php?rest_route=%2Fwp%2Fv2%2Ftags&post=25722"}],"curies":[{"name":"wp","href":"https:\/\/api.w.org\/{rel}","templated":true}]}}