{"id":25739,"date":"2026-03-31T17:11:07","date_gmt":"2026-03-31T20:11:07","guid":{"rendered":"https:\/\/dioceseteixeiradefreitas.com.br\/?p=25739"},"modified":"2026-03-31T18:09:31","modified_gmt":"2026-03-31T21:09:31","slug":"missa-dos-santos-oleos-reune-fieis-e-clero-na-catedral-sao-pedro","status":"publish","type":"post","link":"https:\/\/dioceseteixeiradefreitas.com.br\/?p=25739","title":{"rendered":"Missa dos Santos \u00d3leos re\u00fane fi\u00e9is e clero na Catedral S\u00e3o Pedro"},"content":{"rendered":"\n<figure class=\"wp-block-image size-large\"><a href=\"https:\/\/dioceseteixeiradefreitas.com.br\/wp-content\/uploads\/2026\/03\/IMG_0087-1-scaled.jpg\"><img loading=\"lazy\" decoding=\"async\" width=\"1024\" height=\"683\" src=\"https:\/\/dioceseteixeiradefreitas.com.br\/wp-content\/uploads\/2026\/03\/IMG_0087-1-1024x683.jpg\" alt=\"\" class=\"wp-image-25798\" srcset=\"https:\/\/dioceseteixeiradefreitas.com.br\/wp-content\/uploads\/2026\/03\/IMG_0087-1-1024x683.jpg 1024w, https:\/\/dioceseteixeiradefreitas.com.br\/wp-content\/uploads\/2026\/03\/IMG_0087-1-300x200.jpg 300w, https:\/\/dioceseteixeiradefreitas.com.br\/wp-content\/uploads\/2026\/03\/IMG_0087-1-768x512.jpg 768w, https:\/\/dioceseteixeiradefreitas.com.br\/wp-content\/uploads\/2026\/03\/IMG_0087-1-1536x1024.jpg 1536w, https:\/\/dioceseteixeiradefreitas.com.br\/wp-content\/uploads\/2026\/03\/IMG_0087-1-2048x1365.jpg 2048w\" sizes=\"auto, (max-width: 1024px) 100vw, 1024px\" \/><\/a><\/figure>\n\n\n\n<p>Na noite desta segunda-feira, 30 de mar\u00e7o, a Catedral S\u00e3o Pedro em Teixeira de Freitas, acolheu a celebra\u00e7\u00e3o da Missa do Crisma, tamb\u00e9m conhecida como Missa da Unidade ou dos Santos \u00d3leos. A Santa Missa foi presidida pelo bispo da Diocese de Eun\u00e1polis, Dom Jos\u00e9 Edson, em comunh\u00e3o com o clero e todo o povo de Deus, neste momento de profunda unidade da Igreja.<\/p>\n\n\n\n<p>Durante a celebra\u00e7\u00e3o, foram aben\u00e7oados os santos \u00f3leos que ser\u00e3o utilizados ao longo do ano nos sacramentos, cada um com um significado especial na vida da Igreja.<\/p>\n\n\n\n<ul class=\"wp-block-list\">\n<li>O \u00f3leo dos catec\u00famenos \u00e9 utilizado na prepara\u00e7\u00e3o para o Batismo. Por meio dele, a Igreja pede a Deus for\u00e7a e prote\u00e7\u00e3o para aqueles que est\u00e3o iniciando sua caminhada na f\u00e9, ajudando-os a renunciar ao mal e a se abrirem \u00e0 gra\u00e7a de Deus.<\/li>\n<\/ul>\n\n\n\n<ul class=\"wp-block-list\">\n<li>O \u00f3leo dos enfermos \u00e9 levado aos doentes como sinal do cuidado e da miseric\u00f3rdia de Deus. Ele fortalece na enfermidade, consola no sofrimento e recorda que Cristo permanece pr\u00f3ximo, especialmente nos momentos de dor.<\/li>\n<\/ul>\n\n\n\n<ul class=\"wp-block-list\">\n<li>O Santo Crisma, consagrado de forma solene, \u00e9 sinal da presen\u00e7a e da a\u00e7\u00e3o do Esp\u00edrito Santo. Ele \u00e9 utilizado no Batismo, na Crisma e na Ordena\u00e7\u00e3o, marcando a vida do crist\u00e3o com a gra\u00e7a de Deus e o envio para a miss\u00e3o.<\/li>\n<\/ul>\n\n\n\n<p>Um dos momentos mais significativos foi a renova\u00e7\u00e3o das promessas sacerdotais. Os sacerdotes reafirmaram, diante de Deus e da Igreja, o compromisso assumido no dia de sua ordena\u00e7\u00e3o, renovando sua entrega no servi\u00e7o ao povo de Deus.<\/p>\n\n\n\n<p>A celebra\u00e7\u00e3o da Missa dos Santos \u00d3leos manifesta a unidade da Igreja e convida todos os fi\u00e9is a uma viv\u00eancia mais profunda da f\u00e9, fortalecidos pela gra\u00e7a de Deus e enviados a testemunhar o Evangelho no mundo.<\/p>\n\n\n\n<figure class=\"wp-block-gallery has-nested-images columns-default is-cropped wp-block-gallery-1 is-layout-flex wp-block-gallery-is-layout-flex\">\n<figure class=\"wp-block-image size-large\"><a href=\"https:\/\/dioceseteixeiradefreitas.com.br\/wp-content\/uploads\/2026\/03\/IMG_0025-scaled.jpg\"><img loading=\"lazy\" decoding=\"async\" width=\"1024\" height=\"683\" data-id=\"25744\" src=\"https:\/\/dioceseteixeiradefreitas.com.br\/wp-content\/uploads\/2026\/03\/IMG_0025-1024x683.jpg\" alt=\"\" class=\"wp-image-25744\" srcset=\"https:\/\/dioceseteixeiradefreitas.com.br\/wp-content\/uploads\/2026\/03\/IMG_0025-1024x683.jpg 1024w, https:\/\/dioceseteixeiradefreitas.com.br\/wp-content\/uploads\/2026\/03\/IMG_0025-300x200.jpg 300w, https:\/\/dioceseteixeiradefreitas.com.br\/wp-content\/uploads\/2026\/03\/IMG_0025-768x512.jpg 768w, https:\/\/dioceseteixeiradefreitas.com.br\/wp-content\/uploads\/2026\/03\/IMG_0025-1536x1024.jpg 1536w, https:\/\/dioceseteixeiradefreitas.com.br\/wp-content\/uploads\/2026\/03\/IMG_0025-2048x1365.jpg 2048w\" sizes=\"auto, (max-width: 1024px) 100vw, 1024px\" \/><\/a><\/figure>\n\n\n\n<figure class=\"wp-block-image size-large\"><a href=\"https:\/\/dioceseteixeiradefreitas.com.br\/wp-content\/uploads\/2026\/03\/IMG_0038-scaled.jpg\"><img loading=\"lazy\" decoding=\"async\" width=\"1024\" height=\"683\" data-id=\"25766\" src=\"https:\/\/dioceseteixeiradefreitas.com.br\/wp-content\/uploads\/2026\/03\/IMG_0038-1024x683.jpg\" alt=\"\" class=\"wp-image-25766\" srcset=\"https:\/\/dioceseteixeiradefreitas.com.br\/wp-content\/uploads\/2026\/03\/IMG_0038-1024x683.jpg 1024w, https:\/\/dioceseteixeiradefreitas.com.br\/wp-content\/uploads\/2026\/03\/IMG_0038-300x200.jpg 300w, https:\/\/dioceseteixeiradefreitas.com.br\/wp-content\/uploads\/2026\/03\/IMG_0038-768x512.jpg 768w, https:\/\/dioceseteixeiradefreitas.com.br\/wp-content\/uploads\/2026\/03\/IMG_0038-1536x1024.jpg 1536w, https:\/\/dioceseteixeiradefreitas.com.br\/wp-content\/uploads\/2026\/03\/IMG_0038-2048x1365.jpg 2048w\" sizes=\"auto, (max-width: 1024px) 100vw, 1024px\" \/><\/a><\/figure>\n\n\n\n<figure class=\"wp-block-image size-large\"><a href=\"https:\/\/dioceseteixeiradefreitas.com.br\/wp-content\/uploads\/2026\/03\/IMG_0177-scaled.jpg\"><img loading=\"lazy\" decoding=\"async\" width=\"1024\" height=\"683\" data-id=\"25768\" src=\"https:\/\/dioceseteixeiradefreitas.com.br\/wp-content\/uploads\/2026\/03\/IMG_0177-1024x683.jpg\" alt=\"\" class=\"wp-image-25768\" srcset=\"https:\/\/dioceseteixeiradefreitas.com.br\/wp-content\/uploads\/2026\/03\/IMG_0177-1024x683.jpg 1024w, https:\/\/dioceseteixeiradefreitas.com.br\/wp-content\/uploads\/2026\/03\/IMG_0177-300x200.jpg 300w, https:\/\/dioceseteixeiradefreitas.com.br\/wp-content\/uploads\/2026\/03\/IMG_0177-768x512.jpg 768w, https:\/\/dioceseteixeiradefreitas.com.br\/wp-content\/uploads\/2026\/03\/IMG_0177-1536x1024.jpg 1536w, https:\/\/dioceseteixeiradefreitas.com.br\/wp-content\/uploads\/2026\/03\/IMG_0177-2048x1365.jpg 2048w\" sizes=\"auto, (max-width: 1024px) 100vw, 1024px\" \/><\/a><\/figure>\n\n\n\n<figure class=\"wp-block-image size-large\"><a href=\"https:\/\/dioceseteixeiradefreitas.com.br\/wp-content\/uploads\/2026\/03\/IMG_0161-scaled.jpg\"><img loading=\"lazy\" decoding=\"async\" width=\"1024\" height=\"683\" data-id=\"25805\" src=\"https:\/\/dioceseteixeiradefreitas.com.br\/wp-content\/uploads\/2026\/03\/IMG_0161-1024x683.jpg\" alt=\"\" class=\"wp-image-25805\" srcset=\"https:\/\/dioceseteixeiradefreitas.com.br\/wp-content\/uploads\/2026\/03\/IMG_0161-1024x683.jpg 1024w, https:\/\/dioceseteixeiradefreitas.com.br\/wp-content\/uploads\/2026\/03\/IMG_0161-300x200.jpg 300w, https:\/\/dioceseteixeiradefreitas.com.br\/wp-content\/uploads\/2026\/03\/IMG_0161-768x512.jpg 768w, https:\/\/dioceseteixeiradefreitas.com.br\/wp-content\/uploads\/2026\/03\/IMG_0161-1536x1024.jpg 1536w, https:\/\/dioceseteixeiradefreitas.com.br\/wp-content\/uploads\/2026\/03\/IMG_0161-2048x1365.jpg 2048w\" sizes=\"auto, (max-width: 1024px) 100vw, 1024px\" \/><\/a><\/figure>\n\n\n\n<figure class=\"wp-block-image size-large\"><a href=\"https:\/\/dioceseteixeiradefreitas.com.br\/wp-content\/uploads\/2026\/03\/IMG_0080-scaled.jpg\"><img loading=\"lazy\" decoding=\"async\" width=\"1024\" height=\"683\" data-id=\"25804\" src=\"https:\/\/dioceseteixeiradefreitas.com.br\/wp-content\/uploads\/2026\/03\/IMG_0080-1024x683.jpg\" alt=\"\" class=\"wp-image-25804\" srcset=\"https:\/\/dioceseteixeiradefreitas.com.br\/wp-content\/uploads\/2026\/03\/IMG_0080-1024x683.jpg 1024w, https:\/\/dioceseteixeiradefreitas.com.br\/wp-content\/uploads\/2026\/03\/IMG_0080-300x200.jpg 300w, https:\/\/dioceseteixeiradefreitas.com.br\/wp-content\/uploads\/2026\/03\/IMG_0080-768x512.jpg 768w, https:\/\/dioceseteixeiradefreitas.com.br\/wp-content\/uploads\/2026\/03\/IMG_0080-1536x1024.jpg 1536w, https:\/\/dioceseteixeiradefreitas.com.br\/wp-content\/uploads\/2026\/03\/IMG_0080-2048x1365.jpg 2048w\" sizes=\"auto, (max-width: 1024px) 100vw, 1024px\" \/><\/a><\/figure>\n\n\n\n<figure class=\"wp-block-image size-large\"><a href=\"https:\/\/dioceseteixeiradefreitas.com.br\/wp-content\/uploads\/2026\/03\/IMG_0087-1-scaled.jpg\"><img loading=\"lazy\" decoding=\"async\" width=\"1024\" height=\"683\" data-id=\"25798\" src=\"https:\/\/dioceseteixeiradefreitas.com.br\/wp-content\/uploads\/2026\/03\/IMG_0087-1-1024x683.jpg\" alt=\"\" class=\"wp-image-25798\" srcset=\"https:\/\/dioceseteixeiradefreitas.com.br\/wp-content\/uploads\/2026\/03\/IMG_0087-1-1024x683.jpg 1024w, https:\/\/dioceseteixeiradefreitas.com.br\/wp-content\/uploads\/2026\/03\/IMG_0087-1-300x200.jpg 300w, https:\/\/dioceseteixeiradefreitas.com.br\/wp-content\/uploads\/2026\/03\/IMG_0087-1-768x512.jpg 768w, https:\/\/dioceseteixeiradefreitas.com.br\/wp-content\/uploads\/2026\/03\/IMG_0087-1-1536x1024.jpg 1536w, https:\/\/dioceseteixeiradefreitas.com.br\/wp-content\/uploads\/2026\/03\/IMG_0087-1-2048x1365.jpg 2048w\" sizes=\"auto, (max-width: 1024px) 100vw, 1024px\" \/><\/a><\/figure>\n\n\n\n<figure class=\"wp-block-image size-large\"><a href=\"https:\/\/dioceseteixeiradefreitas.com.br\/wp-content\/uploads\/2026\/03\/IMG_0105-scaled.jpg\"><img loading=\"lazy\" decoding=\"async\" width=\"1024\" height=\"683\" data-id=\"25791\" src=\"https:\/\/dioceseteixeiradefreitas.com.br\/wp-content\/uploads\/2026\/03\/IMG_0105-1024x683.jpg\" alt=\"\" class=\"wp-image-25791\" srcset=\"https:\/\/dioceseteixeiradefreitas.com.br\/wp-content\/uploads\/2026\/03\/IMG_0105-1024x683.jpg 1024w, https:\/\/dioceseteixeiradefreitas.com.br\/wp-content\/uploads\/2026\/03\/IMG_0105-300x200.jpg 300w, https:\/\/dioceseteixeiradefreitas.com.br\/wp-content\/uploads\/2026\/03\/IMG_0105-768x512.jpg 768w, https:\/\/dioceseteixeiradefreitas.com.br\/wp-content\/uploads\/2026\/03\/IMG_0105-1536x1024.jpg 1536w, https:\/\/dioceseteixeiradefreitas.com.br\/wp-content\/uploads\/2026\/03\/IMG_0105-2048x1365.jpg 2048w\" sizes=\"auto, (max-width: 1024px) 100vw, 1024px\" \/><\/a><\/figure>\n\n\n\n<figure class=\"wp-block-image size-large\"><a href=\"https:\/\/dioceseteixeiradefreitas.com.br\/wp-content\/uploads\/2026\/03\/IMG_0076-scaled.jpg\"><img loading=\"lazy\" decoding=\"async\" width=\"1024\" height=\"683\" data-id=\"25777\" src=\"https:\/\/dioceseteixeiradefreitas.com.br\/wp-content\/uploads\/2026\/03\/IMG_0076-1024x683.jpg\" alt=\"\" class=\"wp-image-25777\" srcset=\"https:\/\/dioceseteixeiradefreitas.com.br\/wp-content\/uploads\/2026\/03\/IMG_0076-1024x683.jpg 1024w, https:\/\/dioceseteixeiradefreitas.com.br\/wp-content\/uploads\/2026\/03\/IMG_0076-300x200.jpg 300w, https:\/\/dioceseteixeiradefreitas.com.br\/wp-content\/uploads\/2026\/03\/IMG_0076-768x512.jpg 768w, https:\/\/dioceseteixeiradefreitas.com.br\/wp-content\/uploads\/2026\/03\/IMG_0076-1536x1024.jpg 1536w, https:\/\/dioceseteixeiradefreitas.com.br\/wp-content\/uploads\/2026\/03\/IMG_0076-2048x1365.jpg 2048w\" sizes=\"auto, (max-width: 1024px) 100vw, 1024px\" \/><\/a><\/figure>\n\n\n\n<figure class=\"wp-block-image size-large\"><a href=\"https:\/\/dioceseteixeiradefreitas.com.br\/wp-content\/uploads\/2026\/03\/IMG_0087-scaled.jpg\"><img loading=\"lazy\" decoding=\"async\" width=\"1024\" height=\"683\" data-id=\"25780\" src=\"https:\/\/dioceseteixeiradefreitas.com.br\/wp-content\/uploads\/2026\/03\/IMG_0087-1024x683.jpg\" alt=\"\" class=\"wp-image-25780\" srcset=\"https:\/\/dioceseteixeiradefreitas.com.br\/wp-content\/uploads\/2026\/03\/IMG_0087-1024x683.jpg 1024w, https:\/\/dioceseteixeiradefreitas.com.br\/wp-content\/uploads\/2026\/03\/IMG_0087-300x200.jpg 300w, https:\/\/dioceseteixeiradefreitas.com.br\/wp-content\/uploads\/2026\/03\/IMG_0087-768x512.jpg 768w, https:\/\/dioceseteixeiradefreitas.com.br\/wp-content\/uploads\/2026\/03\/IMG_0087-1536x1024.jpg 1536w, https:\/\/dioceseteixeiradefreitas.com.br\/wp-content\/uploads\/2026\/03\/IMG_0087-2048x1365.jpg 2048w\" sizes=\"auto, (max-width: 1024px) 100vw, 1024px\" \/><\/a><\/figure>\n\n\n\n<figure class=\"wp-block-image size-large\"><a href=\"https:\/\/dioceseteixeiradefreitas.com.br\/wp-content\/uploads\/2026\/03\/IMG_0046-scaled.jpg\"><img loading=\"lazy\" decoding=\"async\" width=\"1024\" height=\"683\" data-id=\"25773\" src=\"https:\/\/dioceseteixeiradefreitas.com.br\/wp-content\/uploads\/2026\/03\/IMG_0046-1024x683.jpg\" alt=\"\" class=\"wp-image-25773\" srcset=\"https:\/\/dioceseteixeiradefreitas.com.br\/wp-content\/uploads\/2026\/03\/IMG_0046-1024x683.jpg 1024w, https:\/\/dioceseteixeiradefreitas.com.br\/wp-content\/uploads\/2026\/03\/IMG_0046-300x200.jpg 300w, https:\/\/dioceseteixeiradefreitas.com.br\/wp-content\/uploads\/2026\/03\/IMG_0046-768x512.jpg 768w, https:\/\/dioceseteixeiradefreitas.com.br\/wp-content\/uploads\/2026\/03\/IMG_0046-1536x1024.jpg 1536w, https:\/\/dioceseteixeiradefreitas.com.br\/wp-content\/uploads\/2026\/03\/IMG_0046-2048x1365.jpg 2048w\" sizes=\"auto, (max-width: 1024px) 100vw, 1024px\" \/><\/a><\/figure>\n\n\n\n<figure class=\"wp-block-image size-large\"><a href=\"https:\/\/dioceseteixeiradefreitas.com.br\/wp-content\/uploads\/2026\/03\/IMG_0067-scaled.jpg\"><img loading=\"lazy\" decoding=\"async\" width=\"1024\" height=\"683\" data-id=\"25764\" src=\"https:\/\/dioceseteixeiradefreitas.com.br\/wp-content\/uploads\/2026\/03\/IMG_0067-1024x683.jpg\" alt=\"\" class=\"wp-image-25764\" srcset=\"https:\/\/dioceseteixeiradefreitas.com.br\/wp-content\/uploads\/2026\/03\/IMG_0067-1024x683.jpg 1024w, https:\/\/dioceseteixeiradefreitas.com.br\/wp-content\/uploads\/2026\/03\/IMG_0067-300x200.jpg 300w, https:\/\/dioceseteixeiradefreitas.com.br\/wp-content\/uploads\/2026\/03\/IMG_0067-768x512.jpg 768w, https:\/\/dioceseteixeiradefreitas.com.br\/wp-content\/uploads\/2026\/03\/IMG_0067-1536x1024.jpg 1536w, https:\/\/dioceseteixeiradefreitas.com.br\/wp-content\/uploads\/2026\/03\/IMG_0067-2048x1365.jpg 2048w\" sizes=\"auto, (max-width: 1024px) 100vw, 1024px\" \/><\/a><\/figure>\n\n\n\n<figure class=\"wp-block-image size-large\"><a href=\"https:\/\/dioceseteixeiradefreitas.com.br\/wp-content\/uploads\/2026\/03\/IMG_0064-scaled.jpg\"><img loading=\"lazy\" decoding=\"async\" width=\"1024\" height=\"683\" data-id=\"25765\" src=\"https:\/\/dioceseteixeiradefreitas.com.br\/wp-content\/uploads\/2026\/03\/IMG_0064-1024x683.jpg\" alt=\"\" class=\"wp-image-25765\" srcset=\"https:\/\/dioceseteixeiradefreitas.com.br\/wp-content\/uploads\/2026\/03\/IMG_0064-1024x683.jpg 1024w, https:\/\/dioceseteixeiradefreitas.com.br\/wp-content\/uploads\/2026\/03\/IMG_0064-300x200.jpg 300w, https:\/\/dioceseteixeiradefreitas.com.br\/wp-content\/uploads\/2026\/03\/IMG_0064-768x512.jpg 768w, https:\/\/dioceseteixeiradefreitas.com.br\/wp-content\/uploads\/2026\/03\/IMG_0064-1536x1024.jpg 1536w, https:\/\/dioceseteixeiradefreitas.com.br\/wp-content\/uploads\/2026\/03\/IMG_0064-2048x1365.jpg 2048w\" sizes=\"auto, (max-width: 1024px) 100vw, 1024px\" \/><\/a><\/figure>\n\n\n\n<figure class=\"wp-block-image size-large\"><a href=\"https:\/\/dioceseteixeiradefreitas.com.br\/wp-content\/uploads\/2026\/03\/IMG_0094-scaled.jpg\"><img loading=\"lazy\" decoding=\"async\" width=\"1024\" height=\"683\" data-id=\"25762\" src=\"https:\/\/dioceseteixeiradefreitas.com.br\/wp-content\/uploads\/2026\/03\/IMG_0094-1024x683.jpg\" alt=\"\" class=\"wp-image-25762\" srcset=\"https:\/\/dioceseteixeiradefreitas.com.br\/wp-content\/uploads\/2026\/03\/IMG_0094-1024x683.jpg 1024w, https:\/\/dioceseteixeiradefreitas.com.br\/wp-content\/uploads\/2026\/03\/IMG_0094-300x200.jpg 300w, https:\/\/dioceseteixeiradefreitas.com.br\/wp-content\/uploads\/2026\/03\/IMG_0094-768x512.jpg 768w, https:\/\/dioceseteixeiradefreitas.com.br\/wp-content\/uploads\/2026\/03\/IMG_0094-1536x1024.jpg 1536w, https:\/\/dioceseteixeiradefreitas.com.br\/wp-content\/uploads\/2026\/03\/IMG_0094-2048x1365.jpg 2048w\" sizes=\"auto, (max-width: 1024px) 100vw, 1024px\" \/><\/a><\/figure>\n\n\n\n<figure class=\"wp-block-image size-large\"><a href=\"https:\/\/dioceseteixeiradefreitas.com.br\/wp-content\/uploads\/2026\/03\/IMG_0057-scaled.jpg\"><img loading=\"lazy\" decoding=\"async\" width=\"1024\" height=\"683\" data-id=\"25759\" src=\"https:\/\/dioceseteixeiradefreitas.com.br\/wp-content\/uploads\/2026\/03\/IMG_0057-1024x683.jpg\" alt=\"\" class=\"wp-image-25759\" srcset=\"https:\/\/dioceseteixeiradefreitas.com.br\/wp-content\/uploads\/2026\/03\/IMG_0057-1024x683.jpg 1024w, https:\/\/dioceseteixeiradefreitas.com.br\/wp-content\/uploads\/2026\/03\/IMG_0057-300x200.jpg 300w, https:\/\/dioceseteixeiradefreitas.com.br\/wp-content\/uploads\/2026\/03\/IMG_0057-768x512.jpg 768w, https:\/\/dioceseteixeiradefreitas.com.br\/wp-content\/uploads\/2026\/03\/IMG_0057-1536x1024.jpg 1536w, https:\/\/dioceseteixeiradefreitas.com.br\/wp-content\/uploads\/2026\/03\/IMG_0057-2048x1365.jpg 2048w\" sizes=\"auto, (max-width: 1024px) 100vw, 1024px\" \/><\/a><\/figure>\n\n\n\n<figure class=\"wp-block-image size-large\"><a href=\"https:\/\/dioceseteixeiradefreitas.com.br\/wp-content\/uploads\/2026\/03\/IMG_0231-scaled.jpg\"><img loading=\"lazy\" decoding=\"async\" width=\"1024\" height=\"683\" data-id=\"25748\" src=\"https:\/\/dioceseteixeiradefreitas.com.br\/wp-content\/uploads\/2026\/03\/IMG_0231-1024x683.jpg\" alt=\"\" class=\"wp-image-25748\" srcset=\"https:\/\/dioceseteixeiradefreitas.com.br\/wp-content\/uploads\/2026\/03\/IMG_0231-1024x683.jpg 1024w, https:\/\/dioceseteixeiradefreitas.com.br\/wp-content\/uploads\/2026\/03\/IMG_0231-300x200.jpg 300w, https:\/\/dioceseteixeiradefreitas.com.br\/wp-content\/uploads\/2026\/03\/IMG_0231-768x512.jpg 768w, https:\/\/dioceseteixeiradefreitas.com.br\/wp-content\/uploads\/2026\/03\/IMG_0231-1536x1024.jpg 1536w, https:\/\/dioceseteixeiradefreitas.com.br\/wp-content\/uploads\/2026\/03\/IMG_0231-2048x1365.jpg 2048w\" sizes=\"auto, (max-width: 1024px) 100vw, 1024px\" \/><\/a><\/figure>\n\n\n\n<figure class=\"wp-block-image size-large\"><a href=\"https:\/\/dioceseteixeiradefreitas.com.br\/wp-content\/uploads\/2026\/03\/IMG_0208-scaled.jpg\"><img loading=\"lazy\" decoding=\"async\" width=\"1024\" height=\"683\" data-id=\"25750\" src=\"https:\/\/dioceseteixeiradefreitas.com.br\/wp-content\/uploads\/2026\/03\/IMG_0208-1024x683.jpg\" alt=\"\" class=\"wp-image-25750\" srcset=\"https:\/\/dioceseteixeiradefreitas.com.br\/wp-content\/uploads\/2026\/03\/IMG_0208-1024x683.jpg 1024w, https:\/\/dioceseteixeiradefreitas.com.br\/wp-content\/uploads\/2026\/03\/IMG_0208-300x200.jpg 300w, https:\/\/dioceseteixeiradefreitas.com.br\/wp-content\/uploads\/2026\/03\/IMG_0208-768x512.jpg 768w, https:\/\/dioceseteixeiradefreitas.com.br\/wp-content\/uploads\/2026\/03\/IMG_0208-1536x1024.jpg 1536w, https:\/\/dioceseteixeiradefreitas.com.br\/wp-content\/uploads\/2026\/03\/IMG_0208-2048x1365.jpg 2048w\" sizes=\"auto, (max-width: 1024px) 100vw, 1024px\" \/><\/a><\/figure>\n\n\n\n<figure class=\"wp-block-image size-large\"><a href=\"https:\/\/dioceseteixeiradefreitas.com.br\/wp-content\/uploads\/2026\/03\/IMG_9987-scaled.jpg\"><img loading=\"lazy\" decoding=\"async\" width=\"1024\" height=\"683\" data-id=\"25751\" src=\"https:\/\/dioceseteixeiradefreitas.com.br\/wp-content\/uploads\/2026\/03\/IMG_9987-1024x683.jpg\" alt=\"\" class=\"wp-image-25751\" srcset=\"https:\/\/dioceseteixeiradefreitas.com.br\/wp-content\/uploads\/2026\/03\/IMG_9987-1024x683.jpg 1024w, https:\/\/dioceseteixeiradefreitas.com.br\/wp-content\/uploads\/2026\/03\/IMG_9987-300x200.jpg 300w, https:\/\/dioceseteixeiradefreitas.com.br\/wp-content\/uploads\/2026\/03\/IMG_9987-768x512.jpg 768w, https:\/\/dioceseteixeiradefreitas.com.br\/wp-content\/uploads\/2026\/03\/IMG_9987-1536x1024.jpg 1536w, https:\/\/dioceseteixeiradefreitas.com.br\/wp-content\/uploads\/2026\/03\/IMG_9987-2048x1365.jpg 2048w\" sizes=\"auto, (max-width: 1024px) 100vw, 1024px\" \/><\/a><\/figure>\n\n\n\n<figure class=\"wp-block-image size-large\"><a href=\"https:\/\/dioceseteixeiradefreitas.com.br\/wp-content\/uploads\/2026\/03\/IMG_9966-scaled.jpg\"><img loading=\"lazy\" decoding=\"async\" width=\"1024\" height=\"683\" data-id=\"25752\" src=\"https:\/\/dioceseteixeiradefreitas.com.br\/wp-content\/uploads\/2026\/03\/IMG_9966-1024x683.jpg\" alt=\"\" class=\"wp-image-25752\" srcset=\"https:\/\/dioceseteixeiradefreitas.com.br\/wp-content\/uploads\/2026\/03\/IMG_9966-1024x683.jpg 1024w, https:\/\/dioceseteixeiradefreitas.com.br\/wp-content\/uploads\/2026\/03\/IMG_9966-300x200.jpg 300w, https:\/\/dioceseteixeiradefreitas.com.br\/wp-content\/uploads\/2026\/03\/IMG_9966-768x512.jpg 768w, https:\/\/dioceseteixeiradefreitas.com.br\/wp-content\/uploads\/2026\/03\/IMG_9966-1536x1024.jpg 1536w, https:\/\/dioceseteixeiradefreitas.com.br\/wp-content\/uploads\/2026\/03\/IMG_9966-2048x1365.jpg 2048w\" sizes=\"auto, (max-width: 1024px) 100vw, 1024px\" \/><\/a><\/figure>\n\n\n\n<figure class=\"wp-block-image size-large\"><a href=\"https:\/\/dioceseteixeiradefreitas.com.br\/wp-content\/uploads\/2026\/03\/IMG_0036-scaled.jpg\"><img loading=\"lazy\" decoding=\"async\" width=\"1024\" height=\"683\" data-id=\"25760\" src=\"https:\/\/dioceseteixeiradefreitas.com.br\/wp-content\/uploads\/2026\/03\/IMG_0036-1024x683.jpg\" alt=\"\" class=\"wp-image-25760\" srcset=\"https:\/\/dioceseteixeiradefreitas.com.br\/wp-content\/uploads\/2026\/03\/IMG_0036-1024x683.jpg 1024w, https:\/\/dioceseteixeiradefreitas.com.br\/wp-content\/uploads\/2026\/03\/IMG_0036-300x200.jpg 300w, https:\/\/dioceseteixeiradefreitas.com.br\/wp-content\/uploads\/2026\/03\/IMG_0036-768x512.jpg 768w, https:\/\/dioceseteixeiradefreitas.com.br\/wp-content\/uploads\/2026\/03\/IMG_0036-1536x1024.jpg 1536w, https:\/\/dioceseteixeiradefreitas.com.br\/wp-content\/uploads\/2026\/03\/IMG_0036-2048x1365.jpg 2048w\" sizes=\"auto, (max-width: 1024px) 100vw, 1024px\" \/><\/a><\/figure>\n\n\n\n<figure class=\"wp-block-image size-large\"><a href=\"https:\/\/dioceseteixeiradefreitas.com.br\/wp-content\/uploads\/2026\/03\/IMG_0085-scaled.jpg\"><img loading=\"lazy\" decoding=\"async\" width=\"1024\" height=\"683\" data-id=\"25763\" src=\"https:\/\/dioceseteixeiradefreitas.com.br\/wp-content\/uploads\/2026\/03\/IMG_0085-1024x683.jpg\" alt=\"\" class=\"wp-image-25763\" srcset=\"https:\/\/dioceseteixeiradefreitas.com.br\/wp-content\/uploads\/2026\/03\/IMG_0085-1024x683.jpg 1024w, https:\/\/dioceseteixeiradefreitas.com.br\/wp-content\/uploads\/2026\/03\/IMG_0085-300x200.jpg 300w, https:\/\/dioceseteixeiradefreitas.com.br\/wp-content\/uploads\/2026\/03\/IMG_0085-768x512.jpg 768w, https:\/\/dioceseteixeiradefreitas.com.br\/wp-content\/uploads\/2026\/03\/IMG_0085-1536x1024.jpg 1536w, https:\/\/dioceseteixeiradefreitas.com.br\/wp-content\/uploads\/2026\/03\/IMG_0085-2048x1365.jpg 2048w\" sizes=\"auto, (max-width: 1024px) 100vw, 1024px\" \/><\/a><\/figure>\n\n\n\n<figure class=\"wp-block-image size-large\"><a href=\"https:\/\/dioceseteixeiradefreitas.com.br\/wp-content\/uploads\/2026\/03\/IMG_0117-scaled.jpg\"><img loading=\"lazy\" decoding=\"async\" width=\"1024\" height=\"683\" data-id=\"25770\" src=\"https:\/\/dioceseteixeiradefreitas.com.br\/wp-content\/uploads\/2026\/03\/IMG_0117-1024x683.jpg\" alt=\"\" class=\"wp-image-25770\" srcset=\"https:\/\/dioceseteixeiradefreitas.com.br\/wp-content\/uploads\/2026\/03\/IMG_0117-1024x683.jpg 1024w, https:\/\/dioceseteixeiradefreitas.com.br\/wp-content\/uploads\/2026\/03\/IMG_0117-300x200.jpg 300w, https:\/\/dioceseteixeiradefreitas.com.br\/wp-content\/uploads\/2026\/03\/IMG_0117-768x512.jpg 768w, https:\/\/dioceseteixeiradefreitas.com.br\/wp-content\/uploads\/2026\/03\/IMG_0117-1536x1024.jpg 1536w, https:\/\/dioceseteixeiradefreitas.com.br\/wp-content\/uploads\/2026\/03\/IMG_0117-2048x1365.jpg 2048w\" sizes=\"auto, (max-width: 1024px) 100vw, 1024px\" \/><\/a><\/figure>\n\n\n\n<figure class=\"wp-block-image size-large\"><a href=\"https:\/\/dioceseteixeiradefreitas.com.br\/wp-content\/uploads\/2026\/03\/IMG_0069-scaled.jpg\"><img loading=\"lazy\" decoding=\"async\" width=\"1024\" height=\"683\" data-id=\"25772\" src=\"https:\/\/dioceseteixeiradefreitas.com.br\/wp-content\/uploads\/2026\/03\/IMG_0069-1024x683.jpg\" alt=\"\" class=\"wp-image-25772\" srcset=\"https:\/\/dioceseteixeiradefreitas.com.br\/wp-content\/uploads\/2026\/03\/IMG_0069-1024x683.jpg 1024w, https:\/\/dioceseteixeiradefreitas.com.br\/wp-content\/uploads\/2026\/03\/IMG_0069-300x200.jpg 300w, https:\/\/dioceseteixeiradefreitas.com.br\/wp-content\/uploads\/2026\/03\/IMG_0069-768x512.jpg 768w, https:\/\/dioceseteixeiradefreitas.com.br\/wp-content\/uploads\/2026\/03\/IMG_0069-1536x1024.jpg 1536w, https:\/\/dioceseteixeiradefreitas.com.br\/wp-content\/uploads\/2026\/03\/IMG_0069-2048x1365.jpg 2048w\" sizes=\"auto, (max-width: 1024px) 100vw, 1024px\" \/><\/a><\/figure>\n\n\n\n<figure class=\"wp-block-image size-large\"><a href=\"https:\/\/dioceseteixeiradefreitas.com.br\/wp-content\/uploads\/2026\/03\/IMG_0097-scaled.jpg\"><img loading=\"lazy\" decoding=\"async\" width=\"1024\" height=\"683\" data-id=\"25778\" src=\"https:\/\/dioceseteixeiradefreitas.com.br\/wp-content\/uploads\/2026\/03\/IMG_0097-1024x683.jpg\" alt=\"\" class=\"wp-image-25778\" srcset=\"https:\/\/dioceseteixeiradefreitas.com.br\/wp-content\/uploads\/2026\/03\/IMG_0097-1024x683.jpg 1024w, https:\/\/dioceseteixeiradefreitas.com.br\/wp-content\/uploads\/2026\/03\/IMG_0097-300x200.jpg 300w, https:\/\/dioceseteixeiradefreitas.com.br\/wp-content\/uploads\/2026\/03\/IMG_0097-768x512.jpg 768w, https:\/\/dioceseteixeiradefreitas.com.br\/wp-content\/uploads\/2026\/03\/IMG_0097-1536x1024.jpg 1536w, https:\/\/dioceseteixeiradefreitas.com.br\/wp-content\/uploads\/2026\/03\/IMG_0097-2048x1365.jpg 2048w\" sizes=\"auto, (max-width: 1024px) 100vw, 1024px\" \/><\/a><\/figure>\n\n\n\n<figure class=\"wp-block-image size-large\"><a href=\"https:\/\/dioceseteixeiradefreitas.com.br\/wp-content\/uploads\/2026\/03\/IMG_0056-scaled.jpg\"><img loading=\"lazy\" decoding=\"async\" width=\"1024\" height=\"683\" data-id=\"25781\" src=\"https:\/\/dioceseteixeiradefreitas.com.br\/wp-content\/uploads\/2026\/03\/IMG_0056-1024x683.jpg\" alt=\"\" class=\"wp-image-25781\" srcset=\"https:\/\/dioceseteixeiradefreitas.com.br\/wp-content\/uploads\/2026\/03\/IMG_0056-1024x683.jpg 1024w, https:\/\/dioceseteixeiradefreitas.com.br\/wp-content\/uploads\/2026\/03\/IMG_0056-300x200.jpg 300w, https:\/\/dioceseteixeiradefreitas.com.br\/wp-content\/uploads\/2026\/03\/IMG_0056-768x512.jpg 768w, https:\/\/dioceseteixeiradefreitas.com.br\/wp-content\/uploads\/2026\/03\/IMG_0056-1536x1024.jpg 1536w, https:\/\/dioceseteixeiradefreitas.com.br\/wp-content\/uploads\/2026\/03\/IMG_0056-2048x1365.jpg 2048w\" sizes=\"auto, (max-width: 1024px) 100vw, 1024px\" \/><\/a><\/figure>\n\n\n\n<figure class=\"wp-block-image size-large\"><a href=\"https:\/\/dioceseteixeiradefreitas.com.br\/wp-content\/uploads\/2026\/03\/IMG_9949-scaled.jpg\"><img loading=\"lazy\" decoding=\"async\" width=\"1024\" height=\"683\" data-id=\"25785\" src=\"https:\/\/dioceseteixeiradefreitas.com.br\/wp-content\/uploads\/2026\/03\/IMG_9949-1024x683.jpg\" alt=\"\" class=\"wp-image-25785\" srcset=\"https:\/\/dioceseteixeiradefreitas.com.br\/wp-content\/uploads\/2026\/03\/IMG_9949-1024x683.jpg 1024w, https:\/\/dioceseteixeiradefreitas.com.br\/wp-content\/uploads\/2026\/03\/IMG_9949-300x200.jpg 300w, https:\/\/dioceseteixeiradefreitas.com.br\/wp-content\/uploads\/2026\/03\/IMG_9949-768x512.jpg 768w, https:\/\/dioceseteixeiradefreitas.com.br\/wp-content\/uploads\/2026\/03\/IMG_9949-1536x1024.jpg 1536w, https:\/\/dioceseteixeiradefreitas.com.br\/wp-content\/uploads\/2026\/03\/IMG_9949-2048x1365.jpg 2048w\" sizes=\"auto, (max-width: 1024px) 100vw, 1024px\" \/><\/a><\/figure>\n\n\n\n<figure class=\"wp-block-image size-large\"><a href=\"https:\/\/dioceseteixeiradefreitas.com.br\/wp-content\/uploads\/2026\/03\/IMG_0153-scaled.jpg\"><img loading=\"lazy\" decoding=\"async\" width=\"1024\" height=\"683\" data-id=\"25792\" src=\"https:\/\/dioceseteixeiradefreitas.com.br\/wp-content\/uploads\/2026\/03\/IMG_0153-1024x683.jpg\" alt=\"\" class=\"wp-image-25792\" srcset=\"https:\/\/dioceseteixeiradefreitas.com.br\/wp-content\/uploads\/2026\/03\/IMG_0153-1024x683.jpg 1024w, https:\/\/dioceseteixeiradefreitas.com.br\/wp-content\/uploads\/2026\/03\/IMG_0153-300x200.jpg 300w, https:\/\/dioceseteixeiradefreitas.com.br\/wp-content\/uploads\/2026\/03\/IMG_0153-768x512.jpg 768w, https:\/\/dioceseteixeiradefreitas.com.br\/wp-content\/uploads\/2026\/03\/IMG_0153-1536x1024.jpg 1536w, https:\/\/dioceseteixeiradefreitas.com.br\/wp-content\/uploads\/2026\/03\/IMG_0153-2048x1365.jpg 2048w\" sizes=\"auto, (max-width: 1024px) 100vw, 1024px\" \/><\/a><\/figure>\n\n\n\n<figure class=\"wp-block-image size-large\"><a href=\"https:\/\/dioceseteixeiradefreitas.com.br\/wp-content\/uploads\/2026\/03\/IMG_0158-scaled.jpg\"><img loading=\"lazy\" decoding=\"async\" width=\"1024\" height=\"683\" data-id=\"25795\" src=\"https:\/\/dioceseteixeiradefreitas.com.br\/wp-content\/uploads\/2026\/03\/IMG_0158-1024x683.jpg\" alt=\"\" class=\"wp-image-25795\" srcset=\"https:\/\/dioceseteixeiradefreitas.com.br\/wp-content\/uploads\/2026\/03\/IMG_0158-1024x683.jpg 1024w, https:\/\/dioceseteixeiradefreitas.com.br\/wp-content\/uploads\/2026\/03\/IMG_0158-300x200.jpg 300w, https:\/\/dioceseteixeiradefreitas.com.br\/wp-content\/uploads\/2026\/03\/IMG_0158-768x512.jpg 768w, https:\/\/dioceseteixeiradefreitas.com.br\/wp-content\/uploads\/2026\/03\/IMG_0158-1536x1024.jpg 1536w, https:\/\/dioceseteixeiradefreitas.com.br\/wp-content\/uploads\/2026\/03\/IMG_0158-2048x1365.jpg 2048w\" sizes=\"auto, (max-width: 1024px) 100vw, 1024px\" \/><\/a><\/figure>\n\n\n\n<figure class=\"wp-block-image size-large\"><a href=\"https:\/\/dioceseteixeiradefreitas.com.br\/wp-content\/uploads\/2026\/03\/IMG_0138-scaled.jpg\"><img loading=\"lazy\" decoding=\"async\" width=\"1024\" height=\"683\" data-id=\"25794\" src=\"https:\/\/dioceseteixeiradefreitas.com.br\/wp-content\/uploads\/2026\/03\/IMG_0138-1024x683.jpg\" alt=\"\" class=\"wp-image-25794\" srcset=\"https:\/\/dioceseteixeiradefreitas.com.br\/wp-content\/uploads\/2026\/03\/IMG_0138-1024x683.jpg 1024w, https:\/\/dioceseteixeiradefreitas.com.br\/wp-content\/uploads\/2026\/03\/IMG_0138-300x200.jpg 300w, https:\/\/dioceseteixeiradefreitas.com.br\/wp-content\/uploads\/2026\/03\/IMG_0138-768x512.jpg 768w, https:\/\/dioceseteixeiradefreitas.com.br\/wp-content\/uploads\/2026\/03\/IMG_0138-1536x1024.jpg 1536w, https:\/\/dioceseteixeiradefreitas.com.br\/wp-content\/uploads\/2026\/03\/IMG_0138-2048x1365.jpg 2048w\" sizes=\"auto, (max-width: 1024px) 100vw, 1024px\" \/><\/a><\/figure>\n<\/figure>\n\n\n\n<figure class=\"wp-block-image size-large\"><a href=\"https:\/\/dioceseteixeiradefreitas.com.br\/wp-content\/uploads\/2026\/03\/IMG_0043-scaled.jpg\"><img loading=\"lazy\" decoding=\"async\" width=\"1707\" height=\"2560\" src=\"https:\/\/dioceseteixeiradefreitas.com.br\/wp-content\/uploads\/2026\/03\/IMG_0043-edited-scaled.jpg\" alt=\"\" class=\"wp-image-25815\" srcset=\"https:\/\/dioceseteixeiradefreitas.com.br\/wp-content\/uploads\/2026\/03\/IMG_0043-edited-scaled.jpg 1707w, https:\/\/dioceseteixeiradefreitas.com.br\/wp-content\/uploads\/2026\/03\/IMG_0043-edited-200x300.jpg 200w, https:\/\/dioceseteixeiradefreitas.com.br\/wp-content\/uploads\/2026\/03\/IMG_0043-edited-683x1024.jpg 683w, https:\/\/dioceseteixeiradefreitas.com.br\/wp-content\/uploads\/2026\/03\/IMG_0043-edited-768x1152.jpg 768w, https:\/\/dioceseteixeiradefreitas.com.br\/wp-content\/uploads\/2026\/03\/IMG_0043-edited-1024x1536.jpg 1024w, https:\/\/dioceseteixeiradefreitas.com.br\/wp-content\/uploads\/2026\/03\/IMG_0043-edited-1365x2048.jpg 1365w\" sizes=\"auto, (max-width: 1707px) 100vw, 1707px\" \/><\/a><\/figure>\n","protected":false},"excerpt":{"rendered":"<p>Na noite desta segunda-feira, 30 de mar\u00e7o, a Catedral S\u00e3o Pedro em Teixeira de Freitas, acolheu a celebra\u00e7\u00e3o da Missa do Crisma, tamb\u00e9m conhecida como Missa da Unidade ou dos Santos \u00d3leos. A Santa Missa foi presidida pelo bispo da Diocese de Eun\u00e1polis, Dom Jos\u00e9 Edson, em comunh\u00e3o com o clero e todo o povo &hellip;<\/p>\n","protected":false},"author":33,"featured_media":25780,"comment_status":"closed","ping_status":"closed","sticky":false,"template":"","format":"standard","meta":{"footnotes":""},"categories":[100,1],"tags":[451,434],"class_list":["post-25739","post","type-post","status-publish","format-standard","has-post-thumbnail","hentry","category-noticias-diocesanas","category-uncategorized","tag-diocese-de-teixeira-de-freitas-caravelas","tag-pascom-diocesana"],"_links":{"self":[{"href":"https:\/\/dioceseteixeiradefreitas.com.br\/index.php?rest_route=\/wp\/v2\/posts\/25739","targetHints":{"allow":["GET"]}}],"collection":[{"href":"https:\/\/dioceseteixeiradefreitas.com.br\/index.php?rest_route=\/wp\/v2\/posts"}],"about":[{"href":"https:\/\/dioceseteixeiradefreitas.com.br\/index.php?rest_route=\/wp\/v2\/types\/post"}],"author":[{"embeddable":true,"href":"https:\/\/dioceseteixeiradefreitas.com.br\/index.php?rest_route=\/wp\/v2\/users\/33"}],"replies":[{"embeddable":true,"href":"https:\/\/dioceseteixeiradefreitas.com.br\/index.php?rest_route=%2Fwp%2Fv2%2Fcomments&post=25739"}],"version-history":[{"count":7,"href":"https:\/\/dioceseteixeiradefreitas.com.br\/index.php?rest_route=\/wp\/v2\/posts\/25739\/revisions"}],"predecessor-version":[{"id":25816,"href":"https:\/\/dioceseteixeiradefreitas.com.br\/index.php?rest_route=\/wp\/v2\/posts\/25739\/revisions\/25816"}],"wp:featuredmedia":[{"embeddable":true,"href":"https:\/\/dioceseteixeiradefreitas.com.br\/index.php?rest_route=\/wp\/v2\/media\/25780"}],"wp:attachment":[{"href":"https:\/\/dioceseteixeiradefreitas.com.br\/index.php?rest_route=%2Fwp%2Fv2%2Fmedia&parent=25739"}],"wp:term":[{"taxonomy":"category","embeddable":true,"href":"https:\/\/dioceseteixeiradefreitas.com.br\/index.php?rest_route=%2Fwp%2Fv2%2Fcategories&post=25739"},{"taxonomy":"post_tag","embeddable":true,"href":"https:\/\/dioceseteixeiradefreitas.com.br\/index.php?rest_route=%2Fwp%2Fv2%2Ftags&post=25739"}],"curies":[{"name":"wp","href":"https:\/\/api.w.org\/{rel}","templated":true}]}}