{"id":6068,"date":"2019-05-26T21:01:42","date_gmt":"2019-05-27T00:01:42","guid":{"rendered":"https:\/\/dioceseteixeiradefreitas.com.br\/?p=6068"},"modified":"2019-09-30T15:22:12","modified_gmt":"2019-09-30T18:22:12","slug":"forania-sao-pedro-promovera-a-festa-de-pentecostes","status":"publish","type":"post","link":"https:\/\/dioceseteixeiradefreitas.com.br\/?p=6068","title":{"rendered":"Forania S\u00e3o Pedro promover\u00e1 a Festa de Pentecostes"},"content":{"rendered":"<figure id=\"attachment_6072\" aria-describedby=\"caption-attachment-6072\" style=\"width: 370px\" class=\"wp-caption aligncenter\"><img loading=\"lazy\" decoding=\"async\" class=\"wp-image-6072\" src=\"https:\/\/dioceseteixeiradefreitas.com.br\/wp-content\/uploads\/2019\/05\/Panfleto-Pentecoste-15x21cm-Frente-rgb-732x1024.jpg\" alt=\"\" width=\"370\" height=\"518\" srcset=\"https:\/\/dioceseteixeiradefreitas.com.br\/wp-content\/uploads\/2019\/05\/Panfleto-Pentecoste-15x21cm-Frente-rgb-732x1024.jpg 732w, https:\/\/dioceseteixeiradefreitas.com.br\/wp-content\/uploads\/2019\/05\/Panfleto-Pentecoste-15x21cm-Frente-rgb-600x840.jpg 600w, https:\/\/dioceseteixeiradefreitas.com.br\/wp-content\/uploads\/2019\/05\/Panfleto-Pentecoste-15x21cm-Frente-rgb-214x300.jpg 214w, https:\/\/dioceseteixeiradefreitas.com.br\/wp-content\/uploads\/2019\/05\/Panfleto-Pentecoste-15x21cm-Frente-rgb-768x1075.jpg 768w, https:\/\/dioceseteixeiradefreitas.com.br\/wp-content\/uploads\/2019\/05\/Panfleto-Pentecoste-15x21cm-Frente-rgb.jpg 1772w\" sizes=\"auto, (max-width: 370px) 100vw, 370px\" \/><figcaption id=\"caption-attachment-6072\" class=\"wp-caption-text\">Imagem: Festa de Pentecostes &#8211; PASCOM\/Divulga\u00e7\u00e3o<\/figcaption><\/figure>\n<p>O evento ser\u00e1 no dia 09 de junho, com in\u00edcio da concentra\u00e7\u00e3o na Par\u00f3quia S\u00e3o Francisco de Assis e reunir\u00e1 os membros das pastorais, movimentos, par\u00f3quias e quase par\u00f3quias da Forania S\u00e3o Pedro &#8211; Teixeira de Freitas. Com o tema \u201cPentecostes: Celebra\u00e7\u00e3o da unidade\u201d, a expectativa \u00e9 de um p\u00fablico de 5 mil fi\u00e9is.<\/p>\n<p>A programa\u00e7\u00e3o dar\u00e1 in\u00edcio \u00e0s 7h, onde ocorrer\u00e1 uma reflex\u00e3o com o Pe. Fabiano. Em seguida, uma caminhada em dire\u00e7\u00e3o \u00e0 Catedral S\u00e3o Pedro. Mais reflex\u00f5es ser\u00e3o feitas durante o trajeto. A Festa se encerrar\u00e1 \u00e0s 12h, com a Santa Missa presidida pelo Bispo Diocesano, Dom Jailton de Oliveira Lino.<\/p>\n<p>A edi\u00e7\u00e3o contar\u00e1 com a presen\u00e7a do Pe. Nilso Motta, que realizar\u00e1 duas prega\u00e7\u00f5es. Ele pertence \u00e0 Diocese de Osasco-SP, faz parte da Rede de Televis\u00e3o S\u00e9culo 21-ASJ, onde apresenta o programa &#8216;<em>Voc\u00ea pode ser Feliz<\/em><strong><em>&#8216;<\/em><\/strong> as ter\u00e7as-feiras. Ainda \u00e9 membro da Renova\u00e7\u00e3o Carism\u00e1tica Cat\u00f3lica &#8211; RCC, j\u00e1 pregou e cantou em v\u00e1rios estados do Brasil, sobretudo no exterior, semeando a palavra, assumindo o compromisso de tornar o Espirito Santo mais amado e conhecido.<\/p>\n<p>Nesse dia n\u00e3o haver\u00e1 Missa nas par\u00f3quias e quase par\u00f3quias da Forania S\u00e3o Pedro, para que todos os fi\u00e9is da cidade possam participar do evento.<\/p>\n<p>&nbsp;<\/p>\n<p><strong>PENTECOSTES<\/strong><\/p>\n<p>Pela narrativa do livro dos Atos dos Ap\u00f3stolos, cap\u00edtulo 2, a Solenidade de Pentecostes \u00e9 uma das festas mais importantes para os crist\u00e3os e marca a descida do Esp\u00edrito Santo sobre os ap\u00f3stolos de Jesus. \u00c9 celebrada cinquenta dias depois do Domingo da P\u00e1scoa, e ocorre no s\u00e9timo dia ap\u00f3s a celebra\u00e7\u00e3o da Ascens\u00e3o de Jesus ao c\u00e9u.<\/p>\n<p>Pentecostes \u00e9 tempo de celebrar a presen\u00e7a do Esp\u00edrito Santo em nosso meio, relembrando o projeto salv\u00edfico de Jesus Cristo e sua vida em n\u00f3s.<\/p>\n<p>Prepare seu cora\u00e7\u00e3o para receber as preciosas b\u00ean\u00e7\u00e3os do Senhor nesse dia especial. Vamos juntos clamar o Esp\u00edrito Santo sobre a nossa igreja, nossa vida e nossa fam\u00edlia. Participe conosco.<\/p>\n<p>&nbsp;<\/p>\n<p><strong>Acompanhe a nossa programa\u00e7\u00e3o:<\/strong><\/p>\n<p><strong>07h &#8211;<\/strong>\u00a0 Concentra\u00e7\u00e3o na Par\u00f3quia S\u00e3o Francisco de Assis;<\/p>\n<p><strong>07h30 min &#8211;<\/strong> \u00a0Reflex\u00e3o: \u201cO Esp\u00edrito Santo e a unidade\u201d (Pe. Fabiano dos Santos Costa)<\/p>\n<p><strong>07h35 min &#8211;<\/strong> In\u00edcio da Caminhada em dire\u00e7\u00e3o \u00e0 Catedral.<\/p>\n<p><strong>08h &#8211;<\/strong> Reflex\u00e3o: \u201cO Esp\u00edrito Santo e a miss\u00e3o\u201d (Pe. Paulo C\u00e9sar Pereira Pinto) &#8211; Pra\u00e7a da B\u00edblia.<\/p>\n<p><strong>08h05 min &#8211;<\/strong> Retomada da Caminhada.<\/p>\n<p><strong>08h25 min &#8211;<\/strong> Reflex\u00e3o: \u201cO Esp\u00edrito Santo, Maria e a defesa da vida\u201d (Pe. Jos\u00e9 Ailton Ribeiro Pardinho) &#8211; em frente \u00e0 Catedral.<\/p>\n<p><strong>08h30 min &#8211;<\/strong> Acolhida de Dom Jailton na Catedral S\u00e3o Pedro<\/p>\n<p><strong>08h40 min &#8211;<\/strong> Anima\u00e7\u00e3o.<\/p>\n<p><strong>09h10 min &#8211;<\/strong> Intervalo.<\/p>\n<p><strong>09h30 min &#8211;<\/strong> Prega\u00e7\u00e3o: Pentecostes: fonte de miss\u00e3o para os leigos (Pe. Nilso Motta).<\/p>\n<p><strong>10h30 min &#8211;<\/strong> Intervalo.<\/p>\n<p><strong>10h50 min &#8211;<\/strong> Prega\u00e7\u00e3o: Pentecostes: fonte de eterna juventude para a Igreja (Pe. Nilso Motta).<\/p>\n<p><strong>11h40 &#8211;<\/strong> Prepara\u00e7\u00e3o para a Santa Missa.<\/p>\n<p><strong>12h &#8211;<\/strong> Santa Missa.<\/p>\n<p>&nbsp;<\/p>\n","protected":false},"excerpt":{"rendered":"<p>O evento ser\u00e1 no dia 09 de junho, com in\u00edcio da concentra\u00e7\u00e3o na Par\u00f3quia S\u00e3o Francisco de Assis e reunir\u00e1 os membros das pastorais, movimentos, par\u00f3quias e quase par\u00f3quias da Forania S\u00e3o Pedro &#8211; Teixeira de Freitas. Com o tema \u201cPentecostes: Celebra\u00e7\u00e3o da unidade\u201d, a expectativa \u00e9 de um p\u00fablico de 5 mil fi\u00e9is. A &hellip;<\/p>\n","protected":false},"author":1,"featured_media":6075,"comment_status":"closed","ping_status":"closed","sticky":false,"template":"","format":"standard","meta":{"footnotes":""},"categories":[310],"tags":[59,60,56,57,58],"class_list":["post-6068","post","type-post","status-publish","format-standard","has-post-thumbnail","hentry","category-noticias-paroquiais","tag-catedral-sao-pedro","tag-dom-jailton","tag-festa-de-pentecostes","tag-forania-sao-pedro","tag-nilso-motta"],"_links":{"self":[{"href":"https:\/\/dioceseteixeiradefreitas.com.br\/index.php?rest_route=\/wp\/v2\/posts\/6068","targetHints":{"allow":["GET"]}}],"collection":[{"href":"https:\/\/dioceseteixeiradefreitas.com.br\/index.php?rest_route=\/wp\/v2\/posts"}],"about":[{"href":"https:\/\/dioceseteixeiradefreitas.com.br\/index.php?rest_route=\/wp\/v2\/types\/post"}],"author":[{"embeddable":true,"href":"https:\/\/dioceseteixeiradefreitas.com.br\/index.php?rest_route=\/wp\/v2\/users\/1"}],"replies":[{"embeddable":true,"href":"https:\/\/dioceseteixeiradefreitas.com.br\/index.php?rest_route=%2Fwp%2Fv2%2Fcomments&post=6068"}],"version-history":[{"count":21,"href":"https:\/\/dioceseteixeiradefreitas.com.br\/index.php?rest_route=\/wp\/v2\/posts\/6068\/revisions"}],"predecessor-version":[{"id":6093,"href":"https:\/\/dioceseteixeiradefreitas.com.br\/index.php?rest_route=\/wp\/v2\/posts\/6068\/revisions\/6093"}],"wp:featuredmedia":[{"embeddable":true,"href":"https:\/\/dioceseteixeiradefreitas.com.br\/index.php?rest_route=\/wp\/v2\/media\/6075"}],"wp:attachment":[{"href":"https:\/\/dioceseteixeiradefreitas.com.br\/index.php?rest_route=%2Fwp%2Fv2%2Fmedia&parent=6068"}],"wp:term":[{"taxonomy":"category","embeddable":true,"href":"https:\/\/dioceseteixeiradefreitas.com.br\/index.php?rest_route=%2Fwp%2Fv2%2Fcategories&post=6068"},{"taxonomy":"post_tag","embeddable":true,"href":"https:\/\/dioceseteixeiradefreitas.com.br\/index.php?rest_route=%2Fwp%2Fv2%2Ftags&post=6068"}],"curies":[{"name":"wp","href":"https:\/\/api.w.org\/{rel}","templated":true}]}}