{"id":6131,"date":"2019-05-31T15:19:56","date_gmt":"2019-05-31T18:19:56","guid":{"rendered":"https:\/\/dioceseteixeiradefreitas.com.br\/?p=6131"},"modified":"2019-06-21T21:53:07","modified_gmt":"2019-06-22T00:53:07","slug":"papa-francisco-envia-mensagem-para-o-53o-dia-mundial-das-comunicacoes-sociais","status":"publish","type":"post","link":"https:\/\/dioceseteixeiradefreitas.com.br\/?p=6131","title":{"rendered":"Papa Francisco envia Mensagem para o 53\u00ba Dia Mundial das Comunica\u00e7\u00f5es Sociais"},"content":{"rendered":"<figure id=\"attachment_6132\" aria-describedby=\"caption-attachment-6132\" style=\"width: 1000px\" class=\"wp-caption aligncenter\"><img loading=\"lazy\" decoding=\"async\" class=\"wp-image-6132 size-full\" src=\"https:\/\/dioceseteixeiradefreitas.com.br\/wp-content\/uploads\/2019\/05\/mensagem-do-Papa-Francisco-para-o-53-dia-das-Comunica\u00e7\u00f5es-Sociais.png\" alt=\"\" width=\"1000\" height=\"499\" srcset=\"https:\/\/dioceseteixeiradefreitas.com.br\/wp-content\/uploads\/2019\/05\/mensagem-do-Papa-Francisco-para-o-53-dia-das-Comunica\u00e7\u00f5es-Sociais.png 1000w, https:\/\/dioceseteixeiradefreitas.com.br\/wp-content\/uploads\/2019\/05\/mensagem-do-Papa-Francisco-para-o-53-dia-das-Comunica\u00e7\u00f5es-Sociais-600x299.png 600w, https:\/\/dioceseteixeiradefreitas.com.br\/wp-content\/uploads\/2019\/05\/mensagem-do-Papa-Francisco-para-o-53-dia-das-Comunica\u00e7\u00f5es-Sociais-300x150.png 300w, https:\/\/dioceseteixeiradefreitas.com.br\/wp-content\/uploads\/2019\/05\/mensagem-do-Papa-Francisco-para-o-53-dia-das-Comunica\u00e7\u00f5es-Sociais-768x383.png 768w\" sizes=\"auto, (max-width: 1000px) 100vw, 1000px\" \/><figcaption id=\"caption-attachment-6132\" class=\"wp-caption-text\">Imagem: Papa Francisco \u2013 PASCOM\/Divulga\u00e7\u00e3o &#8211; Foto: Vaticano News<\/figcaption><\/figure>\n<p>&nbsp;<\/p>\n<p>\u201cSomos membros uns dos outros (Ef 4, 25): das comunidades de redes sociais \u00e0 comunidade humana\u201d. Este \u00e9 o tema escolhido pelo Papa Francisco na mensagem para o 53\u00ba Dia Mundial das Comunica\u00e7\u00f5es Sociais deste ano, que ser\u00e1 celebrado no domingo da Ascens\u00e3o do Senhor.<\/p>\n<p>O texto reflete a import\u00e2ncia das rela\u00e7\u00f5es existentes no mundo da internet. Tendo em vista tamb\u00e9m que chama a aten\u00e7\u00e3o para as distor\u00e7\u00f5es e fatos que ela pode desencadear no mundo virtual.<\/p>\n<blockquote><p><em>&#8220;Se \u00e9 verdade que a internet constitui uma possibilidade extraordin\u00e1ria de acesso ao saber, tamb\u00e9m \u00e9 verdade que se revelou como um dos locais mais expostos \u00e0 desinforma\u00e7\u00e3o e \u00e0 distor\u00e7\u00e3o consciente e pilotada dos fatos e rela\u00e7\u00f5es interpessoais, a ponto de, muitas vezes, cair no descr\u00e9dito&#8221;<\/em>, diz o Sumo Pont\u00edfice na mensagem.<\/p><\/blockquote>\n<p>Enfatizou tamb\u00e9m para estabelecermos mais di\u00e1logo e rela\u00e7\u00e3o humana uns com os outros em meio aos tempos virtuais.<\/p>\n<blockquote><p><em>&#8220;Uma tal capacidade de compreens\u00e3o e comunica\u00e7\u00e3o entre as pessoas humanas tem o seu fundamento na comunh\u00e3o de amor entre as Pessoas divinas. Deus n\u00e3o \u00e9 Solid\u00e3o, mas Comunh\u00e3o; \u00e9 Amor e, consequentemente, comunica\u00e7\u00e3o, porque o amor sempre comunica; antes, comunica-se a si mesmo para encontrar o outro. Para comunicar conosco e se comunicar a n\u00f3s, Deus adapta-Se \u00e0 nossa linguagem, estabelecendo na hist\u00f3ria um verdadeiro e pr\u00f3prio di\u00e1logo com a humanidade&#8221; (cf. Conc. Ecum. Vat. II, Const. dogm. Dei Verbum, 2)<\/em>.<\/p><\/blockquote>\n<figure id=\"attachment_6143\" aria-describedby=\"caption-attachment-6143\" style=\"width: 214px\" class=\"wp-caption aligncenter\"><a href=\"https:\/\/dioceseteixeiradefreitas.com.br\/wp-content\/uploads\/2019\/05\/PASCOM-BRASIL-DMCS-2019-Cartaz-Baixa.jpg\"><img loading=\"lazy\" decoding=\"async\" class=\"wp-image-6143 size-medium\" src=\"https:\/\/dioceseteixeiradefreitas.com.br\/wp-content\/uploads\/2019\/05\/PASCOM-BRASIL-DMCS-2019-Cartaz-Baixa-214x300.jpg\" alt=\"\" width=\"214\" height=\"300\" srcset=\"https:\/\/dioceseteixeiradefreitas.com.br\/wp-content\/uploads\/2019\/05\/PASCOM-BRASIL-DMCS-2019-Cartaz-Baixa-214x300.jpg 214w, https:\/\/dioceseteixeiradefreitas.com.br\/wp-content\/uploads\/2019\/05\/PASCOM-BRASIL-DMCS-2019-Cartaz-Baixa-600x840.jpg 600w, https:\/\/dioceseteixeiradefreitas.com.br\/wp-content\/uploads\/2019\/05\/PASCOM-BRASIL-DMCS-2019-Cartaz-Baixa-768x1076.jpg 768w, https:\/\/dioceseteixeiradefreitas.com.br\/wp-content\/uploads\/2019\/05\/PASCOM-BRASIL-DMCS-2019-Cartaz-Baixa-731x1024.jpg 731w, https:\/\/dioceseteixeiradefreitas.com.br\/wp-content\/uploads\/2019\/05\/PASCOM-BRASIL-DMCS-2019-Cartaz-Baixa-scaled.jpg 1828w\" sizes=\"auto, (max-width: 214px) 100vw, 214px\" \/><\/a><figcaption id=\"caption-attachment-6143\" class=\"wp-caption-text\">Imagem: Cartaz &#8211; PASCOM\/Divulga\u00e7\u00e3o<\/figcaption><\/figure>\n<p><strong>MENSAGEM AOS AGENTES DA PASCOM PARA O 53\u00ba DIA DAS COMUNICA\u00c7\u00d5ES SOCIAIS<\/strong><\/p>\n<p>O Assessor Diocesano da PASCOM, Pe. Ricardo Menezes, enviou uma mensagem destinada a todos os membros da Pastoral da Comunica\u00e7\u00e3o de nossa Diocese, acompanhe:<\/p>\n<blockquote><p><em>Irm\u00e3os e irm\u00e3s. Sauda\u00e7\u00f5es em Cristo Ressuscitado! <\/em><\/p>\n<p><em>Mais um ano celebramos o Dia Mundial das Comunica\u00e7\u00f5es Sociais e como sabemos, a comunica\u00e7\u00e3o faz parte da vida. Hoje vivemos em um mundo altamente globalizado, e como Igreja precisamos nos adequar a isso cada vez mais, utilizando as m\u00eddias sociais para levar o Evangelho de Cristo a todas as criaturas. \u00c9 papel fundamental da PASCOM promover esta comunica\u00e7\u00e3o e unidade entre as pessoas e comunidades, nos seus variados minist\u00e9rios e carismas. Quero aqui, como Assessor Diocesano, parabenizar a cada um pelo esfor\u00e7o que vem realizando em prol da nossa pastoral, os desafios s\u00e3o muitos, mas n\u00e3o podemos nos prender a eles, a nossa miss\u00e3o \u00e9 evangelizar. Parab\u00e9ns a todos pela caminhada e estamos juntos na barca de Pedro, levando a Palavra de Deus aos lugares mais distantes e \u00e0s pessoas abertas \u00e0 Boa Nova. <\/em><\/p>\n<p><em>Abra\u00e7o fraterno. Paz e Bem!<\/em><\/p>\n<p style=\"text-align: center;\">Pe. Ricardo<\/p>\n<p style=\"text-align: center;\">(Assessor Diocesano da PASCOM).<\/p>\n<\/blockquote>\n<p style=\"text-align: left;\">O Bispo Diocesano, Dom Jailton de Oliveira Lino, tamb\u00e9m fez quest\u00e3o de deixar uma mensagem para os membros da pastoral.<\/p>\n<div style=\"width: 848px;\" class=\"wp-video\"><video class=\"wp-video-shortcode\" id=\"video-6131-1\" width=\"848\" height=\"480\" poster=\"https:\/\/dioceseteixeiradefreitas.com.br\/wp-content\/uploads\/2019\/05\/25df1acf-d196-4bf8-8373-4f948cb1f760.jpg\" preload=\"metadata\" controls=\"controls\"><source type=\"video\/mp4\" src=\"https:\/\/dioceseteixeiradefreitas.com.br\/wp-content\/uploads\/2019\/05\/WhatsApp-Video-2019-05-31-at-08.25.45.mp4?_=1\" \/><a href=\"https:\/\/dioceseteixeiradefreitas.com.br\/wp-content\/uploads\/2019\/05\/WhatsApp-Video-2019-05-31-at-08.25.45.mp4\">https:\/\/dioceseteixeiradefreitas.com.br\/wp-content\/uploads\/2019\/05\/WhatsApp-Video-2019-05-31-at-08.25.45.mp4<\/a><\/video><\/div>\n","protected":false},"excerpt":{"rendered":"<p>&nbsp; \u201cSomos membros uns dos outros (Ef 4, 25): das comunidades de redes sociais \u00e0 comunidade humana\u201d. Este \u00e9 o tema escolhido pelo Papa Francisco na mensagem para o 53\u00ba Dia Mundial das Comunica\u00e7\u00f5es Sociais deste ano, que ser\u00e1 celebrado no domingo da Ascens\u00e3o do Senhor. O texto reflete a import\u00e2ncia das rela\u00e7\u00f5es existentes no &hellip;<\/p>\n","protected":false},"author":1,"featured_media":6132,"comment_status":"closed","ping_status":"closed","sticky":false,"template":"","format":"standard","meta":{"footnotes":""},"categories":[104,100],"tags":[69,71,70],"class_list":["post-6131","post","type-post","status-publish","format-standard","has-post-thumbnail","hentry","category-noticias-da-cnbb","category-noticias-diocesanas","tag-dia-mundial-das-comunicacoes-sociais","tag-papa-francisco","tag-pe-ricardo"],"_links":{"self":[{"href":"https:\/\/dioceseteixeiradefreitas.com.br\/index.php?rest_route=\/wp\/v2\/posts\/6131","targetHints":{"allow":["GET"]}}],"collection":[{"href":"https:\/\/dioceseteixeiradefreitas.com.br\/index.php?rest_route=\/wp\/v2\/posts"}],"about":[{"href":"https:\/\/dioceseteixeiradefreitas.com.br\/index.php?rest_route=\/wp\/v2\/types\/post"}],"author":[{"embeddable":true,"href":"https:\/\/dioceseteixeiradefreitas.com.br\/index.php?rest_route=\/wp\/v2\/users\/1"}],"replies":[{"embeddable":true,"href":"https:\/\/dioceseteixeiradefreitas.com.br\/index.php?rest_route=%2Fwp%2Fv2%2Fcomments&post=6131"}],"version-history":[{"count":9,"href":"https:\/\/dioceseteixeiradefreitas.com.br\/index.php?rest_route=\/wp\/v2\/posts\/6131\/revisions"}],"predecessor-version":[{"id":6147,"href":"https:\/\/dioceseteixeiradefreitas.com.br\/index.php?rest_route=\/wp\/v2\/posts\/6131\/revisions\/6147"}],"wp:featuredmedia":[{"embeddable":true,"href":"https:\/\/dioceseteixeiradefreitas.com.br\/index.php?rest_route=\/wp\/v2\/media\/6132"}],"wp:attachment":[{"href":"https:\/\/dioceseteixeiradefreitas.com.br\/index.php?rest_route=%2Fwp%2Fv2%2Fmedia&parent=6131"}],"wp:term":[{"taxonomy":"category","embeddable":true,"href":"https:\/\/dioceseteixeiradefreitas.com.br\/index.php?rest_route=%2Fwp%2Fv2%2Fcategories&post=6131"},{"taxonomy":"post_tag","embeddable":true,"href":"https:\/\/dioceseteixeiradefreitas.com.br\/index.php?rest_route=%2Fwp%2Fv2%2Ftags&post=6131"}],"curies":[{"name":"wp","href":"https:\/\/api.w.org\/{rel}","templated":true}]}}