{"id":6286,"date":"2019-06-13T17:59:38","date_gmt":"2019-06-13T20:59:38","guid":{"rendered":"https:\/\/dioceseteixeiradefreitas.com.br\/?p=6286"},"modified":"2019-09-30T15:21:52","modified_gmt":"2019-09-30T18:21:52","slug":"quase-paroquia-santo-antonio-de-pe-aelson-e-elevada-paroquia-no-distrito-de-santo-antonio","status":"publish","type":"post","link":"https:\/\/dioceseteixeiradefreitas.com.br\/?p=6286","title":{"rendered":"Quase Par\u00f3quia Santo Ant\u00f4nio de Pe. Aelson \u00e9 elevada Par\u00f3quia no distrito de Santo Ant\u00f4nio"},"content":{"rendered":"<figure id=\"attachment_6292\" aria-describedby=\"caption-attachment-6292\" style=\"width: 708px\" class=\"wp-caption aligncenter\"><img loading=\"lazy\" decoding=\"async\" class=\"wp-image-6292 size-large\" src=\"https:\/\/dioceseteixeiradefreitas.com.br\/wp-content\/uploads\/2019\/06\/DSC_0027-1024x683.jpg\" alt=\"\" width=\"708\" height=\"472\" srcset=\"https:\/\/dioceseteixeiradefreitas.com.br\/wp-content\/uploads\/2019\/06\/DSC_0027.jpg 1024w, https:\/\/dioceseteixeiradefreitas.com.br\/wp-content\/uploads\/2019\/06\/DSC_0027-600x400.jpg 600w, https:\/\/dioceseteixeiradefreitas.com.br\/wp-content\/uploads\/2019\/06\/DSC_0027-300x200.jpg 300w, https:\/\/dioceseteixeiradefreitas.com.br\/wp-content\/uploads\/2019\/06\/DSC_0027-768x512.jpg 768w\" sizes=\"auto, (max-width: 708px) 100vw, 708px\" \/><figcaption id=\"caption-attachment-6292\" class=\"wp-caption-text\">Imagem: Pe. Aelson Neves &#8211; PASCOM\/Divulga\u00e7\u00e3o<\/figcaption><\/figure>\n<p>A Quase Par\u00f3quia Santo Ant\u00f4nio do distrito que leva seu nome foi elevada Par\u00f3quia pelo Bispo Diocesano, Dom Jailton de Oliveira Lino, na noite de ter\u00e7a-feira (11), para a alegria de muitos fi\u00e9is que se emocionaram durante todos os momentos.<\/p>\n<p>A cria\u00e7\u00e3o desta par\u00f3quia vem de encontro com as grandes necessidades da comunidade cat\u00f3lica do distrito de Santo Ant\u00f4nio, em levar os ensinamentos de Jesus, para as pessoas dessa regi\u00e3o, para as fam\u00edlias e as comunidades rurais que ali existem.<\/p>\n<p>Para conduzir a Par\u00f3quia, Dom Jailton empossou na celebra\u00e7\u00e3o o Revmo. Pe. Aelson Neves de Jesus como Administrador paroquial.<\/p>\n<figure id=\"attachment_6293\" aria-describedby=\"caption-attachment-6293\" style=\"width: 708px\" class=\"wp-caption aligncenter\"><img loading=\"lazy\" decoding=\"async\" class=\"wp-image-6293 size-large\" src=\"https:\/\/dioceseteixeiradefreitas.com.br\/wp-content\/uploads\/2019\/06\/DSC_0181-1-1024x683.jpg\" alt=\"\" width=\"708\" height=\"472\" srcset=\"https:\/\/dioceseteixeiradefreitas.com.br\/wp-content\/uploads\/2019\/06\/DSC_0181-1.jpg 1024w, https:\/\/dioceseteixeiradefreitas.com.br\/wp-content\/uploads\/2019\/06\/DSC_0181-1-600x400.jpg 600w, https:\/\/dioceseteixeiradefreitas.com.br\/wp-content\/uploads\/2019\/06\/DSC_0181-1-300x200.jpg 300w, https:\/\/dioceseteixeiradefreitas.com.br\/wp-content\/uploads\/2019\/06\/DSC_0181-1-768x512.jpg 768w\" sizes=\"auto, (max-width: 708px) 100vw, 708px\" \/><figcaption id=\"caption-attachment-6293\" class=\"wp-caption-text\">Imagem: Pe. Fabiano \u00e0 esquerda, Dom Jailton e Pe. Aelson &#8211; PASCOM\/Divulga\u00e7\u00e3o<\/figcaption><\/figure>\n<p>A Solenidade de oficializa\u00e7\u00e3o da Ere\u00e7\u00e3o da Par\u00f3quia Santo Ant\u00f4nio, contou com a presen\u00e7a de v\u00e1rios Sacerdotes: Pe. Fabiano Costa &#8211; vig\u00e1rio for\u00e2neo, Pe. D\u00e1cio Bai\u00e3o, Pe. Edivaldo, Pe. Ronaldo, Pe. Ros\u00e9cio e Pe. Jailton Sapucaia.<\/p>\n<p>&nbsp;<\/p>\n<p><strong>Comunidades<\/strong><\/p>\n<p>A Par\u00f3quia Santo Ant\u00f4nio abranger\u00e1 as seguintes comunidades:<\/p>\n<p>Comunidade Nossa Senhora Aparecida &#8211; Caf\u00e9 gl\u00f3ria;<\/p>\n<p>Comunidade Nossa Senhora Aparecida &#8211; Sossego;<\/p>\n<p>Comunidade Nossa Senhora Aparecida &#8211; Itaitinga I;<\/p>\n<p>Comunidade S\u00e3o Benedito &#8211; Itaitinga II;<\/p>\n<p>Comunidade Nossa Senhora de Lourdes &#8211; Pouso Alegre;<\/p>\n<p>Comunidade S\u00e3o Sebasti\u00e3o &#8211; Palha;<\/p>\n<p>Comunidade Nossa Senhora de F\u00e1tima &#8211; Assentamento Bela Manh\u00e3;<\/p>\n<p>Comunidade Nossa Senhora de F\u00e1tima &#8211; Assentamento F\u00e1bio Santos;<\/p>\n<p>Comunidade Bom Jesus &#8211; Vila Marinha;<\/p>\n<p>Comunidade Nossa Senhora do Perp\u00e9tuo Socorro &#8211; Jardim Novo.<\/p>\n<p>&nbsp;<\/p>\n<p>Confira as fotos da celebra\u00e7\u00e3o:<\/p>\n<div id='gallery-1' class='gallery galleryid-6286 gallery-columns-3 gallery-size-medium'><figure class='gallery-item'>\n\t\t\t<div class='gallery-icon landscape'>\n\t\t\t\t<a href='https:\/\/dioceseteixeiradefreitas.com.br\/wp-content\/uploads\/2019\/06\/DSC_0002.jpg'><img loading=\"lazy\" decoding=\"async\" width=\"300\" height=\"200\" src=\"https:\/\/dioceseteixeiradefreitas.com.br\/wp-content\/uploads\/2019\/06\/DSC_0002-300x200.jpg\" class=\"attachment-medium size-medium\" alt=\"\" srcset=\"https:\/\/dioceseteixeiradefreitas.com.br\/wp-content\/uploads\/2019\/06\/DSC_0002-300x200.jpg 300w, https:\/\/dioceseteixeiradefreitas.com.br\/wp-content\/uploads\/2019\/06\/DSC_0002-600x400.jpg 600w, https:\/\/dioceseteixeiradefreitas.com.br\/wp-content\/uploads\/2019\/06\/DSC_0002-768x512.jpg 768w, https:\/\/dioceseteixeiradefreitas.com.br\/wp-content\/uploads\/2019\/06\/DSC_0002.jpg 1024w\" sizes=\"auto, (max-width: 300px) 100vw, 300px\" \/><\/a>\n\t\t\t<\/div><\/figure><figure class='gallery-item'>\n\t\t\t<div class='gallery-icon landscape'>\n\t\t\t\t<a href='https:\/\/dioceseteixeiradefreitas.com.br\/wp-content\/uploads\/2019\/06\/DSC_0011.jpg'><img loading=\"lazy\" decoding=\"async\" width=\"300\" height=\"200\" src=\"https:\/\/dioceseteixeiradefreitas.com.br\/wp-content\/uploads\/2019\/06\/DSC_0011-300x200.jpg\" class=\"attachment-medium size-medium\" alt=\"\" srcset=\"https:\/\/dioceseteixeiradefreitas.com.br\/wp-content\/uploads\/2019\/06\/DSC_0011-300x200.jpg 300w, https:\/\/dioceseteixeiradefreitas.com.br\/wp-content\/uploads\/2019\/06\/DSC_0011-600x400.jpg 600w, https:\/\/dioceseteixeiradefreitas.com.br\/wp-content\/uploads\/2019\/06\/DSC_0011-768x512.jpg 768w, https:\/\/dioceseteixeiradefreitas.com.br\/wp-content\/uploads\/2019\/06\/DSC_0011.jpg 1024w\" sizes=\"auto, (max-width: 300px) 100vw, 300px\" \/><\/a>\n\t\t\t<\/div><\/figure><figure class='gallery-item'>\n\t\t\t<div class='gallery-icon landscape'>\n\t\t\t\t<a href='https:\/\/dioceseteixeiradefreitas.com.br\/wp-content\/uploads\/2019\/06\/DSC_0014.jpg'><img loading=\"lazy\" decoding=\"async\" width=\"300\" height=\"200\" src=\"https:\/\/dioceseteixeiradefreitas.com.br\/wp-content\/uploads\/2019\/06\/DSC_0014-300x200.jpg\" class=\"attachment-medium size-medium\" alt=\"\" srcset=\"https:\/\/dioceseteixeiradefreitas.com.br\/wp-content\/uploads\/2019\/06\/DSC_0014-300x200.jpg 300w, https:\/\/dioceseteixeiradefreitas.com.br\/wp-content\/uploads\/2019\/06\/DSC_0014-600x400.jpg 600w, https:\/\/dioceseteixeiradefreitas.com.br\/wp-content\/uploads\/2019\/06\/DSC_0014-768x512.jpg 768w, https:\/\/dioceseteixeiradefreitas.com.br\/wp-content\/uploads\/2019\/06\/DSC_0014.jpg 1024w\" sizes=\"auto, (max-width: 300px) 100vw, 300px\" \/><\/a>\n\t\t\t<\/div><\/figure><figure class='gallery-item'>\n\t\t\t<div class='gallery-icon landscape'>\n\t\t\t\t<a href='https:\/\/dioceseteixeiradefreitas.com.br\/wp-content\/uploads\/2019\/06\/DSC_0021.jpg'><img loading=\"lazy\" decoding=\"async\" width=\"300\" height=\"200\" src=\"https:\/\/dioceseteixeiradefreitas.com.br\/wp-content\/uploads\/2019\/06\/DSC_0021-300x200.jpg\" class=\"attachment-medium size-medium\" alt=\"\" srcset=\"https:\/\/dioceseteixeiradefreitas.com.br\/wp-content\/uploads\/2019\/06\/DSC_0021-300x200.jpg 300w, https:\/\/dioceseteixeiradefreitas.com.br\/wp-content\/uploads\/2019\/06\/DSC_0021-600x400.jpg 600w, https:\/\/dioceseteixeiradefreitas.com.br\/wp-content\/uploads\/2019\/06\/DSC_0021-768x512.jpg 768w, https:\/\/dioceseteixeiradefreitas.com.br\/wp-content\/uploads\/2019\/06\/DSC_0021.jpg 1024w\" sizes=\"auto, (max-width: 300px) 100vw, 300px\" \/><\/a>\n\t\t\t<\/div><\/figure><figure class='gallery-item'>\n\t\t\t<div class='gallery-icon landscape'>\n\t\t\t\t<a href='https:\/\/dioceseteixeiradefreitas.com.br\/wp-content\/uploads\/2019\/06\/DSC_0024.jpg'><img loading=\"lazy\" decoding=\"async\" width=\"300\" height=\"200\" src=\"https:\/\/dioceseteixeiradefreitas.com.br\/wp-content\/uploads\/2019\/06\/DSC_0024-300x200.jpg\" class=\"attachment-medium size-medium\" alt=\"\" srcset=\"https:\/\/dioceseteixeiradefreitas.com.br\/wp-content\/uploads\/2019\/06\/DSC_0024-300x200.jpg 300w, https:\/\/dioceseteixeiradefreitas.com.br\/wp-content\/uploads\/2019\/06\/DSC_0024-600x400.jpg 600w, https:\/\/dioceseteixeiradefreitas.com.br\/wp-content\/uploads\/2019\/06\/DSC_0024-768x512.jpg 768w, https:\/\/dioceseteixeiradefreitas.com.br\/wp-content\/uploads\/2019\/06\/DSC_0024.jpg 1024w\" sizes=\"auto, (max-width: 300px) 100vw, 300px\" \/><\/a>\n\t\t\t<\/div><\/figure><figure class='gallery-item'>\n\t\t\t<div class='gallery-icon landscape'>\n\t\t\t\t<a href='https:\/\/dioceseteixeiradefreitas.com.br\/wp-content\/uploads\/2019\/06\/DSC_0033.jpg'><img loading=\"lazy\" decoding=\"async\" width=\"300\" height=\"200\" src=\"https:\/\/dioceseteixeiradefreitas.com.br\/wp-content\/uploads\/2019\/06\/DSC_0033-300x200.jpg\" class=\"attachment-medium size-medium\" alt=\"\" srcset=\"https:\/\/dioceseteixeiradefreitas.com.br\/wp-content\/uploads\/2019\/06\/DSC_0033-300x200.jpg 300w, https:\/\/dioceseteixeiradefreitas.com.br\/wp-content\/uploads\/2019\/06\/DSC_0033-600x400.jpg 600w, https:\/\/dioceseteixeiradefreitas.com.br\/wp-content\/uploads\/2019\/06\/DSC_0033-768x512.jpg 768w, https:\/\/dioceseteixeiradefreitas.com.br\/wp-content\/uploads\/2019\/06\/DSC_0033.jpg 1024w\" sizes=\"auto, (max-width: 300px) 100vw, 300px\" \/><\/a>\n\t\t\t<\/div><\/figure><figure class='gallery-item'>\n\t\t\t<div class='gallery-icon landscape'>\n\t\t\t\t<a href='https:\/\/dioceseteixeiradefreitas.com.br\/wp-content\/uploads\/2019\/06\/DSC_0035.jpg'><img loading=\"lazy\" decoding=\"async\" width=\"300\" height=\"200\" src=\"https:\/\/dioceseteixeiradefreitas.com.br\/wp-content\/uploads\/2019\/06\/DSC_0035-300x200.jpg\" class=\"attachment-medium size-medium\" alt=\"\" srcset=\"https:\/\/dioceseteixeiradefreitas.com.br\/wp-content\/uploads\/2019\/06\/DSC_0035-300x200.jpg 300w, https:\/\/dioceseteixeiradefreitas.com.br\/wp-content\/uploads\/2019\/06\/DSC_0035-600x400.jpg 600w, https:\/\/dioceseteixeiradefreitas.com.br\/wp-content\/uploads\/2019\/06\/DSC_0035-768x512.jpg 768w, https:\/\/dioceseteixeiradefreitas.com.br\/wp-content\/uploads\/2019\/06\/DSC_0035.jpg 1024w\" sizes=\"auto, (max-width: 300px) 100vw, 300px\" \/><\/a>\n\t\t\t<\/div><\/figure><figure class='gallery-item'>\n\t\t\t<div class='gallery-icon landscape'>\n\t\t\t\t<a href='https:\/\/dioceseteixeiradefreitas.com.br\/wp-content\/uploads\/2019\/06\/DSC_0044.jpg'><img loading=\"lazy\" decoding=\"async\" width=\"300\" height=\"200\" src=\"https:\/\/dioceseteixeiradefreitas.com.br\/wp-content\/uploads\/2019\/06\/DSC_0044-300x200.jpg\" class=\"attachment-medium size-medium\" alt=\"\" srcset=\"https:\/\/dioceseteixeiradefreitas.com.br\/wp-content\/uploads\/2019\/06\/DSC_0044-300x200.jpg 300w, https:\/\/dioceseteixeiradefreitas.com.br\/wp-content\/uploads\/2019\/06\/DSC_0044-600x400.jpg 600w, https:\/\/dioceseteixeiradefreitas.com.br\/wp-content\/uploads\/2019\/06\/DSC_0044-768x512.jpg 768w, https:\/\/dioceseteixeiradefreitas.com.br\/wp-content\/uploads\/2019\/06\/DSC_0044.jpg 1024w\" sizes=\"auto, (max-width: 300px) 100vw, 300px\" \/><\/a>\n\t\t\t<\/div><\/figure><figure class='gallery-item'>\n\t\t\t<div class='gallery-icon landscape'>\n\t\t\t\t<a href='https:\/\/dioceseteixeiradefreitas.com.br\/wp-content\/uploads\/2019\/06\/DSC_0050.jpg'><img loading=\"lazy\" decoding=\"async\" width=\"300\" height=\"200\" src=\"https:\/\/dioceseteixeiradefreitas.com.br\/wp-content\/uploads\/2019\/06\/DSC_0050-300x200.jpg\" class=\"attachment-medium size-medium\" alt=\"\" srcset=\"https:\/\/dioceseteixeiradefreitas.com.br\/wp-content\/uploads\/2019\/06\/DSC_0050-300x200.jpg 300w, https:\/\/dioceseteixeiradefreitas.com.br\/wp-content\/uploads\/2019\/06\/DSC_0050-600x400.jpg 600w, https:\/\/dioceseteixeiradefreitas.com.br\/wp-content\/uploads\/2019\/06\/DSC_0050-768x512.jpg 768w, https:\/\/dioceseteixeiradefreitas.com.br\/wp-content\/uploads\/2019\/06\/DSC_0050.jpg 1024w\" sizes=\"auto, (max-width: 300px) 100vw, 300px\" \/><\/a>\n\t\t\t<\/div><\/figure><figure class='gallery-item'>\n\t\t\t<div class='gallery-icon landscape'>\n\t\t\t\t<a href='https:\/\/dioceseteixeiradefreitas.com.br\/wp-content\/uploads\/2019\/06\/DSC_0054.jpg'><img loading=\"lazy\" decoding=\"async\" width=\"300\" height=\"200\" src=\"https:\/\/dioceseteixeiradefreitas.com.br\/wp-content\/uploads\/2019\/06\/DSC_0054-300x200.jpg\" class=\"attachment-medium size-medium\" alt=\"\" srcset=\"https:\/\/dioceseteixeiradefreitas.com.br\/wp-content\/uploads\/2019\/06\/DSC_0054-300x200.jpg 300w, https:\/\/dioceseteixeiradefreitas.com.br\/wp-content\/uploads\/2019\/06\/DSC_0054-600x400.jpg 600w, https:\/\/dioceseteixeiradefreitas.com.br\/wp-content\/uploads\/2019\/06\/DSC_0054-768x512.jpg 768w, https:\/\/dioceseteixeiradefreitas.com.br\/wp-content\/uploads\/2019\/06\/DSC_0054.jpg 1024w\" sizes=\"auto, (max-width: 300px) 100vw, 300px\" \/><\/a>\n\t\t\t<\/div><\/figure><figure class='gallery-item'>\n\t\t\t<div class='gallery-icon landscape'>\n\t\t\t\t<a href='https:\/\/dioceseteixeiradefreitas.com.br\/wp-content\/uploads\/2019\/06\/DSC_0075-1.jpg'><img loading=\"lazy\" decoding=\"async\" width=\"300\" height=\"200\" src=\"https:\/\/dioceseteixeiradefreitas.com.br\/wp-content\/uploads\/2019\/06\/DSC_0075-1-300x200.jpg\" class=\"attachment-medium size-medium\" alt=\"\" srcset=\"https:\/\/dioceseteixeiradefreitas.com.br\/wp-content\/uploads\/2019\/06\/DSC_0075-1-300x200.jpg 300w, https:\/\/dioceseteixeiradefreitas.com.br\/wp-content\/uploads\/2019\/06\/DSC_0075-1-600x400.jpg 600w, https:\/\/dioceseteixeiradefreitas.com.br\/wp-content\/uploads\/2019\/06\/DSC_0075-1-768x512.jpg 768w, https:\/\/dioceseteixeiradefreitas.com.br\/wp-content\/uploads\/2019\/06\/DSC_0075-1.jpg 1024w\" sizes=\"auto, (max-width: 300px) 100vw, 300px\" \/><\/a>\n\t\t\t<\/div><\/figure><figure class='gallery-item'>\n\t\t\t<div class='gallery-icon landscape'>\n\t\t\t\t<a href='https:\/\/dioceseteixeiradefreitas.com.br\/wp-content\/uploads\/2019\/06\/DSC_0076.jpg'><img loading=\"lazy\" decoding=\"async\" width=\"300\" height=\"200\" src=\"https:\/\/dioceseteixeiradefreitas.com.br\/wp-content\/uploads\/2019\/06\/DSC_0076-300x200.jpg\" class=\"attachment-medium size-medium\" alt=\"\" srcset=\"https:\/\/dioceseteixeiradefreitas.com.br\/wp-content\/uploads\/2019\/06\/DSC_0076-300x200.jpg 300w, https:\/\/dioceseteixeiradefreitas.com.br\/wp-content\/uploads\/2019\/06\/DSC_0076-600x400.jpg 600w, https:\/\/dioceseteixeiradefreitas.com.br\/wp-content\/uploads\/2019\/06\/DSC_0076-768x512.jpg 768w, https:\/\/dioceseteixeiradefreitas.com.br\/wp-content\/uploads\/2019\/06\/DSC_0076.jpg 1024w\" sizes=\"auto, (max-width: 300px) 100vw, 300px\" \/><\/a>\n\t\t\t<\/div><\/figure><figure class='gallery-item'>\n\t\t\t<div class='gallery-icon landscape'>\n\t\t\t\t<a href='https:\/\/dioceseteixeiradefreitas.com.br\/wp-content\/uploads\/2019\/06\/DSC_0091.jpg'><img loading=\"lazy\" decoding=\"async\" width=\"300\" height=\"200\" src=\"https:\/\/dioceseteixeiradefreitas.com.br\/wp-content\/uploads\/2019\/06\/DSC_0091-300x200.jpg\" class=\"attachment-medium size-medium\" alt=\"\" srcset=\"https:\/\/dioceseteixeiradefreitas.com.br\/wp-content\/uploads\/2019\/06\/DSC_0091-300x200.jpg 300w, https:\/\/dioceseteixeiradefreitas.com.br\/wp-content\/uploads\/2019\/06\/DSC_0091-600x400.jpg 600w, https:\/\/dioceseteixeiradefreitas.com.br\/wp-content\/uploads\/2019\/06\/DSC_0091-768x512.jpg 768w, https:\/\/dioceseteixeiradefreitas.com.br\/wp-content\/uploads\/2019\/06\/DSC_0091.jpg 1024w\" sizes=\"auto, (max-width: 300px) 100vw, 300px\" \/><\/a>\n\t\t\t<\/div><\/figure><figure class='gallery-item'>\n\t\t\t<div class='gallery-icon landscape'>\n\t\t\t\t<a href='https:\/\/dioceseteixeiradefreitas.com.br\/wp-content\/uploads\/2019\/06\/DSC_0101.jpg'><img loading=\"lazy\" decoding=\"async\" width=\"300\" height=\"200\" src=\"https:\/\/dioceseteixeiradefreitas.com.br\/wp-content\/uploads\/2019\/06\/DSC_0101-300x200.jpg\" class=\"attachment-medium size-medium\" alt=\"\" srcset=\"https:\/\/dioceseteixeiradefreitas.com.br\/wp-content\/uploads\/2019\/06\/DSC_0101-300x200.jpg 300w, https:\/\/dioceseteixeiradefreitas.com.br\/wp-content\/uploads\/2019\/06\/DSC_0101-600x400.jpg 600w, https:\/\/dioceseteixeiradefreitas.com.br\/wp-content\/uploads\/2019\/06\/DSC_0101-768x512.jpg 768w, https:\/\/dioceseteixeiradefreitas.com.br\/wp-content\/uploads\/2019\/06\/DSC_0101.jpg 1024w\" sizes=\"auto, (max-width: 300px) 100vw, 300px\" \/><\/a>\n\t\t\t<\/div><\/figure><figure class='gallery-item'>\n\t\t\t<div class='gallery-icon landscape'>\n\t\t\t\t<a href='https:\/\/dioceseteixeiradefreitas.com.br\/wp-content\/uploads\/2019\/06\/DSC_0104.jpg'><img loading=\"lazy\" decoding=\"async\" width=\"300\" height=\"200\" src=\"https:\/\/dioceseteixeiradefreitas.com.br\/wp-content\/uploads\/2019\/06\/DSC_0104-300x200.jpg\" class=\"attachment-medium size-medium\" alt=\"\" srcset=\"https:\/\/dioceseteixeiradefreitas.com.br\/wp-content\/uploads\/2019\/06\/DSC_0104-300x200.jpg 300w, https:\/\/dioceseteixeiradefreitas.com.br\/wp-content\/uploads\/2019\/06\/DSC_0104-600x400.jpg 600w, https:\/\/dioceseteixeiradefreitas.com.br\/wp-content\/uploads\/2019\/06\/DSC_0104-768x512.jpg 768w, https:\/\/dioceseteixeiradefreitas.com.br\/wp-content\/uploads\/2019\/06\/DSC_0104.jpg 1024w\" sizes=\"auto, (max-width: 300px) 100vw, 300px\" \/><\/a>\n\t\t\t<\/div><\/figure><figure class='gallery-item'>\n\t\t\t<div class='gallery-icon landscape'>\n\t\t\t\t<a href='https:\/\/dioceseteixeiradefreitas.com.br\/wp-content\/uploads\/2019\/06\/DSC_0133.jpg'><img loading=\"lazy\" decoding=\"async\" width=\"300\" height=\"200\" src=\"https:\/\/dioceseteixeiradefreitas.com.br\/wp-content\/uploads\/2019\/06\/DSC_0133-300x200.jpg\" class=\"attachment-medium size-medium\" alt=\"\" srcset=\"https:\/\/dioceseteixeiradefreitas.com.br\/wp-content\/uploads\/2019\/06\/DSC_0133-300x200.jpg 300w, https:\/\/dioceseteixeiradefreitas.com.br\/wp-content\/uploads\/2019\/06\/DSC_0133-600x400.jpg 600w, https:\/\/dioceseteixeiradefreitas.com.br\/wp-content\/uploads\/2019\/06\/DSC_0133-768x512.jpg 768w, https:\/\/dioceseteixeiradefreitas.com.br\/wp-content\/uploads\/2019\/06\/DSC_0133.jpg 1024w\" sizes=\"auto, (max-width: 300px) 100vw, 300px\" \/><\/a>\n\t\t\t<\/div><\/figure><figure class='gallery-item'>\n\t\t\t<div class='gallery-icon landscape'>\n\t\t\t\t<a href='https:\/\/dioceseteixeiradefreitas.com.br\/wp-content\/uploads\/2019\/06\/DSC_0151.jpg'><img loading=\"lazy\" decoding=\"async\" width=\"300\" height=\"200\" src=\"https:\/\/dioceseteixeiradefreitas.com.br\/wp-content\/uploads\/2019\/06\/DSC_0151-300x200.jpg\" class=\"attachment-medium size-medium\" alt=\"\" srcset=\"https:\/\/dioceseteixeiradefreitas.com.br\/wp-content\/uploads\/2019\/06\/DSC_0151-300x200.jpg 300w, https:\/\/dioceseteixeiradefreitas.com.br\/wp-content\/uploads\/2019\/06\/DSC_0151-600x400.jpg 600w, https:\/\/dioceseteixeiradefreitas.com.br\/wp-content\/uploads\/2019\/06\/DSC_0151-768x512.jpg 768w, https:\/\/dioceseteixeiradefreitas.com.br\/wp-content\/uploads\/2019\/06\/DSC_0151.jpg 1024w\" sizes=\"auto, (max-width: 300px) 100vw, 300px\" \/><\/a>\n\t\t\t<\/div><\/figure><figure class='gallery-item'>\n\t\t\t<div class='gallery-icon landscape'>\n\t\t\t\t<a href='https:\/\/dioceseteixeiradefreitas.com.br\/wp-content\/uploads\/2019\/06\/DSC_0153.jpg'><img loading=\"lazy\" decoding=\"async\" width=\"300\" height=\"200\" src=\"https:\/\/dioceseteixeiradefreitas.com.br\/wp-content\/uploads\/2019\/06\/DSC_0153-300x200.jpg\" class=\"attachment-medium size-medium\" alt=\"\" srcset=\"https:\/\/dioceseteixeiradefreitas.com.br\/wp-content\/uploads\/2019\/06\/DSC_0153-300x200.jpg 300w, https:\/\/dioceseteixeiradefreitas.com.br\/wp-content\/uploads\/2019\/06\/DSC_0153-600x400.jpg 600w, https:\/\/dioceseteixeiradefreitas.com.br\/wp-content\/uploads\/2019\/06\/DSC_0153-768x512.jpg 768w, https:\/\/dioceseteixeiradefreitas.com.br\/wp-content\/uploads\/2019\/06\/DSC_0153.jpg 1024w\" sizes=\"auto, (max-width: 300px) 100vw, 300px\" \/><\/a>\n\t\t\t<\/div><\/figure><figure class='gallery-item'>\n\t\t\t<div class='gallery-icon landscape'>\n\t\t\t\t<a href='https:\/\/dioceseteixeiradefreitas.com.br\/wp-content\/uploads\/2019\/06\/DSC_0163.jpg'><img loading=\"lazy\" decoding=\"async\" width=\"300\" height=\"200\" src=\"https:\/\/dioceseteixeiradefreitas.com.br\/wp-content\/uploads\/2019\/06\/DSC_0163-300x200.jpg\" class=\"attachment-medium size-medium\" alt=\"\" srcset=\"https:\/\/dioceseteixeiradefreitas.com.br\/wp-content\/uploads\/2019\/06\/DSC_0163-300x200.jpg 300w, https:\/\/dioceseteixeiradefreitas.com.br\/wp-content\/uploads\/2019\/06\/DSC_0163-600x400.jpg 600w, https:\/\/dioceseteixeiradefreitas.com.br\/wp-content\/uploads\/2019\/06\/DSC_0163-768x512.jpg 768w, https:\/\/dioceseteixeiradefreitas.com.br\/wp-content\/uploads\/2019\/06\/DSC_0163.jpg 1024w\" sizes=\"auto, (max-width: 300px) 100vw, 300px\" \/><\/a>\n\t\t\t<\/div><\/figure><figure class='gallery-item'>\n\t\t\t<div class='gallery-icon landscape'>\n\t\t\t\t<a href='https:\/\/dioceseteixeiradefreitas.com.br\/wp-content\/uploads\/2019\/06\/DSC_0203.jpg'><img loading=\"lazy\" decoding=\"async\" width=\"300\" height=\"200\" src=\"https:\/\/dioceseteixeiradefreitas.com.br\/wp-content\/uploads\/2019\/06\/DSC_0203-300x200.jpg\" class=\"attachment-medium size-medium\" alt=\"\" srcset=\"https:\/\/dioceseteixeiradefreitas.com.br\/wp-content\/uploads\/2019\/06\/DSC_0203-300x200.jpg 300w, https:\/\/dioceseteixeiradefreitas.com.br\/wp-content\/uploads\/2019\/06\/DSC_0203-600x400.jpg 600w, https:\/\/dioceseteixeiradefreitas.com.br\/wp-content\/uploads\/2019\/06\/DSC_0203-768x512.jpg 768w, https:\/\/dioceseteixeiradefreitas.com.br\/wp-content\/uploads\/2019\/06\/DSC_0203.jpg 1024w\" sizes=\"auto, (max-width: 300px) 100vw, 300px\" \/><\/a>\n\t\t\t<\/div><\/figure>\n\t\t<\/div>\n\n","protected":false},"excerpt":{"rendered":"<p>A Quase Par\u00f3quia Santo Ant\u00f4nio do distrito que leva seu nome foi elevada Par\u00f3quia pelo Bispo Diocesano, Dom Jailton de Oliveira Lino, na noite de ter\u00e7a-feira (11), para a alegria de muitos fi\u00e9is que se emocionaram durante todos os momentos. A cria\u00e7\u00e3o desta par\u00f3quia vem de encontro com as grandes necessidades da comunidade cat\u00f3lica do &hellip;<\/p>\n","protected":false},"author":1,"featured_media":6291,"comment_status":"closed","ping_status":"closed","sticky":false,"template":"","format":"standard","meta":{"footnotes":""},"categories":[310],"tags":[60,86,87,88],"class_list":["post-6286","post","type-post","status-publish","format-standard","has-post-thumbnail","hentry","category-noticias-paroquiais","tag-dom-jailton","tag-erecao","tag-paroquia-santo-antonio","tag-pe-aelson"],"_links":{"self":[{"href":"https:\/\/dioceseteixeiradefreitas.com.br\/index.php?rest_route=\/wp\/v2\/posts\/6286","targetHints":{"allow":["GET"]}}],"collection":[{"href":"https:\/\/dioceseteixeiradefreitas.com.br\/index.php?rest_route=\/wp\/v2\/posts"}],"about":[{"href":"https:\/\/dioceseteixeiradefreitas.com.br\/index.php?rest_route=\/wp\/v2\/types\/post"}],"author":[{"embeddable":true,"href":"https:\/\/dioceseteixeiradefreitas.com.br\/index.php?rest_route=\/wp\/v2\/users\/1"}],"replies":[{"embeddable":true,"href":"https:\/\/dioceseteixeiradefreitas.com.br\/index.php?rest_route=%2Fwp%2Fv2%2Fcomments&post=6286"}],"version-history":[{"count":13,"href":"https:\/\/dioceseteixeiradefreitas.com.br\/index.php?rest_route=\/wp\/v2\/posts\/6286\/revisions"}],"predecessor-version":[{"id":6334,"href":"https:\/\/dioceseteixeiradefreitas.com.br\/index.php?rest_route=\/wp\/v2\/posts\/6286\/revisions\/6334"}],"wp:featuredmedia":[{"embeddable":true,"href":"https:\/\/dioceseteixeiradefreitas.com.br\/index.php?rest_route=\/wp\/v2\/media\/6291"}],"wp:attachment":[{"href":"https:\/\/dioceseteixeiradefreitas.com.br\/index.php?rest_route=%2Fwp%2Fv2%2Fmedia&parent=6286"}],"wp:term":[{"taxonomy":"category","embeddable":true,"href":"https:\/\/dioceseteixeiradefreitas.com.br\/index.php?rest_route=%2Fwp%2Fv2%2Fcategories&post=6286"},{"taxonomy":"post_tag","embeddable":true,"href":"https:\/\/dioceseteixeiradefreitas.com.br\/index.php?rest_route=%2Fwp%2Fv2%2Ftags&post=6286"}],"curies":[{"name":"wp","href":"https:\/\/api.w.org\/{rel}","templated":true}]}}