{"id":6393,"date":"2019-06-20T15:43:12","date_gmt":"2019-06-20T18:43:12","guid":{"rendered":"https:\/\/dioceseteixeiradefreitas.com.br\/?p=6393"},"modified":"2019-06-20T15:43:12","modified_gmt":"2019-06-20T18:43:12","slug":"papa-francisco-diz-eucaristia-centro-da-nossa-vida","status":"publish","type":"post","link":"https:\/\/dioceseteixeiradefreitas.com.br\/?p=6393","title":{"rendered":"Papa Francisco diz: Eucaristia centro da nossa vida"},"content":{"rendered":"<figure style=\"width: 750px\" class=\"wp-caption alignnone\"><img loading=\"lazy\" decoding=\"async\" style=\"font-weight: bold; background-color: transparent; color: #767676;\" src=\"https:\/\/www.vaticannews.va\/content\/dam\/vaticannews\/agenzie\/images\/ansa\/2018\/06\/03\/18\/pope-francis--corpus-domini-christi-celebrati-1528043583730.jpg\/_jcr_content\/renditions\/cq5dam.thumbnail.cropped.750.422.jpeg\" alt=\"\" width=\"750\" height=\"422\" \/><figcaption class=\"wp-caption-text\">Imagem: Papa Francisco Foto: (ANSA)\/Reprodu\u00e7\u00e3o<\/figcaption><\/figure>\n<p><span style=\"color: #2b2b2b; font-size: 16px;\">No final da catequese da audi\u00eancia geral da \u00faltima quarta-feira (19), o Papa fez uma sauda\u00e7\u00e3o aos peregrinos presentes em v\u00e1rias l\u00ednguas. Ao falar aos peregrinos de l\u00edngua polonesa e francesa recordou a Solenidade de Corpus Christi desta quinta-feira (20) definindo-a \u201cuma oportunidade particular para reavivar a nossa f\u00e9 na presen\u00e7a real do Senhor na Eucaristia. A celebra\u00e7\u00e3o da Santa Missa, a adora\u00e7\u00e3o eucar\u00edstica e as prociss\u00f5es pelas ruas das cidades e dos vilarejos \u2013 prosseguiu o Papa \u2013 s\u00e3o o testemunho da nossa venera\u00e7\u00e3o e da ades\u00e3o a Cristo que nos d\u00e1 o Seu Corpo e o Seu Sangue, para alimentar-nos com Seu amor e fazer-nos participar da Sua vida na gl\u00f3ria do Pai.<\/span><strong>A Eucaristia nos faz viver a vida de Cristo<\/strong><\/p>\n<p>Na sua sauda\u00e7\u00e3o aos peregrinos provenientes da Su\u00ed\u00e7a, da Fran\u00e7a e de outros pa\u00edses franc\u00f3fonos, em particular os de Genebra, Paris e Guadalupe, Papa Francisco falou da festa de Corpus Christi, evidenciado que \u201c\u00e9 um convite a dar um lugar central \u00e0 Eucaristia na nossa vida. \u00c9 a Eucaristia \u2013 concluiu \u2013 que nos faz viver a vida de Cristo e faz a Igreja\u201d.<\/p>\n","protected":false},"excerpt":{"rendered":"<p>No final da catequese da audi\u00eancia geral da \u00faltima quarta-feira (19), o Papa fez uma sauda\u00e7\u00e3o aos peregrinos presentes em v\u00e1rias l\u00ednguas. Ao falar aos peregrinos de l\u00edngua polonesa e francesa recordou a Solenidade de Corpus Christi desta quinta-feira (20) definindo-a \u201cuma oportunidade particular para reavivar a nossa f\u00e9 na presen\u00e7a real do Senhor na &hellip;<\/p>\n","protected":false},"author":1,"featured_media":6394,"comment_status":"closed","ping_status":"closed","sticky":false,"template":"","format":"standard","meta":{"footnotes":""},"categories":[103],"tags":[107,71],"class_list":["post-6393","post","type-post","status-publish","format-standard","has-post-thumbnail","hentry","category-noticias-do-vaticano","tag-eucaristia","tag-papa-francisco"],"_links":{"self":[{"href":"https:\/\/dioceseteixeiradefreitas.com.br\/index.php?rest_route=\/wp\/v2\/posts\/6393","targetHints":{"allow":["GET"]}}],"collection":[{"href":"https:\/\/dioceseteixeiradefreitas.com.br\/index.php?rest_route=\/wp\/v2\/posts"}],"about":[{"href":"https:\/\/dioceseteixeiradefreitas.com.br\/index.php?rest_route=\/wp\/v2\/types\/post"}],"author":[{"embeddable":true,"href":"https:\/\/dioceseteixeiradefreitas.com.br\/index.php?rest_route=\/wp\/v2\/users\/1"}],"replies":[{"embeddable":true,"href":"https:\/\/dioceseteixeiradefreitas.com.br\/index.php?rest_route=%2Fwp%2Fv2%2Fcomments&post=6393"}],"version-history":[{"count":1,"href":"https:\/\/dioceseteixeiradefreitas.com.br\/index.php?rest_route=\/wp\/v2\/posts\/6393\/revisions"}],"predecessor-version":[{"id":6395,"href":"https:\/\/dioceseteixeiradefreitas.com.br\/index.php?rest_route=\/wp\/v2\/posts\/6393\/revisions\/6395"}],"wp:featuredmedia":[{"embeddable":true,"href":"https:\/\/dioceseteixeiradefreitas.com.br\/index.php?rest_route=\/wp\/v2\/media\/6394"}],"wp:attachment":[{"href":"https:\/\/dioceseteixeiradefreitas.com.br\/index.php?rest_route=%2Fwp%2Fv2%2Fmedia&parent=6393"}],"wp:term":[{"taxonomy":"category","embeddable":true,"href":"https:\/\/dioceseteixeiradefreitas.com.br\/index.php?rest_route=%2Fwp%2Fv2%2Fcategories&post=6393"},{"taxonomy":"post_tag","embeddable":true,"href":"https:\/\/dioceseteixeiradefreitas.com.br\/index.php?rest_route=%2Fwp%2Fv2%2Ftags&post=6393"}],"curies":[{"name":"wp","href":"https:\/\/api.w.org\/{rel}","templated":true}]}}