{"id":6452,"date":"2019-06-21T16:43:48","date_gmt":"2019-06-21T19:43:48","guid":{"rendered":"https:\/\/dioceseteixeiradefreitas.com.br\/?p=6452"},"modified":"2019-09-30T15:21:26","modified_gmt":"2019-09-30T18:21:26","slug":"solenidade-de-corpus-christi-nas-paroquias-da-forania-santo-antonio","status":"publish","type":"post","link":"https:\/\/dioceseteixeiradefreitas.com.br\/?p=6452","title":{"rendered":"Solenidade de Corpus Christi nas Par\u00f3quias da Forania Santo Ant\u00f4nio"},"content":{"rendered":"<div id=\"main-article\" class=\"container \" data-id=\"256535\">\n<div id=\"main-article-left-column\" class=\"left-column\">\n<div class=\"io-div\" data-io-article-url=\"https:\/\/pt.aleteia.org\/2019\/06\/17\/por-que-a-festa-de-corpus-christi-e-celebrada-sempre-em-uma-quinta-feira\/\">\n<figure id=\"attachment_6463\" aria-describedby=\"caption-attachment-6463\" style=\"width: 659px\" class=\"wp-caption aligncenter\"><img loading=\"lazy\" decoding=\"async\" class=\"wp-image-6463\" src=\"https:\/\/dioceseteixeiradefreitas.com.br\/wp-content\/uploads\/2019\/06\/Forania-Santo-Ant\u00f4nio-1024x1024.jpg\" alt=\"\" width=\"659\" height=\"659\" srcset=\"https:\/\/dioceseteixeiradefreitas.com.br\/wp-content\/uploads\/2019\/06\/Forania-Santo-Ant\u00f4nio-1024x1024.jpg 1024w, https:\/\/dioceseteixeiradefreitas.com.br\/wp-content\/uploads\/2019\/06\/Forania-Santo-Ant\u00f4nio-300x300.jpg 300w, https:\/\/dioceseteixeiradefreitas.com.br\/wp-content\/uploads\/2019\/06\/Forania-Santo-Ant\u00f4nio-100x100.jpg 100w, https:\/\/dioceseteixeiradefreitas.com.br\/wp-content\/uploads\/2019\/06\/Forania-Santo-Ant\u00f4nio-600x600.jpg 600w, https:\/\/dioceseteixeiradefreitas.com.br\/wp-content\/uploads\/2019\/06\/Forania-Santo-Ant\u00f4nio-150x150.jpg 150w, https:\/\/dioceseteixeiradefreitas.com.br\/wp-content\/uploads\/2019\/06\/Forania-Santo-Ant\u00f4nio-768x768.jpg 768w, https:\/\/dioceseteixeiradefreitas.com.br\/wp-content\/uploads\/2019\/06\/Forania-Santo-Ant\u00f4nio.jpg 2000w\" sizes=\"auto, (max-width: 659px) 100vw, 659px\" \/><figcaption id=\"caption-attachment-6463\" class=\"wp-caption-text\">Imagem: Solenidade de Corpus Christi &#8211; PASCOM\/Divulga\u00e7\u00e3o<\/figcaption><\/figure>\n<\/div>\n<\/div>\n<\/div>\n<p style=\"text-align: justify;\"><span style=\"font-family: 'Arial',sans-serif;\">Nesse ano de 2019 o Bispo Dom Jailton de Oliveira Lino, instituiu na Diocese a I Semana Eucar\u00edstica, que ocorreu de 16 a 19 de junho, com o tema &#8220;Eucaristia: Fonte de Comunh\u00e3o e Participa\u00e7\u00e3o&#8221;. As par\u00f3quias da Diocese Teixeira de Freitas\/Caravelas participaram, e no dia 20 finalizou-se com a Solenidade de Corpus Christi.<\/span><\/p>\n<p style=\"text-align: justify;\"><span style=\"font-family: 'Arial',sans-serif;\">Nesta quinta-feira (20), os fi\u00e9is participaram da Solenidade de Corpus Christi. Mais que um &#8216;s\u00edmbolo&#8217;, na Eucaristia est\u00e1 presente o pr\u00f3prio Cristo: corpo, sangue, alma e divindade. Essa \u00e9 a verdadeira doutrina sobre a Eucaristia ensinada por Cristo e pelos ap\u00f3stolos.<\/span><\/p>\n<p style=\"text-align: justify;\"><span style=\"font-family: 'Arial',sans-serif;\">A Forania Santo Ant\u00f4nio, engloba as Par\u00f3quias: Nossa Senhora da Purifica\u00e7\u00e3o &#8211; Prado; Quase Par\u00f3quia S\u00e3o Jos\u00e9 Esposo &#8211; Guarani; Nossa Senhora de F\u00e1tima &#8211; Itamaraju; Cosme e Dami\u00e3o &#8211; Itamaraju; Santo Ant\u00f4nio &#8211; Caravelas. Na manh\u00e3 da quinta-feira, todos se reuniram em suas devidas par\u00f3quias para confeccionarem o tapete para o Cristo passar.<\/span><\/p>\n<figure id=\"attachment_6466\" aria-describedby=\"caption-attachment-6466\" style=\"width: 475px\" class=\"wp-caption aligncenter\"><img loading=\"lazy\" decoding=\"async\" class=\"wp-image-6466 \" src=\"https:\/\/dioceseteixeiradefreitas.com.br\/wp-content\/uploads\/2019\/06\/65227847_2813702295366700_2332147703921770496_n.jpg\" alt=\"\" width=\"475\" height=\"844\" srcset=\"https:\/\/dioceseteixeiradefreitas.com.br\/wp-content\/uploads\/2019\/06\/65227847_2813702295366700_2332147703921770496_n.jpg 540w, https:\/\/dioceseteixeiradefreitas.com.br\/wp-content\/uploads\/2019\/06\/65227847_2813702295366700_2332147703921770496_n-169x300.jpg 169w\" sizes=\"auto, (max-width: 475px) 100vw, 475px\" \/><figcaption id=\"caption-attachment-6466\" class=\"wp-caption-text\">Imagem: Fi\u00e9is da cidade de Prado\/BA confeccionam os tapetes para o Corpus Christi &#8211; PASCOM\/Divulga\u00e7\u00e3o<\/figcaption><\/figure>\n<p>Na Par\u00f3quia Nossa Senhora da Purifica\u00e7\u00e3o, os paroquianos participaram da Santa Missa, \u00e0s 16h, e ao final da Santa Missa sa\u00edram em prociss\u00e3o pelas ruas da cidade, proclamando que &#8216;Jesus \u00e9 o princ\u00edpio, meio e fim.&#8217;<\/p>\n<blockquote><p><span style=\"font-family: Arial, sans-serif; color: #ffffff;\">&#8220;Fazei isso em mem\u00f3ria de mim&#8221;[&#8230;] n\u00f3s, quando somos fi\u00e9is, seguimos em prociss\u00e3o para agradecer e viver este mist\u00e9rio de amor que \u00e9 Cristo na Eucaristia&#8230;Feliz aquele que acredita sem ver, fiel \u00e9\u00a0<span class=\"textexposedshow\">aquele que acredita pela f\u00e9. A Eucaristia cont\u00e9m o fermento espiritual que faz crescer em n\u00f3s o Cristo, ele cresce para aqueles que tem f\u00e9, para aqueles que compreendem o mist\u00e9rio de amor [&#8230;]&#8221; disse o <\/span><span class=\"textexposedshow\">Pe. Aldomiro Aciole na homilia.<\/span><\/span><\/p><\/blockquote>\n<div id='gallery-1' class='gallery galleryid-6452 gallery-columns-3 gallery-size-thumbnail'><figure class='gallery-item'>\n\t\t\t<div class='gallery-icon landscape'>\n\t\t\t\t<a href='https:\/\/dioceseteixeiradefreitas.com.br\/wp-content\/uploads\/2019\/06\/65083089_2814475261956070_6032915358376001536_n.jpg'><img loading=\"lazy\" decoding=\"async\" width=\"150\" height=\"150\" src=\"https:\/\/dioceseteixeiradefreitas.com.br\/wp-content\/uploads\/2019\/06\/65083089_2814475261956070_6032915358376001536_n-150x150.jpg\" class=\"attachment-thumbnail size-thumbnail\" alt=\"\" srcset=\"https:\/\/dioceseteixeiradefreitas.com.br\/wp-content\/uploads\/2019\/06\/65083089_2814475261956070_6032915358376001536_n-150x150.jpg 150w, https:\/\/dioceseteixeiradefreitas.com.br\/wp-content\/uploads\/2019\/06\/65083089_2814475261956070_6032915358376001536_n-300x300.jpg 300w, https:\/\/dioceseteixeiradefreitas.com.br\/wp-content\/uploads\/2019\/06\/65083089_2814475261956070_6032915358376001536_n-100x100.jpg 100w\" sizes=\"auto, (max-width: 150px) 100vw, 150px\" \/><\/a>\n\t\t\t<\/div><\/figure><figure class='gallery-item'>\n\t\t\t<div class='gallery-icon portrait'>\n\t\t\t\t<a href='https:\/\/dioceseteixeiradefreitas.com.br\/wp-content\/uploads\/2019\/06\/65103934_2814475388622724_7449917947994177536_n.jpg'><img loading=\"lazy\" decoding=\"async\" width=\"150\" height=\"150\" src=\"https:\/\/dioceseteixeiradefreitas.com.br\/wp-content\/uploads\/2019\/06\/65103934_2814475388622724_7449917947994177536_n-150x150.jpg\" class=\"attachment-thumbnail size-thumbnail\" alt=\"\" srcset=\"https:\/\/dioceseteixeiradefreitas.com.br\/wp-content\/uploads\/2019\/06\/65103934_2814475388622724_7449917947994177536_n-150x150.jpg 150w, https:\/\/dioceseteixeiradefreitas.com.br\/wp-content\/uploads\/2019\/06\/65103934_2814475388622724_7449917947994177536_n-300x300.jpg 300w, https:\/\/dioceseteixeiradefreitas.com.br\/wp-content\/uploads\/2019\/06\/65103934_2814475388622724_7449917947994177536_n-100x100.jpg 100w\" sizes=\"auto, (max-width: 150px) 100vw, 150px\" \/><\/a>\n\t\t\t<\/div><\/figure><figure class='gallery-item'>\n\t\t\t<div class='gallery-icon landscape'>\n\t\t\t\t<a href='https:\/\/dioceseteixeiradefreitas.com.br\/wp-content\/uploads\/2019\/06\/65296914_2814482038622059_5150497997947142144_n.jpg'><img loading=\"lazy\" decoding=\"async\" width=\"150\" height=\"150\" src=\"https:\/\/dioceseteixeiradefreitas.com.br\/wp-content\/uploads\/2019\/06\/65296914_2814482038622059_5150497997947142144_n-150x150.jpg\" class=\"attachment-thumbnail size-thumbnail\" alt=\"\" srcset=\"https:\/\/dioceseteixeiradefreitas.com.br\/wp-content\/uploads\/2019\/06\/65296914_2814482038622059_5150497997947142144_n-150x150.jpg 150w, https:\/\/dioceseteixeiradefreitas.com.br\/wp-content\/uploads\/2019\/06\/65296914_2814482038622059_5150497997947142144_n-300x300.jpg 300w, https:\/\/dioceseteixeiradefreitas.com.br\/wp-content\/uploads\/2019\/06\/65296914_2814482038622059_5150497997947142144_n-100x100.jpg 100w\" sizes=\"auto, (max-width: 150px) 100vw, 150px\" \/><\/a>\n\t\t\t<\/div><\/figure>\n\t\t<\/div>\n\n<hr \/>\n<p>Na Quase Par\u00f3quia S\u00e3o Jos\u00e9 Esposo &#8211; Guarani, a Santa Missa teve in\u00edcio \u00e0s 16h, sendo presidida pelo Pe. M\u00e1rcio Jos\u00e9 da Silva. Em Comunh\u00e3o com a M\u00e3e Igreja, celebramos hoje a Solenidade de Corpus Christi! Os fi\u00e9is professaram com piedade a presen\u00e7a real de Jesus na Eucaristia! E para que Jesus na Eucaristia chegasse a todos os cantos da comunidade, eles sa\u00edram em prociss\u00e3o, levando Jesus \u00e0queles que por diversas motivos n\u00e3o podem ou n\u00e3o puderam se fazer presente!<\/p>\n<div id='gallery-2' class='gallery galleryid-6452 gallery-columns-3 gallery-size-thumbnail'><figure class='gallery-item'>\n\t\t\t<div class='gallery-icon landscape'>\n\t\t\t\t<a href='https:\/\/dioceseteixeiradefreitas.com.br\/wp-content\/uploads\/2019\/06\/25beee58-a8f1-452f-bf83-e5e18703f8f6-1024x768.jpg'><img loading=\"lazy\" decoding=\"async\" width=\"150\" height=\"150\" src=\"https:\/\/dioceseteixeiradefreitas.com.br\/wp-content\/uploads\/2019\/06\/25beee58-a8f1-452f-bf83-e5e18703f8f6-1024x768-150x150.jpg\" class=\"attachment-thumbnail size-thumbnail\" alt=\"\" srcset=\"https:\/\/dioceseteixeiradefreitas.com.br\/wp-content\/uploads\/2019\/06\/25beee58-a8f1-452f-bf83-e5e18703f8f6-1024x768-150x150.jpg 150w, https:\/\/dioceseteixeiradefreitas.com.br\/wp-content\/uploads\/2019\/06\/25beee58-a8f1-452f-bf83-e5e18703f8f6-1024x768-300x300.jpg 300w, https:\/\/dioceseteixeiradefreitas.com.br\/wp-content\/uploads\/2019\/06\/25beee58-a8f1-452f-bf83-e5e18703f8f6-1024x768-100x100.jpg 100w\" sizes=\"auto, (max-width: 150px) 100vw, 150px\" \/><\/a>\n\t\t\t<\/div><\/figure><figure class='gallery-item'>\n\t\t\t<div class='gallery-icon landscape'>\n\t\t\t\t<a href='https:\/\/dioceseteixeiradefreitas.com.br\/wp-content\/uploads\/2019\/06\/be449f15-7c21-4e67-9d50-63396820d4f7-1024x768.jpg'><img loading=\"lazy\" decoding=\"async\" width=\"150\" height=\"150\" src=\"https:\/\/dioceseteixeiradefreitas.com.br\/wp-content\/uploads\/2019\/06\/be449f15-7c21-4e67-9d50-63396820d4f7-1024x768-150x150.jpg\" class=\"attachment-thumbnail size-thumbnail\" alt=\"\" srcset=\"https:\/\/dioceseteixeiradefreitas.com.br\/wp-content\/uploads\/2019\/06\/be449f15-7c21-4e67-9d50-63396820d4f7-1024x768-150x150.jpg 150w, https:\/\/dioceseteixeiradefreitas.com.br\/wp-content\/uploads\/2019\/06\/be449f15-7c21-4e67-9d50-63396820d4f7-1024x768-300x300.jpg 300w, https:\/\/dioceseteixeiradefreitas.com.br\/wp-content\/uploads\/2019\/06\/be449f15-7c21-4e67-9d50-63396820d4f7-1024x768-100x100.jpg 100w\" sizes=\"auto, (max-width: 150px) 100vw, 150px\" \/><\/a>\n\t\t\t<\/div><\/figure><figure class='gallery-item'>\n\t\t\t<div class='gallery-icon landscape'>\n\t\t\t\t<a href='https:\/\/dioceseteixeiradefreitas.com.br\/wp-content\/uploads\/2019\/06\/eaf1a4cf-769e-4d0a-9321-9cc26962ecc5-1024x768.jpg'><img loading=\"lazy\" decoding=\"async\" width=\"150\" height=\"150\" src=\"https:\/\/dioceseteixeiradefreitas.com.br\/wp-content\/uploads\/2019\/06\/eaf1a4cf-769e-4d0a-9321-9cc26962ecc5-1024x768-150x150.jpg\" class=\"attachment-thumbnail size-thumbnail\" alt=\"\" srcset=\"https:\/\/dioceseteixeiradefreitas.com.br\/wp-content\/uploads\/2019\/06\/eaf1a4cf-769e-4d0a-9321-9cc26962ecc5-1024x768-150x150.jpg 150w, https:\/\/dioceseteixeiradefreitas.com.br\/wp-content\/uploads\/2019\/06\/eaf1a4cf-769e-4d0a-9321-9cc26962ecc5-1024x768-300x300.jpg 300w, https:\/\/dioceseteixeiradefreitas.com.br\/wp-content\/uploads\/2019\/06\/eaf1a4cf-769e-4d0a-9321-9cc26962ecc5-1024x768-100x100.jpg 100w\" sizes=\"auto, (max-width: 150px) 100vw, 150px\" \/><\/a>\n\t\t\t<\/div><\/figure>\n\t\t<\/div>\n\n<hr \/>\n<p>Na Par\u00f3quia Nossa Senhora de F\u00e1tima &#8211; Itamaraju, a Santa Missa tamb\u00e9m teve in\u00edcio \u00e0s 16h, e foi presidida por Padre Ronaldo no qual falou em sua homilia do qu\u00e3o grandioso \u00e9 esse dia para n\u00f3s crist\u00e3os, o nosso compromisso de festejarmos e mostrar ao mundo nossa f\u00e9 em Jesus (Corpo e Sangue). Ap\u00f3s os avisos da Comunidade deu-se in\u00edcio a prociss\u00e3o por onde ornamentados com belos tapetes tem\u00e1ticos, as ruas da pra\u00e7a da bandeira aglomerou-se numerosa multid\u00e3o glorificando e orando por este sublime dia de festa crist\u00e3. Durante o percurso, houve quatro paradas com a ben\u00e7\u00e3o do Sant\u00edssimo e reflex\u00e3o.<\/p>\n<div id='gallery-3' class='gallery galleryid-6452 gallery-columns-2 gallery-size-thumbnail'><figure class='gallery-item'>\n\t\t\t<div class='gallery-icon landscape'>\n\t\t\t\t<a href='https:\/\/dioceseteixeiradefreitas.com.br\/wp-content\/uploads\/2019\/06\/2b931f12-493a-4fe6-aff5-b1f5a6975d62-Copy.jpg'><img loading=\"lazy\" decoding=\"async\" width=\"150\" height=\"150\" src=\"https:\/\/dioceseteixeiradefreitas.com.br\/wp-content\/uploads\/2019\/06\/2b931f12-493a-4fe6-aff5-b1f5a6975d62-Copy-150x150.jpg\" class=\"attachment-thumbnail size-thumbnail\" alt=\"\" srcset=\"https:\/\/dioceseteixeiradefreitas.com.br\/wp-content\/uploads\/2019\/06\/2b931f12-493a-4fe6-aff5-b1f5a6975d62-Copy-150x150.jpg 150w, https:\/\/dioceseteixeiradefreitas.com.br\/wp-content\/uploads\/2019\/06\/2b931f12-493a-4fe6-aff5-b1f5a6975d62-Copy-300x300.jpg 300w, https:\/\/dioceseteixeiradefreitas.com.br\/wp-content\/uploads\/2019\/06\/2b931f12-493a-4fe6-aff5-b1f5a6975d62-Copy-100x100.jpg 100w\" sizes=\"auto, (max-width: 150px) 100vw, 150px\" \/><\/a>\n\t\t\t<\/div><\/figure><figure class='gallery-item'>\n\t\t\t<div class='gallery-icon landscape'>\n\t\t\t\t<a href='https:\/\/dioceseteixeiradefreitas.com.br\/wp-content\/uploads\/2019\/06\/eff265db-1d7a-49a6-8120-7529336742a0-Copy.jpg'><img loading=\"lazy\" decoding=\"async\" width=\"150\" height=\"150\" src=\"https:\/\/dioceseteixeiradefreitas.com.br\/wp-content\/uploads\/2019\/06\/eff265db-1d7a-49a6-8120-7529336742a0-Copy-150x150.jpg\" class=\"attachment-thumbnail size-thumbnail\" alt=\"\" srcset=\"https:\/\/dioceseteixeiradefreitas.com.br\/wp-content\/uploads\/2019\/06\/eff265db-1d7a-49a6-8120-7529336742a0-Copy-150x150.jpg 150w, https:\/\/dioceseteixeiradefreitas.com.br\/wp-content\/uploads\/2019\/06\/eff265db-1d7a-49a6-8120-7529336742a0-Copy-300x300.jpg 300w, https:\/\/dioceseteixeiradefreitas.com.br\/wp-content\/uploads\/2019\/06\/eff265db-1d7a-49a6-8120-7529336742a0-Copy-100x100.jpg 100w\" sizes=\"auto, (max-width: 150px) 100vw, 150px\" \/><\/a>\n\t\t\t<\/div><\/figure>\n\t\t<\/div>\n\n<hr \/>\n<p>Na Par\u00f3quia S\u00e3o Cosme e Dami\u00e3o em Itamaraju, a Santa Missa teve in\u00edcio \u00e0s 19h, sendo presidida pelo Frei Luiz Alberto Lemos, em seguida a prociss\u00e3o com Jesus Eucar\u00edstico pelas ruas da cidade. Foi um momento de grande emo\u00e7\u00e3o para os fi\u00e9is que acompanharam todo o trajeto.<\/p>\n<div id='gallery-4' class='gallery galleryid-6452 gallery-columns-2 gallery-size-thumbnail'><figure class='gallery-item'>\n\t\t\t<div class='gallery-icon landscape'>\n\t\t\t\t<a href='https:\/\/dioceseteixeiradefreitas.com.br\/wp-content\/uploads\/2019\/06\/7858f911-e8e1-46ed-80e6-87fa6871731e-1024x1024.jpg'><img loading=\"lazy\" decoding=\"async\" width=\"150\" height=\"150\" src=\"https:\/\/dioceseteixeiradefreitas.com.br\/wp-content\/uploads\/2019\/06\/7858f911-e8e1-46ed-80e6-87fa6871731e-1024x1024-150x150.jpg\" class=\"attachment-thumbnail size-thumbnail\" alt=\"\" srcset=\"https:\/\/dioceseteixeiradefreitas.com.br\/wp-content\/uploads\/2019\/06\/7858f911-e8e1-46ed-80e6-87fa6871731e-1024x1024-150x150.jpg 150w, https:\/\/dioceseteixeiradefreitas.com.br\/wp-content\/uploads\/2019\/06\/7858f911-e8e1-46ed-80e6-87fa6871731e-1024x1024-300x300.jpg 300w, https:\/\/dioceseteixeiradefreitas.com.br\/wp-content\/uploads\/2019\/06\/7858f911-e8e1-46ed-80e6-87fa6871731e-1024x1024-100x100.jpg 100w, https:\/\/dioceseteixeiradefreitas.com.br\/wp-content\/uploads\/2019\/06\/7858f911-e8e1-46ed-80e6-87fa6871731e-1024x1024-600x600.jpg 600w, https:\/\/dioceseteixeiradefreitas.com.br\/wp-content\/uploads\/2019\/06\/7858f911-e8e1-46ed-80e6-87fa6871731e-1024x1024-768x768.jpg 768w, https:\/\/dioceseteixeiradefreitas.com.br\/wp-content\/uploads\/2019\/06\/7858f911-e8e1-46ed-80e6-87fa6871731e-1024x1024.jpg 1024w\" sizes=\"auto, (max-width: 150px) 100vw, 150px\" \/><\/a>\n\t\t\t<\/div><\/figure><figure class='gallery-item'>\n\t\t\t<div class='gallery-icon landscape'>\n\t\t\t\t<a href='https:\/\/dioceseteixeiradefreitas.com.br\/wp-content\/uploads\/2019\/06\/be6c876f-037c-4173-8333-88e6248edd87-1024x1024.jpg'><img loading=\"lazy\" decoding=\"async\" width=\"150\" height=\"150\" src=\"https:\/\/dioceseteixeiradefreitas.com.br\/wp-content\/uploads\/2019\/06\/be6c876f-037c-4173-8333-88e6248edd87-1024x1024-150x150.jpg\" class=\"attachment-thumbnail size-thumbnail\" alt=\"\" srcset=\"https:\/\/dioceseteixeiradefreitas.com.br\/wp-content\/uploads\/2019\/06\/be6c876f-037c-4173-8333-88e6248edd87-1024x1024-150x150.jpg 150w, https:\/\/dioceseteixeiradefreitas.com.br\/wp-content\/uploads\/2019\/06\/be6c876f-037c-4173-8333-88e6248edd87-1024x1024-300x300.jpg 300w, https:\/\/dioceseteixeiradefreitas.com.br\/wp-content\/uploads\/2019\/06\/be6c876f-037c-4173-8333-88e6248edd87-1024x1024-100x100.jpg 100w, https:\/\/dioceseteixeiradefreitas.com.br\/wp-content\/uploads\/2019\/06\/be6c876f-037c-4173-8333-88e6248edd87-1024x1024-600x600.jpg 600w, https:\/\/dioceseteixeiradefreitas.com.br\/wp-content\/uploads\/2019\/06\/be6c876f-037c-4173-8333-88e6248edd87-1024x1024-768x768.jpg 768w, https:\/\/dioceseteixeiradefreitas.com.br\/wp-content\/uploads\/2019\/06\/be6c876f-037c-4173-8333-88e6248edd87-1024x1024.jpg 1024w\" sizes=\"auto, (max-width: 150px) 100vw, 150px\" \/><\/a>\n\t\t\t<\/div><\/figure>\n\t\t<\/div>\n\n<hr \/>\n<p>Na Par\u00f3quia S\u00e3o Bernardo em Alcoba\u00e7a, a Santa Missa da Festa de Corpus Christi deu-se in\u00edcio \u00e0 noite, na igreja Matriz de S\u00e3o Bernardo, a Igreja estava lotada de fi\u00e9is, ap\u00f3s houve a Prociss\u00e3o com o Sant\u00edssimo Sacramento passando pelas ruas que foram ornamentadas para que Jesus pudesse passar, aben\u00e7oando todos os Crist\u00e3os da cidade.<\/p>\n<div id='gallery-5' class='gallery galleryid-6452 gallery-columns-2 gallery-size-thumbnail'><figure class='gallery-item'>\n\t\t\t<div class='gallery-icon landscape'>\n\t\t\t\t<a href='https:\/\/dioceseteixeiradefreitas.com.br\/wp-content\/uploads\/2019\/06\/00f997ff-09c8-4812-8fb4-fce082a898c8.jpg'><img loading=\"lazy\" decoding=\"async\" width=\"150\" height=\"150\" src=\"https:\/\/dioceseteixeiradefreitas.com.br\/wp-content\/uploads\/2019\/06\/00f997ff-09c8-4812-8fb4-fce082a898c8-150x150.jpg\" class=\"attachment-thumbnail size-thumbnail\" alt=\"\" srcset=\"https:\/\/dioceseteixeiradefreitas.com.br\/wp-content\/uploads\/2019\/06\/00f997ff-09c8-4812-8fb4-fce082a898c8-150x150.jpg 150w, https:\/\/dioceseteixeiradefreitas.com.br\/wp-content\/uploads\/2019\/06\/00f997ff-09c8-4812-8fb4-fce082a898c8-300x300.jpg 300w, https:\/\/dioceseteixeiradefreitas.com.br\/wp-content\/uploads\/2019\/06\/00f997ff-09c8-4812-8fb4-fce082a898c8-100x100.jpg 100w\" sizes=\"auto, (max-width: 150px) 100vw, 150px\" \/><\/a>\n\t\t\t<\/div><\/figure><figure class='gallery-item'>\n\t\t\t<div class='gallery-icon portrait'>\n\t\t\t\t<a href='https:\/\/dioceseteixeiradefreitas.com.br\/wp-content\/uploads\/2019\/06\/ac6ecb91-5433-4e79-82ff-4c11b441377e.jpg'><img loading=\"lazy\" decoding=\"async\" width=\"150\" height=\"150\" src=\"https:\/\/dioceseteixeiradefreitas.com.br\/wp-content\/uploads\/2019\/06\/ac6ecb91-5433-4e79-82ff-4c11b441377e-150x150.jpg\" class=\"attachment-thumbnail size-thumbnail\" alt=\"\" srcset=\"https:\/\/dioceseteixeiradefreitas.com.br\/wp-content\/uploads\/2019\/06\/ac6ecb91-5433-4e79-82ff-4c11b441377e-150x150.jpg 150w, https:\/\/dioceseteixeiradefreitas.com.br\/wp-content\/uploads\/2019\/06\/ac6ecb91-5433-4e79-82ff-4c11b441377e-300x300.jpg 300w, https:\/\/dioceseteixeiradefreitas.com.br\/wp-content\/uploads\/2019\/06\/ac6ecb91-5433-4e79-82ff-4c11b441377e-100x100.jpg 100w\" sizes=\"auto, (max-width: 150px) 100vw, 150px\" \/><\/a>\n\t\t\t<\/div><\/figure>\n\t\t<\/div>\n\n<p>Fotos e texto: Pascom da Forania Santo Ant\u00f4nio<\/p>\n","protected":false},"excerpt":{"rendered":"<p>Nesse ano de 2019 o Bispo Dom Jailton de Oliveira Lino, instituiu na Diocese a I Semana Eucar\u00edstica, que ocorreu de 16 a 19 de junho, com o tema &#8220;Eucaristia: Fonte de Comunh\u00e3o e Participa\u00e7\u00e3o&#8221;. As par\u00f3quias da Diocese Teixeira de Freitas\/Caravelas participaram, e no dia 20 finalizou-se com a Solenidade de Corpus Christi. Nesta &hellip;<\/p>\n","protected":false},"author":1,"featured_media":6463,"comment_status":"closed","ping_status":"closed","sticky":false,"template":"","format":"standard","meta":{"footnotes":""},"categories":[310],"tags":[93,109,110],"class_list":["post-6452","post","type-post","status-publish","format-standard","has-post-thumbnail","hentry","category-noticias-paroquiais","tag-corpus-christi","tag-forania-santo-antonio","tag-solenidade"],"_links":{"self":[{"href":"https:\/\/dioceseteixeiradefreitas.com.br\/index.php?rest_route=\/wp\/v2\/posts\/6452","targetHints":{"allow":["GET"]}}],"collection":[{"href":"https:\/\/dioceseteixeiradefreitas.com.br\/index.php?rest_route=\/wp\/v2\/posts"}],"about":[{"href":"https:\/\/dioceseteixeiradefreitas.com.br\/index.php?rest_route=\/wp\/v2\/types\/post"}],"author":[{"embeddable":true,"href":"https:\/\/dioceseteixeiradefreitas.com.br\/index.php?rest_route=\/wp\/v2\/users\/1"}],"replies":[{"embeddable":true,"href":"https:\/\/dioceseteixeiradefreitas.com.br\/index.php?rest_route=%2Fwp%2Fv2%2Fcomments&post=6452"}],"version-history":[{"count":11,"href":"https:\/\/dioceseteixeiradefreitas.com.br\/index.php?rest_route=\/wp\/v2\/posts\/6452\/revisions"}],"predecessor-version":[{"id":6499,"href":"https:\/\/dioceseteixeiradefreitas.com.br\/index.php?rest_route=\/wp\/v2\/posts\/6452\/revisions\/6499"}],"wp:featuredmedia":[{"embeddable":true,"href":"https:\/\/dioceseteixeiradefreitas.com.br\/index.php?rest_route=\/wp\/v2\/media\/6463"}],"wp:attachment":[{"href":"https:\/\/dioceseteixeiradefreitas.com.br\/index.php?rest_route=%2Fwp%2Fv2%2Fmedia&parent=6452"}],"wp:term":[{"taxonomy":"category","embeddable":true,"href":"https:\/\/dioceseteixeiradefreitas.com.br\/index.php?rest_route=%2Fwp%2Fv2%2Fcategories&post=6452"},{"taxonomy":"post_tag","embeddable":true,"href":"https:\/\/dioceseteixeiradefreitas.com.br\/index.php?rest_route=%2Fwp%2Fv2%2Ftags&post=6452"}],"curies":[{"name":"wp","href":"https:\/\/api.w.org\/{rel}","templated":true}]}}