{"id":6736,"date":"2019-07-01T09:54:34","date_gmt":"2019-07-01T12:54:34","guid":{"rendered":"https:\/\/dioceseteixeiradefreitas.com.br\/?p=6736"},"modified":"2019-07-02T16:46:48","modified_gmt":"2019-07-02T19:46:48","slug":"canonizacao-de-irma-dulce-e-mais-quatro-beatos-sera-no-dia-13-de-outubro","status":"publish","type":"post","link":"https:\/\/dioceseteixeiradefreitas.com.br\/?p=6736","title":{"rendered":"Canoniza\u00e7\u00e3o de Irm\u00e3 Dulce e mais quatro beatos ser\u00e1 no dia 13 de outubro"},"content":{"rendered":"<figure id=\"attachment_6737\" aria-describedby=\"caption-attachment-6737\" style=\"width: 982px\" class=\"wp-caption aligncenter\"><img loading=\"lazy\" decoding=\"async\" class=\"wp-image-6737 size-full\" src=\"https:\/\/dioceseteixeiradefreitas.com.br\/wp-content\/uploads\/2019\/07\/cq5dam.thumbnail.cropped.1000.563.jpeg\" alt=\"\" width=\"982\" height=\"553\" srcset=\"https:\/\/dioceseteixeiradefreitas.com.br\/wp-content\/uploads\/2019\/07\/cq5dam.thumbnail.cropped.1000.563.jpeg 982w, https:\/\/dioceseteixeiradefreitas.com.br\/wp-content\/uploads\/2019\/07\/cq5dam.thumbnail.cropped.1000.563-600x338.jpeg 600w, https:\/\/dioceseteixeiradefreitas.com.br\/wp-content\/uploads\/2019\/07\/cq5dam.thumbnail.cropped.1000.563-300x169.jpeg 300w, https:\/\/dioceseteixeiradefreitas.com.br\/wp-content\/uploads\/2019\/07\/cq5dam.thumbnail.cropped.1000.563-768x432.jpeg 768w, https:\/\/dioceseteixeiradefreitas.com.br\/wp-content\/uploads\/2019\/07\/cq5dam.thumbnail.cropped.1000.563-390x220.jpeg 390w\" sizes=\"auto, (max-width: 982px) 100vw, 982px\" \/><figcaption id=\"caption-attachment-6737\" class=\"wp-caption-text\">Foto: Irm\u00e3 Dulce &#8211; VATICANO\/Divulga\u00e7\u00e3o<\/figcaption><\/figure>\n<p>O Papa Francisco presidiu, nesta segunda-feira (01), na Sala Clementina, no Vaticano, o Consist\u00f3rio Ordin\u00e1rio P\u00fablico para a anuncia\u00e7\u00e3o da Canoniza\u00e7\u00e3o de cinco Beatos, dentre os quais Irm\u00e3 Dulce (Maria Rita de Souza Brito Lopes Pontes). A cerim\u00f4nia ser\u00e1 no<b> domingo, 13 de outubro.<\/b><\/p>\n<p>Al\u00e9m de Irm\u00e3 Dulce, ser\u00e3o canonizados os seguintes beatos: John Henry Newman, cardeal, fundador do Orat\u00f3rio de S\u00e3o Filipe N\u00e9ri na Inglaterra; Giuseppina Vannini (no s\u00e9culo Giuditta Adelaide Agata), fundadora das Filhas de S\u00e3o Camilo;\u00a0 Maria Teresa Chiramel Mankidiyan, fundadora da Congrega\u00e7\u00e3o das Irm\u00e3s da Sagrada Fam\u00edlia e Margherita Bays, Virgem, da Ordem Terceira de S\u00e3o Francisco de Assis.<\/p>\n<p>Irm\u00e3 Dulce ser\u00e1 a primeira mulher nascida no Brasil a ser canonizada e ser\u00e1 chamada de <strong>Santa Dulce dos Pobres<\/strong>, pelas obras de caridade e de assist\u00eancia prestadas aos mais pobres e necessitados durante a sua vida.<\/p>\n<p><strong>ARCEBISPO DE SALVADOR E PRIMAZ DO BRASIL, DOM MURILO KRIEGER CONCEDE COLETIVA EM SALVADOR<\/strong><\/p>\n<p>Dom Murilo Krieger detalhou que a beata levar\u00e1 o nome santo de <strong>Santa Dulce dos Pobres<\/strong> e seu dia ser\u00e1 celebrado sempre no dia 13 de agosto.<\/p>\n<p>A pessoa agraciada pelo segundo milagre de Irm\u00e3 Dulce reconhecido pelo Vaticano \u00e9 um homem, que morava na Bahia, e\u00a0foi curado ap\u00f3s passar 14 anos sem conseguir enxergar.<\/p>\n<p>Fonte: Vaticannews<\/p>\n","protected":false},"excerpt":{"rendered":"<p>O Papa Francisco presidiu, nesta segunda-feira (01), na Sala Clementina, no Vaticano, o Consist\u00f3rio Ordin\u00e1rio P\u00fablico para a anuncia\u00e7\u00e3o da Canoniza\u00e7\u00e3o de cinco Beatos, dentre os quais Irm\u00e3 Dulce (Maria Rita de Souza Brito Lopes Pontes). A cerim\u00f4nia ser\u00e1 no domingo, 13 de outubro. Al\u00e9m de Irm\u00e3 Dulce, ser\u00e3o canonizados os seguintes beatos: John Henry &hellip;<\/p>\n","protected":false},"author":1,"featured_media":6737,"comment_status":"closed","ping_status":"closed","sticky":false,"template":"","format":"standard","meta":{"footnotes":""},"categories":[103],"tags":[121,120,71,123],"class_list":["post-6736","post","type-post","status-publish","format-standard","has-post-thumbnail","hentry","category-noticias-do-vaticano","tag-dulce-dos-pobres","tag-irma-dulce","tag-papa-francisco","tag-vaticano"],"_links":{"self":[{"href":"https:\/\/dioceseteixeiradefreitas.com.br\/index.php?rest_route=\/wp\/v2\/posts\/6736","targetHints":{"allow":["GET"]}}],"collection":[{"href":"https:\/\/dioceseteixeiradefreitas.com.br\/index.php?rest_route=\/wp\/v2\/posts"}],"about":[{"href":"https:\/\/dioceseteixeiradefreitas.com.br\/index.php?rest_route=\/wp\/v2\/types\/post"}],"author":[{"embeddable":true,"href":"https:\/\/dioceseteixeiradefreitas.com.br\/index.php?rest_route=\/wp\/v2\/users\/1"}],"replies":[{"embeddable":true,"href":"https:\/\/dioceseteixeiradefreitas.com.br\/index.php?rest_route=%2Fwp%2Fv2%2Fcomments&post=6736"}],"version-history":[{"count":3,"href":"https:\/\/dioceseteixeiradefreitas.com.br\/index.php?rest_route=\/wp\/v2\/posts\/6736\/revisions"}],"predecessor-version":[{"id":6740,"href":"https:\/\/dioceseteixeiradefreitas.com.br\/index.php?rest_route=\/wp\/v2\/posts\/6736\/revisions\/6740"}],"wp:featuredmedia":[{"embeddable":true,"href":"https:\/\/dioceseteixeiradefreitas.com.br\/index.php?rest_route=\/wp\/v2\/media\/6737"}],"wp:attachment":[{"href":"https:\/\/dioceseteixeiradefreitas.com.br\/index.php?rest_route=%2Fwp%2Fv2%2Fmedia&parent=6736"}],"wp:term":[{"taxonomy":"category","embeddable":true,"href":"https:\/\/dioceseteixeiradefreitas.com.br\/index.php?rest_route=%2Fwp%2Fv2%2Fcategories&post=6736"},{"taxonomy":"post_tag","embeddable":true,"href":"https:\/\/dioceseteixeiradefreitas.com.br\/index.php?rest_route=%2Fwp%2Fv2%2Ftags&post=6736"}],"curies":[{"name":"wp","href":"https:\/\/api.w.org\/{rel}","templated":true}]}}