{"id":6775,"date":"2019-07-03T08:57:12","date_gmt":"2019-07-03T11:57:12","guid":{"rendered":"https:\/\/dioceseteixeiradefreitas.com.br\/?p=6775"},"modified":"2019-09-30T15:20:18","modified_gmt":"2019-09-30T18:20:18","slug":"paroquia-nossa-senhora-da-purificacao-celebra-solenidade-do-sagrado-coracao-de-jesus","status":"publish","type":"post","link":"https:\/\/dioceseteixeiradefreitas.com.br\/?p=6775","title":{"rendered":"Par\u00f3quia Nossa Senhora da Purifica\u00e7\u00e3o celebra Solenidade do Sagrado Cora\u00e7\u00e3o de Jesus"},"content":{"rendered":"<p><img loading=\"lazy\" decoding=\"async\" class=\"aligncenter wp-image-6776 size-full\" src=\"https:\/\/dioceseteixeiradefreitas.com.br\/wp-content\/uploads\/2019\/07\/62241091_2837690769634519_1395871376291659776_n.jpg\" alt=\"\" width=\"960\" height=\"604\" srcset=\"https:\/\/dioceseteixeiradefreitas.com.br\/wp-content\/uploads\/2019\/07\/62241091_2837690769634519_1395871376291659776_n.jpg 960w, https:\/\/dioceseteixeiradefreitas.com.br\/wp-content\/uploads\/2019\/07\/62241091_2837690769634519_1395871376291659776_n-600x378.jpg 600w, https:\/\/dioceseteixeiradefreitas.com.br\/wp-content\/uploads\/2019\/07\/62241091_2837690769634519_1395871376291659776_n-300x189.jpg 300w, https:\/\/dioceseteixeiradefreitas.com.br\/wp-content\/uploads\/2019\/07\/62241091_2837690769634519_1395871376291659776_n-768x483.jpg 768w\" sizes=\"auto, (max-width: 960px) 100vw, 960px\" \/><\/p>\n<p>No dia 28\/06, os fi\u00e9is sa\u00edram em prociss\u00e3o \u00e0s 18h em dire\u00e7\u00e3o \u00e0 Igreja Matriz de Nossa Senhora da Purifica\u00e7\u00e3o, em especial os associados do Apostolado da Ora\u00e7\u00e3o, movimento que existe h\u00e1 mais de cem anos na Par\u00f3quia. A Santa Missa foi presidida pelo Pe. Aldomiro Aciole, Administrador Paroquial, \u00e0s 19h.<\/p>\n<p>Em um trecho da sua homilia, Pe. Aldomiro destaca:<\/p>\n<blockquote><p>&#8220;Hoje comemoramos nessa solenidade o Sagrado Cora\u00e7\u00e3o de Jesus. Essa tradi\u00e7\u00e3o come\u00e7ou numa \u00e9poca em que as pessoas n\u00e3o procuravam a Deus por amor, mas procuravam a Deus por temor, por medo, medo de ir para o inferno. Era muito n\u00edtido naquela \u00e9poca que as pessoas n\u00e3o iam para as ora\u00e7\u00f5es, para as igrejas buscando esse amor de Deus. Ent\u00e3o Santa Maria Margarida recebe essa vis\u00e3o, justamente porque Deus quer mostrar-se quem ele de fato \u00e9. (&#8230;) N\u00e3o \u00e9 o carrasco, n\u00e3o \u00e9 aquele que deseja o mal, n\u00e3o \u00e9 aquele que deseja que vamos para o inferno, pelo contr\u00e1rio, Ele sempre est\u00e1 a procura da ovelha perdida. Aquele que \u00e9 misericordioso, que sabe perdoar, \u00e9 Aquele que tem cora\u00e7\u00e3o. Cora\u00e7\u00e3o que deve ser cada vez mais difundido e colocado dentro dos nossos cora\u00e7\u00f5es&#8221;.<\/p><\/blockquote>\n<p>&nbsp;<\/p>\n<table cellpadding=\"5\">\n<tbody>\n<tr>\n<td>\ud835\udc02\ud835\udc28\ud835\udc27\ud835\udc1f\ud835\udc22\ud835\udc2b\ud835\udc1a \ud835\udc1a\ud835\udc2c \ud835\udc05\ud835\udc28\ud835\udc2d\ud835\udc28\ud835\udc2c:<\/td>\n<\/tr>\n<\/tbody>\n<\/table>\n<div id='gallery-1' class='gallery galleryid-6775 gallery-columns-5 gallery-size-medium'><figure class='gallery-item'>\n\t\t\t<div class='gallery-icon landscape'>\n\t\t\t\t<a href='https:\/\/dioceseteixeiradefreitas.com.br\/wp-content\/uploads\/2019\/07\/62241091_2837690769634519_1395871376291659776_n.jpg'><img loading=\"lazy\" decoding=\"async\" width=\"300\" height=\"189\" src=\"https:\/\/dioceseteixeiradefreitas.com.br\/wp-content\/uploads\/2019\/07\/62241091_2837690769634519_1395871376291659776_n-300x189.jpg\" class=\"attachment-medium size-medium\" alt=\"\" srcset=\"https:\/\/dioceseteixeiradefreitas.com.br\/wp-content\/uploads\/2019\/07\/62241091_2837690769634519_1395871376291659776_n-300x189.jpg 300w, https:\/\/dioceseteixeiradefreitas.com.br\/wp-content\/uploads\/2019\/07\/62241091_2837690769634519_1395871376291659776_n-600x378.jpg 600w, https:\/\/dioceseteixeiradefreitas.com.br\/wp-content\/uploads\/2019\/07\/62241091_2837690769634519_1395871376291659776_n-768x483.jpg 768w, https:\/\/dioceseteixeiradefreitas.com.br\/wp-content\/uploads\/2019\/07\/62241091_2837690769634519_1395871376291659776_n.jpg 960w\" sizes=\"auto, (max-width: 300px) 100vw, 300px\" \/><\/a>\n\t\t\t<\/div><\/figure><figure class='gallery-item'>\n\t\t\t<div class='gallery-icon portrait'>\n\t\t\t\t<a href='https:\/\/dioceseteixeiradefreitas.com.br\/wp-content\/uploads\/2019\/07\/65318901_2837690449634551_4260778342711558144_n.jpg'><img loading=\"lazy\" decoding=\"async\" width=\"223\" height=\"300\" src=\"https:\/\/dioceseteixeiradefreitas.com.br\/wp-content\/uploads\/2019\/07\/65318901_2837690449634551_4260778342711558144_n-223x300.jpg\" class=\"attachment-medium size-medium\" alt=\"\" srcset=\"https:\/\/dioceseteixeiradefreitas.com.br\/wp-content\/uploads\/2019\/07\/65318901_2837690449634551_4260778342711558144_n-223x300.jpg 223w, https:\/\/dioceseteixeiradefreitas.com.br\/wp-content\/uploads\/2019\/07\/65318901_2837690449634551_4260778342711558144_n-600x806.jpg 600w, https:\/\/dioceseteixeiradefreitas.com.br\/wp-content\/uploads\/2019\/07\/65318901_2837690449634551_4260778342711558144_n.jpg 715w\" sizes=\"auto, (max-width: 223px) 100vw, 223px\" \/><\/a>\n\t\t\t<\/div><\/figure><figure class='gallery-item'>\n\t\t\t<div class='gallery-icon portrait'>\n\t\t\t\t<a href='https:\/\/dioceseteixeiradefreitas.com.br\/wp-content\/uploads\/2019\/07\/65371338_2837690579634538_6235782499310501888_n.jpg'><img loading=\"lazy\" decoding=\"async\" width=\"226\" height=\"300\" src=\"https:\/\/dioceseteixeiradefreitas.com.br\/wp-content\/uploads\/2019\/07\/65371338_2837690579634538_6235782499310501888_n-226x300.jpg\" class=\"attachment-medium size-medium\" alt=\"\" srcset=\"https:\/\/dioceseteixeiradefreitas.com.br\/wp-content\/uploads\/2019\/07\/65371338_2837690579634538_6235782499310501888_n-226x300.jpg 226w, https:\/\/dioceseteixeiradefreitas.com.br\/wp-content\/uploads\/2019\/07\/65371338_2837690579634538_6235782499310501888_n-600x795.jpg 600w, https:\/\/dioceseteixeiradefreitas.com.br\/wp-content\/uploads\/2019\/07\/65371338_2837690579634538_6235782499310501888_n.jpg 720w\" sizes=\"auto, (max-width: 226px) 100vw, 226px\" \/><\/a>\n\t\t\t<\/div><\/figure><figure class='gallery-item'>\n\t\t\t<div class='gallery-icon portrait'>\n\t\t\t\t<a href='https:\/\/dioceseteixeiradefreitas.com.br\/wp-content\/uploads\/2019\/07\/65515885_2837690532967876_8166017991285145600_n.jpg'><img loading=\"lazy\" decoding=\"async\" width=\"205\" height=\"300\" src=\"https:\/\/dioceseteixeiradefreitas.com.br\/wp-content\/uploads\/2019\/07\/65515885_2837690532967876_8166017991285145600_n-205x300.jpg\" class=\"attachment-medium size-medium\" alt=\"\" srcset=\"https:\/\/dioceseteixeiradefreitas.com.br\/wp-content\/uploads\/2019\/07\/65515885_2837690532967876_8166017991285145600_n-205x300.jpg 205w, https:\/\/dioceseteixeiradefreitas.com.br\/wp-content\/uploads\/2019\/07\/65515885_2837690532967876_8166017991285145600_n-600x877.jpg 600w, https:\/\/dioceseteixeiradefreitas.com.br\/wp-content\/uploads\/2019\/07\/65515885_2837690532967876_8166017991285145600_n.jpg 657w\" sizes=\"auto, (max-width: 205px) 100vw, 205px\" \/><\/a>\n\t\t\t<\/div><\/figure><figure class='gallery-item'>\n\t\t\t<div class='gallery-icon landscape'>\n\t\t\t\t<a href='https:\/\/dioceseteixeiradefreitas.com.br\/wp-content\/uploads\/2019\/07\/65707759_2837690702967859_212458026244767744_n.jpg'><img loading=\"lazy\" decoding=\"async\" width=\"300\" height=\"169\" src=\"https:\/\/dioceseteixeiradefreitas.com.br\/wp-content\/uploads\/2019\/07\/65707759_2837690702967859_212458026244767744_n-300x169.jpg\" class=\"attachment-medium size-medium\" alt=\"\" srcset=\"https:\/\/dioceseteixeiradefreitas.com.br\/wp-content\/uploads\/2019\/07\/65707759_2837690702967859_212458026244767744_n-300x169.jpg 300w, https:\/\/dioceseteixeiradefreitas.com.br\/wp-content\/uploads\/2019\/07\/65707759_2837690702967859_212458026244767744_n-600x338.jpg 600w, https:\/\/dioceseteixeiradefreitas.com.br\/wp-content\/uploads\/2019\/07\/65707759_2837690702967859_212458026244767744_n-768x432.jpg 768w, https:\/\/dioceseteixeiradefreitas.com.br\/wp-content\/uploads\/2019\/07\/65707759_2837690702967859_212458026244767744_n-390x220.jpg 390w, https:\/\/dioceseteixeiradefreitas.com.br\/wp-content\/uploads\/2019\/07\/65707759_2837690702967859_212458026244767744_n.jpg 960w\" sizes=\"auto, (max-width: 300px) 100vw, 300px\" \/><\/a>\n\t\t\t<\/div><\/figure>\n\t\t<\/div>\n\n<p>Por PASCOM Par\u00f3quia Nossa Senhora da Purifica\u00e7\u00e3o<\/p>\n","protected":false},"excerpt":{"rendered":"<p>No dia 28\/06, os fi\u00e9is sa\u00edram em prociss\u00e3o \u00e0s 18h em dire\u00e7\u00e3o \u00e0 Igreja Matriz de Nossa Senhora da Purifica\u00e7\u00e3o, em especial os associados do Apostolado da Ora\u00e7\u00e3o, movimento que existe h\u00e1 mais de cem anos na Par\u00f3quia. A Santa Missa foi presidida pelo Pe. Aldomiro Aciole, Administrador Paroquial, \u00e0s 19h. Em um trecho da &hellip;<\/p>\n","protected":false},"author":1,"featured_media":6776,"comment_status":"closed","ping_status":"closed","sticky":false,"template":"","format":"standard","meta":{"footnotes":""},"categories":[310],"tags":[131,61,130,128],"class_list":["post-6775","post","type-post","status-publish","format-standard","has-post-thumbnail","hentry","category-noticias-paroquiais","tag-paroquia-nossa-senhora-da-purificacao","tag-paroquia-senhor-bom-jesus","tag-pe-aldomiro","tag-sagrado-coracao-de-jesus"],"_links":{"self":[{"href":"https:\/\/dioceseteixeiradefreitas.com.br\/index.php?rest_route=\/wp\/v2\/posts\/6775","targetHints":{"allow":["GET"]}}],"collection":[{"href":"https:\/\/dioceseteixeiradefreitas.com.br\/index.php?rest_route=\/wp\/v2\/posts"}],"about":[{"href":"https:\/\/dioceseteixeiradefreitas.com.br\/index.php?rest_route=\/wp\/v2\/types\/post"}],"author":[{"embeddable":true,"href":"https:\/\/dioceseteixeiradefreitas.com.br\/index.php?rest_route=\/wp\/v2\/users\/1"}],"replies":[{"embeddable":true,"href":"https:\/\/dioceseteixeiradefreitas.com.br\/index.php?rest_route=%2Fwp%2Fv2%2Fcomments&post=6775"}],"version-history":[{"count":1,"href":"https:\/\/dioceseteixeiradefreitas.com.br\/index.php?rest_route=\/wp\/v2\/posts\/6775\/revisions"}],"predecessor-version":[{"id":6781,"href":"https:\/\/dioceseteixeiradefreitas.com.br\/index.php?rest_route=\/wp\/v2\/posts\/6775\/revisions\/6781"}],"wp:featuredmedia":[{"embeddable":true,"href":"https:\/\/dioceseteixeiradefreitas.com.br\/index.php?rest_route=\/wp\/v2\/media\/6776"}],"wp:attachment":[{"href":"https:\/\/dioceseteixeiradefreitas.com.br\/index.php?rest_route=%2Fwp%2Fv2%2Fmedia&parent=6775"}],"wp:term":[{"taxonomy":"category","embeddable":true,"href":"https:\/\/dioceseteixeiradefreitas.com.br\/index.php?rest_route=%2Fwp%2Fv2%2Fcategories&post=6775"},{"taxonomy":"post_tag","embeddable":true,"href":"https:\/\/dioceseteixeiradefreitas.com.br\/index.php?rest_route=%2Fwp%2Fv2%2Ftags&post=6775"}],"curies":[{"name":"wp","href":"https:\/\/api.w.org\/{rel}","templated":true}]}}