{"id":6946,"date":"2019-07-12T09:39:01","date_gmt":"2019-07-12T12:39:01","guid":{"rendered":"https:\/\/dioceseteixeiradefreitas.com.br\/?p=6946"},"modified":"2019-07-12T09:47:49","modified_gmt":"2019-07-12T12:47:49","slug":"coordenador-diocesano-do-terco-dos-homens-participa-de-reuniao-na-sub-regional-vi","status":"publish","type":"post","link":"https:\/\/dioceseteixeiradefreitas.com.br\/?p=6946","title":{"rendered":"Coordenador Diocesano do Ter\u00e7o dos Homens participa de reuni\u00e3o na sub-regional VI"},"content":{"rendered":"<figure id=\"attachment_6949\" aria-describedby=\"caption-attachment-6949\" style=\"width: 648px\" class=\"wp-caption aligncenter\"><img loading=\"lazy\" decoding=\"async\" class=\"wp-image-6949\" src=\"https:\/\/dioceseteixeiradefreitas.com.br\/wp-content\/uploads\/2019\/07\/9bf8f518-710f-4257-b0f4-bc666dceb9a6.jpg\" alt=\"\" width=\"648\" height=\"432\" srcset=\"https:\/\/dioceseteixeiradefreitas.com.br\/wp-content\/uploads\/2019\/07\/9bf8f518-710f-4257-b0f4-bc666dceb9a6.jpg 1280w, https:\/\/dioceseteixeiradefreitas.com.br\/wp-content\/uploads\/2019\/07\/9bf8f518-710f-4257-b0f4-bc666dceb9a6-600x400.jpg 600w, https:\/\/dioceseteixeiradefreitas.com.br\/wp-content\/uploads\/2019\/07\/9bf8f518-710f-4257-b0f4-bc666dceb9a6-300x200.jpg 300w, https:\/\/dioceseteixeiradefreitas.com.br\/wp-content\/uploads\/2019\/07\/9bf8f518-710f-4257-b0f4-bc666dceb9a6-768x512.jpg 768w, https:\/\/dioceseteixeiradefreitas.com.br\/wp-content\/uploads\/2019\/07\/9bf8f518-710f-4257-b0f4-bc666dceb9a6-1024x682.jpg 1024w\" sizes=\"auto, (max-width: 648px) 100vw, 648px\" \/><figcaption id=\"caption-attachment-6949\" class=\"wp-caption-text\">Foto: Coordenadores diocesanos da sub-regional VI &#8211; PORTAL CAT\u00d3LICO\/Divulga\u00e7\u00e3o<\/figcaption><\/figure>\n<p>No s\u00e1bado, dia 06 de julho, os coordenadores diocesanos do Ter\u00e7o dos Homens da sub-regional VI, composta pelas dioceses de Itabuna, Ilh\u00e9us, Eun\u00e1polis e Teixeira de Freitas\/Caravelas se reuniram na cidade de Itabuna\/BA. O coordenador diocesano do Movimento Ter\u00e7o dos Homens de nossa Diocese, Fernando Alves, esteve presente.<\/p>\n<p>A reuni\u00e3o foi aberta com a b\u00ean\u00e7\u00e3o do Bispo da diocese, Dom Carlos Alberto dos Santos, que elogiou a iniciativa de forma\u00e7\u00e3o da coordena\u00e7\u00e3o a falou da import\u00e2ncia do movimento para sociedade e a comunidade cat\u00f3lica.<\/p>\n<p>Com o objetivo de atualizar a forma\u00e7\u00e3o, alinhar as diretrizes do movimento com as a\u00e7\u00f5es da CNBB al\u00e9m de eleger a coordena\u00e7\u00e3o da sub-regional, o coordenador da Regional Nordeste 3 do Movimento do Ter\u00e7o dos Homens, M\u00e1rio Pereira, refor\u00e7ou que a miss\u00e3o do movimento \u00e9 transformar \u00e0 sociedade atrav\u00e9s da convers\u00e3o dos homens pelo ter\u00e7o e que a forma\u00e7\u00e3o da coordena\u00e7\u00e3o da sub-regional 6 \u00e9 um passo importante para a miss\u00e3o, pois permitir\u00e1 que as a\u00e7\u00f5es ocorram de forma mais alinhada com as diretrizes da CNBB.<\/p>\n<p>Confira, abaixo, a estrutura da nova coordena\u00e7\u00e3o da sub-regi\u00e3o pastoral VI do Ter\u00e7o dos Homens:<br \/>\nCoordenador: Jos\u00e9 Francisco dos S. Filho (Diocese de Itabuna)<br \/>\nVice coordenador: M\u00e1rcio Barbosa (Diocese de Ilh\u00e9us)<br \/>\nTesoureiro: Fernando Alves (Diocese de Teixeira de Freitas\/Caravelas)<br \/>\nSecret\u00e1rio: Rivanildo da Silva Lima (Diocese de Itabuna)<\/p>\n<p>[su_note note_color=&#8221;#f3b418&#8243; text_color=&#8221;#ffffff&#8221;]Confira as fotos na galeria[\/su_note]<\/p>\n<div id='gallery-1' class='gallery galleryid-6946 gallery-columns-4 gallery-size-medium'><figure class='gallery-item'>\n\t\t\t<div class='gallery-icon landscape'>\n\t\t\t\t<a href='https:\/\/dioceseteixeiradefreitas.com.br\/wp-content\/uploads\/2019\/07\/3eb41d71-f6e7-474f-bd8f-73d5bc8cdc72.jpg'><img loading=\"lazy\" decoding=\"async\" width=\"300\" height=\"200\" src=\"https:\/\/dioceseteixeiradefreitas.com.br\/wp-content\/uploads\/2019\/07\/3eb41d71-f6e7-474f-bd8f-73d5bc8cdc72-300x200.jpg\" class=\"attachment-medium size-medium\" alt=\"\" srcset=\"https:\/\/dioceseteixeiradefreitas.com.br\/wp-content\/uploads\/2019\/07\/3eb41d71-f6e7-474f-bd8f-73d5bc8cdc72-300x200.jpg 300w, https:\/\/dioceseteixeiradefreitas.com.br\/wp-content\/uploads\/2019\/07\/3eb41d71-f6e7-474f-bd8f-73d5bc8cdc72-600x400.jpg 600w, https:\/\/dioceseteixeiradefreitas.com.br\/wp-content\/uploads\/2019\/07\/3eb41d71-f6e7-474f-bd8f-73d5bc8cdc72-768x512.jpg 768w, https:\/\/dioceseteixeiradefreitas.com.br\/wp-content\/uploads\/2019\/07\/3eb41d71-f6e7-474f-bd8f-73d5bc8cdc72-1024x682.jpg 1024w, https:\/\/dioceseteixeiradefreitas.com.br\/wp-content\/uploads\/2019\/07\/3eb41d71-f6e7-474f-bd8f-73d5bc8cdc72.jpg 1280w\" sizes=\"auto, (max-width: 300px) 100vw, 300px\" \/><\/a>\n\t\t\t<\/div><\/figure><figure class='gallery-item'>\n\t\t\t<div class='gallery-icon landscape'>\n\t\t\t\t<a href='https:\/\/dioceseteixeiradefreitas.com.br\/wp-content\/uploads\/2019\/07\/6e1ad3a1-5470-44af-99e8-8495467d6502.jpg'><img loading=\"lazy\" decoding=\"async\" width=\"300\" height=\"200\" src=\"https:\/\/dioceseteixeiradefreitas.com.br\/wp-content\/uploads\/2019\/07\/6e1ad3a1-5470-44af-99e8-8495467d6502-300x200.jpg\" class=\"attachment-medium size-medium\" alt=\"\" srcset=\"https:\/\/dioceseteixeiradefreitas.com.br\/wp-content\/uploads\/2019\/07\/6e1ad3a1-5470-44af-99e8-8495467d6502-300x200.jpg 300w, https:\/\/dioceseteixeiradefreitas.com.br\/wp-content\/uploads\/2019\/07\/6e1ad3a1-5470-44af-99e8-8495467d6502-600x400.jpg 600w, https:\/\/dioceseteixeiradefreitas.com.br\/wp-content\/uploads\/2019\/07\/6e1ad3a1-5470-44af-99e8-8495467d6502-768x512.jpg 768w, https:\/\/dioceseteixeiradefreitas.com.br\/wp-content\/uploads\/2019\/07\/6e1ad3a1-5470-44af-99e8-8495467d6502-1024x682.jpg 1024w, https:\/\/dioceseteixeiradefreitas.com.br\/wp-content\/uploads\/2019\/07\/6e1ad3a1-5470-44af-99e8-8495467d6502.jpg 1280w\" sizes=\"auto, (max-width: 300px) 100vw, 300px\" \/><\/a>\n\t\t\t<\/div><\/figure><figure class='gallery-item'>\n\t\t\t<div class='gallery-icon landscape'>\n\t\t\t\t<a href='https:\/\/dioceseteixeiradefreitas.com.br\/wp-content\/uploads\/2019\/07\/9bf8f518-710f-4257-b0f4-bc666dceb9a6.jpg'><img loading=\"lazy\" decoding=\"async\" width=\"300\" height=\"200\" src=\"https:\/\/dioceseteixeiradefreitas.com.br\/wp-content\/uploads\/2019\/07\/9bf8f518-710f-4257-b0f4-bc666dceb9a6-300x200.jpg\" class=\"attachment-medium size-medium\" alt=\"\" srcset=\"https:\/\/dioceseteixeiradefreitas.com.br\/wp-content\/uploads\/2019\/07\/9bf8f518-710f-4257-b0f4-bc666dceb9a6-300x200.jpg 300w, https:\/\/dioceseteixeiradefreitas.com.br\/wp-content\/uploads\/2019\/07\/9bf8f518-710f-4257-b0f4-bc666dceb9a6-600x400.jpg 600w, https:\/\/dioceseteixeiradefreitas.com.br\/wp-content\/uploads\/2019\/07\/9bf8f518-710f-4257-b0f4-bc666dceb9a6-768x512.jpg 768w, https:\/\/dioceseteixeiradefreitas.com.br\/wp-content\/uploads\/2019\/07\/9bf8f518-710f-4257-b0f4-bc666dceb9a6-1024x682.jpg 1024w, https:\/\/dioceseteixeiradefreitas.com.br\/wp-content\/uploads\/2019\/07\/9bf8f518-710f-4257-b0f4-bc666dceb9a6.jpg 1280w\" sizes=\"auto, (max-width: 300px) 100vw, 300px\" \/><\/a>\n\t\t\t<\/div><\/figure><figure class='gallery-item'>\n\t\t\t<div class='gallery-icon landscape'>\n\t\t\t\t<a href='https:\/\/dioceseteixeiradefreitas.com.br\/wp-content\/uploads\/2019\/07\/c5e47605-4f52-4fe7-a607-30a35f26375e.jpg'><img loading=\"lazy\" decoding=\"async\" width=\"300\" height=\"200\" src=\"https:\/\/dioceseteixeiradefreitas.com.br\/wp-content\/uploads\/2019\/07\/c5e47605-4f52-4fe7-a607-30a35f26375e-300x200.jpg\" class=\"attachment-medium size-medium\" alt=\"\" srcset=\"https:\/\/dioceseteixeiradefreitas.com.br\/wp-content\/uploads\/2019\/07\/c5e47605-4f52-4fe7-a607-30a35f26375e-300x200.jpg 300w, https:\/\/dioceseteixeiradefreitas.com.br\/wp-content\/uploads\/2019\/07\/c5e47605-4f52-4fe7-a607-30a35f26375e-600x400.jpg 600w, https:\/\/dioceseteixeiradefreitas.com.br\/wp-content\/uploads\/2019\/07\/c5e47605-4f52-4fe7-a607-30a35f26375e-768x512.jpg 768w, https:\/\/dioceseteixeiradefreitas.com.br\/wp-content\/uploads\/2019\/07\/c5e47605-4f52-4fe7-a607-30a35f26375e-1024x682.jpg 1024w, https:\/\/dioceseteixeiradefreitas.com.br\/wp-content\/uploads\/2019\/07\/c5e47605-4f52-4fe7-a607-30a35f26375e.jpg 1280w\" sizes=\"auto, (max-width: 300px) 100vw, 300px\" \/><\/a>\n\t\t\t<\/div><\/figure>\n\t\t<\/div>\n\n<p>Texto: Fernando Alves<br \/>\nFotos: Portal Cat\u00f3lico<\/p>\n","protected":false},"excerpt":{"rendered":"<p>No s\u00e1bado, dia 06 de julho, os coordenadores diocesanos do Ter\u00e7o dos Homens da sub-regional VI, composta pelas dioceses de Itabuna, Ilh\u00e9us, Eun\u00e1polis e Teixeira de Freitas\/Caravelas se reuniram na cidade de Itabuna\/BA. O coordenador diocesano do Movimento Ter\u00e7o dos Homens de nossa Diocese, Fernando Alves, esteve presente. A reuni\u00e3o foi aberta com a b\u00ean\u00e7\u00e3o &hellip;<\/p>\n","protected":false},"author":1,"featured_media":6949,"comment_status":"closed","ping_status":"closed","sticky":false,"template":"","format":"standard","meta":{"footnotes":""},"categories":[100],"tags":[153,154,155,152],"class_list":["post-6946","post","type-post","status-publish","format-standard","has-post-thumbnail","hentry","category-noticias-diocesanas","tag-fernando-alves","tag-itabuna","tag-regional","tag-terco-dos-homens"],"_links":{"self":[{"href":"https:\/\/dioceseteixeiradefreitas.com.br\/index.php?rest_route=\/wp\/v2\/posts\/6946","targetHints":{"allow":["GET"]}}],"collection":[{"href":"https:\/\/dioceseteixeiradefreitas.com.br\/index.php?rest_route=\/wp\/v2\/posts"}],"about":[{"href":"https:\/\/dioceseteixeiradefreitas.com.br\/index.php?rest_route=\/wp\/v2\/types\/post"}],"author":[{"embeddable":true,"href":"https:\/\/dioceseteixeiradefreitas.com.br\/index.php?rest_route=\/wp\/v2\/users\/1"}],"replies":[{"embeddable":true,"href":"https:\/\/dioceseteixeiradefreitas.com.br\/index.php?rest_route=%2Fwp%2Fv2%2Fcomments&post=6946"}],"version-history":[{"count":7,"href":"https:\/\/dioceseteixeiradefreitas.com.br\/index.php?rest_route=\/wp\/v2\/posts\/6946\/revisions"}],"predecessor-version":[{"id":6957,"href":"https:\/\/dioceseteixeiradefreitas.com.br\/index.php?rest_route=\/wp\/v2\/posts\/6946\/revisions\/6957"}],"wp:featuredmedia":[{"embeddable":true,"href":"https:\/\/dioceseteixeiradefreitas.com.br\/index.php?rest_route=\/wp\/v2\/media\/6949"}],"wp:attachment":[{"href":"https:\/\/dioceseteixeiradefreitas.com.br\/index.php?rest_route=%2Fwp%2Fv2%2Fmedia&parent=6946"}],"wp:term":[{"taxonomy":"category","embeddable":true,"href":"https:\/\/dioceseteixeiradefreitas.com.br\/index.php?rest_route=%2Fwp%2Fv2%2Fcategories&post=6946"},{"taxonomy":"post_tag","embeddable":true,"href":"https:\/\/dioceseteixeiradefreitas.com.br\/index.php?rest_route=%2Fwp%2Fv2%2Ftags&post=6946"}],"curies":[{"name":"wp","href":"https:\/\/api.w.org\/{rel}","templated":true}]}}