{"id":7176,"date":"2019-07-30T10:44:24","date_gmt":"2019-07-30T13:44:24","guid":{"rendered":"https:\/\/dioceseteixeiradefreitas.com.br\/?p=7176"},"modified":"2019-07-30T10:47:12","modified_gmt":"2019-07-30T13:47:12","slug":"pastoral-carceraria-realiza-campanha-de-arrecadacao-de-cobertores-para-internos-do-presidio-de-teixeira","status":"publish","type":"post","link":"https:\/\/dioceseteixeiradefreitas.com.br\/?p=7176","title":{"rendered":"Pastoral Carcer\u00e1ria realiza campanha de arrecada\u00e7\u00e3o de cobertores para internos do Pres\u00eddio de Teixeira"},"content":{"rendered":"<figure id=\"attachment_7184\" aria-describedby=\"caption-attachment-7184\" style=\"width: 708px\" class=\"wp-caption aligncenter\"><img loading=\"lazy\" decoding=\"async\" class=\"wp-image-7184 size-large\" src=\"https:\/\/dioceseteixeiradefreitas.com.br\/wp-content\/uploads\/2019\/07\/pastoral-carceraria-1024x512.jpg\" alt=\"\" width=\"708\" height=\"354\" srcset=\"https:\/\/dioceseteixeiradefreitas.com.br\/wp-content\/uploads\/2019\/07\/pastoral-carceraria-1024x512.jpg 1024w, https:\/\/dioceseteixeiradefreitas.com.br\/wp-content\/uploads\/2019\/07\/pastoral-carceraria-600x300.jpg 600w, https:\/\/dioceseteixeiradefreitas.com.br\/wp-content\/uploads\/2019\/07\/pastoral-carceraria-300x150.jpg 300w, https:\/\/dioceseteixeiradefreitas.com.br\/wp-content\/uploads\/2019\/07\/pastoral-carceraria-768x384.jpg 768w, https:\/\/dioceseteixeiradefreitas.com.br\/wp-content\/uploads\/2019\/07\/pastoral-carceraria.jpg 1280w\" sizes=\"auto, (max-width: 708px) 100vw, 708px\" \/><figcaption id=\"caption-attachment-7184\" class=\"wp-caption-text\">Imagem: Cartaz da Campanha do Cobertor &#8211; PASCOM\/Divulga\u00e7\u00e3o<\/figcaption><\/figure>\n<p>A Pastoral Carcer\u00e1ria da Diocese de Teixeira de Freitas\/Caravelas iniciou a campanha solid\u00e1ria que visa arrecadar cobertores para os reessocializandos do Conjunto Penal de Teixeira de Freitas.<\/p>\n<p>De acordo com o Coordenador da Pastoral na diocese, Edivilson Macedo Silva, a maioria dos reclusos e detidos na penitenci\u00e1ria s\u00e3o jovens, de baixa escolaridade, negra, pobres e que n\u00e3o possui nenhum membro familiar pr\u00f3ximo.<\/p>\n<p>Os interessados em doar os cobertores poder\u00e3o entreg\u00e1-los nas Secretarias Paroquiais, em hor\u00e1rio comercial. A coordena\u00e7\u00e3o da pastoral ressalta que s\u00e3o aceit\u00e1veis na unidade prisional os cobertores, <strong>nas cores: laranja, amarelo, verde claro e branco<\/strong>. Contamos com a sua colabora\u00e7\u00e3o.<\/p>\n<p><span id=\"v35\" class=\"versiculo\">&#8220;porque tive fome e me destes de comer; tive sede e me destes de beber; era peregrino e me acolhestes; <\/span><span id=\"v36\" class=\"versiculo\">nu e me vestistes; enfermo e me visitastes; estava na pris\u00e3o e viestes a mim. <\/span><span id=\"v37\" class=\"versiculo\">Perguntar-lhe-\u00e3o os justos: &#8211; Senhor, quando foi que te vimos com fome e te demos de comer, com sede e te demos de beber? <\/span><span id=\"v38\" class=\"versiculo\">Quando foi que te vimos peregrino e te acolhemos, nu e te vestimos? <\/span><span id=\"v39\" class=\"versiculo\">Quando foi que te vimos enfermo ou na pris\u00e3o e te fomos visitar? <\/span><span id=\"v40\" class=\"versiculo\">Responder\u00e1 o Rei: &#8211; Em verdade eu vos declaro: todas as vezes que fizestes isto a um destes meus irm\u00e3os mais pequeninos, foi a mim mesmo que o fizestes (Mt 25, 35-40).<\/span><\/p>\n<p>Quaisquer informa\u00e7\u00f5es, obter pelo tel.: (73) 99987-8819 (Edivilson).<\/p>\n<p><strong><a href=\"https:\/\/carceraria.org.br\/a-pastoral-carceraria\">Conhe\u00e7a a Pastoral Carcer\u00e1ria.<\/a><\/strong><\/p>\n","protected":false},"excerpt":{"rendered":"<p>A Pastoral Carcer\u00e1ria da Diocese de Teixeira de Freitas\/Caravelas iniciou a campanha solid\u00e1ria que visa arrecadar cobertores para os reessocializandos do Conjunto Penal de Teixeira de Freitas. De acordo com o Coordenador da Pastoral na diocese, Edivilson Macedo Silva, a maioria dos reclusos e detidos na penitenci\u00e1ria s\u00e3o jovens, de baixa escolaridade, negra, pobres e &hellip;<\/p>\n","protected":false},"author":1,"featured_media":7184,"comment_status":"closed","ping_status":"closed","sticky":false,"template":"","format":"standard","meta":{"footnotes":""},"categories":[100],"tags":[188,189,187],"class_list":["post-7176","post","type-post","status-publish","format-standard","has-post-thumbnail","hentry","category-noticias-diocesanas","tag-campanha-do-cobertor","tag-campanha-solidaria","tag-pastoral-carceraria"],"_links":{"self":[{"href":"https:\/\/dioceseteixeiradefreitas.com.br\/index.php?rest_route=\/wp\/v2\/posts\/7176","targetHints":{"allow":["GET"]}}],"collection":[{"href":"https:\/\/dioceseteixeiradefreitas.com.br\/index.php?rest_route=\/wp\/v2\/posts"}],"about":[{"href":"https:\/\/dioceseteixeiradefreitas.com.br\/index.php?rest_route=\/wp\/v2\/types\/post"}],"author":[{"embeddable":true,"href":"https:\/\/dioceseteixeiradefreitas.com.br\/index.php?rest_route=\/wp\/v2\/users\/1"}],"replies":[{"embeddable":true,"href":"https:\/\/dioceseteixeiradefreitas.com.br\/index.php?rest_route=%2Fwp%2Fv2%2Fcomments&post=7176"}],"version-history":[{"count":6,"href":"https:\/\/dioceseteixeiradefreitas.com.br\/index.php?rest_route=\/wp\/v2\/posts\/7176\/revisions"}],"predecessor-version":[{"id":7185,"href":"https:\/\/dioceseteixeiradefreitas.com.br\/index.php?rest_route=\/wp\/v2\/posts\/7176\/revisions\/7185"}],"wp:featuredmedia":[{"embeddable":true,"href":"https:\/\/dioceseteixeiradefreitas.com.br\/index.php?rest_route=\/wp\/v2\/media\/7184"}],"wp:attachment":[{"href":"https:\/\/dioceseteixeiradefreitas.com.br\/index.php?rest_route=%2Fwp%2Fv2%2Fmedia&parent=7176"}],"wp:term":[{"taxonomy":"category","embeddable":true,"href":"https:\/\/dioceseteixeiradefreitas.com.br\/index.php?rest_route=%2Fwp%2Fv2%2Fcategories&post=7176"},{"taxonomy":"post_tag","embeddable":true,"href":"https:\/\/dioceseteixeiradefreitas.com.br\/index.php?rest_route=%2Fwp%2Fv2%2Ftags&post=7176"}],"curies":[{"name":"wp","href":"https:\/\/api.w.org\/{rel}","templated":true}]}}