{"id":7380,"date":"2019-08-06T00:24:09","date_gmt":"2019-08-06T03:24:09","guid":{"rendered":"https:\/\/dioceseteixeiradefreitas.com.br\/?p=7380"},"modified":"2019-09-30T15:19:18","modified_gmt":"2019-09-30T18:19:18","slug":"quase-paroquia-sao-lourenco-celebra-a-festa-do-seu-padroeiro","status":"publish","type":"post","link":"https:\/\/dioceseteixeiradefreitas.com.br\/?p=7380","title":{"rendered":"Quase Par\u00f3quia S\u00e3o Louren\u00e7o celebra a festa do seu padroeiro"},"content":{"rendered":"<figure id=\"attachment_7381\" aria-describedby=\"caption-attachment-7381\" style=\"width: 483px\" class=\"wp-caption aligncenter\"><img loading=\"lazy\" decoding=\"async\" class=\"wp-image-7381 \" src=\"https:\/\/dioceseteixeiradefreitas.com.br\/wp-content\/uploads\/2019\/08\/29114233-2d22-4222-b987-26bde541abf6-723x1024.jpg\" alt=\"\" width=\"483\" height=\"684\" srcset=\"https:\/\/dioceseteixeiradefreitas.com.br\/wp-content\/uploads\/2019\/08\/29114233-2d22-4222-b987-26bde541abf6-723x1024.jpg 723w, https:\/\/dioceseteixeiradefreitas.com.br\/wp-content\/uploads\/2019\/08\/29114233-2d22-4222-b987-26bde541abf6-600x850.jpg 600w, https:\/\/dioceseteixeiradefreitas.com.br\/wp-content\/uploads\/2019\/08\/29114233-2d22-4222-b987-26bde541abf6-212x300.jpg 212w, https:\/\/dioceseteixeiradefreitas.com.br\/wp-content\/uploads\/2019\/08\/29114233-2d22-4222-b987-26bde541abf6-768x1087.jpg 768w, https:\/\/dioceseteixeiradefreitas.com.br\/wp-content\/uploads\/2019\/08\/29114233-2d22-4222-b987-26bde541abf6.jpg 904w\" sizes=\"auto, (max-width: 483px) 100vw, 483px\" \/><figcaption id=\"caption-attachment-7381\" class=\"wp-caption-text\">Imagem: Cartaz da Festa de S\u00e3o Louren\u00e7o &#8211; PASCOM\/Divulga\u00e7\u00e3o<\/figcaption><\/figure>\n<p>A Quase Par\u00f3quia S\u00e3o Louren\u00e7o convida a todos para celebrar a festa em devo\u00e7\u00e3o ao seu padroeiro. De 01 \u00e0 11 de Agosto, haver\u00e1 programa\u00e7\u00e3o intensa para os fi\u00e9is, com o tema \u201cA Miss\u00e3o de S\u00e3o Louren\u00e7o \u00e9 a miss\u00e3o da igreja&#8221;.\u00a0 A celebra\u00e7\u00e3o eucar\u00edstica acontecer\u00e1 todos os dias, durante a Semana \u00e0s 19h30, s\u00e1bado \u00e0s 19h e nos domingos \u00e0s 18h e ap\u00f3s a missa, os presentes poder\u00e3o participar das Barraquinhas com comidas t\u00edpicas.<\/p>\n<p>A programa\u00e7\u00e3o conta com a presen\u00e7a de Pe. Gilberto de Jesus, Pe. Gilvan Lopes, Pe. Raul Felipe, Pe. Le\u00f4nidas Cardoso, Pe. Mois\u00e9s Porcino, Pe. Ariston Ara\u00fajo, Pe. Paulo Sales, Pe. Edivaldo Santana e do V. Revmo. Dom Jailton de Oliveira Lino, especialmente no dia 10 de Agosto, antes da Missa, \u00e0s 18h haver\u00e1 prociss\u00e3o pelas ruas do bairro S\u00e3o Louren\u00e7o!<\/p>\n<p>A Quase Par\u00f3quia S\u00e3o Louren\u00e7o fica localizada na Rua Andr\u00e9 Medeiros, 454, bairro S\u00e3o Louren\u00e7o, em Teixeira de Freitas\/BA.<\/p>\n<p>Venha celebrar e rezar a novena! Traga sua fam\u00edlia e amigos e participe desse momento de gra\u00e7a que \u00e9 a Festa ao Padroeiro S\u00e3o Louren\u00e7o!<\/p>\n","protected":false},"excerpt":{"rendered":"<p>A Quase Par\u00f3quia S\u00e3o Louren\u00e7o convida a todos para celebrar a festa em devo\u00e7\u00e3o ao seu padroeiro. De 01 \u00e0 11 de Agosto, haver\u00e1 programa\u00e7\u00e3o intensa para os fi\u00e9is, com o tema \u201cA Miss\u00e3o de S\u00e3o Louren\u00e7o \u00e9 a miss\u00e3o da igreja&#8221;.\u00a0 A celebra\u00e7\u00e3o eucar\u00edstica acontecer\u00e1 todos os dias, durante a Semana \u00e0s 19h30, s\u00e1bado &hellip;<\/p>\n","protected":false},"author":1,"featured_media":7381,"comment_status":"closed","ping_status":"closed","sticky":false,"template":"","format":"standard","meta":{"footnotes":""},"categories":[310],"tags":[206,205,207,208],"class_list":["post-7380","post","type-post","status-publish","format-standard","has-post-thumbnail","hentry","category-noticias-paroquiais","tag-festa","tag-festa-de-sao-lourenco","tag-novenario","tag-quase-paroquia-sao-lourenco"],"_links":{"self":[{"href":"https:\/\/dioceseteixeiradefreitas.com.br\/index.php?rest_route=\/wp\/v2\/posts\/7380","targetHints":{"allow":["GET"]}}],"collection":[{"href":"https:\/\/dioceseteixeiradefreitas.com.br\/index.php?rest_route=\/wp\/v2\/posts"}],"about":[{"href":"https:\/\/dioceseteixeiradefreitas.com.br\/index.php?rest_route=\/wp\/v2\/types\/post"}],"author":[{"embeddable":true,"href":"https:\/\/dioceseteixeiradefreitas.com.br\/index.php?rest_route=\/wp\/v2\/users\/1"}],"replies":[{"embeddable":true,"href":"https:\/\/dioceseteixeiradefreitas.com.br\/index.php?rest_route=%2Fwp%2Fv2%2Fcomments&post=7380"}],"version-history":[{"count":4,"href":"https:\/\/dioceseteixeiradefreitas.com.br\/index.php?rest_route=\/wp\/v2\/posts\/7380\/revisions"}],"predecessor-version":[{"id":7385,"href":"https:\/\/dioceseteixeiradefreitas.com.br\/index.php?rest_route=\/wp\/v2\/posts\/7380\/revisions\/7385"}],"wp:featuredmedia":[{"embeddable":true,"href":"https:\/\/dioceseteixeiradefreitas.com.br\/index.php?rest_route=\/wp\/v2\/media\/7381"}],"wp:attachment":[{"href":"https:\/\/dioceseteixeiradefreitas.com.br\/index.php?rest_route=%2Fwp%2Fv2%2Fmedia&parent=7380"}],"wp:term":[{"taxonomy":"category","embeddable":true,"href":"https:\/\/dioceseteixeiradefreitas.com.br\/index.php?rest_route=%2Fwp%2Fv2%2Fcategories&post=7380"},{"taxonomy":"post_tag","embeddable":true,"href":"https:\/\/dioceseteixeiradefreitas.com.br\/index.php?rest_route=%2Fwp%2Fv2%2Ftags&post=7380"}],"curies":[{"name":"wp","href":"https:\/\/api.w.org\/{rel}","templated":true}]}}