{"id":7478,"date":"2019-08-12T08:48:40","date_gmt":"2019-08-12T11:48:40","guid":{"rendered":"https:\/\/dioceseteixeiradefreitas.com.br\/?p=7478"},"modified":"2019-08-12T08:49:49","modified_gmt":"2019-08-12T11:49:49","slug":"igreja-no-brasil-celebra-a-semana-nacional-da-familia","status":"publish","type":"post","link":"https:\/\/dioceseteixeiradefreitas.com.br\/?p=7478","title":{"rendered":"Igreja no Brasil celebra a Semana Nacional da Fam\u00edlia"},"content":{"rendered":"<figure id=\"attachment_7479\" aria-describedby=\"caption-attachment-7479\" style=\"width: 708px\" class=\"wp-caption aligncenter\"><img loading=\"lazy\" decoding=\"async\" class=\"wp-image-7479 size-large\" src=\"https:\/\/dioceseteixeiradefreitas.com.br\/wp-content\/uploads\/2019\/08\/familia-1024x1024.png\" alt=\"\" width=\"708\" height=\"708\" srcset=\"https:\/\/dioceseteixeiradefreitas.com.br\/wp-content\/uploads\/2019\/08\/familia-1024x1024.png 1024w, https:\/\/dioceseteixeiradefreitas.com.br\/wp-content\/uploads\/2019\/08\/familia-300x300.png 300w, https:\/\/dioceseteixeiradefreitas.com.br\/wp-content\/uploads\/2019\/08\/familia-100x100.png 100w, https:\/\/dioceseteixeiradefreitas.com.br\/wp-content\/uploads\/2019\/08\/familia-600x600.png 600w, https:\/\/dioceseteixeiradefreitas.com.br\/wp-content\/uploads\/2019\/08\/familia-150x150.png 150w, https:\/\/dioceseteixeiradefreitas.com.br\/wp-content\/uploads\/2019\/08\/familia-768x768.png 768w, https:\/\/dioceseteixeiradefreitas.com.br\/wp-content\/uploads\/2019\/08\/familia.png 1080w\" sizes=\"auto, (max-width: 708px) 100vw, 708px\" \/><figcaption id=\"caption-attachment-7479\" class=\"wp-caption-text\">Imagem: Semana Nacional da Fam\u00edlia &#8211; CNBB\/Divulga\u00e7\u00e3o<\/figcaption><\/figure>\n<p>A partir de domingo (11), at\u00e9 o dia 17 de agosto de 2019, a igreja cat\u00f3lica convida todos para celebrar a Semana Nacional da Fam\u00edlia, que neste ano tem como tema \u201cA fam\u00edlia, como vai?&#8221;.<\/p>\n<p>A Semana Nacional da Fam\u00edlia\u00a0 \u00e9 um evento anual realizada pela Comiss\u00e3o Nacional da Pastoral Familiar (CNPF) e Comiss\u00e3o Episcopal Pastoral para a Vida\u00a0e a Fam\u00edlia, da Confer\u00eancia Nacional dos\u00a0Bispos do Brasil (CNBB).<\/p>\n<p>A proposta das comiss\u00f5es \u00e9 indicar a necessidade de a fam\u00edlia vivenciar uma profunda experi\u00eancia de Jesus e da sua Palavra para conseguir vencer os desafios e dificuldades que encontra em seu caminho, e assim compreender seu papel evangelizador na Igreja e na sociedade. Desde 1992, a igreja tomou a iniciativa de se fazer algo em defesa e promo\u00e7\u00e3o da fam\u00edlia, cujos valores atualmente v\u00eam sendo dilaceradas sistematicamente na sociedade. \u00c9 realizada sempre na segunda semana de agosto, m\u00eas vocacional, tendo in\u00edcio com o Dia dos Pais e o domingo em que a Igreja\u00a0no pa\u00eds celebra a voca\u00e7\u00e3o matrimonial.<\/p>\n<p>Inspirado nos pilares das novas Diretrizes da A\u00e7\u00e3o Evangelizadora da Igreja no Brasil 2019-2023, o bispo de Rio Grande (RS) e presidente da Comiss\u00e3o, Dom Ricardo Hoepers, convoca toda a Igreja, em especial a Pastoral Familiar, a celebrar a Semana Nacional das Fam\u00edlias e roga pela intercess\u00e3o de Nossa Senhora Rainha dos Ap\u00f3stolos em prol dos trabalhos que se realizados.<\/p>\n<p><strong>Veja o v\u00eddeo na \u00edntegra:<\/strong><\/p>\n<p><iframe loading=\"lazy\" title=\"Dom Ricardo Hoepers - Semana da Fam\u00edlia\" width=\"500\" height=\"281\" src=\"https:\/\/www.youtube.com\/embed\/DpMROsTYcgI?feature=oembed\" frameborder=\"0\" allow=\"accelerometer; autoplay; clipboard-write; encrypted-media; gyroscope; picture-in-picture; web-share\" referrerpolicy=\"strict-origin-when-cross-origin\" allowfullscreen><\/iframe><\/p>\n","protected":false},"excerpt":{"rendered":"<p>A partir de domingo (11), at\u00e9 o dia 17 de agosto de 2019, a igreja cat\u00f3lica convida todos para celebrar a Semana Nacional da Fam\u00edlia, que neste ano tem como tema \u201cA fam\u00edlia, como vai?&#8221;. A Semana Nacional da Fam\u00edlia\u00a0 \u00e9 um evento anual realizada pela Comiss\u00e3o Nacional da Pastoral Familiar (CNPF) e Comiss\u00e3o Episcopal &hellip;<\/p>\n","protected":false},"author":1,"featured_media":7479,"comment_status":"closed","ping_status":"closed","sticky":false,"template":"","format":"standard","meta":{"footnotes":""},"categories":[104],"tags":[191,125,222,221],"class_list":["post-7478","post","type-post","status-publish","format-standard","has-post-thumbnail","hentry","category-noticias-da-cnbb","tag-cnbb","tag-diocese","tag-familia","tag-semana-nacional-da-familia"],"_links":{"self":[{"href":"https:\/\/dioceseteixeiradefreitas.com.br\/index.php?rest_route=\/wp\/v2\/posts\/7478","targetHints":{"allow":["GET"]}}],"collection":[{"href":"https:\/\/dioceseteixeiradefreitas.com.br\/index.php?rest_route=\/wp\/v2\/posts"}],"about":[{"href":"https:\/\/dioceseteixeiradefreitas.com.br\/index.php?rest_route=\/wp\/v2\/types\/post"}],"author":[{"embeddable":true,"href":"https:\/\/dioceseteixeiradefreitas.com.br\/index.php?rest_route=\/wp\/v2\/users\/1"}],"replies":[{"embeddable":true,"href":"https:\/\/dioceseteixeiradefreitas.com.br\/index.php?rest_route=%2Fwp%2Fv2%2Fcomments&post=7478"}],"version-history":[{"count":3,"href":"https:\/\/dioceseteixeiradefreitas.com.br\/index.php?rest_route=\/wp\/v2\/posts\/7478\/revisions"}],"predecessor-version":[{"id":7483,"href":"https:\/\/dioceseteixeiradefreitas.com.br\/index.php?rest_route=\/wp\/v2\/posts\/7478\/revisions\/7483"}],"wp:featuredmedia":[{"embeddable":true,"href":"https:\/\/dioceseteixeiradefreitas.com.br\/index.php?rest_route=\/wp\/v2\/media\/7479"}],"wp:attachment":[{"href":"https:\/\/dioceseteixeiradefreitas.com.br\/index.php?rest_route=%2Fwp%2Fv2%2Fmedia&parent=7478"}],"wp:term":[{"taxonomy":"category","embeddable":true,"href":"https:\/\/dioceseteixeiradefreitas.com.br\/index.php?rest_route=%2Fwp%2Fv2%2Fcategories&post=7478"},{"taxonomy":"post_tag","embeddable":true,"href":"https:\/\/dioceseteixeiradefreitas.com.br\/index.php?rest_route=%2Fwp%2Fv2%2Ftags&post=7478"}],"curies":[{"name":"wp","href":"https:\/\/api.w.org\/{rel}","templated":true}]}}