{"id":7509,"date":"2019-08-18T16:34:09","date_gmt":"2019-08-18T19:34:09","guid":{"rendered":"https:\/\/dioceseteixeiradefreitas.com.br\/?p=7509"},"modified":"2019-08-18T16:38:01","modified_gmt":"2019-08-18T19:38:01","slug":"3o-domingo-vocacional-irma-noemia-schneider-fala-sobre-ser-religioso-e-religiosa","status":"publish","type":"post","link":"https:\/\/dioceseteixeiradefreitas.com.br\/?p=7509","title":{"rendered":"3\u00ba Domingo Vocacional: Irm\u00e3 No\u00eamia Schneider fala sobre ser religioso e religiosa"},"content":{"rendered":"<figure id=\"attachment_7524\" aria-describedby=\"caption-attachment-7524\" style=\"width: 708px\" class=\"wp-caption aligncenter\"><img loading=\"lazy\" decoding=\"async\" class=\"wp-image-7524 size-large\" src=\"https:\/\/dioceseteixeiradefreitas.com.br\/wp-content\/uploads\/2019\/08\/DSC_0005-min-1024x683.jpg\" alt=\"\" width=\"708\" height=\"472\" srcset=\"https:\/\/dioceseteixeiradefreitas.com.br\/wp-content\/uploads\/2019\/08\/DSC_0005-min-1024x683.jpg 1024w, https:\/\/dioceseteixeiradefreitas.com.br\/wp-content\/uploads\/2019\/08\/DSC_0005-min-600x400.jpg 600w, https:\/\/dioceseteixeiradefreitas.com.br\/wp-content\/uploads\/2019\/08\/DSC_0005-min-300x200.jpg 300w, https:\/\/dioceseteixeiradefreitas.com.br\/wp-content\/uploads\/2019\/08\/DSC_0005-min-768x512.jpg 768w\" sizes=\"auto, (max-width: 708px) 100vw, 708px\" \/><figcaption id=\"caption-attachment-7524\" class=\"wp-caption-text\">Foto: Irm\u00e3 No\u00eamia Schneider &#8211; PASCOM\/Divulga\u00e7\u00e3o<\/figcaption><\/figure>\n<p>No terceiro domingo do m\u00eas de agosto, \u00e9 celebrada voca\u00e7\u00e3o para a vida consagrada: religiosos e consagrados seculares. A coordenadora diocesana da Confer\u00eancia dos Religiosos do Brasil (CRB), Irm\u00e3 No\u00eamia Schneider (Congrega\u00e7\u00e3o de Nossa Senhora &#8211; Notre Dame), ressalta a import\u00e2ncia desta data e afirma que o papel dos religiosos e religiosas na igreja \u00e9 estar onde a vida est\u00e1 amea\u00e7ada, onde a vida precisa de acolhida.<\/p>\n<p>Em v\u00eddeo, gravado a PASCOM DIOCESANA, Irm\u00e3 No\u00eamia tamb\u00e9m fala sobre a contribui\u00e7\u00e3o crescente dos religiosos e religiosas no \u00e2mbito da Igreja, transmitiu agradecimentos a cada um pela fidelidade, coragem de dar o sim di\u00e1rio e convida a todos a rezar por eles para que possam ser fi\u00e9is ao projeto de Jesus Cristo.<\/p>\n<p>Haver\u00e1 uma celebra\u00e7\u00e3o para os religiosos e religiosas de nossa diocese, \u00e0s 19h na Igreja Matriz de S\u00e3o Francisco de Assis. Participe!<\/p>\n<p><strong>Assista o v\u00eddeo:<\/strong><\/p>\n<p><iframe loading=\"lazy\" title=\"Irm\u00e3 No\u00eamia Schneider - 3\u00ba Domingo Vocacional\" width=\"500\" height=\"281\" src=\"https:\/\/www.youtube.com\/embed\/1psiHk9MZGE?feature=oembed\" frameborder=\"0\" allow=\"accelerometer; autoplay; clipboard-write; encrypted-media; gyroscope; picture-in-picture; web-share\" referrerpolicy=\"strict-origin-when-cross-origin\" allowfullscreen><\/iframe><\/p>\n","protected":false},"excerpt":{"rendered":"<p>No terceiro domingo do m\u00eas de agosto, \u00e9 celebrada voca\u00e7\u00e3o para a vida consagrada: religiosos e consagrados seculares. A coordenadora diocesana da Confer\u00eancia dos Religiosos do Brasil (CRB), Irm\u00e3 No\u00eamia Schneider (Congrega\u00e7\u00e3o de Nossa Senhora &#8211; Notre Dame), ressalta a import\u00e2ncia desta data e afirma que o papel dos religiosos e religiosas na igreja \u00e9 &hellip;<\/p>\n","protected":false},"author":1,"featured_media":7524,"comment_status":"closed","ping_status":"closed","sticky":false,"template":"","format":"standard","meta":{"footnotes":""},"categories":[100],"tags":[231,230,212,229],"class_list":["post-7509","post","type-post","status-publish","format-standard","has-post-thumbnail","hentry","category-noticias-diocesanas","tag-igreja","tag-irma-maria-ines","tag-irmas","tag-vida-consagrada"],"_links":{"self":[{"href":"https:\/\/dioceseteixeiradefreitas.com.br\/index.php?rest_route=\/wp\/v2\/posts\/7509","targetHints":{"allow":["GET"]}}],"collection":[{"href":"https:\/\/dioceseteixeiradefreitas.com.br\/index.php?rest_route=\/wp\/v2\/posts"}],"about":[{"href":"https:\/\/dioceseteixeiradefreitas.com.br\/index.php?rest_route=\/wp\/v2\/types\/post"}],"author":[{"embeddable":true,"href":"https:\/\/dioceseteixeiradefreitas.com.br\/index.php?rest_route=\/wp\/v2\/users\/1"}],"replies":[{"embeddable":true,"href":"https:\/\/dioceseteixeiradefreitas.com.br\/index.php?rest_route=%2Fwp%2Fv2%2Fcomments&post=7509"}],"version-history":[{"count":9,"href":"https:\/\/dioceseteixeiradefreitas.com.br\/index.php?rest_route=\/wp\/v2\/posts\/7509\/revisions"}],"predecessor-version":[{"id":7534,"href":"https:\/\/dioceseteixeiradefreitas.com.br\/index.php?rest_route=\/wp\/v2\/posts\/7509\/revisions\/7534"}],"wp:featuredmedia":[{"embeddable":true,"href":"https:\/\/dioceseteixeiradefreitas.com.br\/index.php?rest_route=\/wp\/v2\/media\/7524"}],"wp:attachment":[{"href":"https:\/\/dioceseteixeiradefreitas.com.br\/index.php?rest_route=%2Fwp%2Fv2%2Fmedia&parent=7509"}],"wp:term":[{"taxonomy":"category","embeddable":true,"href":"https:\/\/dioceseteixeiradefreitas.com.br\/index.php?rest_route=%2Fwp%2Fv2%2Fcategories&post=7509"},{"taxonomy":"post_tag","embeddable":true,"href":"https:\/\/dioceseteixeiradefreitas.com.br\/index.php?rest_route=%2Fwp%2Fv2%2Ftags&post=7509"}],"curies":[{"name":"wp","href":"https:\/\/api.w.org\/{rel}","templated":true}]}}