{"id":7537,"date":"2019-08-20T09:45:52","date_gmt":"2019-08-20T12:45:52","guid":{"rendered":"https:\/\/dioceseteixeiradefreitas.com.br\/?p=7537"},"modified":"2019-08-20T10:01:23","modified_gmt":"2019-08-20T13:01:23","slug":"seminario-propedeutico-bom-pastor-promove-ii-semana-vocacional","status":"publish","type":"post","link":"https:\/\/dioceseteixeiradefreitas.com.br\/?p=7537","title":{"rendered":"Semin\u00e1rio Proped\u00eautico Bom Pastor promove II Semana Vocacional"},"content":{"rendered":"<figure id=\"attachment_7538\" aria-describedby=\"caption-attachment-7538\" style=\"width: 708px\" class=\"wp-caption aligncenter\"><img loading=\"lazy\" decoding=\"async\" class=\"wp-image-7538 size-large\" src=\"https:\/\/dioceseteixeiradefreitas.com.br\/wp-content\/uploads\/2019\/08\/5d5c2afc-8994-4343-9fae-a59db3d8d142-1024x1024.jpg\" alt=\"\" width=\"708\" height=\"708\" srcset=\"https:\/\/dioceseteixeiradefreitas.com.br\/wp-content\/uploads\/2019\/08\/5d5c2afc-8994-4343-9fae-a59db3d8d142-1024x1024.jpg 1024w, https:\/\/dioceseteixeiradefreitas.com.br\/wp-content\/uploads\/2019\/08\/5d5c2afc-8994-4343-9fae-a59db3d8d142-300x300.jpg 300w, https:\/\/dioceseteixeiradefreitas.com.br\/wp-content\/uploads\/2019\/08\/5d5c2afc-8994-4343-9fae-a59db3d8d142-100x100.jpg 100w, https:\/\/dioceseteixeiradefreitas.com.br\/wp-content\/uploads\/2019\/08\/5d5c2afc-8994-4343-9fae-a59db3d8d142-600x600.jpg 600w, https:\/\/dioceseteixeiradefreitas.com.br\/wp-content\/uploads\/2019\/08\/5d5c2afc-8994-4343-9fae-a59db3d8d142-150x150.jpg 150w, https:\/\/dioceseteixeiradefreitas.com.br\/wp-content\/uploads\/2019\/08\/5d5c2afc-8994-4343-9fae-a59db3d8d142-768x768.jpg 768w, https:\/\/dioceseteixeiradefreitas.com.br\/wp-content\/uploads\/2019\/08\/5d5c2afc-8994-4343-9fae-a59db3d8d142.jpg 1200w\" sizes=\"auto, (max-width: 708px) 100vw, 708px\" \/><figcaption id=\"caption-attachment-7538\" class=\"wp-caption-text\">Imagem: II Semana Vocacional na Diocese &#8211; PASCOM\/Divulga\u00e7\u00e3o<\/figcaption><\/figure>\n<p>O m\u00eas de agosto, para a Igreja do Brasil, \u00e9 o m\u00eas dedicado \u00e0s voca\u00e7\u00f5es. Dessa forma, o Semin\u00e1rio Proped\u00eautico Bom Pastor promover\u00e1 entre os dias 26 a 30 de agosto, a II Semana Vocacional e convida voc\u00ea e toda a sua fam\u00edlia para participarem do encontro.<\/p>\n<p>Todos os dias haver\u00e1 a Ora\u00e7\u00e3o das V\u00e9speras \u00e0s 18h30 e a Santa Missa \u00e0s 19h. Ap\u00f3s as Santas Missas acontecer\u00e1 o momento cultural, com atividades, apresenta\u00e7\u00f5es, reflex\u00f5es s\u00e3o propostas para os dias, buscando tanto sensibilizar os batizados para a import\u00e2ncia do cultivo da voca\u00e7\u00e3o, como tamb\u00e9m despertar jovens e adultos para sua op\u00e7\u00e3o vocacional seja ela qual for.<\/p>\n<p>Neste ano, a organiza\u00e7\u00e3o preparou uma novidade: I CONCURSO SEDE SANTOS.<\/p>\n<p>COMO FUNCIONA?<\/p>\n<ul>\n<li>Os candidatos dever\u00e3o vir caracterizados de um Santo ou Santa que voc\u00ea se parece ou que \u00e9 devoto(a);<\/li>\n<li>Os candidatos dever\u00e3o desfilar e se apresentar para uma equipe de jurados;<\/li>\n<li>Os candidatos ser\u00e3o avaliados por uma equipe de jurados, escolhidos pela equipe de organiza\u00e7\u00e3o do Semin\u00e1rio;<\/li>\n<li>O candidato que mais se destacar na caracteriza\u00e7\u00e3o, no desfile e apresenta\u00e7\u00e3o <strong>ser\u00e1 o ganhador(a) do concurso e far\u00e1 jus ao um pr\u00eamio<\/strong>;<\/li>\n<li>Ser\u00e1 cobrado uma taxa de inscri\u00e7\u00e3o do concurso no valor de R$ 10,00, que dever\u00e1 ser paga at\u00e9 o dia 28\/08\/2019.<\/li>\n<\/ul>\n<h4>As inscri\u00e7\u00f5es j\u00e1 est\u00e3o abertas e podem ser feitas em nosso site <strong><a href=\"https:\/\/dioceseteixeiradefreitas.com.br\/\">(AQUI)<\/a><\/strong><\/h4>\n<p>&nbsp;<\/p>\n","protected":false},"excerpt":{"rendered":"<p>O m\u00eas de agosto, para a Igreja do Brasil, \u00e9 o m\u00eas dedicado \u00e0s voca\u00e7\u00f5es. Dessa forma, o Semin\u00e1rio Proped\u00eautico Bom Pastor promover\u00e1 entre os dias 26 a 30 de agosto, a II Semana Vocacional e convida voc\u00ea e toda a sua fam\u00edlia para participarem do encontro. Todos os dias haver\u00e1 a Ora\u00e7\u00e3o das V\u00e9speras &hellip;<\/p>\n","protected":false},"author":1,"featured_media":7538,"comment_status":"closed","ping_status":"closed","sticky":false,"template":"","format":"standard","meta":{"footnotes":""},"categories":[101],"tags":[234,196,72,197],"class_list":["post-7537","post","type-post","status-publish","format-standard","has-post-thumbnail","hentry","category-noticias-do-seminario","tag-ii-semana-vocacional","tag-mes-vocacional","tag-seminario-propedeutico-bom-pastor","tag-vocacao"],"_links":{"self":[{"href":"https:\/\/dioceseteixeiradefreitas.com.br\/index.php?rest_route=\/wp\/v2\/posts\/7537","targetHints":{"allow":["GET"]}}],"collection":[{"href":"https:\/\/dioceseteixeiradefreitas.com.br\/index.php?rest_route=\/wp\/v2\/posts"}],"about":[{"href":"https:\/\/dioceseteixeiradefreitas.com.br\/index.php?rest_route=\/wp\/v2\/types\/post"}],"author":[{"embeddable":true,"href":"https:\/\/dioceseteixeiradefreitas.com.br\/index.php?rest_route=\/wp\/v2\/users\/1"}],"replies":[{"embeddable":true,"href":"https:\/\/dioceseteixeiradefreitas.com.br\/index.php?rest_route=%2Fwp%2Fv2%2Fcomments&post=7537"}],"version-history":[{"count":2,"href":"https:\/\/dioceseteixeiradefreitas.com.br\/index.php?rest_route=\/wp\/v2\/posts\/7537\/revisions"}],"predecessor-version":[{"id":7541,"href":"https:\/\/dioceseteixeiradefreitas.com.br\/index.php?rest_route=\/wp\/v2\/posts\/7537\/revisions\/7541"}],"wp:featuredmedia":[{"embeddable":true,"href":"https:\/\/dioceseteixeiradefreitas.com.br\/index.php?rest_route=\/wp\/v2\/media\/7538"}],"wp:attachment":[{"href":"https:\/\/dioceseteixeiradefreitas.com.br\/index.php?rest_route=%2Fwp%2Fv2%2Fmedia&parent=7537"}],"wp:term":[{"taxonomy":"category","embeddable":true,"href":"https:\/\/dioceseteixeiradefreitas.com.br\/index.php?rest_route=%2Fwp%2Fv2%2Fcategories&post=7537"},{"taxonomy":"post_tag","embeddable":true,"href":"https:\/\/dioceseteixeiradefreitas.com.br\/index.php?rest_route=%2Fwp%2Fv2%2Ftags&post=7537"}],"curies":[{"name":"wp","href":"https:\/\/api.w.org\/{rel}","templated":true}]}}