{"id":7648,"date":"2019-08-24T19:33:41","date_gmt":"2019-08-24T22:33:41","guid":{"rendered":"https:\/\/dioceseteixeiradefreitas.com.br\/?p=7648"},"modified":"2019-09-30T15:18:30","modified_gmt":"2019-09-30T18:18:30","slug":"paroquia-sao-sebastiao-em-jucurucu-celebra-a-festa-de-nossa-senhora-da-guia","status":"publish","type":"post","link":"https:\/\/dioceseteixeiradefreitas.com.br\/?p=7648","title":{"rendered":"Par\u00f3quia S\u00e3o Sebasti\u00e3o em Jucuru\u00e7u celebra a festa de Nossa Senhora da Guia"},"content":{"rendered":"<figure id=\"attachment_7651\" aria-describedby=\"caption-attachment-7651\" style=\"width: 720px\" class=\"wp-caption aligncenter\"><img loading=\"lazy\" decoding=\"async\" class=\"wp-image-7651 size-full\" src=\"https:\/\/dioceseteixeiradefreitas.com.br\/wp-content\/uploads\/2019\/08\/54bbcc85-3252-4810-a164-af2e7c830b74.jpg\" alt=\"\" width=\"720\" height=\"404\" srcset=\"https:\/\/dioceseteixeiradefreitas.com.br\/wp-content\/uploads\/2019\/08\/54bbcc85-3252-4810-a164-af2e7c830b74.jpg 720w, https:\/\/dioceseteixeiradefreitas.com.br\/wp-content\/uploads\/2019\/08\/54bbcc85-3252-4810-a164-af2e7c830b74-600x337.jpg 600w, https:\/\/dioceseteixeiradefreitas.com.br\/wp-content\/uploads\/2019\/08\/54bbcc85-3252-4810-a164-af2e7c830b74-300x168.jpg 300w, https:\/\/dioceseteixeiradefreitas.com.br\/wp-content\/uploads\/2019\/08\/54bbcc85-3252-4810-a164-af2e7c830b74-390x220.jpg 390w\" sizes=\"auto, (max-width: 720px) 100vw, 720px\" \/><figcaption id=\"caption-attachment-7651\" class=\"wp-caption-text\">Foto: Fi\u00e9is carregam a imagem de Nossa Senhora da Guia &#8211; PASCOM\/Divulga\u00e7\u00e3o<\/figcaption><\/figure>\n<p>Centenas de devotos da Par\u00f3quia S\u00e3o Sebasti\u00e3o participaram entre os dias 15 e 18 de agosto, da festa de Nossa Senhora da Guia. De acordo com o Pe. Gilson Correia, administrador paroquial, a festa \u00e9 a mais bonita devo\u00e7\u00e3o do povo cat\u00f3lico jucuru\u00e7uense depois do padroeiro S\u00e3o Sebasti\u00e3o. O tr\u00edduo festivo contou com as presen\u00e7as dos padres Aelson, administrador paroquial da Par\u00f3quia Santo Ant\u00f4nio &#8211; Distrito e do padre Nestor, administrador paroquial da Par\u00f3quia S\u00e3o Sebasti\u00e3o &#8211; Vereda.<\/p>\n<p>No domingo (18), dia da padroeira, os fi\u00e9is participaram da caminhada da f\u00e9, percorrendo v\u00e1rias ruas da cidade. Ao chegarem na igreja Matriz, foi celebrada a Santa Missa, presidida pelo Pe. Gilson.<\/p>\n<p style=\"text-align: right;\">Nossa senhora da guia, guiai-nos!<\/p>\n<p>[su_note note_color=&#8221;#f3b418&#8243; text_color=&#8221;#ffffff&#8221;]Confira as fotos na galeria[\/su_note]<\/p>\n<div id='gallery-1' class='gallery galleryid-7648 gallery-columns-4 gallery-size-medium'><figure class='gallery-item'>\n\t\t\t<div class='gallery-icon landscape'>\n\t\t\t\t<a href='https:\/\/dioceseteixeiradefreitas.com.br\/wp-content\/uploads\/2019\/08\/d7cc3cc5-ff51-4fed-ba0b-70b6f32777ac.jpg'><img loading=\"lazy\" decoding=\"async\" width=\"300\" height=\"225\" src=\"https:\/\/dioceseteixeiradefreitas.com.br\/wp-content\/uploads\/2019\/08\/d7cc3cc5-ff51-4fed-ba0b-70b6f32777ac-300x225.jpg\" class=\"attachment-medium size-medium\" alt=\"\" srcset=\"https:\/\/dioceseteixeiradefreitas.com.br\/wp-content\/uploads\/2019\/08\/d7cc3cc5-ff51-4fed-ba0b-70b6f32777ac-300x225.jpg 300w, https:\/\/dioceseteixeiradefreitas.com.br\/wp-content\/uploads\/2019\/08\/d7cc3cc5-ff51-4fed-ba0b-70b6f32777ac-600x450.jpg 600w, https:\/\/dioceseteixeiradefreitas.com.br\/wp-content\/uploads\/2019\/08\/d7cc3cc5-ff51-4fed-ba0b-70b6f32777ac-768x576.jpg 768w, https:\/\/dioceseteixeiradefreitas.com.br\/wp-content\/uploads\/2019\/08\/d7cc3cc5-ff51-4fed-ba0b-70b6f32777ac-1024x768.jpg 1024w, https:\/\/dioceseteixeiradefreitas.com.br\/wp-content\/uploads\/2019\/08\/d7cc3cc5-ff51-4fed-ba0b-70b6f32777ac.jpg 1040w\" sizes=\"auto, (max-width: 300px) 100vw, 300px\" \/><\/a>\n\t\t\t<\/div><\/figure><figure class='gallery-item'>\n\t\t\t<div class='gallery-icon landscape'>\n\t\t\t\t<a href='https:\/\/dioceseteixeiradefreitas.com.br\/wp-content\/uploads\/2019\/08\/cf10ca32-ce30-4143-aadc-2cfc4f1b428a.jpg'><img loading=\"lazy\" decoding=\"async\" width=\"300\" height=\"168\" src=\"https:\/\/dioceseteixeiradefreitas.com.br\/wp-content\/uploads\/2019\/08\/cf10ca32-ce30-4143-aadc-2cfc4f1b428a-300x168.jpg\" class=\"attachment-medium size-medium\" alt=\"\" srcset=\"https:\/\/dioceseteixeiradefreitas.com.br\/wp-content\/uploads\/2019\/08\/cf10ca32-ce30-4143-aadc-2cfc4f1b428a-300x168.jpg 300w, https:\/\/dioceseteixeiradefreitas.com.br\/wp-content\/uploads\/2019\/08\/cf10ca32-ce30-4143-aadc-2cfc4f1b428a-600x337.jpg 600w, https:\/\/dioceseteixeiradefreitas.com.br\/wp-content\/uploads\/2019\/08\/cf10ca32-ce30-4143-aadc-2cfc4f1b428a-390x220.jpg 390w, https:\/\/dioceseteixeiradefreitas.com.br\/wp-content\/uploads\/2019\/08\/cf10ca32-ce30-4143-aadc-2cfc4f1b428a.jpg 720w\" sizes=\"auto, (max-width: 300px) 100vw, 300px\" \/><\/a>\n\t\t\t<\/div><\/figure><figure class='gallery-item'>\n\t\t\t<div class='gallery-icon landscape'>\n\t\t\t\t<a href='https:\/\/dioceseteixeiradefreitas.com.br\/wp-content\/uploads\/2019\/08\/aecbedc6-aeb8-40db-8c5d-1ed2757c1415.jpg'><img loading=\"lazy\" decoding=\"async\" width=\"300\" height=\"225\" src=\"https:\/\/dioceseteixeiradefreitas.com.br\/wp-content\/uploads\/2019\/08\/aecbedc6-aeb8-40db-8c5d-1ed2757c1415-300x225.jpg\" class=\"attachment-medium size-medium\" alt=\"\" srcset=\"https:\/\/dioceseteixeiradefreitas.com.br\/wp-content\/uploads\/2019\/08\/aecbedc6-aeb8-40db-8c5d-1ed2757c1415-300x225.jpg 300w, https:\/\/dioceseteixeiradefreitas.com.br\/wp-content\/uploads\/2019\/08\/aecbedc6-aeb8-40db-8c5d-1ed2757c1415-600x450.jpg 600w, https:\/\/dioceseteixeiradefreitas.com.br\/wp-content\/uploads\/2019\/08\/aecbedc6-aeb8-40db-8c5d-1ed2757c1415-768x576.jpg 768w, https:\/\/dioceseteixeiradefreitas.com.br\/wp-content\/uploads\/2019\/08\/aecbedc6-aeb8-40db-8c5d-1ed2757c1415.jpg 1024w\" sizes=\"auto, (max-width: 300px) 100vw, 300px\" \/><\/a>\n\t\t\t<\/div><\/figure><figure class='gallery-item'>\n\t\t\t<div class='gallery-icon landscape'>\n\t\t\t\t<a href='https:\/\/dioceseteixeiradefreitas.com.br\/wp-content\/uploads\/2019\/08\/aebd4823-214e-4656-9506-f43e4b04e8e7.jpg'><img loading=\"lazy\" decoding=\"async\" width=\"300\" height=\"168\" src=\"https:\/\/dioceseteixeiradefreitas.com.br\/wp-content\/uploads\/2019\/08\/aebd4823-214e-4656-9506-f43e4b04e8e7-300x168.jpg\" class=\"attachment-medium size-medium\" alt=\"\" srcset=\"https:\/\/dioceseteixeiradefreitas.com.br\/wp-content\/uploads\/2019\/08\/aebd4823-214e-4656-9506-f43e4b04e8e7-300x168.jpg 300w, https:\/\/dioceseteixeiradefreitas.com.br\/wp-content\/uploads\/2019\/08\/aebd4823-214e-4656-9506-f43e4b04e8e7-600x337.jpg 600w, https:\/\/dioceseteixeiradefreitas.com.br\/wp-content\/uploads\/2019\/08\/aebd4823-214e-4656-9506-f43e4b04e8e7-390x220.jpg 390w, https:\/\/dioceseteixeiradefreitas.com.br\/wp-content\/uploads\/2019\/08\/aebd4823-214e-4656-9506-f43e4b04e8e7.jpg 720w\" sizes=\"auto, (max-width: 300px) 100vw, 300px\" \/><\/a>\n\t\t\t<\/div><\/figure><figure class='gallery-item'>\n\t\t\t<div class='gallery-icon landscape'>\n\t\t\t\t<a href='https:\/\/dioceseteixeiradefreitas.com.br\/wp-content\/uploads\/2019\/08\/a16b45f6-c3b2-4615-8f74-28ec785c0950.jpg'><img loading=\"lazy\" decoding=\"async\" width=\"300\" height=\"225\" src=\"https:\/\/dioceseteixeiradefreitas.com.br\/wp-content\/uploads\/2019\/08\/a16b45f6-c3b2-4615-8f74-28ec785c0950-300x225.jpg\" class=\"attachment-medium size-medium\" alt=\"\" srcset=\"https:\/\/dioceseteixeiradefreitas.com.br\/wp-content\/uploads\/2019\/08\/a16b45f6-c3b2-4615-8f74-28ec785c0950-300x225.jpg 300w, https:\/\/dioceseteixeiradefreitas.com.br\/wp-content\/uploads\/2019\/08\/a16b45f6-c3b2-4615-8f74-28ec785c0950-600x450.jpg 600w, https:\/\/dioceseteixeiradefreitas.com.br\/wp-content\/uploads\/2019\/08\/a16b45f6-c3b2-4615-8f74-28ec785c0950-768x576.jpg 768w, https:\/\/dioceseteixeiradefreitas.com.br\/wp-content\/uploads\/2019\/08\/a16b45f6-c3b2-4615-8f74-28ec785c0950.jpg 1024w\" sizes=\"auto, (max-width: 300px) 100vw, 300px\" \/><\/a>\n\t\t\t<\/div><\/figure><figure class='gallery-item'>\n\t\t\t<div class='gallery-icon landscape'>\n\t\t\t\t<a href='https:\/\/dioceseteixeiradefreitas.com.br\/wp-content\/uploads\/2019\/08\/709141a5-ded7-4d8a-8f44-be0474011f5c.jpg'><img loading=\"lazy\" decoding=\"async\" width=\"300\" height=\"169\" src=\"https:\/\/dioceseteixeiradefreitas.com.br\/wp-content\/uploads\/2019\/08\/709141a5-ded7-4d8a-8f44-be0474011f5c-300x169.jpg\" class=\"attachment-medium size-medium\" alt=\"\" srcset=\"https:\/\/dioceseteixeiradefreitas.com.br\/wp-content\/uploads\/2019\/08\/709141a5-ded7-4d8a-8f44-be0474011f5c-300x169.jpg 300w, https:\/\/dioceseteixeiradefreitas.com.br\/wp-content\/uploads\/2019\/08\/709141a5-ded7-4d8a-8f44-be0474011f5c-600x338.jpg 600w, https:\/\/dioceseteixeiradefreitas.com.br\/wp-content\/uploads\/2019\/08\/709141a5-ded7-4d8a-8f44-be0474011f5c-768x432.jpg 768w, https:\/\/dioceseteixeiradefreitas.com.br\/wp-content\/uploads\/2019\/08\/709141a5-ded7-4d8a-8f44-be0474011f5c-1024x576.jpg 1024w, https:\/\/dioceseteixeiradefreitas.com.br\/wp-content\/uploads\/2019\/08\/709141a5-ded7-4d8a-8f44-be0474011f5c-390x220.jpg 390w, https:\/\/dioceseteixeiradefreitas.com.br\/wp-content\/uploads\/2019\/08\/709141a5-ded7-4d8a-8f44-be0474011f5c.jpg 1280w\" sizes=\"auto, (max-width: 300px) 100vw, 300px\" \/><\/a>\n\t\t\t<\/div><\/figure><figure class='gallery-item'>\n\t\t\t<div class='gallery-icon landscape'>\n\t\t\t\t<a href='https:\/\/dioceseteixeiradefreitas.com.br\/wp-content\/uploads\/2019\/08\/54bbcc85-3252-4810-a164-af2e7c830b74.jpg'><img loading=\"lazy\" decoding=\"async\" width=\"300\" height=\"168\" src=\"https:\/\/dioceseteixeiradefreitas.com.br\/wp-content\/uploads\/2019\/08\/54bbcc85-3252-4810-a164-af2e7c830b74-300x168.jpg\" class=\"attachment-medium size-medium\" alt=\"\" srcset=\"https:\/\/dioceseteixeiradefreitas.com.br\/wp-content\/uploads\/2019\/08\/54bbcc85-3252-4810-a164-af2e7c830b74-300x168.jpg 300w, https:\/\/dioceseteixeiradefreitas.com.br\/wp-content\/uploads\/2019\/08\/54bbcc85-3252-4810-a164-af2e7c830b74-600x337.jpg 600w, https:\/\/dioceseteixeiradefreitas.com.br\/wp-content\/uploads\/2019\/08\/54bbcc85-3252-4810-a164-af2e7c830b74-390x220.jpg 390w, https:\/\/dioceseteixeiradefreitas.com.br\/wp-content\/uploads\/2019\/08\/54bbcc85-3252-4810-a164-af2e7c830b74.jpg 720w\" sizes=\"auto, (max-width: 300px) 100vw, 300px\" \/><\/a>\n\t\t\t<\/div><\/figure><figure class='gallery-item'>\n\t\t\t<div class='gallery-icon landscape'>\n\t\t\t\t<a href='https:\/\/dioceseteixeiradefreitas.com.br\/wp-content\/uploads\/2019\/08\/79e3690d-0ed8-46c5-b629-88a00f44f0c3.jpg'><img loading=\"lazy\" decoding=\"async\" width=\"300\" height=\"168\" src=\"https:\/\/dioceseteixeiradefreitas.com.br\/wp-content\/uploads\/2019\/08\/79e3690d-0ed8-46c5-b629-88a00f44f0c3-300x168.jpg\" class=\"attachment-medium size-medium\" alt=\"\" srcset=\"https:\/\/dioceseteixeiradefreitas.com.br\/wp-content\/uploads\/2019\/08\/79e3690d-0ed8-46c5-b629-88a00f44f0c3-300x168.jpg 300w, https:\/\/dioceseteixeiradefreitas.com.br\/wp-content\/uploads\/2019\/08\/79e3690d-0ed8-46c5-b629-88a00f44f0c3-600x337.jpg 600w, https:\/\/dioceseteixeiradefreitas.com.br\/wp-content\/uploads\/2019\/08\/79e3690d-0ed8-46c5-b629-88a00f44f0c3-390x220.jpg 390w, https:\/\/dioceseteixeiradefreitas.com.br\/wp-content\/uploads\/2019\/08\/79e3690d-0ed8-46c5-b629-88a00f44f0c3.jpg 720w\" sizes=\"auto, (max-width: 300px) 100vw, 300px\" \/><\/a>\n\t\t\t<\/div><\/figure><figure class='gallery-item'>\n\t\t\t<div class='gallery-icon landscape'>\n\t\t\t\t<a href='https:\/\/dioceseteixeiradefreitas.com.br\/wp-content\/uploads\/2019\/08\/93acd086-12ee-407a-b523-a09a45076083.jpg'><img loading=\"lazy\" decoding=\"async\" width=\"300\" height=\"225\" src=\"https:\/\/dioceseteixeiradefreitas.com.br\/wp-content\/uploads\/2019\/08\/93acd086-12ee-407a-b523-a09a45076083-300x225.jpg\" class=\"attachment-medium size-medium\" alt=\"\" srcset=\"https:\/\/dioceseteixeiradefreitas.com.br\/wp-content\/uploads\/2019\/08\/93acd086-12ee-407a-b523-a09a45076083-300x225.jpg 300w, https:\/\/dioceseteixeiradefreitas.com.br\/wp-content\/uploads\/2019\/08\/93acd086-12ee-407a-b523-a09a45076083-600x450.jpg 600w, https:\/\/dioceseteixeiradefreitas.com.br\/wp-content\/uploads\/2019\/08\/93acd086-12ee-407a-b523-a09a45076083-768x576.jpg 768w, https:\/\/dioceseteixeiradefreitas.com.br\/wp-content\/uploads\/2019\/08\/93acd086-12ee-407a-b523-a09a45076083.jpg 1024w\" sizes=\"auto, (max-width: 300px) 100vw, 300px\" \/><\/a>\n\t\t\t<\/div><\/figure><figure class='gallery-item'>\n\t\t\t<div class='gallery-icon landscape'>\n\t\t\t\t<a href='https:\/\/dioceseteixeiradefreitas.com.br\/wp-content\/uploads\/2019\/08\/97f45001-4afe-4917-ae23-fc4c1a3e92c4.jpg'><img loading=\"lazy\" decoding=\"async\" width=\"300\" height=\"168\" src=\"https:\/\/dioceseteixeiradefreitas.com.br\/wp-content\/uploads\/2019\/08\/97f45001-4afe-4917-ae23-fc4c1a3e92c4-300x168.jpg\" class=\"attachment-medium size-medium\" alt=\"\" srcset=\"https:\/\/dioceseteixeiradefreitas.com.br\/wp-content\/uploads\/2019\/08\/97f45001-4afe-4917-ae23-fc4c1a3e92c4-300x168.jpg 300w, https:\/\/dioceseteixeiradefreitas.com.br\/wp-content\/uploads\/2019\/08\/97f45001-4afe-4917-ae23-fc4c1a3e92c4-600x337.jpg 600w, https:\/\/dioceseteixeiradefreitas.com.br\/wp-content\/uploads\/2019\/08\/97f45001-4afe-4917-ae23-fc4c1a3e92c4-390x220.jpg 390w, https:\/\/dioceseteixeiradefreitas.com.br\/wp-content\/uploads\/2019\/08\/97f45001-4afe-4917-ae23-fc4c1a3e92c4.jpg 720w\" sizes=\"auto, (max-width: 300px) 100vw, 300px\" \/><\/a>\n\t\t\t<\/div><\/figure><figure class='gallery-item'>\n\t\t\t<div class='gallery-icon landscape'>\n\t\t\t\t<a href='https:\/\/dioceseteixeiradefreitas.com.br\/wp-content\/uploads\/2019\/08\/5964ed96-67bd-420b-b992-32275fc1c7b4.jpg'><img loading=\"lazy\" decoding=\"async\" width=\"300\" height=\"168\" src=\"https:\/\/dioceseteixeiradefreitas.com.br\/wp-content\/uploads\/2019\/08\/5964ed96-67bd-420b-b992-32275fc1c7b4-300x168.jpg\" class=\"attachment-medium size-medium\" alt=\"\" srcset=\"https:\/\/dioceseteixeiradefreitas.com.br\/wp-content\/uploads\/2019\/08\/5964ed96-67bd-420b-b992-32275fc1c7b4-300x168.jpg 300w, https:\/\/dioceseteixeiradefreitas.com.br\/wp-content\/uploads\/2019\/08\/5964ed96-67bd-420b-b992-32275fc1c7b4-600x337.jpg 600w, https:\/\/dioceseteixeiradefreitas.com.br\/wp-content\/uploads\/2019\/08\/5964ed96-67bd-420b-b992-32275fc1c7b4-390x220.jpg 390w, https:\/\/dioceseteixeiradefreitas.com.br\/wp-content\/uploads\/2019\/08\/5964ed96-67bd-420b-b992-32275fc1c7b4.jpg 720w\" sizes=\"auto, (max-width: 300px) 100vw, 300px\" \/><\/a>\n\t\t\t<\/div><\/figure><figure class='gallery-item'>\n\t\t\t<div class='gallery-icon portrait'>\n\t\t\t\t<a href='https:\/\/dioceseteixeiradefreitas.com.br\/wp-content\/uploads\/2019\/08\/48e1e812-5cc6-42ae-94f9-f6d02bad40f2.jpg'><img loading=\"lazy\" decoding=\"async\" width=\"246\" height=\"300\" src=\"https:\/\/dioceseteixeiradefreitas.com.br\/wp-content\/uploads\/2019\/08\/48e1e812-5cc6-42ae-94f9-f6d02bad40f2-246x300.jpg\" class=\"attachment-medium size-medium\" alt=\"\" srcset=\"https:\/\/dioceseteixeiradefreitas.com.br\/wp-content\/uploads\/2019\/08\/48e1e812-5cc6-42ae-94f9-f6d02bad40f2-246x300.jpg 246w, https:\/\/dioceseteixeiradefreitas.com.br\/wp-content\/uploads\/2019\/08\/48e1e812-5cc6-42ae-94f9-f6d02bad40f2-600x731.jpg 600w, https:\/\/dioceseteixeiradefreitas.com.br\/wp-content\/uploads\/2019\/08\/48e1e812-5cc6-42ae-94f9-f6d02bad40f2.jpg 719w\" sizes=\"auto, (max-width: 246px) 100vw, 246px\" \/><\/a>\n\t\t\t<\/div><\/figure><figure class='gallery-item'>\n\t\t\t<div class='gallery-icon landscape'>\n\t\t\t\t<a href='https:\/\/dioceseteixeiradefreitas.com.br\/wp-content\/uploads\/2019\/08\/7aed69df-fb7c-4e0a-bb7e-3f78ee5aefdb.jpg'><img loading=\"lazy\" decoding=\"async\" width=\"300\" height=\"168\" src=\"https:\/\/dioceseteixeiradefreitas.com.br\/wp-content\/uploads\/2019\/08\/7aed69df-fb7c-4e0a-bb7e-3f78ee5aefdb-300x168.jpg\" class=\"attachment-medium size-medium\" alt=\"\" srcset=\"https:\/\/dioceseteixeiradefreitas.com.br\/wp-content\/uploads\/2019\/08\/7aed69df-fb7c-4e0a-bb7e-3f78ee5aefdb-300x168.jpg 300w, https:\/\/dioceseteixeiradefreitas.com.br\/wp-content\/uploads\/2019\/08\/7aed69df-fb7c-4e0a-bb7e-3f78ee5aefdb-600x337.jpg 600w, https:\/\/dioceseteixeiradefreitas.com.br\/wp-content\/uploads\/2019\/08\/7aed69df-fb7c-4e0a-bb7e-3f78ee5aefdb-390x220.jpg 390w, https:\/\/dioceseteixeiradefreitas.com.br\/wp-content\/uploads\/2019\/08\/7aed69df-fb7c-4e0a-bb7e-3f78ee5aefdb.jpg 720w\" sizes=\"auto, (max-width: 300px) 100vw, 300px\" \/><\/a>\n\t\t\t<\/div><\/figure><figure class='gallery-item'>\n\t\t\t<div class='gallery-icon landscape'>\n\t\t\t\t<a href='https:\/\/dioceseteixeiradefreitas.com.br\/wp-content\/uploads\/2019\/08\/f3f59d58-c241-4212-8731-e010cf9ef4bc.jpg'><img loading=\"lazy\" decoding=\"async\" width=\"300\" height=\"168\" src=\"https:\/\/dioceseteixeiradefreitas.com.br\/wp-content\/uploads\/2019\/08\/f3f59d58-c241-4212-8731-e010cf9ef4bc-300x168.jpg\" class=\"attachment-medium size-medium\" alt=\"\" srcset=\"https:\/\/dioceseteixeiradefreitas.com.br\/wp-content\/uploads\/2019\/08\/f3f59d58-c241-4212-8731-e010cf9ef4bc-300x168.jpg 300w, https:\/\/dioceseteixeiradefreitas.com.br\/wp-content\/uploads\/2019\/08\/f3f59d58-c241-4212-8731-e010cf9ef4bc-600x337.jpg 600w, https:\/\/dioceseteixeiradefreitas.com.br\/wp-content\/uploads\/2019\/08\/f3f59d58-c241-4212-8731-e010cf9ef4bc-390x220.jpg 390w, https:\/\/dioceseteixeiradefreitas.com.br\/wp-content\/uploads\/2019\/08\/f3f59d58-c241-4212-8731-e010cf9ef4bc.jpg 720w\" sizes=\"auto, (max-width: 300px) 100vw, 300px\" \/><\/a>\n\t\t\t<\/div><\/figure><figure class='gallery-item'>\n\t\t\t<div class='gallery-icon landscape'>\n\t\t\t\t<a href='https:\/\/dioceseteixeiradefreitas.com.br\/wp-content\/uploads\/2019\/08\/fde1e88e-e601-4565-836c-334b44b4583c.jpg'><img loading=\"lazy\" decoding=\"async\" width=\"300\" height=\"225\" src=\"https:\/\/dioceseteixeiradefreitas.com.br\/wp-content\/uploads\/2019\/08\/fde1e88e-e601-4565-836c-334b44b4583c-300x225.jpg\" class=\"attachment-medium size-medium\" alt=\"\" srcset=\"https:\/\/dioceseteixeiradefreitas.com.br\/wp-content\/uploads\/2019\/08\/fde1e88e-e601-4565-836c-334b44b4583c-300x225.jpg 300w, https:\/\/dioceseteixeiradefreitas.com.br\/wp-content\/uploads\/2019\/08\/fde1e88e-e601-4565-836c-334b44b4583c-600x450.jpg 600w, https:\/\/dioceseteixeiradefreitas.com.br\/wp-content\/uploads\/2019\/08\/fde1e88e-e601-4565-836c-334b44b4583c-768x576.jpg 768w, https:\/\/dioceseteixeiradefreitas.com.br\/wp-content\/uploads\/2019\/08\/fde1e88e-e601-4565-836c-334b44b4583c.jpg 1024w\" sizes=\"auto, (max-width: 300px) 100vw, 300px\" \/><\/a>\n\t\t\t<\/div><\/figure><figure class='gallery-item'>\n\t\t\t<div class='gallery-icon portrait'>\n\t\t\t\t<a href='https:\/\/dioceseteixeiradefreitas.com.br\/wp-content\/uploads\/2019\/08\/68558462_501304264029303_3169393875391348736_n.jpg'><img loading=\"lazy\" decoding=\"async\" width=\"297\" height=\"300\" src=\"https:\/\/dioceseteixeiradefreitas.com.br\/wp-content\/uploads\/2019\/08\/68558462_501304264029303_3169393875391348736_n-297x300.jpg\" class=\"attachment-medium size-medium\" alt=\"\" srcset=\"https:\/\/dioceseteixeiradefreitas.com.br\/wp-content\/uploads\/2019\/08\/68558462_501304264029303_3169393875391348736_n-297x300.jpg 297w, https:\/\/dioceseteixeiradefreitas.com.br\/wp-content\/uploads\/2019\/08\/68558462_501304264029303_3169393875391348736_n-100x100.jpg 100w, https:\/\/dioceseteixeiradefreitas.com.br\/wp-content\/uploads\/2019\/08\/68558462_501304264029303_3169393875391348736_n-600x607.jpg 600w, https:\/\/dioceseteixeiradefreitas.com.br\/wp-content\/uploads\/2019\/08\/68558462_501304264029303_3169393875391348736_n-768x777.jpg 768w, https:\/\/dioceseteixeiradefreitas.com.br\/wp-content\/uploads\/2019\/08\/68558462_501304264029303_3169393875391348736_n.jpg 949w\" sizes=\"auto, (max-width: 297px) 100vw, 297px\" \/><\/a>\n\t\t\t<\/div><\/figure><figure class='gallery-item'>\n\t\t\t<div class='gallery-icon landscape'>\n\t\t\t\t<a href='https:\/\/dioceseteixeiradefreitas.com.br\/wp-content\/uploads\/2019\/08\/68751355_501304447362618_7243112532502642688_n.jpg'><img loading=\"lazy\" decoding=\"async\" width=\"300\" height=\"300\" src=\"https:\/\/dioceseteixeiradefreitas.com.br\/wp-content\/uploads\/2019\/08\/68751355_501304447362618_7243112532502642688_n-300x300.jpg\" class=\"attachment-medium size-medium\" alt=\"\" srcset=\"https:\/\/dioceseteixeiradefreitas.com.br\/wp-content\/uploads\/2019\/08\/68751355_501304447362618_7243112532502642688_n-300x300.jpg 300w, https:\/\/dioceseteixeiradefreitas.com.br\/wp-content\/uploads\/2019\/08\/68751355_501304447362618_7243112532502642688_n-100x100.jpg 100w, https:\/\/dioceseteixeiradefreitas.com.br\/wp-content\/uploads\/2019\/08\/68751355_501304447362618_7243112532502642688_n-600x600.jpg 600w, https:\/\/dioceseteixeiradefreitas.com.br\/wp-content\/uploads\/2019\/08\/68751355_501304447362618_7243112532502642688_n-150x150.jpg 150w, https:\/\/dioceseteixeiradefreitas.com.br\/wp-content\/uploads\/2019\/08\/68751355_501304447362618_7243112532502642688_n-768x768.jpg 768w, https:\/\/dioceseteixeiradefreitas.com.br\/wp-content\/uploads\/2019\/08\/68751355_501304447362618_7243112532502642688_n.jpg 864w\" sizes=\"auto, (max-width: 300px) 100vw, 300px\" \/><\/a>\n\t\t\t<\/div><\/figure>\n\t\t<\/div>\n\n","protected":false},"excerpt":{"rendered":"<p>Centenas de devotos da Par\u00f3quia S\u00e3o Sebasti\u00e3o participaram entre os dias 15 e 18 de agosto, da festa de Nossa Senhora da Guia. De acordo com o Pe. Gilson Correia, administrador paroquial, a festa \u00e9 a mais bonita devo\u00e7\u00e3o do povo cat\u00f3lico jucuru\u00e7uense depois do padroeiro S\u00e3o Sebasti\u00e3o. O tr\u00edduo festivo contou com as presen\u00e7as &hellip;<\/p>\n","protected":false},"author":1,"featured_media":7651,"comment_status":"closed","ping_status":"closed","sticky":false,"template":"","format":"standard","meta":{"footnotes":""},"categories":[310],"tags":[125,245,243,244,246],"class_list":["post-7648","post","type-post","status-publish","format-standard","has-post-thumbnail","hentry","category-noticias-paroquiais","tag-diocese","tag-jucurucu","tag-nossa-senhora-da-guia","tag-paroquia-sao-sebastiao","tag-pe-gilson"],"_links":{"self":[{"href":"https:\/\/dioceseteixeiradefreitas.com.br\/index.php?rest_route=\/wp\/v2\/posts\/7648","targetHints":{"allow":["GET"]}}],"collection":[{"href":"https:\/\/dioceseteixeiradefreitas.com.br\/index.php?rest_route=\/wp\/v2\/posts"}],"about":[{"href":"https:\/\/dioceseteixeiradefreitas.com.br\/index.php?rest_route=\/wp\/v2\/types\/post"}],"author":[{"embeddable":true,"href":"https:\/\/dioceseteixeiradefreitas.com.br\/index.php?rest_route=\/wp\/v2\/users\/1"}],"replies":[{"embeddable":true,"href":"https:\/\/dioceseteixeiradefreitas.com.br\/index.php?rest_route=%2Fwp%2Fv2%2Fcomments&post=7648"}],"version-history":[{"count":1,"href":"https:\/\/dioceseteixeiradefreitas.com.br\/index.php?rest_route=\/wp\/v2\/posts\/7648\/revisions"}],"predecessor-version":[{"id":7666,"href":"https:\/\/dioceseteixeiradefreitas.com.br\/index.php?rest_route=\/wp\/v2\/posts\/7648\/revisions\/7666"}],"wp:featuredmedia":[{"embeddable":true,"href":"https:\/\/dioceseteixeiradefreitas.com.br\/index.php?rest_route=\/wp\/v2\/media\/7651"}],"wp:attachment":[{"href":"https:\/\/dioceseteixeiradefreitas.com.br\/index.php?rest_route=%2Fwp%2Fv2%2Fmedia&parent=7648"}],"wp:term":[{"taxonomy":"category","embeddable":true,"href":"https:\/\/dioceseteixeiradefreitas.com.br\/index.php?rest_route=%2Fwp%2Fv2%2Fcategories&post=7648"},{"taxonomy":"post_tag","embeddable":true,"href":"https:\/\/dioceseteixeiradefreitas.com.br\/index.php?rest_route=%2Fwp%2Fv2%2Ftags&post=7648"}],"curies":[{"name":"wp","href":"https:\/\/api.w.org\/{rel}","templated":true}]}}