{"id":7677,"date":"2019-08-26T13:42:59","date_gmt":"2019-08-26T16:42:59","guid":{"rendered":"https:\/\/dioceseteixeiradefreitas.com.br\/?p=7677"},"modified":"2019-09-30T15:18:19","modified_gmt":"2019-09-30T18:18:19","slug":"paroquia-sao-sebastiao-de-jucurucu-acolhe-novo-movimento-m-o-f","status":"publish","type":"post","link":"https:\/\/dioceseteixeiradefreitas.com.br\/?p=7677","title":{"rendered":"Par\u00f3quia S\u00e3o Sebasti\u00e3o de Jucuru\u00e7u acolhe novo Movimento (M.O.F)"},"content":{"rendered":"<figure id=\"attachment_7721\" aria-describedby=\"caption-attachment-7721\" style=\"width: 899px\" class=\"wp-caption aligncenter\"><img loading=\"lazy\" decoding=\"async\" class=\"wp-image-7721 size-full\" src=\"https:\/\/dioceseteixeiradefreitas.com.br\/wp-content\/uploads\/2019\/08\/DSCF8157-Copy.jpg\" alt=\"\" width=\"899\" height=\"539\" srcset=\"https:\/\/dioceseteixeiradefreitas.com.br\/wp-content\/uploads\/2019\/08\/DSCF8157-Copy.jpg 899w, https:\/\/dioceseteixeiradefreitas.com.br\/wp-content\/uploads\/2019\/08\/DSCF8157-Copy-600x360.jpg 600w, https:\/\/dioceseteixeiradefreitas.com.br\/wp-content\/uploads\/2019\/08\/DSCF8157-Copy-300x180.jpg 300w, https:\/\/dioceseteixeiradefreitas.com.br\/wp-content\/uploads\/2019\/08\/DSCF8157-Copy-768x460.jpg 768w\" sizes=\"auto, (max-width: 899px) 100vw, 899px\" \/><figcaption id=\"caption-attachment-7721\" class=\"wp-caption-text\">Foto: M\u00e3es que Oram pelos filhos na Par\u00f3quia S\u00e3o Sebasti\u00e3o &#8211; PASCOM\/Divulga\u00e7\u00e3o<\/figcaption><\/figure>\n<p style=\"text-align: justify;\">Foi realizado neste domingo (25 de agosto), na Par\u00f3quia S\u00e3o Sebasti\u00e3o de Jucuru\u00e7u\/BA a implanta\u00e7\u00e3o do Movimento <strong>M\u00e3es que Oram pelos Filhos (MOF).\u00a0<\/strong> A forma\u00e7\u00e3o iniciou com anima\u00e7\u00e3o de Zilda Botelho (Pastoral da Crian\u00e7a) e ora\u00e7\u00e3o do ter\u00e7o do perd\u00e3o e o ter\u00e7o dos filhos pr\u00e1tica comum do Movimento nas reuni\u00f5es. Ainda neste contexto, o encontro contou com a participa\u00e7\u00e3o dos membros da Par\u00f3quia Nossa Senhora de F\u00e1tima (Itamaraju), Par\u00f3quia S\u00e3o Sebasti\u00e3o e distritos como Cruzeiro do Sul e locais ajacentes.<\/p>\n<p style=\"text-align: justify;\">O padre Gilson Ferreira Correia iniciou a reflex\u00e3o do evangelho de S\u00e3o Lucas (1,46-56) &#8220;o c\u00e2ntico de Maria&#8221; ressalta sobre a dign\u00edssima humildade de Maria ao aceitar ser a m\u00e3e do Salvador, em seguida o Movimento das M\u00e3es que Oram Pelos Filhos apresentaram sua din\u00e2mica com a entroniza\u00e7\u00e3o da Imagem de sua Padroeira Nossa Senhora de La Salete\u00a0 e um grande ter\u00e7o simbolizando a ora\u00e7\u00e3o constante e incans\u00e1vel que as m\u00e3es exercem todos os dias por seus filhos. Ap\u00f3s a breve palestra sobre a m\u00edstica do movimento a forma\u00e7\u00e3o chega ao seu desfecho com a ben\u00e7\u00e3o do Sant\u00edssimo presidida pelo Pe. Gilson<strong>.<\/strong><\/p>\n<p style=\"text-align: justify;\">Ao novo Movimento das M\u00e3es que Oram pelos Filhos da Par\u00f3quia S\u00e3o Sebasti\u00e3o, que Nossa Senhora conduza e fortale\u00e7a seus trabalhos e sua determina\u00e7\u00e3o mission\u00e1ria.<\/p>\n<p>Por Pascom Par\u00f3quia Nossa Senhora de F\u00e1tima<\/p>\n<p>[su_note note_color=&#8221;#f3b418&#8243; text_color=&#8221;#ffffff&#8221;]Confira as fotos na galeria[\/su_note]<\/p>\n<div id='gallery-1' class='gallery galleryid-7677 gallery-columns-5 gallery-size-full'><figure class='gallery-item'>\n\t\t\t<div class='gallery-icon landscape'>\n\t\t\t\t<a href='https:\/\/dioceseteixeiradefreitas.com.br\/wp-content\/uploads\/2019\/08\/DSCF8001-Copy.jpg'><img loading=\"lazy\" decoding=\"async\" width=\"900\" height=\"675\" src=\"https:\/\/dioceseteixeiradefreitas.com.br\/wp-content\/uploads\/2019\/08\/DSCF8001-Copy.jpg\" class=\"attachment-full size-full\" alt=\"\" srcset=\"https:\/\/dioceseteixeiradefreitas.com.br\/wp-content\/uploads\/2019\/08\/DSCF8001-Copy.jpg 900w, https:\/\/dioceseteixeiradefreitas.com.br\/wp-content\/uploads\/2019\/08\/DSCF8001-Copy-600x450.jpg 600w, https:\/\/dioceseteixeiradefreitas.com.br\/wp-content\/uploads\/2019\/08\/DSCF8001-Copy-300x225.jpg 300w, https:\/\/dioceseteixeiradefreitas.com.br\/wp-content\/uploads\/2019\/08\/DSCF8001-Copy-768x576.jpg 768w\" sizes=\"auto, (max-width: 900px) 100vw, 900px\" \/><\/a>\n\t\t\t<\/div><\/figure><figure class='gallery-item'>\n\t\t\t<div class='gallery-icon landscape'>\n\t\t\t\t<a href='https:\/\/dioceseteixeiradefreitas.com.br\/wp-content\/uploads\/2019\/08\/DSCF8003-Copy.jpg'><img loading=\"lazy\" decoding=\"async\" width=\"900\" height=\"675\" src=\"https:\/\/dioceseteixeiradefreitas.com.br\/wp-content\/uploads\/2019\/08\/DSCF8003-Copy.jpg\" class=\"attachment-full size-full\" alt=\"\" srcset=\"https:\/\/dioceseteixeiradefreitas.com.br\/wp-content\/uploads\/2019\/08\/DSCF8003-Copy.jpg 900w, https:\/\/dioceseteixeiradefreitas.com.br\/wp-content\/uploads\/2019\/08\/DSCF8003-Copy-600x450.jpg 600w, https:\/\/dioceseteixeiradefreitas.com.br\/wp-content\/uploads\/2019\/08\/DSCF8003-Copy-300x225.jpg 300w, https:\/\/dioceseteixeiradefreitas.com.br\/wp-content\/uploads\/2019\/08\/DSCF8003-Copy-768x576.jpg 768w\" sizes=\"auto, (max-width: 900px) 100vw, 900px\" \/><\/a>\n\t\t\t<\/div><\/figure><figure class='gallery-item'>\n\t\t\t<div class='gallery-icon landscape'>\n\t\t\t\t<a href='https:\/\/dioceseteixeiradefreitas.com.br\/wp-content\/uploads\/2019\/08\/DSCF8006-Copy.jpg'><img loading=\"lazy\" decoding=\"async\" width=\"900\" height=\"675\" src=\"https:\/\/dioceseteixeiradefreitas.com.br\/wp-content\/uploads\/2019\/08\/DSCF8006-Copy.jpg\" class=\"attachment-full size-full\" alt=\"\" srcset=\"https:\/\/dioceseteixeiradefreitas.com.br\/wp-content\/uploads\/2019\/08\/DSCF8006-Copy.jpg 900w, https:\/\/dioceseteixeiradefreitas.com.br\/wp-content\/uploads\/2019\/08\/DSCF8006-Copy-600x450.jpg 600w, https:\/\/dioceseteixeiradefreitas.com.br\/wp-content\/uploads\/2019\/08\/DSCF8006-Copy-300x225.jpg 300w, https:\/\/dioceseteixeiradefreitas.com.br\/wp-content\/uploads\/2019\/08\/DSCF8006-Copy-768x576.jpg 768w\" sizes=\"auto, (max-width: 900px) 100vw, 900px\" \/><\/a>\n\t\t\t<\/div><\/figure><figure class='gallery-item'>\n\t\t\t<div class='gallery-icon landscape'>\n\t\t\t\t<a href='https:\/\/dioceseteixeiradefreitas.com.br\/wp-content\/uploads\/2019\/08\/DSCF8017-Copy.jpg'><img loading=\"lazy\" decoding=\"async\" width=\"900\" height=\"675\" src=\"https:\/\/dioceseteixeiradefreitas.com.br\/wp-content\/uploads\/2019\/08\/DSCF8017-Copy.jpg\" class=\"attachment-full size-full\" alt=\"\" srcset=\"https:\/\/dioceseteixeiradefreitas.com.br\/wp-content\/uploads\/2019\/08\/DSCF8017-Copy.jpg 900w, https:\/\/dioceseteixeiradefreitas.com.br\/wp-content\/uploads\/2019\/08\/DSCF8017-Copy-600x450.jpg 600w, https:\/\/dioceseteixeiradefreitas.com.br\/wp-content\/uploads\/2019\/08\/DSCF8017-Copy-300x225.jpg 300w, https:\/\/dioceseteixeiradefreitas.com.br\/wp-content\/uploads\/2019\/08\/DSCF8017-Copy-768x576.jpg 768w\" sizes=\"auto, (max-width: 900px) 100vw, 900px\" \/><\/a>\n\t\t\t<\/div><\/figure><figure class='gallery-item'>\n\t\t\t<div class='gallery-icon landscape'>\n\t\t\t\t<a href='https:\/\/dioceseteixeiradefreitas.com.br\/wp-content\/uploads\/2019\/08\/DSCF8023-Copy.jpg'><img loading=\"lazy\" decoding=\"async\" width=\"900\" height=\"675\" src=\"https:\/\/dioceseteixeiradefreitas.com.br\/wp-content\/uploads\/2019\/08\/DSCF8023-Copy.jpg\" class=\"attachment-full size-full\" alt=\"\" srcset=\"https:\/\/dioceseteixeiradefreitas.com.br\/wp-content\/uploads\/2019\/08\/DSCF8023-Copy.jpg 900w, https:\/\/dioceseteixeiradefreitas.com.br\/wp-content\/uploads\/2019\/08\/DSCF8023-Copy-600x450.jpg 600w, https:\/\/dioceseteixeiradefreitas.com.br\/wp-content\/uploads\/2019\/08\/DSCF8023-Copy-300x225.jpg 300w, https:\/\/dioceseteixeiradefreitas.com.br\/wp-content\/uploads\/2019\/08\/DSCF8023-Copy-768x576.jpg 768w\" sizes=\"auto, (max-width: 900px) 100vw, 900px\" \/><\/a>\n\t\t\t<\/div><\/figure><figure class='gallery-item'>\n\t\t\t<div class='gallery-icon landscape'>\n\t\t\t\t<a href='https:\/\/dioceseteixeiradefreitas.com.br\/wp-content\/uploads\/2019\/08\/DSCF8025-Copy.jpg'><img loading=\"lazy\" decoding=\"async\" width=\"900\" height=\"675\" src=\"https:\/\/dioceseteixeiradefreitas.com.br\/wp-content\/uploads\/2019\/08\/DSCF8025-Copy.jpg\" class=\"attachment-full size-full\" alt=\"\" srcset=\"https:\/\/dioceseteixeiradefreitas.com.br\/wp-content\/uploads\/2019\/08\/DSCF8025-Copy.jpg 900w, https:\/\/dioceseteixeiradefreitas.com.br\/wp-content\/uploads\/2019\/08\/DSCF8025-Copy-600x450.jpg 600w, https:\/\/dioceseteixeiradefreitas.com.br\/wp-content\/uploads\/2019\/08\/DSCF8025-Copy-300x225.jpg 300w, https:\/\/dioceseteixeiradefreitas.com.br\/wp-content\/uploads\/2019\/08\/DSCF8025-Copy-768x576.jpg 768w\" sizes=\"auto, (max-width: 900px) 100vw, 900px\" \/><\/a>\n\t\t\t<\/div><\/figure><figure class='gallery-item'>\n\t\t\t<div class='gallery-icon landscape'>\n\t\t\t\t<a href='https:\/\/dioceseteixeiradefreitas.com.br\/wp-content\/uploads\/2019\/08\/DSCF8027-Copy.jpg'><img loading=\"lazy\" decoding=\"async\" width=\"900\" height=\"675\" src=\"https:\/\/dioceseteixeiradefreitas.com.br\/wp-content\/uploads\/2019\/08\/DSCF8027-Copy.jpg\" class=\"attachment-full size-full\" alt=\"\" srcset=\"https:\/\/dioceseteixeiradefreitas.com.br\/wp-content\/uploads\/2019\/08\/DSCF8027-Copy.jpg 900w, https:\/\/dioceseteixeiradefreitas.com.br\/wp-content\/uploads\/2019\/08\/DSCF8027-Copy-600x450.jpg 600w, https:\/\/dioceseteixeiradefreitas.com.br\/wp-content\/uploads\/2019\/08\/DSCF8027-Copy-300x225.jpg 300w, https:\/\/dioceseteixeiradefreitas.com.br\/wp-content\/uploads\/2019\/08\/DSCF8027-Copy-768x576.jpg 768w\" sizes=\"auto, (max-width: 900px) 100vw, 900px\" \/><\/a>\n\t\t\t<\/div><\/figure><figure class='gallery-item'>\n\t\t\t<div class='gallery-icon landscape'>\n\t\t\t\t<a href='https:\/\/dioceseteixeiradefreitas.com.br\/wp-content\/uploads\/2019\/08\/DSCF8029-Copy.jpg'><img loading=\"lazy\" decoding=\"async\" width=\"900\" height=\"675\" src=\"https:\/\/dioceseteixeiradefreitas.com.br\/wp-content\/uploads\/2019\/08\/DSCF8029-Copy.jpg\" class=\"attachment-full size-full\" alt=\"\" srcset=\"https:\/\/dioceseteixeiradefreitas.com.br\/wp-content\/uploads\/2019\/08\/DSCF8029-Copy.jpg 900w, https:\/\/dioceseteixeiradefreitas.com.br\/wp-content\/uploads\/2019\/08\/DSCF8029-Copy-600x450.jpg 600w, https:\/\/dioceseteixeiradefreitas.com.br\/wp-content\/uploads\/2019\/08\/DSCF8029-Copy-300x225.jpg 300w, https:\/\/dioceseteixeiradefreitas.com.br\/wp-content\/uploads\/2019\/08\/DSCF8029-Copy-768x576.jpg 768w\" sizes=\"auto, (max-width: 900px) 100vw, 900px\" \/><\/a>\n\t\t\t<\/div><\/figure><figure class='gallery-item'>\n\t\t\t<div class='gallery-icon landscape'>\n\t\t\t\t<a href='https:\/\/dioceseteixeiradefreitas.com.br\/wp-content\/uploads\/2019\/08\/DSCF8033-Copy.jpg'><img loading=\"lazy\" decoding=\"async\" width=\"900\" height=\"675\" src=\"https:\/\/dioceseteixeiradefreitas.com.br\/wp-content\/uploads\/2019\/08\/DSCF8033-Copy.jpg\" class=\"attachment-full size-full\" alt=\"\" srcset=\"https:\/\/dioceseteixeiradefreitas.com.br\/wp-content\/uploads\/2019\/08\/DSCF8033-Copy.jpg 900w, https:\/\/dioceseteixeiradefreitas.com.br\/wp-content\/uploads\/2019\/08\/DSCF8033-Copy-600x450.jpg 600w, https:\/\/dioceseteixeiradefreitas.com.br\/wp-content\/uploads\/2019\/08\/DSCF8033-Copy-300x225.jpg 300w, https:\/\/dioceseteixeiradefreitas.com.br\/wp-content\/uploads\/2019\/08\/DSCF8033-Copy-768x576.jpg 768w\" sizes=\"auto, (max-width: 900px) 100vw, 900px\" \/><\/a>\n\t\t\t<\/div><\/figure><figure class='gallery-item'>\n\t\t\t<div class='gallery-icon landscape'>\n\t\t\t\t<a href='https:\/\/dioceseteixeiradefreitas.com.br\/wp-content\/uploads\/2019\/08\/DSCF8035-Copy.jpg'><img loading=\"lazy\" decoding=\"async\" width=\"900\" height=\"675\" src=\"https:\/\/dioceseteixeiradefreitas.com.br\/wp-content\/uploads\/2019\/08\/DSCF8035-Copy.jpg\" class=\"attachment-full size-full\" alt=\"\" srcset=\"https:\/\/dioceseteixeiradefreitas.com.br\/wp-content\/uploads\/2019\/08\/DSCF8035-Copy.jpg 900w, https:\/\/dioceseteixeiradefreitas.com.br\/wp-content\/uploads\/2019\/08\/DSCF8035-Copy-600x450.jpg 600w, https:\/\/dioceseteixeiradefreitas.com.br\/wp-content\/uploads\/2019\/08\/DSCF8035-Copy-300x225.jpg 300w, https:\/\/dioceseteixeiradefreitas.com.br\/wp-content\/uploads\/2019\/08\/DSCF8035-Copy-768x576.jpg 768w\" sizes=\"auto, (max-width: 900px) 100vw, 900px\" \/><\/a>\n\t\t\t<\/div><\/figure><figure class='gallery-item'>\n\t\t\t<div class='gallery-icon landscape'>\n\t\t\t\t<a href='https:\/\/dioceseteixeiradefreitas.com.br\/wp-content\/uploads\/2019\/08\/DSCF8037-Copy.jpg'><img loading=\"lazy\" decoding=\"async\" width=\"900\" height=\"675\" src=\"https:\/\/dioceseteixeiradefreitas.com.br\/wp-content\/uploads\/2019\/08\/DSCF8037-Copy.jpg\" class=\"attachment-full size-full\" alt=\"\" srcset=\"https:\/\/dioceseteixeiradefreitas.com.br\/wp-content\/uploads\/2019\/08\/DSCF8037-Copy.jpg 900w, https:\/\/dioceseteixeiradefreitas.com.br\/wp-content\/uploads\/2019\/08\/DSCF8037-Copy-600x450.jpg 600w, https:\/\/dioceseteixeiradefreitas.com.br\/wp-content\/uploads\/2019\/08\/DSCF8037-Copy-300x225.jpg 300w, https:\/\/dioceseteixeiradefreitas.com.br\/wp-content\/uploads\/2019\/08\/DSCF8037-Copy-768x576.jpg 768w\" sizes=\"auto, (max-width: 900px) 100vw, 900px\" \/><\/a>\n\t\t\t<\/div><\/figure><figure class='gallery-item'>\n\t\t\t<div class='gallery-icon landscape'>\n\t\t\t\t<a href='https:\/\/dioceseteixeiradefreitas.com.br\/wp-content\/uploads\/2019\/08\/DSCF8042-Copy.jpg'><img loading=\"lazy\" decoding=\"async\" width=\"900\" height=\"675\" src=\"https:\/\/dioceseteixeiradefreitas.com.br\/wp-content\/uploads\/2019\/08\/DSCF8042-Copy.jpg\" class=\"attachment-full size-full\" alt=\"\" srcset=\"https:\/\/dioceseteixeiradefreitas.com.br\/wp-content\/uploads\/2019\/08\/DSCF8042-Copy.jpg 900w, https:\/\/dioceseteixeiradefreitas.com.br\/wp-content\/uploads\/2019\/08\/DSCF8042-Copy-600x450.jpg 600w, https:\/\/dioceseteixeiradefreitas.com.br\/wp-content\/uploads\/2019\/08\/DSCF8042-Copy-300x225.jpg 300w, https:\/\/dioceseteixeiradefreitas.com.br\/wp-content\/uploads\/2019\/08\/DSCF8042-Copy-768x576.jpg 768w\" sizes=\"auto, (max-width: 900px) 100vw, 900px\" \/><\/a>\n\t\t\t<\/div><\/figure><figure class='gallery-item'>\n\t\t\t<div class='gallery-icon landscape'>\n\t\t\t\t<a href='https:\/\/dioceseteixeiradefreitas.com.br\/wp-content\/uploads\/2019\/08\/DSCF8043-Copy.jpg'><img loading=\"lazy\" decoding=\"async\" width=\"900\" height=\"675\" src=\"https:\/\/dioceseteixeiradefreitas.com.br\/wp-content\/uploads\/2019\/08\/DSCF8043-Copy.jpg\" class=\"attachment-full size-full\" alt=\"\" srcset=\"https:\/\/dioceseteixeiradefreitas.com.br\/wp-content\/uploads\/2019\/08\/DSCF8043-Copy.jpg 900w, https:\/\/dioceseteixeiradefreitas.com.br\/wp-content\/uploads\/2019\/08\/DSCF8043-Copy-600x450.jpg 600w, https:\/\/dioceseteixeiradefreitas.com.br\/wp-content\/uploads\/2019\/08\/DSCF8043-Copy-300x225.jpg 300w, https:\/\/dioceseteixeiradefreitas.com.br\/wp-content\/uploads\/2019\/08\/DSCF8043-Copy-768x576.jpg 768w\" sizes=\"auto, (max-width: 900px) 100vw, 900px\" \/><\/a>\n\t\t\t<\/div><\/figure><figure class='gallery-item'>\n\t\t\t<div class='gallery-icon landscape'>\n\t\t\t\t<a href='https:\/\/dioceseteixeiradefreitas.com.br\/wp-content\/uploads\/2019\/08\/DSCF8047-Copy.jpg'><img loading=\"lazy\" decoding=\"async\" width=\"900\" height=\"675\" src=\"https:\/\/dioceseteixeiradefreitas.com.br\/wp-content\/uploads\/2019\/08\/DSCF8047-Copy.jpg\" class=\"attachment-full size-full\" alt=\"\" srcset=\"https:\/\/dioceseteixeiradefreitas.com.br\/wp-content\/uploads\/2019\/08\/DSCF8047-Copy.jpg 900w, https:\/\/dioceseteixeiradefreitas.com.br\/wp-content\/uploads\/2019\/08\/DSCF8047-Copy-600x450.jpg 600w, https:\/\/dioceseteixeiradefreitas.com.br\/wp-content\/uploads\/2019\/08\/DSCF8047-Copy-300x225.jpg 300w, https:\/\/dioceseteixeiradefreitas.com.br\/wp-content\/uploads\/2019\/08\/DSCF8047-Copy-768x576.jpg 768w\" sizes=\"auto, (max-width: 900px) 100vw, 900px\" \/><\/a>\n\t\t\t<\/div><\/figure><figure class='gallery-item'>\n\t\t\t<div class='gallery-icon landscape'>\n\t\t\t\t<a href='https:\/\/dioceseteixeiradefreitas.com.br\/wp-content\/uploads\/2019\/08\/DSCF8048-Copy.jpg'><img loading=\"lazy\" decoding=\"async\" width=\"900\" height=\"675\" src=\"https:\/\/dioceseteixeiradefreitas.com.br\/wp-content\/uploads\/2019\/08\/DSCF8048-Copy.jpg\" class=\"attachment-full size-full\" alt=\"\" srcset=\"https:\/\/dioceseteixeiradefreitas.com.br\/wp-content\/uploads\/2019\/08\/DSCF8048-Copy.jpg 900w, https:\/\/dioceseteixeiradefreitas.com.br\/wp-content\/uploads\/2019\/08\/DSCF8048-Copy-600x450.jpg 600w, https:\/\/dioceseteixeiradefreitas.com.br\/wp-content\/uploads\/2019\/08\/DSCF8048-Copy-300x225.jpg 300w, https:\/\/dioceseteixeiradefreitas.com.br\/wp-content\/uploads\/2019\/08\/DSCF8048-Copy-768x576.jpg 768w\" sizes=\"auto, (max-width: 900px) 100vw, 900px\" \/><\/a>\n\t\t\t<\/div><\/figure><figure class='gallery-item'>\n\t\t\t<div class='gallery-icon landscape'>\n\t\t\t\t<a href='https:\/\/dioceseteixeiradefreitas.com.br\/wp-content\/uploads\/2019\/08\/DSCF8054-Copy.jpg'><img loading=\"lazy\" decoding=\"async\" width=\"900\" height=\"675\" src=\"https:\/\/dioceseteixeiradefreitas.com.br\/wp-content\/uploads\/2019\/08\/DSCF8054-Copy.jpg\" class=\"attachment-full size-full\" alt=\"\" srcset=\"https:\/\/dioceseteixeiradefreitas.com.br\/wp-content\/uploads\/2019\/08\/DSCF8054-Copy.jpg 900w, https:\/\/dioceseteixeiradefreitas.com.br\/wp-content\/uploads\/2019\/08\/DSCF8054-Copy-600x450.jpg 600w, https:\/\/dioceseteixeiradefreitas.com.br\/wp-content\/uploads\/2019\/08\/DSCF8054-Copy-300x225.jpg 300w, https:\/\/dioceseteixeiradefreitas.com.br\/wp-content\/uploads\/2019\/08\/DSCF8054-Copy-768x576.jpg 768w\" sizes=\"auto, (max-width: 900px) 100vw, 900px\" \/><\/a>\n\t\t\t<\/div><\/figure><figure class='gallery-item'>\n\t\t\t<div class='gallery-icon landscape'>\n\t\t\t\t<a href='https:\/\/dioceseteixeiradefreitas.com.br\/wp-content\/uploads\/2019\/08\/DSCF8059-Copy.jpg'><img loading=\"lazy\" decoding=\"async\" width=\"900\" height=\"675\" src=\"https:\/\/dioceseteixeiradefreitas.com.br\/wp-content\/uploads\/2019\/08\/DSCF8059-Copy.jpg\" class=\"attachment-full size-full\" alt=\"\" srcset=\"https:\/\/dioceseteixeiradefreitas.com.br\/wp-content\/uploads\/2019\/08\/DSCF8059-Copy.jpg 900w, https:\/\/dioceseteixeiradefreitas.com.br\/wp-content\/uploads\/2019\/08\/DSCF8059-Copy-600x450.jpg 600w, https:\/\/dioceseteixeiradefreitas.com.br\/wp-content\/uploads\/2019\/08\/DSCF8059-Copy-300x225.jpg 300w, https:\/\/dioceseteixeiradefreitas.com.br\/wp-content\/uploads\/2019\/08\/DSCF8059-Copy-768x576.jpg 768w\" sizes=\"auto, (max-width: 900px) 100vw, 900px\" \/><\/a>\n\t\t\t<\/div><\/figure><figure class='gallery-item'>\n\t\t\t<div class='gallery-icon landscape'>\n\t\t\t\t<a href='https:\/\/dioceseteixeiradefreitas.com.br\/wp-content\/uploads\/2019\/08\/DSCF8064-Copy.jpg'><img loading=\"lazy\" decoding=\"async\" width=\"900\" height=\"675\" src=\"https:\/\/dioceseteixeiradefreitas.com.br\/wp-content\/uploads\/2019\/08\/DSCF8064-Copy.jpg\" class=\"attachment-full size-full\" alt=\"\" srcset=\"https:\/\/dioceseteixeiradefreitas.com.br\/wp-content\/uploads\/2019\/08\/DSCF8064-Copy.jpg 900w, https:\/\/dioceseteixeiradefreitas.com.br\/wp-content\/uploads\/2019\/08\/DSCF8064-Copy-600x450.jpg 600w, https:\/\/dioceseteixeiradefreitas.com.br\/wp-content\/uploads\/2019\/08\/DSCF8064-Copy-300x225.jpg 300w, https:\/\/dioceseteixeiradefreitas.com.br\/wp-content\/uploads\/2019\/08\/DSCF8064-Copy-768x576.jpg 768w\" sizes=\"auto, (max-width: 900px) 100vw, 900px\" \/><\/a>\n\t\t\t<\/div><\/figure><figure class='gallery-item'>\n\t\t\t<div class='gallery-icon landscape'>\n\t\t\t\t<a href='https:\/\/dioceseteixeiradefreitas.com.br\/wp-content\/uploads\/2019\/08\/DSCF8069-Copy.jpg'><img loading=\"lazy\" decoding=\"async\" width=\"900\" height=\"675\" src=\"https:\/\/dioceseteixeiradefreitas.com.br\/wp-content\/uploads\/2019\/08\/DSCF8069-Copy.jpg\" class=\"attachment-full size-full\" alt=\"\" srcset=\"https:\/\/dioceseteixeiradefreitas.com.br\/wp-content\/uploads\/2019\/08\/DSCF8069-Copy.jpg 900w, https:\/\/dioceseteixeiradefreitas.com.br\/wp-content\/uploads\/2019\/08\/DSCF8069-Copy-600x450.jpg 600w, https:\/\/dioceseteixeiradefreitas.com.br\/wp-content\/uploads\/2019\/08\/DSCF8069-Copy-300x225.jpg 300w, https:\/\/dioceseteixeiradefreitas.com.br\/wp-content\/uploads\/2019\/08\/DSCF8069-Copy-768x576.jpg 768w\" sizes=\"auto, (max-width: 900px) 100vw, 900px\" \/><\/a>\n\t\t\t<\/div><\/figure><figure class='gallery-item'>\n\t\t\t<div class='gallery-icon landscape'>\n\t\t\t\t<a href='https:\/\/dioceseteixeiradefreitas.com.br\/wp-content\/uploads\/2019\/08\/DSCF8070-Copy.jpg'><img loading=\"lazy\" decoding=\"async\" width=\"900\" height=\"675\" src=\"https:\/\/dioceseteixeiradefreitas.com.br\/wp-content\/uploads\/2019\/08\/DSCF8070-Copy.jpg\" class=\"attachment-full size-full\" alt=\"\" srcset=\"https:\/\/dioceseteixeiradefreitas.com.br\/wp-content\/uploads\/2019\/08\/DSCF8070-Copy.jpg 900w, https:\/\/dioceseteixeiradefreitas.com.br\/wp-content\/uploads\/2019\/08\/DSCF8070-Copy-600x450.jpg 600w, https:\/\/dioceseteixeiradefreitas.com.br\/wp-content\/uploads\/2019\/08\/DSCF8070-Copy-300x225.jpg 300w, https:\/\/dioceseteixeiradefreitas.com.br\/wp-content\/uploads\/2019\/08\/DSCF8070-Copy-768x576.jpg 768w\" sizes=\"auto, (max-width: 900px) 100vw, 900px\" \/><\/a>\n\t\t\t<\/div><\/figure><figure class='gallery-item'>\n\t\t\t<div class='gallery-icon landscape'>\n\t\t\t\t<a href='https:\/\/dioceseteixeiradefreitas.com.br\/wp-content\/uploads\/2019\/08\/DSCF8074-Copy.jpg'><img loading=\"lazy\" decoding=\"async\" width=\"900\" height=\"675\" src=\"https:\/\/dioceseteixeiradefreitas.com.br\/wp-content\/uploads\/2019\/08\/DSCF8074-Copy.jpg\" class=\"attachment-full size-full\" alt=\"\" srcset=\"https:\/\/dioceseteixeiradefreitas.com.br\/wp-content\/uploads\/2019\/08\/DSCF8074-Copy.jpg 900w, https:\/\/dioceseteixeiradefreitas.com.br\/wp-content\/uploads\/2019\/08\/DSCF8074-Copy-600x450.jpg 600w, https:\/\/dioceseteixeiradefreitas.com.br\/wp-content\/uploads\/2019\/08\/DSCF8074-Copy-300x225.jpg 300w, https:\/\/dioceseteixeiradefreitas.com.br\/wp-content\/uploads\/2019\/08\/DSCF8074-Copy-768x576.jpg 768w\" sizes=\"auto, (max-width: 900px) 100vw, 900px\" \/><\/a>\n\t\t\t<\/div><\/figure><figure class='gallery-item'>\n\t\t\t<div class='gallery-icon landscape'>\n\t\t\t\t<a href='https:\/\/dioceseteixeiradefreitas.com.br\/wp-content\/uploads\/2019\/08\/DSCF8082-Copy.jpg'><img loading=\"lazy\" decoding=\"async\" width=\"900\" height=\"675\" src=\"https:\/\/dioceseteixeiradefreitas.com.br\/wp-content\/uploads\/2019\/08\/DSCF8082-Copy.jpg\" class=\"attachment-full size-full\" alt=\"\" srcset=\"https:\/\/dioceseteixeiradefreitas.com.br\/wp-content\/uploads\/2019\/08\/DSCF8082-Copy.jpg 900w, https:\/\/dioceseteixeiradefreitas.com.br\/wp-content\/uploads\/2019\/08\/DSCF8082-Copy-600x450.jpg 600w, https:\/\/dioceseteixeiradefreitas.com.br\/wp-content\/uploads\/2019\/08\/DSCF8082-Copy-300x225.jpg 300w, https:\/\/dioceseteixeiradefreitas.com.br\/wp-content\/uploads\/2019\/08\/DSCF8082-Copy-768x576.jpg 768w\" sizes=\"auto, (max-width: 900px) 100vw, 900px\" \/><\/a>\n\t\t\t<\/div><\/figure><figure class='gallery-item'>\n\t\t\t<div class='gallery-icon landscape'>\n\t\t\t\t<a href='https:\/\/dioceseteixeiradefreitas.com.br\/wp-content\/uploads\/2019\/08\/DSCF8083-Copy.jpg'><img loading=\"lazy\" decoding=\"async\" width=\"900\" height=\"675\" src=\"https:\/\/dioceseteixeiradefreitas.com.br\/wp-content\/uploads\/2019\/08\/DSCF8083-Copy.jpg\" class=\"attachment-full size-full\" alt=\"\" srcset=\"https:\/\/dioceseteixeiradefreitas.com.br\/wp-content\/uploads\/2019\/08\/DSCF8083-Copy.jpg 900w, https:\/\/dioceseteixeiradefreitas.com.br\/wp-content\/uploads\/2019\/08\/DSCF8083-Copy-600x450.jpg 600w, https:\/\/dioceseteixeiradefreitas.com.br\/wp-content\/uploads\/2019\/08\/DSCF8083-Copy-300x225.jpg 300w, https:\/\/dioceseteixeiradefreitas.com.br\/wp-content\/uploads\/2019\/08\/DSCF8083-Copy-768x576.jpg 768w\" sizes=\"auto, (max-width: 900px) 100vw, 900px\" \/><\/a>\n\t\t\t<\/div><\/figure><figure class='gallery-item'>\n\t\t\t<div class='gallery-icon landscape'>\n\t\t\t\t<a href='https:\/\/dioceseteixeiradefreitas.com.br\/wp-content\/uploads\/2019\/08\/DSCF8091-Copy.jpg'><img loading=\"lazy\" decoding=\"async\" width=\"900\" height=\"675\" src=\"https:\/\/dioceseteixeiradefreitas.com.br\/wp-content\/uploads\/2019\/08\/DSCF8091-Copy.jpg\" class=\"attachment-full size-full\" alt=\"\" srcset=\"https:\/\/dioceseteixeiradefreitas.com.br\/wp-content\/uploads\/2019\/08\/DSCF8091-Copy.jpg 900w, https:\/\/dioceseteixeiradefreitas.com.br\/wp-content\/uploads\/2019\/08\/DSCF8091-Copy-600x450.jpg 600w, https:\/\/dioceseteixeiradefreitas.com.br\/wp-content\/uploads\/2019\/08\/DSCF8091-Copy-300x225.jpg 300w, https:\/\/dioceseteixeiradefreitas.com.br\/wp-content\/uploads\/2019\/08\/DSCF8091-Copy-768x576.jpg 768w\" sizes=\"auto, (max-width: 900px) 100vw, 900px\" \/><\/a>\n\t\t\t<\/div><\/figure><figure class='gallery-item'>\n\t\t\t<div class='gallery-icon landscape'>\n\t\t\t\t<a href='https:\/\/dioceseteixeiradefreitas.com.br\/wp-content\/uploads\/2019\/08\/DSCF8093-Copy.jpg'><img loading=\"lazy\" decoding=\"async\" width=\"900\" height=\"675\" src=\"https:\/\/dioceseteixeiradefreitas.com.br\/wp-content\/uploads\/2019\/08\/DSCF8093-Copy.jpg\" class=\"attachment-full size-full\" alt=\"\" srcset=\"https:\/\/dioceseteixeiradefreitas.com.br\/wp-content\/uploads\/2019\/08\/DSCF8093-Copy.jpg 900w, https:\/\/dioceseteixeiradefreitas.com.br\/wp-content\/uploads\/2019\/08\/DSCF8093-Copy-600x450.jpg 600w, https:\/\/dioceseteixeiradefreitas.com.br\/wp-content\/uploads\/2019\/08\/DSCF8093-Copy-300x225.jpg 300w, https:\/\/dioceseteixeiradefreitas.com.br\/wp-content\/uploads\/2019\/08\/DSCF8093-Copy-768x576.jpg 768w\" sizes=\"auto, (max-width: 900px) 100vw, 900px\" \/><\/a>\n\t\t\t<\/div><\/figure><figure class='gallery-item'>\n\t\t\t<div class='gallery-icon landscape'>\n\t\t\t\t<a href='https:\/\/dioceseteixeiradefreitas.com.br\/wp-content\/uploads\/2019\/08\/DSCF8096-Copy.jpg'><img loading=\"lazy\" decoding=\"async\" width=\"900\" height=\"675\" src=\"https:\/\/dioceseteixeiradefreitas.com.br\/wp-content\/uploads\/2019\/08\/DSCF8096-Copy.jpg\" class=\"attachment-full size-full\" alt=\"\" srcset=\"https:\/\/dioceseteixeiradefreitas.com.br\/wp-content\/uploads\/2019\/08\/DSCF8096-Copy.jpg 900w, https:\/\/dioceseteixeiradefreitas.com.br\/wp-content\/uploads\/2019\/08\/DSCF8096-Copy-600x450.jpg 600w, https:\/\/dioceseteixeiradefreitas.com.br\/wp-content\/uploads\/2019\/08\/DSCF8096-Copy-300x225.jpg 300w, https:\/\/dioceseteixeiradefreitas.com.br\/wp-content\/uploads\/2019\/08\/DSCF8096-Copy-768x576.jpg 768w\" sizes=\"auto, (max-width: 900px) 100vw, 900px\" \/><\/a>\n\t\t\t<\/div><\/figure><figure class='gallery-item'>\n\t\t\t<div class='gallery-icon landscape'>\n\t\t\t\t<a href='https:\/\/dioceseteixeiradefreitas.com.br\/wp-content\/uploads\/2019\/08\/DSCF8108-Copy.jpg'><img loading=\"lazy\" decoding=\"async\" width=\"900\" height=\"675\" src=\"https:\/\/dioceseteixeiradefreitas.com.br\/wp-content\/uploads\/2019\/08\/DSCF8108-Copy.jpg\" class=\"attachment-full size-full\" alt=\"\" srcset=\"https:\/\/dioceseteixeiradefreitas.com.br\/wp-content\/uploads\/2019\/08\/DSCF8108-Copy.jpg 900w, https:\/\/dioceseteixeiradefreitas.com.br\/wp-content\/uploads\/2019\/08\/DSCF8108-Copy-600x450.jpg 600w, https:\/\/dioceseteixeiradefreitas.com.br\/wp-content\/uploads\/2019\/08\/DSCF8108-Copy-300x225.jpg 300w, https:\/\/dioceseteixeiradefreitas.com.br\/wp-content\/uploads\/2019\/08\/DSCF8108-Copy-768x576.jpg 768w\" sizes=\"auto, (max-width: 900px) 100vw, 900px\" \/><\/a>\n\t\t\t<\/div><\/figure><figure class='gallery-item'>\n\t\t\t<div class='gallery-icon landscape'>\n\t\t\t\t<a href='https:\/\/dioceseteixeiradefreitas.com.br\/wp-content\/uploads\/2019\/08\/DSCF8109-Copy.jpg'><img loading=\"lazy\" decoding=\"async\" width=\"900\" height=\"675\" src=\"https:\/\/dioceseteixeiradefreitas.com.br\/wp-content\/uploads\/2019\/08\/DSCF8109-Copy.jpg\" class=\"attachment-full size-full\" alt=\"\" srcset=\"https:\/\/dioceseteixeiradefreitas.com.br\/wp-content\/uploads\/2019\/08\/DSCF8109-Copy.jpg 900w, https:\/\/dioceseteixeiradefreitas.com.br\/wp-content\/uploads\/2019\/08\/DSCF8109-Copy-600x450.jpg 600w, https:\/\/dioceseteixeiradefreitas.com.br\/wp-content\/uploads\/2019\/08\/DSCF8109-Copy-300x225.jpg 300w, https:\/\/dioceseteixeiradefreitas.com.br\/wp-content\/uploads\/2019\/08\/DSCF8109-Copy-768x576.jpg 768w\" sizes=\"auto, (max-width: 900px) 100vw, 900px\" \/><\/a>\n\t\t\t<\/div><\/figure><figure class='gallery-item'>\n\t\t\t<div class='gallery-icon landscape'>\n\t\t\t\t<a href='https:\/\/dioceseteixeiradefreitas.com.br\/wp-content\/uploads\/2019\/08\/DSCF8113-Copy.jpg'><img loading=\"lazy\" decoding=\"async\" width=\"900\" height=\"675\" src=\"https:\/\/dioceseteixeiradefreitas.com.br\/wp-content\/uploads\/2019\/08\/DSCF8113-Copy.jpg\" class=\"attachment-full size-full\" alt=\"\" srcset=\"https:\/\/dioceseteixeiradefreitas.com.br\/wp-content\/uploads\/2019\/08\/DSCF8113-Copy.jpg 900w, https:\/\/dioceseteixeiradefreitas.com.br\/wp-content\/uploads\/2019\/08\/DSCF8113-Copy-600x450.jpg 600w, https:\/\/dioceseteixeiradefreitas.com.br\/wp-content\/uploads\/2019\/08\/DSCF8113-Copy-300x225.jpg 300w, https:\/\/dioceseteixeiradefreitas.com.br\/wp-content\/uploads\/2019\/08\/DSCF8113-Copy-768x576.jpg 768w\" sizes=\"auto, (max-width: 900px) 100vw, 900px\" \/><\/a>\n\t\t\t<\/div><\/figure><figure class='gallery-item'>\n\t\t\t<div class='gallery-icon landscape'>\n\t\t\t\t<a href='https:\/\/dioceseteixeiradefreitas.com.br\/wp-content\/uploads\/2019\/08\/DSCF8118-Copy.jpg'><img loading=\"lazy\" decoding=\"async\" width=\"900\" height=\"675\" src=\"https:\/\/dioceseteixeiradefreitas.com.br\/wp-content\/uploads\/2019\/08\/DSCF8118-Copy.jpg\" class=\"attachment-full size-full\" alt=\"\" srcset=\"https:\/\/dioceseteixeiradefreitas.com.br\/wp-content\/uploads\/2019\/08\/DSCF8118-Copy.jpg 900w, https:\/\/dioceseteixeiradefreitas.com.br\/wp-content\/uploads\/2019\/08\/DSCF8118-Copy-600x450.jpg 600w, https:\/\/dioceseteixeiradefreitas.com.br\/wp-content\/uploads\/2019\/08\/DSCF8118-Copy-300x225.jpg 300w, https:\/\/dioceseteixeiradefreitas.com.br\/wp-content\/uploads\/2019\/08\/DSCF8118-Copy-768x576.jpg 768w\" sizes=\"auto, (max-width: 900px) 100vw, 900px\" \/><\/a>\n\t\t\t<\/div><\/figure><figure class='gallery-item'>\n\t\t\t<div class='gallery-icon landscape'>\n\t\t\t\t<a href='https:\/\/dioceseteixeiradefreitas.com.br\/wp-content\/uploads\/2019\/08\/DSCF8120-Copy.jpg'><img loading=\"lazy\" decoding=\"async\" width=\"900\" height=\"675\" src=\"https:\/\/dioceseteixeiradefreitas.com.br\/wp-content\/uploads\/2019\/08\/DSCF8120-Copy.jpg\" class=\"attachment-full size-full\" alt=\"\" srcset=\"https:\/\/dioceseteixeiradefreitas.com.br\/wp-content\/uploads\/2019\/08\/DSCF8120-Copy.jpg 900w, https:\/\/dioceseteixeiradefreitas.com.br\/wp-content\/uploads\/2019\/08\/DSCF8120-Copy-600x450.jpg 600w, https:\/\/dioceseteixeiradefreitas.com.br\/wp-content\/uploads\/2019\/08\/DSCF8120-Copy-300x225.jpg 300w, https:\/\/dioceseteixeiradefreitas.com.br\/wp-content\/uploads\/2019\/08\/DSCF8120-Copy-768x576.jpg 768w\" sizes=\"auto, (max-width: 900px) 100vw, 900px\" \/><\/a>\n\t\t\t<\/div><\/figure><figure class='gallery-item'>\n\t\t\t<div class='gallery-icon landscape'>\n\t\t\t\t<a href='https:\/\/dioceseteixeiradefreitas.com.br\/wp-content\/uploads\/2019\/08\/DSCF8122-Copy.jpg'><img loading=\"lazy\" decoding=\"async\" width=\"900\" height=\"675\" src=\"https:\/\/dioceseteixeiradefreitas.com.br\/wp-content\/uploads\/2019\/08\/DSCF8122-Copy.jpg\" class=\"attachment-full size-full\" alt=\"\" srcset=\"https:\/\/dioceseteixeiradefreitas.com.br\/wp-content\/uploads\/2019\/08\/DSCF8122-Copy.jpg 900w, https:\/\/dioceseteixeiradefreitas.com.br\/wp-content\/uploads\/2019\/08\/DSCF8122-Copy-600x450.jpg 600w, https:\/\/dioceseteixeiradefreitas.com.br\/wp-content\/uploads\/2019\/08\/DSCF8122-Copy-300x225.jpg 300w, https:\/\/dioceseteixeiradefreitas.com.br\/wp-content\/uploads\/2019\/08\/DSCF8122-Copy-768x576.jpg 768w\" sizes=\"auto, (max-width: 900px) 100vw, 900px\" \/><\/a>\n\t\t\t<\/div><\/figure><figure class='gallery-item'>\n\t\t\t<div class='gallery-icon landscape'>\n\t\t\t\t<a href='https:\/\/dioceseteixeiradefreitas.com.br\/wp-content\/uploads\/2019\/08\/DSCF8124-Copy.jpg'><img loading=\"lazy\" decoding=\"async\" width=\"900\" height=\"675\" src=\"https:\/\/dioceseteixeiradefreitas.com.br\/wp-content\/uploads\/2019\/08\/DSCF8124-Copy.jpg\" class=\"attachment-full size-full\" alt=\"\" srcset=\"https:\/\/dioceseteixeiradefreitas.com.br\/wp-content\/uploads\/2019\/08\/DSCF8124-Copy.jpg 900w, https:\/\/dioceseteixeiradefreitas.com.br\/wp-content\/uploads\/2019\/08\/DSCF8124-Copy-600x450.jpg 600w, https:\/\/dioceseteixeiradefreitas.com.br\/wp-content\/uploads\/2019\/08\/DSCF8124-Copy-300x225.jpg 300w, https:\/\/dioceseteixeiradefreitas.com.br\/wp-content\/uploads\/2019\/08\/DSCF8124-Copy-768x576.jpg 768w\" sizes=\"auto, (max-width: 900px) 100vw, 900px\" \/><\/a>\n\t\t\t<\/div><\/figure><figure class='gallery-item'>\n\t\t\t<div class='gallery-icon landscape'>\n\t\t\t\t<a href='https:\/\/dioceseteixeiradefreitas.com.br\/wp-content\/uploads\/2019\/08\/DSCF8125-Copy.jpg'><img loading=\"lazy\" decoding=\"async\" width=\"900\" height=\"675\" src=\"https:\/\/dioceseteixeiradefreitas.com.br\/wp-content\/uploads\/2019\/08\/DSCF8125-Copy.jpg\" class=\"attachment-full size-full\" alt=\"\" srcset=\"https:\/\/dioceseteixeiradefreitas.com.br\/wp-content\/uploads\/2019\/08\/DSCF8125-Copy.jpg 900w, https:\/\/dioceseteixeiradefreitas.com.br\/wp-content\/uploads\/2019\/08\/DSCF8125-Copy-600x450.jpg 600w, https:\/\/dioceseteixeiradefreitas.com.br\/wp-content\/uploads\/2019\/08\/DSCF8125-Copy-300x225.jpg 300w, https:\/\/dioceseteixeiradefreitas.com.br\/wp-content\/uploads\/2019\/08\/DSCF8125-Copy-768x576.jpg 768w\" sizes=\"auto, (max-width: 900px) 100vw, 900px\" \/><\/a>\n\t\t\t<\/div><\/figure><figure class='gallery-item'>\n\t\t\t<div class='gallery-icon landscape'>\n\t\t\t\t<a href='https:\/\/dioceseteixeiradefreitas.com.br\/wp-content\/uploads\/2019\/08\/DSCF8134-Copy.jpg'><img loading=\"lazy\" decoding=\"async\" width=\"900\" height=\"675\" src=\"https:\/\/dioceseteixeiradefreitas.com.br\/wp-content\/uploads\/2019\/08\/DSCF8134-Copy.jpg\" class=\"attachment-full size-full\" alt=\"\" srcset=\"https:\/\/dioceseteixeiradefreitas.com.br\/wp-content\/uploads\/2019\/08\/DSCF8134-Copy.jpg 900w, https:\/\/dioceseteixeiradefreitas.com.br\/wp-content\/uploads\/2019\/08\/DSCF8134-Copy-600x450.jpg 600w, https:\/\/dioceseteixeiradefreitas.com.br\/wp-content\/uploads\/2019\/08\/DSCF8134-Copy-300x225.jpg 300w, https:\/\/dioceseteixeiradefreitas.com.br\/wp-content\/uploads\/2019\/08\/DSCF8134-Copy-768x576.jpg 768w\" sizes=\"auto, (max-width: 900px) 100vw, 900px\" \/><\/a>\n\t\t\t<\/div><\/figure><figure class='gallery-item'>\n\t\t\t<div class='gallery-icon landscape'>\n\t\t\t\t<a href='https:\/\/dioceseteixeiradefreitas.com.br\/wp-content\/uploads\/2019\/08\/DSCF8141-Copy.jpg'><img loading=\"lazy\" decoding=\"async\" width=\"900\" height=\"675\" src=\"https:\/\/dioceseteixeiradefreitas.com.br\/wp-content\/uploads\/2019\/08\/DSCF8141-Copy.jpg\" class=\"attachment-full size-full\" alt=\"\" srcset=\"https:\/\/dioceseteixeiradefreitas.com.br\/wp-content\/uploads\/2019\/08\/DSCF8141-Copy.jpg 900w, https:\/\/dioceseteixeiradefreitas.com.br\/wp-content\/uploads\/2019\/08\/DSCF8141-Copy-600x450.jpg 600w, https:\/\/dioceseteixeiradefreitas.com.br\/wp-content\/uploads\/2019\/08\/DSCF8141-Copy-300x225.jpg 300w, https:\/\/dioceseteixeiradefreitas.com.br\/wp-content\/uploads\/2019\/08\/DSCF8141-Copy-768x576.jpg 768w\" sizes=\"auto, (max-width: 900px) 100vw, 900px\" \/><\/a>\n\t\t\t<\/div><\/figure><figure class='gallery-item'>\n\t\t\t<div class='gallery-icon landscape'>\n\t\t\t\t<a href='https:\/\/dioceseteixeiradefreitas.com.br\/wp-content\/uploads\/2019\/08\/DSCF8142-Copy.jpg'><img loading=\"lazy\" decoding=\"async\" width=\"900\" height=\"675\" src=\"https:\/\/dioceseteixeiradefreitas.com.br\/wp-content\/uploads\/2019\/08\/DSCF8142-Copy.jpg\" class=\"attachment-full size-full\" alt=\"\" srcset=\"https:\/\/dioceseteixeiradefreitas.com.br\/wp-content\/uploads\/2019\/08\/DSCF8142-Copy.jpg 900w, https:\/\/dioceseteixeiradefreitas.com.br\/wp-content\/uploads\/2019\/08\/DSCF8142-Copy-600x450.jpg 600w, https:\/\/dioceseteixeiradefreitas.com.br\/wp-content\/uploads\/2019\/08\/DSCF8142-Copy-300x225.jpg 300w, https:\/\/dioceseteixeiradefreitas.com.br\/wp-content\/uploads\/2019\/08\/DSCF8142-Copy-768x576.jpg 768w\" sizes=\"auto, (max-width: 900px) 100vw, 900px\" \/><\/a>\n\t\t\t<\/div><\/figure><figure class='gallery-item'>\n\t\t\t<div class='gallery-icon landscape'>\n\t\t\t\t<a href='https:\/\/dioceseteixeiradefreitas.com.br\/wp-content\/uploads\/2019\/08\/DSCF8145-Copy.jpg'><img loading=\"lazy\" decoding=\"async\" width=\"900\" height=\"675\" src=\"https:\/\/dioceseteixeiradefreitas.com.br\/wp-content\/uploads\/2019\/08\/DSCF8145-Copy.jpg\" class=\"attachment-full size-full\" alt=\"\" srcset=\"https:\/\/dioceseteixeiradefreitas.com.br\/wp-content\/uploads\/2019\/08\/DSCF8145-Copy.jpg 900w, https:\/\/dioceseteixeiradefreitas.com.br\/wp-content\/uploads\/2019\/08\/DSCF8145-Copy-600x450.jpg 600w, https:\/\/dioceseteixeiradefreitas.com.br\/wp-content\/uploads\/2019\/08\/DSCF8145-Copy-300x225.jpg 300w, https:\/\/dioceseteixeiradefreitas.com.br\/wp-content\/uploads\/2019\/08\/DSCF8145-Copy-768x576.jpg 768w\" sizes=\"auto, (max-width: 900px) 100vw, 900px\" \/><\/a>\n\t\t\t<\/div><\/figure><figure class='gallery-item'>\n\t\t\t<div class='gallery-icon landscape'>\n\t\t\t\t<a href='https:\/\/dioceseteixeiradefreitas.com.br\/wp-content\/uploads\/2019\/08\/DSCF8151-Copy.jpg'><img loading=\"lazy\" decoding=\"async\" width=\"900\" height=\"675\" src=\"https:\/\/dioceseteixeiradefreitas.com.br\/wp-content\/uploads\/2019\/08\/DSCF8151-Copy.jpg\" class=\"attachment-full size-full\" alt=\"\" srcset=\"https:\/\/dioceseteixeiradefreitas.com.br\/wp-content\/uploads\/2019\/08\/DSCF8151-Copy.jpg 900w, https:\/\/dioceseteixeiradefreitas.com.br\/wp-content\/uploads\/2019\/08\/DSCF8151-Copy-600x450.jpg 600w, https:\/\/dioceseteixeiradefreitas.com.br\/wp-content\/uploads\/2019\/08\/DSCF8151-Copy-300x225.jpg 300w, https:\/\/dioceseteixeiradefreitas.com.br\/wp-content\/uploads\/2019\/08\/DSCF8151-Copy-768x576.jpg 768w\" sizes=\"auto, (max-width: 900px) 100vw, 900px\" \/><\/a>\n\t\t\t<\/div><\/figure><figure class='gallery-item'>\n\t\t\t<div class='gallery-icon landscape'>\n\t\t\t\t<a href='https:\/\/dioceseteixeiradefreitas.com.br\/wp-content\/uploads\/2019\/08\/DSCF8152-Copy.jpg'><img loading=\"lazy\" decoding=\"async\" width=\"900\" height=\"675\" src=\"https:\/\/dioceseteixeiradefreitas.com.br\/wp-content\/uploads\/2019\/08\/DSCF8152-Copy.jpg\" class=\"attachment-full size-full\" alt=\"\" srcset=\"https:\/\/dioceseteixeiradefreitas.com.br\/wp-content\/uploads\/2019\/08\/DSCF8152-Copy.jpg 900w, https:\/\/dioceseteixeiradefreitas.com.br\/wp-content\/uploads\/2019\/08\/DSCF8152-Copy-600x450.jpg 600w, https:\/\/dioceseteixeiradefreitas.com.br\/wp-content\/uploads\/2019\/08\/DSCF8152-Copy-300x225.jpg 300w, https:\/\/dioceseteixeiradefreitas.com.br\/wp-content\/uploads\/2019\/08\/DSCF8152-Copy-768x576.jpg 768w\" sizes=\"auto, (max-width: 900px) 100vw, 900px\" \/><\/a>\n\t\t\t<\/div><\/figure><figure class='gallery-item'>\n\t\t\t<div class='gallery-icon landscape'>\n\t\t\t\t<a href='https:\/\/dioceseteixeiradefreitas.com.br\/wp-content\/uploads\/2019\/08\/DSCF8153-Copy.jpg'><img loading=\"lazy\" decoding=\"async\" width=\"900\" height=\"675\" src=\"https:\/\/dioceseteixeiradefreitas.com.br\/wp-content\/uploads\/2019\/08\/DSCF8153-Copy.jpg\" class=\"attachment-full size-full\" alt=\"\" srcset=\"https:\/\/dioceseteixeiradefreitas.com.br\/wp-content\/uploads\/2019\/08\/DSCF8153-Copy.jpg 900w, https:\/\/dioceseteixeiradefreitas.com.br\/wp-content\/uploads\/2019\/08\/DSCF8153-Copy-600x450.jpg 600w, https:\/\/dioceseteixeiradefreitas.com.br\/wp-content\/uploads\/2019\/08\/DSCF8153-Copy-300x225.jpg 300w, https:\/\/dioceseteixeiradefreitas.com.br\/wp-content\/uploads\/2019\/08\/DSCF8153-Copy-768x576.jpg 768w\" sizes=\"auto, (max-width: 900px) 100vw, 900px\" \/><\/a>\n\t\t\t<\/div><\/figure><figure class='gallery-item'>\n\t\t\t<div class='gallery-icon landscape'>\n\t\t\t\t<a href='https:\/\/dioceseteixeiradefreitas.com.br\/wp-content\/uploads\/2019\/08\/DSCF8154-Copy.jpg'><img loading=\"lazy\" decoding=\"async\" width=\"900\" height=\"675\" src=\"https:\/\/dioceseteixeiradefreitas.com.br\/wp-content\/uploads\/2019\/08\/DSCF8154-Copy.jpg\" class=\"attachment-full size-full\" alt=\"\" srcset=\"https:\/\/dioceseteixeiradefreitas.com.br\/wp-content\/uploads\/2019\/08\/DSCF8154-Copy.jpg 900w, https:\/\/dioceseteixeiradefreitas.com.br\/wp-content\/uploads\/2019\/08\/DSCF8154-Copy-600x450.jpg 600w, https:\/\/dioceseteixeiradefreitas.com.br\/wp-content\/uploads\/2019\/08\/DSCF8154-Copy-300x225.jpg 300w, https:\/\/dioceseteixeiradefreitas.com.br\/wp-content\/uploads\/2019\/08\/DSCF8154-Copy-768x576.jpg 768w\" sizes=\"auto, (max-width: 900px) 100vw, 900px\" \/><\/a>\n\t\t\t<\/div><\/figure><figure class='gallery-item'>\n\t\t\t<div class='gallery-icon landscape'>\n\t\t\t\t<a href='https:\/\/dioceseteixeiradefreitas.com.br\/wp-content\/uploads\/2019\/08\/DSCF8158-Copy.jpg'><img loading=\"lazy\" decoding=\"async\" width=\"900\" height=\"675\" src=\"https:\/\/dioceseteixeiradefreitas.com.br\/wp-content\/uploads\/2019\/08\/DSCF8158-Copy.jpg\" class=\"attachment-full size-full\" alt=\"\" srcset=\"https:\/\/dioceseteixeiradefreitas.com.br\/wp-content\/uploads\/2019\/08\/DSCF8158-Copy.jpg 900w, https:\/\/dioceseteixeiradefreitas.com.br\/wp-content\/uploads\/2019\/08\/DSCF8158-Copy-600x450.jpg 600w, https:\/\/dioceseteixeiradefreitas.com.br\/wp-content\/uploads\/2019\/08\/DSCF8158-Copy-300x225.jpg 300w, https:\/\/dioceseteixeiradefreitas.com.br\/wp-content\/uploads\/2019\/08\/DSCF8158-Copy-768x576.jpg 768w\" sizes=\"auto, (max-width: 900px) 100vw, 900px\" \/><\/a>\n\t\t\t<\/div><\/figure>\n\t\t<\/div>\n\n","protected":false},"excerpt":{"rendered":"<p>Foi realizado neste domingo (25 de agosto), na Par\u00f3quia S\u00e3o Sebasti\u00e3o de Jucuru\u00e7u\/BA a implanta\u00e7\u00e3o do Movimento M\u00e3es que Oram pelos Filhos (MOF).\u00a0 A forma\u00e7\u00e3o iniciou com anima\u00e7\u00e3o de Zilda Botelho (Pastoral da Crian\u00e7a) e ora\u00e7\u00e3o do ter\u00e7o do perd\u00e3o e o ter\u00e7o dos filhos pr\u00e1tica comum do Movimento nas reuni\u00f5es. Ainda neste contexto, o &hellip;<\/p>\n","protected":false},"author":1,"featured_media":7721,"comment_status":"closed","ping_status":"closed","sticky":false,"template":"","format":"standard","meta":{"footnotes":""},"categories":[310],"tags":[245,249,250,244],"class_list":["post-7677","post","type-post","status-publish","format-standard","has-post-thumbnail","hentry","category-noticias-paroquiais","tag-jucurucu","tag-maes-que-oram-pelos-filhos","tag-padre-gilson","tag-paroquia-sao-sebastiao"],"_links":{"self":[{"href":"https:\/\/dioceseteixeiradefreitas.com.br\/index.php?rest_route=\/wp\/v2\/posts\/7677","targetHints":{"allow":["GET"]}}],"collection":[{"href":"https:\/\/dioceseteixeiradefreitas.com.br\/index.php?rest_route=\/wp\/v2\/posts"}],"about":[{"href":"https:\/\/dioceseteixeiradefreitas.com.br\/index.php?rest_route=\/wp\/v2\/types\/post"}],"author":[{"embeddable":true,"href":"https:\/\/dioceseteixeiradefreitas.com.br\/index.php?rest_route=\/wp\/v2\/users\/1"}],"replies":[{"embeddable":true,"href":"https:\/\/dioceseteixeiradefreitas.com.br\/index.php?rest_route=%2Fwp%2Fv2%2Fcomments&post=7677"}],"version-history":[{"count":8,"href":"https:\/\/dioceseteixeiradefreitas.com.br\/index.php?rest_route=\/wp\/v2\/posts\/7677\/revisions"}],"predecessor-version":[{"id":7729,"href":"https:\/\/dioceseteixeiradefreitas.com.br\/index.php?rest_route=\/wp\/v2\/posts\/7677\/revisions\/7729"}],"wp:featuredmedia":[{"embeddable":true,"href":"https:\/\/dioceseteixeiradefreitas.com.br\/index.php?rest_route=\/wp\/v2\/media\/7721"}],"wp:attachment":[{"href":"https:\/\/dioceseteixeiradefreitas.com.br\/index.php?rest_route=%2Fwp%2Fv2%2Fmedia&parent=7677"}],"wp:term":[{"taxonomy":"category","embeddable":true,"href":"https:\/\/dioceseteixeiradefreitas.com.br\/index.php?rest_route=%2Fwp%2Fv2%2Fcategories&post=7677"},{"taxonomy":"post_tag","embeddable":true,"href":"https:\/\/dioceseteixeiradefreitas.com.br\/index.php?rest_route=%2Fwp%2Fv2%2Ftags&post=7677"}],"curies":[{"name":"wp","href":"https:\/\/api.w.org\/{rel}","templated":true}]}}