{"id":7764,"date":"2019-09-25T19:32:29","date_gmt":"2019-09-25T22:32:29","guid":{"rendered":"https:\/\/dioceseteixeiradefreitas.com.br\/?p=7764"},"modified":"2019-09-26T09:26:45","modified_gmt":"2019-09-26T12:26:45","slug":"comissao-diocesana-apresenta-os-preparativos-para-o-mes-missionario-extraordinario","status":"publish","type":"post","link":"https:\/\/dioceseteixeiradefreitas.com.br\/?p=7764","title":{"rendered":"Comiss\u00e3o diocesana apresenta os preparativos para o M\u00eas Mission\u00e1rio Extraordin\u00e1rio"},"content":{"rendered":"<figure id=\"attachment_7768\" aria-describedby=\"caption-attachment-7768\" style=\"width: 544px\" class=\"wp-caption aligncenter\"><img loading=\"lazy\" decoding=\"async\" class=\"wp-image-7768\" src=\"https:\/\/dioceseteixeiradefreitas.com.br\/wp-content\/uploads\/2019\/08\/ffacf1d7-0ed2-46e1-a215-23342b1ad1fe.jpg\" alt=\"\" width=\"544\" height=\"494\" srcset=\"https:\/\/dioceseteixeiradefreitas.com.br\/wp-content\/uploads\/2019\/08\/ffacf1d7-0ed2-46e1-a215-23342b1ad1fe.jpg 768w, https:\/\/dioceseteixeiradefreitas.com.br\/wp-content\/uploads\/2019\/08\/ffacf1d7-0ed2-46e1-a215-23342b1ad1fe-600x545.jpg 600w, https:\/\/dioceseteixeiradefreitas.com.br\/wp-content\/uploads\/2019\/08\/ffacf1d7-0ed2-46e1-a215-23342b1ad1fe-300x272.jpg 300w\" sizes=\"auto, (max-width: 544px) 100vw, 544px\" \/><figcaption id=\"caption-attachment-7768\" class=\"wp-caption-text\">Foto: Irm\u00e3 No\u00eamia (\u00e0 esquerda) e Pe. Le\u00f4nidas (\u00e0 direita) &#8211; PASCOM\/Divulga\u00e7\u00e3o<\/figcaption><\/figure>\n<p>Em outubro de 2017, o Papa Francisco durante o \u00e2ngelus anunciava publicamente para toda Igreja sua inten\u00e7\u00e3o de proclamar o m\u00eas de outubro de 2019: M\u00eas Mission\u00e1rio Extraordin\u00e1rio para celebrar o centen\u00e1rio da carta Apost\u00f3lica <em>Maximum Illud<\/em>\u00a0de seu predecessor o Papa Bento XV.<\/p>\n<p>Atendendo ao pedido do sumo pont\u00edfice, no m\u00eas de outubro de 2019, \u00e0 Igreja vai vivenciar em todo o mundo o M\u00eas Mission\u00e1rio Extraordin\u00e1rio (MME), o tema escolhido \u00e9: Batizados e Enviados: a Igreja de Cristo em miss\u00e3o no mundo e quer\u00a0<b>encorajar a consci\u00eancia da miss\u00e3o <i>ad gentes<\/i>, al\u00e9m fronteiras.<\/b><\/p>\n<p>\u201cO M\u00eas das Miss\u00f5es deve lembrar a cada um de n\u00f3s, que \u00e9 miss\u00e3o de todo batizado ser evangelizador. N\u00e3o \u00e9 crist\u00e3o de verdade quem n\u00e3o fala de Cristo e da Igreja. O Batismo nos faz \u201cmembros do Corpo de Cristo\u201d, a Igreja, e assim, participantes de Sua Miss\u00e3o de salvar o mundo, levando-o para Deus, por meio da viv\u00eancia dos ensinamentos de Jesus\u201d (Prof. Felipe Aquino).<\/p>\n<p><strong>PEREGRINA\u00c7\u00c3O DA CRUZ MISSION\u00c1RIA E A IMAGEM DE NOSSA SENHORA<\/strong><\/p>\n<p>&nbsp;<\/p>\n<figure id=\"attachment_7767\" aria-describedby=\"caption-attachment-7767\" style=\"width: 468px\" class=\"wp-caption aligncenter\"><img loading=\"lazy\" decoding=\"async\" class=\"wp-image-7767\" src=\"https:\/\/dioceseteixeiradefreitas.com.br\/wp-content\/uploads\/2019\/08\/d38bddc5-231c-4fe1-ad4a-86f6708e0f9b.jpg\" alt=\"\" width=\"468\" height=\"484\" srcset=\"https:\/\/dioceseteixeiradefreitas.com.br\/wp-content\/uploads\/2019\/08\/d38bddc5-231c-4fe1-ad4a-86f6708e0f9b.jpg 768w, https:\/\/dioceseteixeiradefreitas.com.br\/wp-content\/uploads\/2019\/08\/d38bddc5-231c-4fe1-ad4a-86f6708e0f9b-600x621.jpg 600w, https:\/\/dioceseteixeiradefreitas.com.br\/wp-content\/uploads\/2019\/08\/d38bddc5-231c-4fe1-ad4a-86f6708e0f9b-290x300.jpg 290w\" sizes=\"auto, (max-width: 468px) 100vw, 468px\" \/><figcaption id=\"caption-attachment-7767\" class=\"wp-caption-text\">Foto: Pe. Le\u00f4nidas Cardoso segurando a Cruz Mission\u00e1ria &#8211; PASCOM\/Divulga\u00e7\u00e3o<\/figcaption><\/figure>\n<p>Na ocasi\u00e3o, Pe. Le\u00f4nidas Cardoso, Coordenador Diocesano de Pastoral, apresentou a Cruz Mission\u00e1ria que j\u00e1 se encontra na diocese, e com ela ter\u00e1 um programa\u00e7\u00e3o especial na campanha mission\u00e1ria. &#8220;Ela ir\u00e1 percorrer as quatro foranias da diocese, junto \u00e0 imagem de Nossa Senhora Aparecida, ou seja, cada cidade ter\u00e1 oportunidade de conhec\u00ea-las e cada Par\u00f3quia ter\u00e1 a oportunidade de ser visitada por ela por meio de celebra\u00e7\u00f5es festivas, reafirmar sua ades\u00e3o ao mandato mission\u00e1rio de Cristo. Desejamos que este m\u00eas seja um tempo frutuoso de reflex\u00e3o e a\u00e7\u00e3o, de medita\u00e7\u00e3o, de convers\u00e3o pessoal e pastoral. Cristo deseja diminuir as dist\u00e2ncias, destruir muros e construir pontes. Sejamos todos mission\u00e1rios, anunciadores da Boa Nova do Reino de Deus&#8221; afirmou o padre.<\/p>\n<p><strong>IGREJA EM SA\u00cdDA<\/strong><\/p>\n<p>O Conselho Mission\u00e1rio Diocesano (COMIDI) e a Coordena\u00e7\u00e3o Diocesana de Pastoral prepararam um m\u00eas cercado de intensas atividades na diocese. No dia 29\/09, com a celebra\u00e7\u00e3o da Santa Missa de envio dos mission\u00e1rios em toda as par\u00f3quias, dia 06\/10, abertura do M\u00eas Mission\u00e1rio tamb\u00e9m nas par\u00f3quias. No dia 19\/10, ser\u00e1 realizada em cada igreja a Vig\u00edlia Mission\u00e1ria a partir das 19h e, para finalizar a miss\u00e3o uma celebra\u00e7\u00e3o diocesana, no \u00faltimo domingo do m\u00eas &#8211; dia 27\/10, Domingo das miss\u00f5es, a ser celebrada na Catedral S\u00e3o Pedro, \u00e0s 15h.<\/p>\n<p>A diocese preparou materiais para serem utilizados durante e ap\u00f3s o M\u00eas Mission\u00e1rio Extraordin\u00e1rio, dentre eles o Guia Diocesano que servir\u00e1 de subs\u00eddio pastoral para forma\u00e7\u00e3o dos fi\u00e9is quanto ao chamado do Papa Francisco. As partes contidas no Guia correspondem o significado do logotipo do m\u00eas mission\u00e1rio, explica\u00e7\u00e3o da cruz mission\u00e1ria, reflex\u00e3o do do aprofundamento da miss\u00e3o, celebrando a miss\u00e3o na diocese com preces e orienta\u00e7\u00f5es para visitas e celebra\u00e7\u00f5es. <strong>&#8220;Esse subs\u00eddio servir\u00e1 de ajuda para os mission\u00e1rios e comunidades de nossa Diocese. Que a celebra\u00e7\u00e3o alegre e corajosa deste m\u00eas revigore nossa vida e o amor pela miss\u00e3o&#8221;, destacou Dom Jailton.<\/strong><\/p>\n<p><strong>Ou\u00e7a o Hino do M\u00eas Mission\u00e1rio Extraordin\u00e1rio:<\/strong><\/p>\n<audio class=\"wp-audio-shortcode\" id=\"audio-7764-1\" preload=\"none\" style=\"width: 100%;\" controls=\"controls\"><source type=\"audio\/mpeg\" src=\"https:\/\/dioceseteixeiradefreitas.com.br\/wp-content\/uploads\/2019\/09\/HINO-MME.mp3?_=1\" \/><a href=\"https:\/\/dioceseteixeiradefreitas.com.br\/wp-content\/uploads\/2019\/09\/HINO-MME.mp3\">https:\/\/dioceseteixeiradefreitas.com.br\/wp-content\/uploads\/2019\/09\/HINO-MME.mp3<\/a><\/audio>\n<p><img loading=\"lazy\" decoding=\"async\" class=\"aligncenter wp-image-8108\" src=\"https:\/\/dioceseteixeiradefreitas.com.br\/wp-content\/uploads\/2019\/09\/panfleto-VERSO_Easy-Resize.com_-732x1024.jpg\" alt=\"\" width=\"656\" height=\"917\" srcset=\"https:\/\/dioceseteixeiradefreitas.com.br\/wp-content\/uploads\/2019\/09\/panfleto-VERSO_Easy-Resize.com_-732x1024.jpg 732w, https:\/\/dioceseteixeiradefreitas.com.br\/wp-content\/uploads\/2019\/09\/panfleto-VERSO_Easy-Resize.com_-600x840.jpg 600w, https:\/\/dioceseteixeiradefreitas.com.br\/wp-content\/uploads\/2019\/09\/panfleto-VERSO_Easy-Resize.com_-214x300.jpg 214w, https:\/\/dioceseteixeiradefreitas.com.br\/wp-content\/uploads\/2019\/09\/panfleto-VERSO_Easy-Resize.com_-768x1075.jpg 768w, https:\/\/dioceseteixeiradefreitas.com.br\/wp-content\/uploads\/2019\/09\/panfleto-VERSO_Easy-Resize.com_.jpg 1143w\" sizes=\"auto, (max-width: 656px) 100vw, 656px\" \/><\/p>\n","protected":false},"excerpt":{"rendered":"<p>Em outubro de 2017, o Papa Francisco durante o \u00e2ngelus anunciava publicamente para toda Igreja sua inten\u00e7\u00e3o de proclamar o m\u00eas de outubro de 2019: M\u00eas Mission\u00e1rio Extraordin\u00e1rio para celebrar o centen\u00e1rio da carta Apost\u00f3lica Maximum Illud\u00a0de seu predecessor o Papa Bento XV. Atendendo ao pedido do sumo pont\u00edfice, no m\u00eas de outubro de 2019, &hellip;<\/p>\n","protected":false},"author":1,"featured_media":7768,"comment_status":"closed","ping_status":"closed","sticky":false,"template":"","format":"standard","meta":{"footnotes":""},"categories":[100],"tags":[255,125,253,303,254],"class_list":["post-7764","post","type-post","status-publish","format-standard","has-post-thumbnail","hentry","category-noticias-diocesanas","tag-comissao-diocesana","tag-diocese","tag-mes-missionario","tag-mes-missionario-extraordinario","tag-mme"],"_links":{"self":[{"href":"https:\/\/dioceseteixeiradefreitas.com.br\/index.php?rest_route=\/wp\/v2\/posts\/7764","targetHints":{"allow":["GET"]}}],"collection":[{"href":"https:\/\/dioceseteixeiradefreitas.com.br\/index.php?rest_route=\/wp\/v2\/posts"}],"about":[{"href":"https:\/\/dioceseteixeiradefreitas.com.br\/index.php?rest_route=\/wp\/v2\/types\/post"}],"author":[{"embeddable":true,"href":"https:\/\/dioceseteixeiradefreitas.com.br\/index.php?rest_route=\/wp\/v2\/users\/1"}],"replies":[{"embeddable":true,"href":"https:\/\/dioceseteixeiradefreitas.com.br\/index.php?rest_route=%2Fwp%2Fv2%2Fcomments&post=7764"}],"version-history":[{"count":13,"href":"https:\/\/dioceseteixeiradefreitas.com.br\/index.php?rest_route=\/wp\/v2\/posts\/7764\/revisions"}],"predecessor-version":[{"id":8118,"href":"https:\/\/dioceseteixeiradefreitas.com.br\/index.php?rest_route=\/wp\/v2\/posts\/7764\/revisions\/8118"}],"wp:featuredmedia":[{"embeddable":true,"href":"https:\/\/dioceseteixeiradefreitas.com.br\/index.php?rest_route=\/wp\/v2\/media\/7768"}],"wp:attachment":[{"href":"https:\/\/dioceseteixeiradefreitas.com.br\/index.php?rest_route=%2Fwp%2Fv2%2Fmedia&parent=7764"}],"wp:term":[{"taxonomy":"category","embeddable":true,"href":"https:\/\/dioceseteixeiradefreitas.com.br\/index.php?rest_route=%2Fwp%2Fv2%2Fcategories&post=7764"},{"taxonomy":"post_tag","embeddable":true,"href":"https:\/\/dioceseteixeiradefreitas.com.br\/index.php?rest_route=%2Fwp%2Fv2%2Ftags&post=7764"}],"curies":[{"name":"wp","href":"https:\/\/api.w.org\/{rel}","templated":true}]}}