{"id":7789,"date":"2019-09-07T18:22:50","date_gmt":"2019-09-07T21:22:50","guid":{"rendered":"https:\/\/dioceseteixeiradefreitas.com.br\/?p=7789"},"modified":"2019-09-07T18:30:09","modified_gmt":"2019-09-07T21:30:09","slug":"seminario-propedeutico-bom-pastor-realiza-ii-semana-vocacional","status":"publish","type":"post","link":"https:\/\/dioceseteixeiradefreitas.com.br\/?p=7789","title":{"rendered":"Semin\u00e1rio Proped\u00eautico Bom Pastor realiza II Semana Vocacional"},"content":{"rendered":"<figure id=\"attachment_7856\" aria-describedby=\"caption-attachment-7856\" style=\"width: 708px\" class=\"wp-caption aligncenter\"><img loading=\"lazy\" decoding=\"async\" class=\"wp-image-7856 size-large\" src=\"https:\/\/dioceseteixeiradefreitas.com.br\/wp-content\/uploads\/2019\/09\/b6908497-c5b0-493c-9795-a8ca72b857db-1024x702.jpg\" alt=\"\" width=\"708\" height=\"485\" srcset=\"https:\/\/dioceseteixeiradefreitas.com.br\/wp-content\/uploads\/2019\/09\/b6908497-c5b0-493c-9795-a8ca72b857db-1024x702.jpg 1024w, https:\/\/dioceseteixeiradefreitas.com.br\/wp-content\/uploads\/2019\/09\/b6908497-c5b0-493c-9795-a8ca72b857db-600x411.jpg 600w, https:\/\/dioceseteixeiradefreitas.com.br\/wp-content\/uploads\/2019\/09\/b6908497-c5b0-493c-9795-a8ca72b857db-300x206.jpg 300w, https:\/\/dioceseteixeiradefreitas.com.br\/wp-content\/uploads\/2019\/09\/b6908497-c5b0-493c-9795-a8ca72b857db-768x527.jpg 768w, https:\/\/dioceseteixeiradefreitas.com.br\/wp-content\/uploads\/2019\/09\/b6908497-c5b0-493c-9795-a8ca72b857db-220x150.jpg 220w, https:\/\/dioceseteixeiradefreitas.com.br\/wp-content\/uploads\/2019\/09\/b6908497-c5b0-493c-9795-a8ca72b857db.jpg 1260w\" sizes=\"auto, (max-width: 708px) 100vw, 708px\" \/><figcaption id=\"caption-attachment-7856\" class=\"wp-caption-text\">Foto: II Semana Vocacional realizada no Centro diocesano &#8211; Colaborador\/Divulga\u00e7\u00e3o<\/figcaption><\/figure>\n<p>Aconteceu entre os dias 26 a 30 de Agosto, a II Semana Vocacional realizada pelo Semin\u00e1rio Proped\u00eautico Bom Pastor.<\/p>\n<p>Durante todos os dias, foi rezada a Santa Missa e logo em seguida, era realizado um momento cultural, no qual contou com a participa\u00e7\u00e3o de muitos fi\u00e9is de toda a diocese. O cantor Leo Mantovanni e convidados animaram a primeira noite com o Musical Vocacional, as religiosas conduziram a noite de Ter\u00e7a feira com um bate papo diferenciado, a terceira noite ficou por conta dos Seminaristas que apresentaram uma pe\u00e7a: Viagem Vocacional, j\u00e1 na Quinta feira, a noite foi conduzida pelo reitor com o programa: The Noite com Padre Roberto, e o \u00faltimo dia foi realizado a grande novidade do ano: I Concurso Sede Santos.<\/p>\n<p>\u201cEsta semana tem o intuito de promover as voca\u00e7\u00f5es e de acolher o povo de Deus em nossa casa, conhecendo um pouco da nossa vida. Somos muito felizes porque Deus \u00e9 muito generoso para conosco, envia diariamente benfeitores que nos ajudam espiritualmente e materialmente, fazendo com que nosso sim a Deus seja di\u00e1rio&#8221;, declarou o Seminarista Elson.<\/p>\n<p>Na oportunidade, os residentes do semin\u00e1rio agradeceram a todos que participaram da II Semana Vocacional.<\/p>\n<p>[su_note note_color=&#8221;#f3b418&#8243; text_color=&#8221;#ffffff&#8221;]Confira as fotos na galeria[\/su_note]<\/p>\n<div id='gallery-1' class='gallery galleryid-7789 gallery-columns-4 gallery-size-medium'><figure class='gallery-item'>\n\t\t\t<div class='gallery-icon landscape'>\n\t\t\t\t<a href='https:\/\/dioceseteixeiradefreitas.com.br\/wp-content\/uploads\/2019\/09\/2c0cc287-ac48-47b4-b07e-826eaa36afa1.jpg'><img loading=\"lazy\" decoding=\"async\" width=\"300\" height=\"294\" src=\"https:\/\/dioceseteixeiradefreitas.com.br\/wp-content\/uploads\/2019\/09\/2c0cc287-ac48-47b4-b07e-826eaa36afa1-300x294.jpg\" class=\"attachment-medium size-medium\" alt=\"\" srcset=\"https:\/\/dioceseteixeiradefreitas.com.br\/wp-content\/uploads\/2019\/09\/2c0cc287-ac48-47b4-b07e-826eaa36afa1-300x294.jpg 300w, https:\/\/dioceseteixeiradefreitas.com.br\/wp-content\/uploads\/2019\/09\/2c0cc287-ac48-47b4-b07e-826eaa36afa1-600x589.jpg 600w, https:\/\/dioceseteixeiradefreitas.com.br\/wp-content\/uploads\/2019\/09\/2c0cc287-ac48-47b4-b07e-826eaa36afa1-768x754.jpg 768w, https:\/\/dioceseteixeiradefreitas.com.br\/wp-content\/uploads\/2019\/09\/2c0cc287-ac48-47b4-b07e-826eaa36afa1-1024x1005.jpg 1024w, https:\/\/dioceseteixeiradefreitas.com.br\/wp-content\/uploads\/2019\/09\/2c0cc287-ac48-47b4-b07e-826eaa36afa1.jpg 1280w\" sizes=\"auto, (max-width: 300px) 100vw, 300px\" \/><\/a>\n\t\t\t<\/div><\/figure><figure class='gallery-item'>\n\t\t\t<div class='gallery-icon landscape'>\n\t\t\t\t<a href='https:\/\/dioceseteixeiradefreitas.com.br\/wp-content\/uploads\/2019\/09\/8a5d0c87-5a7b-461e-830d-83fe189529ee.jpg'><img loading=\"lazy\" decoding=\"async\" width=\"300\" height=\"200\" src=\"https:\/\/dioceseteixeiradefreitas.com.br\/wp-content\/uploads\/2019\/09\/8a5d0c87-5a7b-461e-830d-83fe189529ee-300x200.jpg\" class=\"attachment-medium size-medium\" alt=\"\" srcset=\"https:\/\/dioceseteixeiradefreitas.com.br\/wp-content\/uploads\/2019\/09\/8a5d0c87-5a7b-461e-830d-83fe189529ee-300x200.jpg 300w, https:\/\/dioceseteixeiradefreitas.com.br\/wp-content\/uploads\/2019\/09\/8a5d0c87-5a7b-461e-830d-83fe189529ee-600x400.jpg 600w, https:\/\/dioceseteixeiradefreitas.com.br\/wp-content\/uploads\/2019\/09\/8a5d0c87-5a7b-461e-830d-83fe189529ee-768x512.jpg 768w, https:\/\/dioceseteixeiradefreitas.com.br\/wp-content\/uploads\/2019\/09\/8a5d0c87-5a7b-461e-830d-83fe189529ee-1024x682.jpg 1024w, https:\/\/dioceseteixeiradefreitas.com.br\/wp-content\/uploads\/2019\/09\/8a5d0c87-5a7b-461e-830d-83fe189529ee.jpg 1250w\" sizes=\"auto, (max-width: 300px) 100vw, 300px\" \/><\/a>\n\t\t\t<\/div><\/figure><figure class='gallery-item'>\n\t\t\t<div class='gallery-icon landscape'>\n\t\t\t\t<a href='https:\/\/dioceseteixeiradefreitas.com.br\/wp-content\/uploads\/2019\/09\/8a6ce693-230c-4381-b8da-025434382d83.jpg'><img loading=\"lazy\" decoding=\"async\" width=\"300\" height=\"180\" src=\"https:\/\/dioceseteixeiradefreitas.com.br\/wp-content\/uploads\/2019\/09\/8a6ce693-230c-4381-b8da-025434382d83-300x180.jpg\" class=\"attachment-medium size-medium\" alt=\"\" srcset=\"https:\/\/dioceseteixeiradefreitas.com.br\/wp-content\/uploads\/2019\/09\/8a6ce693-230c-4381-b8da-025434382d83-300x180.jpg 300w, https:\/\/dioceseteixeiradefreitas.com.br\/wp-content\/uploads\/2019\/09\/8a6ce693-230c-4381-b8da-025434382d83-600x360.jpg 600w, https:\/\/dioceseteixeiradefreitas.com.br\/wp-content\/uploads\/2019\/09\/8a6ce693-230c-4381-b8da-025434382d83-768x461.jpg 768w, https:\/\/dioceseteixeiradefreitas.com.br\/wp-content\/uploads\/2019\/09\/8a6ce693-230c-4381-b8da-025434382d83-1024x615.jpg 1024w, https:\/\/dioceseteixeiradefreitas.com.br\/wp-content\/uploads\/2019\/09\/8a6ce693-230c-4381-b8da-025434382d83.jpg 1086w\" sizes=\"auto, (max-width: 300px) 100vw, 300px\" \/><\/a>\n\t\t\t<\/div><\/figure><figure class='gallery-item'>\n\t\t\t<div class='gallery-icon landscape'>\n\t\t\t\t<a href='https:\/\/dioceseteixeiradefreitas.com.br\/wp-content\/uploads\/2019\/09\/9a32e6e3-488a-4f56-998a-32dc2b5d3c1f.jpg'><img loading=\"lazy\" decoding=\"async\" width=\"300\" height=\"215\" src=\"https:\/\/dioceseteixeiradefreitas.com.br\/wp-content\/uploads\/2019\/09\/9a32e6e3-488a-4f56-998a-32dc2b5d3c1f-300x215.jpg\" class=\"attachment-medium size-medium\" alt=\"\" srcset=\"https:\/\/dioceseteixeiradefreitas.com.br\/wp-content\/uploads\/2019\/09\/9a32e6e3-488a-4f56-998a-32dc2b5d3c1f-300x215.jpg 300w, https:\/\/dioceseteixeiradefreitas.com.br\/wp-content\/uploads\/2019\/09\/9a32e6e3-488a-4f56-998a-32dc2b5d3c1f-600x429.jpg 600w, https:\/\/dioceseteixeiradefreitas.com.br\/wp-content\/uploads\/2019\/09\/9a32e6e3-488a-4f56-998a-32dc2b5d3c1f-768x550.jpg 768w, https:\/\/dioceseteixeiradefreitas.com.br\/wp-content\/uploads\/2019\/09\/9a32e6e3-488a-4f56-998a-32dc2b5d3c1f-1024x733.jpg 1024w, https:\/\/dioceseteixeiradefreitas.com.br\/wp-content\/uploads\/2019\/09\/9a32e6e3-488a-4f56-998a-32dc2b5d3c1f.jpg 1207w\" sizes=\"auto, (max-width: 300px) 100vw, 300px\" \/><\/a>\n\t\t\t<\/div><\/figure><figure class='gallery-item'>\n\t\t\t<div class='gallery-icon landscape'>\n\t\t\t\t<a href='https:\/\/dioceseteixeiradefreitas.com.br\/wp-content\/uploads\/2019\/09\/31ba327f-6dfa-4c0d-a002-6cdca5d216f9.jpg'><img loading=\"lazy\" decoding=\"async\" width=\"300\" height=\"239\" src=\"https:\/\/dioceseteixeiradefreitas.com.br\/wp-content\/uploads\/2019\/09\/31ba327f-6dfa-4c0d-a002-6cdca5d216f9-300x239.jpg\" class=\"attachment-medium size-medium\" alt=\"\" srcset=\"https:\/\/dioceseteixeiradefreitas.com.br\/wp-content\/uploads\/2019\/09\/31ba327f-6dfa-4c0d-a002-6cdca5d216f9-300x239.jpg 300w, https:\/\/dioceseteixeiradefreitas.com.br\/wp-content\/uploads\/2019\/09\/31ba327f-6dfa-4c0d-a002-6cdca5d216f9-600x478.jpg 600w, https:\/\/dioceseteixeiradefreitas.com.br\/wp-content\/uploads\/2019\/09\/31ba327f-6dfa-4c0d-a002-6cdca5d216f9-768x611.jpg 768w, https:\/\/dioceseteixeiradefreitas.com.br\/wp-content\/uploads\/2019\/09\/31ba327f-6dfa-4c0d-a002-6cdca5d216f9-1024x815.jpg 1024w, https:\/\/dioceseteixeiradefreitas.com.br\/wp-content\/uploads\/2019\/09\/31ba327f-6dfa-4c0d-a002-6cdca5d216f9.jpg 1280w\" sizes=\"auto, (max-width: 300px) 100vw, 300px\" \/><\/a>\n\t\t\t<\/div><\/figure><figure class='gallery-item'>\n\t\t\t<div class='gallery-icon landscape'>\n\t\t\t\t<a href='https:\/\/dioceseteixeiradefreitas.com.br\/wp-content\/uploads\/2019\/09\/33fa202e-09ed-4523-85d7-3835199d089e.jpg'><img loading=\"lazy\" decoding=\"async\" width=\"300\" height=\"200\" src=\"https:\/\/dioceseteixeiradefreitas.com.br\/wp-content\/uploads\/2019\/09\/33fa202e-09ed-4523-85d7-3835199d089e-300x200.jpg\" class=\"attachment-medium size-medium\" alt=\"\" srcset=\"https:\/\/dioceseteixeiradefreitas.com.br\/wp-content\/uploads\/2019\/09\/33fa202e-09ed-4523-85d7-3835199d089e-300x200.jpg 300w, https:\/\/dioceseteixeiradefreitas.com.br\/wp-content\/uploads\/2019\/09\/33fa202e-09ed-4523-85d7-3835199d089e-600x400.jpg 600w, https:\/\/dioceseteixeiradefreitas.com.br\/wp-content\/uploads\/2019\/09\/33fa202e-09ed-4523-85d7-3835199d089e-768x512.jpg 768w, https:\/\/dioceseteixeiradefreitas.com.br\/wp-content\/uploads\/2019\/09\/33fa202e-09ed-4523-85d7-3835199d089e-1024x682.jpg 1024w, https:\/\/dioceseteixeiradefreitas.com.br\/wp-content\/uploads\/2019\/09\/33fa202e-09ed-4523-85d7-3835199d089e.jpg 1280w\" sizes=\"auto, (max-width: 300px) 100vw, 300px\" \/><\/a>\n\t\t\t<\/div><\/figure><figure class='gallery-item'>\n\t\t\t<div class='gallery-icon landscape'>\n\t\t\t\t<a href='https:\/\/dioceseteixeiradefreitas.com.br\/wp-content\/uploads\/2019\/09\/45dc3f7c-aea1-48e3-9fbd-12bc5aa885f2.jpg'><img loading=\"lazy\" decoding=\"async\" width=\"300\" height=\"200\" src=\"https:\/\/dioceseteixeiradefreitas.com.br\/wp-content\/uploads\/2019\/09\/45dc3f7c-aea1-48e3-9fbd-12bc5aa885f2-300x200.jpg\" class=\"attachment-medium size-medium\" alt=\"\" srcset=\"https:\/\/dioceseteixeiradefreitas.com.br\/wp-content\/uploads\/2019\/09\/45dc3f7c-aea1-48e3-9fbd-12bc5aa885f2-300x200.jpg 300w, https:\/\/dioceseteixeiradefreitas.com.br\/wp-content\/uploads\/2019\/09\/45dc3f7c-aea1-48e3-9fbd-12bc5aa885f2-600x400.jpg 600w, https:\/\/dioceseteixeiradefreitas.com.br\/wp-content\/uploads\/2019\/09\/45dc3f7c-aea1-48e3-9fbd-12bc5aa885f2-768x512.jpg 768w, https:\/\/dioceseteixeiradefreitas.com.br\/wp-content\/uploads\/2019\/09\/45dc3f7c-aea1-48e3-9fbd-12bc5aa885f2-1024x683.jpg 1024w, https:\/\/dioceseteixeiradefreitas.com.br\/wp-content\/uploads\/2019\/09\/45dc3f7c-aea1-48e3-9fbd-12bc5aa885f2.jpg 1276w\" sizes=\"auto, (max-width: 300px) 100vw, 300px\" \/><\/a>\n\t\t\t<\/div><\/figure><figure class='gallery-item'>\n\t\t\t<div class='gallery-icon landscape'>\n\t\t\t\t<a href='https:\/\/dioceseteixeiradefreitas.com.br\/wp-content\/uploads\/2019\/09\/49d9e549-25a9-4fe9-bbd8-55ce967fcd67.jpg'><img loading=\"lazy\" decoding=\"async\" width=\"300\" height=\"200\" src=\"https:\/\/dioceseteixeiradefreitas.com.br\/wp-content\/uploads\/2019\/09\/49d9e549-25a9-4fe9-bbd8-55ce967fcd67-300x200.jpg\" class=\"attachment-medium size-medium\" alt=\"\" srcset=\"https:\/\/dioceseteixeiradefreitas.com.br\/wp-content\/uploads\/2019\/09\/49d9e549-25a9-4fe9-bbd8-55ce967fcd67-300x200.jpg 300w, https:\/\/dioceseteixeiradefreitas.com.br\/wp-content\/uploads\/2019\/09\/49d9e549-25a9-4fe9-bbd8-55ce967fcd67-600x400.jpg 600w, https:\/\/dioceseteixeiradefreitas.com.br\/wp-content\/uploads\/2019\/09\/49d9e549-25a9-4fe9-bbd8-55ce967fcd67-768x512.jpg 768w, https:\/\/dioceseteixeiradefreitas.com.br\/wp-content\/uploads\/2019\/09\/49d9e549-25a9-4fe9-bbd8-55ce967fcd67-1024x683.jpg 1024w, https:\/\/dioceseteixeiradefreitas.com.br\/wp-content\/uploads\/2019\/09\/49d9e549-25a9-4fe9-bbd8-55ce967fcd67.jpg 1261w\" sizes=\"auto, (max-width: 300px) 100vw, 300px\" \/><\/a>\n\t\t\t<\/div><\/figure><figure class='gallery-item'>\n\t\t\t<div class='gallery-icon landscape'>\n\t\t\t\t<a href='https:\/\/dioceseteixeiradefreitas.com.br\/wp-content\/uploads\/2019\/09\/590db5f1-bc03-4e7a-95d0-1118517757dd.jpg'><img loading=\"lazy\" decoding=\"async\" width=\"300\" height=\"180\" src=\"https:\/\/dioceseteixeiradefreitas.com.br\/wp-content\/uploads\/2019\/09\/590db5f1-bc03-4e7a-95d0-1118517757dd-300x180.jpg\" class=\"attachment-medium size-medium\" alt=\"\" srcset=\"https:\/\/dioceseteixeiradefreitas.com.br\/wp-content\/uploads\/2019\/09\/590db5f1-bc03-4e7a-95d0-1118517757dd-300x180.jpg 300w, https:\/\/dioceseteixeiradefreitas.com.br\/wp-content\/uploads\/2019\/09\/590db5f1-bc03-4e7a-95d0-1118517757dd-600x360.jpg 600w, https:\/\/dioceseteixeiradefreitas.com.br\/wp-content\/uploads\/2019\/09\/590db5f1-bc03-4e7a-95d0-1118517757dd-768x461.jpg 768w, https:\/\/dioceseteixeiradefreitas.com.br\/wp-content\/uploads\/2019\/09\/590db5f1-bc03-4e7a-95d0-1118517757dd-1024x615.jpg 1024w, https:\/\/dioceseteixeiradefreitas.com.br\/wp-content\/uploads\/2019\/09\/590db5f1-bc03-4e7a-95d0-1118517757dd.jpg 1280w\" sizes=\"auto, (max-width: 300px) 100vw, 300px\" \/><\/a>\n\t\t\t<\/div><\/figure><figure class='gallery-item'>\n\t\t\t<div class='gallery-icon landscape'>\n\t\t\t\t<a href='https:\/\/dioceseteixeiradefreitas.com.br\/wp-content\/uploads\/2019\/09\/923b09c4-de2a-4040-974a-caee24d89a89.jpg'><img loading=\"lazy\" decoding=\"async\" width=\"300\" height=\"227\" src=\"https:\/\/dioceseteixeiradefreitas.com.br\/wp-content\/uploads\/2019\/09\/923b09c4-de2a-4040-974a-caee24d89a89-300x227.jpg\" class=\"attachment-medium size-medium\" alt=\"\" srcset=\"https:\/\/dioceseteixeiradefreitas.com.br\/wp-content\/uploads\/2019\/09\/923b09c4-de2a-4040-974a-caee24d89a89-300x227.jpg 300w, https:\/\/dioceseteixeiradefreitas.com.br\/wp-content\/uploads\/2019\/09\/923b09c4-de2a-4040-974a-caee24d89a89-600x454.jpg 600w, https:\/\/dioceseteixeiradefreitas.com.br\/wp-content\/uploads\/2019\/09\/923b09c4-de2a-4040-974a-caee24d89a89-768x581.jpg 768w, https:\/\/dioceseteixeiradefreitas.com.br\/wp-content\/uploads\/2019\/09\/923b09c4-de2a-4040-974a-caee24d89a89-1024x775.jpg 1024w, https:\/\/dioceseteixeiradefreitas.com.br\/wp-content\/uploads\/2019\/09\/923b09c4-de2a-4040-974a-caee24d89a89.jpg 1053w\" sizes=\"auto, (max-width: 300px) 100vw, 300px\" \/><\/a>\n\t\t\t<\/div><\/figure><figure class='gallery-item'>\n\t\t\t<div class='gallery-icon landscape'>\n\t\t\t\t<a href='https:\/\/dioceseteixeiradefreitas.com.br\/wp-content\/uploads\/2019\/09\/01980bec-46f4-46fc-8fcd-48497c37fa2b.jpg'><img loading=\"lazy\" decoding=\"async\" width=\"300\" height=\"217\" src=\"https:\/\/dioceseteixeiradefreitas.com.br\/wp-content\/uploads\/2019\/09\/01980bec-46f4-46fc-8fcd-48497c37fa2b-300x217.jpg\" class=\"attachment-medium size-medium\" alt=\"\" srcset=\"https:\/\/dioceseteixeiradefreitas.com.br\/wp-content\/uploads\/2019\/09\/01980bec-46f4-46fc-8fcd-48497c37fa2b-300x217.jpg 300w, https:\/\/dioceseteixeiradefreitas.com.br\/wp-content\/uploads\/2019\/09\/01980bec-46f4-46fc-8fcd-48497c37fa2b-600x434.jpg 600w, https:\/\/dioceseteixeiradefreitas.com.br\/wp-content\/uploads\/2019\/09\/01980bec-46f4-46fc-8fcd-48497c37fa2b-768x555.jpg 768w, https:\/\/dioceseteixeiradefreitas.com.br\/wp-content\/uploads\/2019\/09\/01980bec-46f4-46fc-8fcd-48497c37fa2b-1024x740.jpg 1024w, https:\/\/dioceseteixeiradefreitas.com.br\/wp-content\/uploads\/2019\/09\/01980bec-46f4-46fc-8fcd-48497c37fa2b.jpg 1195w\" sizes=\"auto, (max-width: 300px) 100vw, 300px\" \/><\/a>\n\t\t\t<\/div><\/figure><figure class='gallery-item'>\n\t\t\t<div class='gallery-icon landscape'>\n\t\t\t\t<a href='https:\/\/dioceseteixeiradefreitas.com.br\/wp-content\/uploads\/2019\/09\/4071a7bd-c3ad-4cbe-897b-a1e1ebf11865.jpg'><img loading=\"lazy\" decoding=\"async\" width=\"300\" height=\"171\" src=\"https:\/\/dioceseteixeiradefreitas.com.br\/wp-content\/uploads\/2019\/09\/4071a7bd-c3ad-4cbe-897b-a1e1ebf11865-300x171.jpg\" class=\"attachment-medium size-medium\" alt=\"\" srcset=\"https:\/\/dioceseteixeiradefreitas.com.br\/wp-content\/uploads\/2019\/09\/4071a7bd-c3ad-4cbe-897b-a1e1ebf11865-300x171.jpg 300w, https:\/\/dioceseteixeiradefreitas.com.br\/wp-content\/uploads\/2019\/09\/4071a7bd-c3ad-4cbe-897b-a1e1ebf11865-600x342.jpg 600w, https:\/\/dioceseteixeiradefreitas.com.br\/wp-content\/uploads\/2019\/09\/4071a7bd-c3ad-4cbe-897b-a1e1ebf11865-768x438.jpg 768w, https:\/\/dioceseteixeiradefreitas.com.br\/wp-content\/uploads\/2019\/09\/4071a7bd-c3ad-4cbe-897b-a1e1ebf11865-1024x584.jpg 1024w, https:\/\/dioceseteixeiradefreitas.com.br\/wp-content\/uploads\/2019\/09\/4071a7bd-c3ad-4cbe-897b-a1e1ebf11865.jpg 1212w\" sizes=\"auto, (max-width: 300px) 100vw, 300px\" \/><\/a>\n\t\t\t<\/div><\/figure><figure class='gallery-item'>\n\t\t\t<div class='gallery-icon landscape'>\n\t\t\t\t<a href='https:\/\/dioceseteixeiradefreitas.com.br\/wp-content\/uploads\/2019\/09\/b5acaab5-7c2c-4a33-9fe4-adc9d6e42fdc.jpg'><img loading=\"lazy\" decoding=\"async\" width=\"300\" height=\"230\" src=\"https:\/\/dioceseteixeiradefreitas.com.br\/wp-content\/uploads\/2019\/09\/b5acaab5-7c2c-4a33-9fe4-adc9d6e42fdc-300x230.jpg\" class=\"attachment-medium size-medium\" alt=\"\" srcset=\"https:\/\/dioceseteixeiradefreitas.com.br\/wp-content\/uploads\/2019\/09\/b5acaab5-7c2c-4a33-9fe4-adc9d6e42fdc-300x230.jpg 300w, https:\/\/dioceseteixeiradefreitas.com.br\/wp-content\/uploads\/2019\/09\/b5acaab5-7c2c-4a33-9fe4-adc9d6e42fdc-600x459.jpg 600w, https:\/\/dioceseteixeiradefreitas.com.br\/wp-content\/uploads\/2019\/09\/b5acaab5-7c2c-4a33-9fe4-adc9d6e42fdc-768x588.jpg 768w, https:\/\/dioceseteixeiradefreitas.com.br\/wp-content\/uploads\/2019\/09\/b5acaab5-7c2c-4a33-9fe4-adc9d6e42fdc-1024x784.jpg 1024w, https:\/\/dioceseteixeiradefreitas.com.br\/wp-content\/uploads\/2019\/09\/b5acaab5-7c2c-4a33-9fe4-adc9d6e42fdc.jpg 1129w\" sizes=\"auto, (max-width: 300px) 100vw, 300px\" \/><\/a>\n\t\t\t<\/div><\/figure><figure class='gallery-item'>\n\t\t\t<div class='gallery-icon landscape'>\n\t\t\t\t<a href='https:\/\/dioceseteixeiradefreitas.com.br\/wp-content\/uploads\/2019\/09\/b6472433-0c89-4f1f-9c91-e00f7099829e.jpg'><img loading=\"lazy\" decoding=\"async\" width=\"300\" height=\"173\" src=\"https:\/\/dioceseteixeiradefreitas.com.br\/wp-content\/uploads\/2019\/09\/b6472433-0c89-4f1f-9c91-e00f7099829e-300x173.jpg\" class=\"attachment-medium size-medium\" alt=\"\" srcset=\"https:\/\/dioceseteixeiradefreitas.com.br\/wp-content\/uploads\/2019\/09\/b6472433-0c89-4f1f-9c91-e00f7099829e-300x173.jpg 300w, https:\/\/dioceseteixeiradefreitas.com.br\/wp-content\/uploads\/2019\/09\/b6472433-0c89-4f1f-9c91-e00f7099829e-600x346.jpg 600w, https:\/\/dioceseteixeiradefreitas.com.br\/wp-content\/uploads\/2019\/09\/b6472433-0c89-4f1f-9c91-e00f7099829e-768x443.jpg 768w, https:\/\/dioceseteixeiradefreitas.com.br\/wp-content\/uploads\/2019\/09\/b6472433-0c89-4f1f-9c91-e00f7099829e-1024x591.jpg 1024w, https:\/\/dioceseteixeiradefreitas.com.br\/wp-content\/uploads\/2019\/09\/b6472433-0c89-4f1f-9c91-e00f7099829e.jpg 1280w\" sizes=\"auto, (max-width: 300px) 100vw, 300px\" \/><\/a>\n\t\t\t<\/div><\/figure><figure class='gallery-item'>\n\t\t\t<div class='gallery-icon landscape'>\n\t\t\t\t<a href='https:\/\/dioceseteixeiradefreitas.com.br\/wp-content\/uploads\/2019\/09\/b6908497-c5b0-493c-9795-a8ca72b857db.jpg'><img loading=\"lazy\" decoding=\"async\" width=\"300\" height=\"206\" src=\"https:\/\/dioceseteixeiradefreitas.com.br\/wp-content\/uploads\/2019\/09\/b6908497-c5b0-493c-9795-a8ca72b857db-300x206.jpg\" class=\"attachment-medium size-medium\" alt=\"\" srcset=\"https:\/\/dioceseteixeiradefreitas.com.br\/wp-content\/uploads\/2019\/09\/b6908497-c5b0-493c-9795-a8ca72b857db-300x206.jpg 300w, https:\/\/dioceseteixeiradefreitas.com.br\/wp-content\/uploads\/2019\/09\/b6908497-c5b0-493c-9795-a8ca72b857db-600x411.jpg 600w, https:\/\/dioceseteixeiradefreitas.com.br\/wp-content\/uploads\/2019\/09\/b6908497-c5b0-493c-9795-a8ca72b857db-768x527.jpg 768w, https:\/\/dioceseteixeiradefreitas.com.br\/wp-content\/uploads\/2019\/09\/b6908497-c5b0-493c-9795-a8ca72b857db-1024x702.jpg 1024w, https:\/\/dioceseteixeiradefreitas.com.br\/wp-content\/uploads\/2019\/09\/b6908497-c5b0-493c-9795-a8ca72b857db-220x150.jpg 220w, https:\/\/dioceseteixeiradefreitas.com.br\/wp-content\/uploads\/2019\/09\/b6908497-c5b0-493c-9795-a8ca72b857db.jpg 1260w\" sizes=\"auto, (max-width: 300px) 100vw, 300px\" \/><\/a>\n\t\t\t<\/div><\/figure><figure class='gallery-item'>\n\t\t\t<div class='gallery-icon landscape'>\n\t\t\t\t<a href='https:\/\/dioceseteixeiradefreitas.com.br\/wp-content\/uploads\/2019\/09\/c1e228e1-68e2-42b6-8fef-c7f8923938b8.jpg'><img loading=\"lazy\" decoding=\"async\" width=\"300\" height=\"204\" src=\"https:\/\/dioceseteixeiradefreitas.com.br\/wp-content\/uploads\/2019\/09\/c1e228e1-68e2-42b6-8fef-c7f8923938b8-300x204.jpg\" class=\"attachment-medium size-medium\" alt=\"\" srcset=\"https:\/\/dioceseteixeiradefreitas.com.br\/wp-content\/uploads\/2019\/09\/c1e228e1-68e2-42b6-8fef-c7f8923938b8-300x204.jpg 300w, https:\/\/dioceseteixeiradefreitas.com.br\/wp-content\/uploads\/2019\/09\/c1e228e1-68e2-42b6-8fef-c7f8923938b8-600x409.jpg 600w, https:\/\/dioceseteixeiradefreitas.com.br\/wp-content\/uploads\/2019\/09\/c1e228e1-68e2-42b6-8fef-c7f8923938b8-768x523.jpg 768w, https:\/\/dioceseteixeiradefreitas.com.br\/wp-content\/uploads\/2019\/09\/c1e228e1-68e2-42b6-8fef-c7f8923938b8-1024x698.jpg 1024w, https:\/\/dioceseteixeiradefreitas.com.br\/wp-content\/uploads\/2019\/09\/c1e228e1-68e2-42b6-8fef-c7f8923938b8-220x150.jpg 220w, https:\/\/dioceseteixeiradefreitas.com.br\/wp-content\/uploads\/2019\/09\/c1e228e1-68e2-42b6-8fef-c7f8923938b8.jpg 1199w\" sizes=\"auto, (max-width: 300px) 100vw, 300px\" \/><\/a>\n\t\t\t<\/div><\/figure><figure class='gallery-item'>\n\t\t\t<div class='gallery-icon landscape'>\n\t\t\t\t<a href='https:\/\/dioceseteixeiradefreitas.com.br\/wp-content\/uploads\/2019\/09\/c93a6bc9-62d8-4fae-8ae5-00fd2e791665.jpg'><img loading=\"lazy\" decoding=\"async\" width=\"300\" height=\"200\" src=\"https:\/\/dioceseteixeiradefreitas.com.br\/wp-content\/uploads\/2019\/09\/c93a6bc9-62d8-4fae-8ae5-00fd2e791665-300x200.jpg\" class=\"attachment-medium size-medium\" alt=\"\" srcset=\"https:\/\/dioceseteixeiradefreitas.com.br\/wp-content\/uploads\/2019\/09\/c93a6bc9-62d8-4fae-8ae5-00fd2e791665-300x200.jpg 300w, https:\/\/dioceseteixeiradefreitas.com.br\/wp-content\/uploads\/2019\/09\/c93a6bc9-62d8-4fae-8ae5-00fd2e791665-600x400.jpg 600w, https:\/\/dioceseteixeiradefreitas.com.br\/wp-content\/uploads\/2019\/09\/c93a6bc9-62d8-4fae-8ae5-00fd2e791665-768x512.jpg 768w, https:\/\/dioceseteixeiradefreitas.com.br\/wp-content\/uploads\/2019\/09\/c93a6bc9-62d8-4fae-8ae5-00fd2e791665-1024x682.jpg 1024w, https:\/\/dioceseteixeiradefreitas.com.br\/wp-content\/uploads\/2019\/09\/c93a6bc9-62d8-4fae-8ae5-00fd2e791665.jpg 1277w\" sizes=\"auto, (max-width: 300px) 100vw, 300px\" \/><\/a>\n\t\t\t<\/div><\/figure><figure class='gallery-item'>\n\t\t\t<div class='gallery-icon landscape'>\n\t\t\t\t<a href='https:\/\/dioceseteixeiradefreitas.com.br\/wp-content\/uploads\/2019\/09\/d1eda408-e039-4117-8e8c-a6ea5f491597.jpg'><img loading=\"lazy\" decoding=\"async\" width=\"300\" height=\"200\" src=\"https:\/\/dioceseteixeiradefreitas.com.br\/wp-content\/uploads\/2019\/09\/d1eda408-e039-4117-8e8c-a6ea5f491597-300x200.jpg\" class=\"attachment-medium size-medium\" alt=\"\" srcset=\"https:\/\/dioceseteixeiradefreitas.com.br\/wp-content\/uploads\/2019\/09\/d1eda408-e039-4117-8e8c-a6ea5f491597-300x200.jpg 300w, https:\/\/dioceseteixeiradefreitas.com.br\/wp-content\/uploads\/2019\/09\/d1eda408-e039-4117-8e8c-a6ea5f491597-600x400.jpg 600w, https:\/\/dioceseteixeiradefreitas.com.br\/wp-content\/uploads\/2019\/09\/d1eda408-e039-4117-8e8c-a6ea5f491597-768x512.jpg 768w, https:\/\/dioceseteixeiradefreitas.com.br\/wp-content\/uploads\/2019\/09\/d1eda408-e039-4117-8e8c-a6ea5f491597-1024x683.jpg 1024w, https:\/\/dioceseteixeiradefreitas.com.br\/wp-content\/uploads\/2019\/09\/d1eda408-e039-4117-8e8c-a6ea5f491597.jpg 1163w\" sizes=\"auto, (max-width: 300px) 100vw, 300px\" \/><\/a>\n\t\t\t<\/div><\/figure>\n\t\t<\/div>\n\n","protected":false},"excerpt":{"rendered":"<p>Aconteceu entre os dias 26 a 30 de Agosto, a II Semana Vocacional realizada pelo Semin\u00e1rio Proped\u00eautico Bom Pastor. Durante todos os dias, foi rezada a Santa Missa e logo em seguida, era realizado um momento cultural, no qual contou com a participa\u00e7\u00e3o de muitos fi\u00e9is de toda a diocese. O cantor Leo Mantovanni e &hellip;<\/p>\n","protected":false},"author":1,"featured_media":7856,"comment_status":"closed","ping_status":"closed","sticky":false,"template":"","format":"standard","meta":{"footnotes":""},"categories":[101],"tags":[263,198,234,196,262],"class_list":["post-7789","post","type-post","status-publish","format-standard","has-post-thumbnail","hentry","category-noticias-do-seminario","tag-263","tag-agosto","tag-ii-semana-vocacional","tag-mes-vocacional","tag-semana-vocacional"],"_links":{"self":[{"href":"https:\/\/dioceseteixeiradefreitas.com.br\/index.php?rest_route=\/wp\/v2\/posts\/7789","targetHints":{"allow":["GET"]}}],"collection":[{"href":"https:\/\/dioceseteixeiradefreitas.com.br\/index.php?rest_route=\/wp\/v2\/posts"}],"about":[{"href":"https:\/\/dioceseteixeiradefreitas.com.br\/index.php?rest_route=\/wp\/v2\/types\/post"}],"author":[{"embeddable":true,"href":"https:\/\/dioceseteixeiradefreitas.com.br\/index.php?rest_route=\/wp\/v2\/users\/1"}],"replies":[{"embeddable":true,"href":"https:\/\/dioceseteixeiradefreitas.com.br\/index.php?rest_route=%2Fwp%2Fv2%2Fcomments&post=7789"}],"version-history":[{"count":3,"href":"https:\/\/dioceseteixeiradefreitas.com.br\/index.php?rest_route=\/wp\/v2\/posts\/7789\/revisions"}],"predecessor-version":[{"id":7861,"href":"https:\/\/dioceseteixeiradefreitas.com.br\/index.php?rest_route=\/wp\/v2\/posts\/7789\/revisions\/7861"}],"wp:featuredmedia":[{"embeddable":true,"href":"https:\/\/dioceseteixeiradefreitas.com.br\/index.php?rest_route=\/wp\/v2\/media\/7856"}],"wp:attachment":[{"href":"https:\/\/dioceseteixeiradefreitas.com.br\/index.php?rest_route=%2Fwp%2Fv2%2Fmedia&parent=7789"}],"wp:term":[{"taxonomy":"category","embeddable":true,"href":"https:\/\/dioceseteixeiradefreitas.com.br\/index.php?rest_route=%2Fwp%2Fv2%2Fcategories&post=7789"},{"taxonomy":"post_tag","embeddable":true,"href":"https:\/\/dioceseteixeiradefreitas.com.br\/index.php?rest_route=%2Fwp%2Fv2%2Ftags&post=7789"}],"curies":[{"name":"wp","href":"https:\/\/api.w.org\/{rel}","templated":true}]}}