{"id":7837,"date":"2019-09-06T20:15:23","date_gmt":"2019-09-06T23:15:23","guid":{"rendered":"https:\/\/dioceseteixeiradefreitas.com.br\/?p=7837"},"modified":"2019-09-06T20:20:47","modified_gmt":"2019-09-06T23:20:47","slug":"as-vesperas-do-7-de-setembro-presidente-da-cnbb-divulga-mensagem-pelo-dia-da-patria","status":"publish","type":"post","link":"https:\/\/dioceseteixeiradefreitas.com.br\/?p=7837","title":{"rendered":"\u00c0s v\u00e9speras do 7 de Setembro, presidente da CNBB divulga mensagem pelo Dia da P\u00e1tria"},"content":{"rendered":"<figure id=\"attachment_7838\" aria-describedby=\"caption-attachment-7838\" style=\"width: 708px\" class=\"wp-caption aligncenter\"><img loading=\"lazy\" decoding=\"async\" class=\"wp-image-7838 size-large\" src=\"https:\/\/dioceseteixeiradefreitas.com.br\/wp-content\/uploads\/2019\/09\/dom-walmor-1024x576.png\" alt=\"\" width=\"708\" height=\"398\" srcset=\"https:\/\/dioceseteixeiradefreitas.com.br\/wp-content\/uploads\/2019\/09\/dom-walmor-1024x576.png 1024w, https:\/\/dioceseteixeiradefreitas.com.br\/wp-content\/uploads\/2019\/09\/dom-walmor-600x337.png 600w, https:\/\/dioceseteixeiradefreitas.com.br\/wp-content\/uploads\/2019\/09\/dom-walmor-300x169.png 300w, https:\/\/dioceseteixeiradefreitas.com.br\/wp-content\/uploads\/2019\/09\/dom-walmor-768x432.png 768w, https:\/\/dioceseteixeiradefreitas.com.br\/wp-content\/uploads\/2019\/09\/dom-walmor-390x220.png 390w, https:\/\/dioceseteixeiradefreitas.com.br\/wp-content\/uploads\/2019\/09\/dom-walmor.png 1366w\" sizes=\"auto, (max-width: 708px) 100vw, 708px\" \/><figcaption id=\"caption-attachment-7838\" class=\"wp-caption-text\">Foto: Dom Walmor Oliveira de Azevedo &#8211; CNBB\/Reprodu\u00e7\u00e3o<\/figcaption><\/figure>\n<p>O arcebispo de Belo Horizonte (MG) e presidente da Confer\u00eancia Nacional dos Bispos do Brasil (CNBB) Dom Walmor Oliveira de Azevedo divulgou hoje, 6 de setembro, uma mensagem sobre o sentido de celebrar o Dia da P\u00e1tria como uma oportunidade para reafirmar os valores que definem a identidade do povo e da na\u00e7\u00e3o brasileira.<\/p>\n<p>Na mensagem, o presidente da CNBB afirma que a p\u00e1tria somente ganha unidade quando se caminha e se labuta sob o signo da solidariedade, do respeito e do amor.\u00a0 \u201cO Dia da P\u00e1tria nos convida a refletir sobre a import\u00e2ncia de buscarmos cada vez mais cultivar a cidadania. O compromisso com a p\u00e1tria n\u00e3o deve ser de uma ou outra inst\u00e2ncia da sociedade, mas de todos os atores sociais\u201d, diz um trecho da mensagem. Confira a mensagem no v\u00eddeo:<\/p>\n<div style=\"width: 640px;\" class=\"wp-video\"><video class=\"wp-video-shortcode\" id=\"video-7837-1\" width=\"640\" height=\"360\" preload=\"metadata\" controls=\"controls\"><source type=\"video\/mp4\" src=\"https:\/\/dioceseteixeiradefreitas.com.br\/wp-content\/uploads\/2019\/09\/dom-walmor.mp4?_=1\" \/><a href=\"https:\/\/dioceseteixeiradefreitas.com.br\/wp-content\/uploads\/2019\/09\/dom-walmor.mp4\">https:\/\/dioceseteixeiradefreitas.com.br\/wp-content\/uploads\/2019\/09\/dom-walmor.mp4<\/a><\/video><\/div>\n","protected":false},"excerpt":{"rendered":"<p>O arcebispo de Belo Horizonte (MG) e presidente da Confer\u00eancia Nacional dos Bispos do Brasil (CNBB) Dom Walmor Oliveira de Azevedo divulgou hoje, 6 de setembro, uma mensagem sobre o sentido de celebrar o Dia da P\u00e1tria como uma oportunidade para reafirmar os valores que definem a identidade do povo e da na\u00e7\u00e3o brasileira. Na &hellip;<\/p>\n","protected":false},"author":1,"featured_media":7838,"comment_status":"closed","ping_status":"closed","sticky":false,"template":"","format":"standard","meta":{"footnotes":""},"categories":[104],"tags":[267,266,264,265],"class_list":["post-7837","post","type-post","status-publish","format-standard","has-post-thumbnail","hentry","category-noticias-da-cnbb","tag-7-de-setembro","tag-dia-da-patria","tag-dom-walmor","tag-presidente-da-cnbb"],"_links":{"self":[{"href":"https:\/\/dioceseteixeiradefreitas.com.br\/index.php?rest_route=\/wp\/v2\/posts\/7837","targetHints":{"allow":["GET"]}}],"collection":[{"href":"https:\/\/dioceseteixeiradefreitas.com.br\/index.php?rest_route=\/wp\/v2\/posts"}],"about":[{"href":"https:\/\/dioceseteixeiradefreitas.com.br\/index.php?rest_route=\/wp\/v2\/types\/post"}],"author":[{"embeddable":true,"href":"https:\/\/dioceseteixeiradefreitas.com.br\/index.php?rest_route=\/wp\/v2\/users\/1"}],"replies":[{"embeddable":true,"href":"https:\/\/dioceseteixeiradefreitas.com.br\/index.php?rest_route=%2Fwp%2Fv2%2Fcomments&post=7837"}],"version-history":[{"count":1,"href":"https:\/\/dioceseteixeiradefreitas.com.br\/index.php?rest_route=\/wp\/v2\/posts\/7837\/revisions"}],"predecessor-version":[{"id":7840,"href":"https:\/\/dioceseteixeiradefreitas.com.br\/index.php?rest_route=\/wp\/v2\/posts\/7837\/revisions\/7840"}],"wp:featuredmedia":[{"embeddable":true,"href":"https:\/\/dioceseteixeiradefreitas.com.br\/index.php?rest_route=\/wp\/v2\/media\/7838"}],"wp:attachment":[{"href":"https:\/\/dioceseteixeiradefreitas.com.br\/index.php?rest_route=%2Fwp%2Fv2%2Fmedia&parent=7837"}],"wp:term":[{"taxonomy":"category","embeddable":true,"href":"https:\/\/dioceseteixeiradefreitas.com.br\/index.php?rest_route=%2Fwp%2Fv2%2Fcategories&post=7837"},{"taxonomy":"post_tag","embeddable":true,"href":"https:\/\/dioceseteixeiradefreitas.com.br\/index.php?rest_route=%2Fwp%2Fv2%2Ftags&post=7837"}],"curies":[{"name":"wp","href":"https:\/\/api.w.org\/{rel}","templated":true}]}}