{"id":7953,"date":"2019-09-12T11:11:39","date_gmt":"2019-09-12T14:11:39","guid":{"rendered":"https:\/\/dioceseteixeiradefreitas.com.br\/?p=7953"},"modified":"2019-09-30T15:17:20","modified_gmt":"2019-09-30T18:17:20","slug":"paroquia-sao-cosme-e-sao-damiao-lanca-programacao-oficial-de-seu-novenario","status":"publish","type":"post","link":"https:\/\/dioceseteixeiradefreitas.com.br\/?p=7953","title":{"rendered":"Par\u00f3quia S\u00e3o Cosme e S\u00e3o Dami\u00e3o lan\u00e7a programa\u00e7\u00e3o oficial de seu Noven\u00e1rio"},"content":{"rendered":"<p>&nbsp;<\/p>\n<figure id=\"attachment_7956\" aria-describedby=\"caption-attachment-7956\" style=\"width: 720px\" class=\"wp-caption alignnone\"><a href=\"https:\/\/dioceseteixeiradefreitas.com.br\/wp-content\/uploads\/2019\/09\/FB_IMG_1568291999948.jpg\"><img loading=\"lazy\" decoding=\"async\" class=\"wp-image-7956 size-full\" src=\"https:\/\/dioceseteixeiradefreitas.com.br\/wp-content\/uploads\/2019\/09\/FB_IMG_1568291999948.jpg\" alt=\"\" width=\"720\" height=\"349\" srcset=\"https:\/\/dioceseteixeiradefreitas.com.br\/wp-content\/uploads\/2019\/09\/FB_IMG_1568291999948.jpg 720w, https:\/\/dioceseteixeiradefreitas.com.br\/wp-content\/uploads\/2019\/09\/FB_IMG_1568291999948-600x291.jpg 600w, https:\/\/dioceseteixeiradefreitas.com.br\/wp-content\/uploads\/2019\/09\/FB_IMG_1568291999948-300x145.jpg 300w\" sizes=\"auto, (max-width: 720px) 100vw, 720px\" \/><\/a><figcaption id=\"caption-attachment-7956\" class=\"wp-caption-text\">Coletiva de imprensa\/ Pascom divulga\u00e7\u00e3o<\/figcaption><\/figure>\n<p style=\"text-align: left;\">Na noite de Ontem quarta-feira (11), aconteceu uma coletiva de imprensa no Centro de Evangeliza\u00e7\u00e3o da Par\u00f3quia Santos Cosme e Dami\u00e3o, em Itamaraju, onde foi lan\u00e7ado e apresentado oficialmente os festejos em honra aos padroeiros da cidade. da Par\u00f3quia Santos Cosme e Dami\u00e3o, em Itamaraju, onde foi lan\u00e7ado e apresentado oficialmente os festejos em honra aos padroeiros da cidade.<\/p>\n<p style=\"text-align: justify;\">A festa religiosa, que come\u00e7a com a celebra\u00e7\u00e3o de envio no pr\u00f3ximo domingo (15), \u00e0s 19:30 horas ter\u00e1 como tema: O Sacramento do Batismo: um chamado para assumir a miss\u00e3o. Frei Givaldo, que est\u00e1 \u00e0 frente da Par\u00f3quia explicou a escolha do tema. \u201cO documento 107 da CNBB fala sobre a inicia\u00e7\u00e3o crist\u00e3. Ent\u00e3o n\u00f3s pegamos o primeiro sacramento que \u00e9 o Batismo e vamos falar a respeito dele. Ao longo deste noven\u00e1rio, teremos padres e frades que vir\u00e3o celebrar conosco\u201d.<\/p>\n<p style=\"text-align: justify;\">A coordenadora da comiss\u00e3o de eventos da Par\u00f3quia, Miralva F\u00e9lix, ressaltou que o tema j\u00e1 havia sido escolhido e apresentado a uma comiss\u00e3o por Frei Beto (que era p\u00e1roco da cidade e faleceu a menos de um m\u00eas). \u201cN\u00f3s estamos unidos para realizarmos uma festa linda, como sempre fizemos. Apesar de estarmos atravessando um momento dif\u00edcil em nossa par\u00f3quia; talvez um dos mais dif\u00edceis com a perda de Frei Beto, isso de certa forma nos est\u00e1 fortalecendo, unindo. Estamos nos ajudando, nos apoiando. Apoiando a Frei Givaldo Lima, que nos apoia de volta. Com certeza, nossos esfor\u00e7os far\u00e3o uma festa \u00e0 altura de nossa cidade; afinal, celebramos os nossos padroeiros\u201d.<br \/>\nDurante a coletiva, n\u00e3o s\u00f3 a parte religiosa da festa foi apresentada. Tamb\u00e9m foi falado, pelo coordenador administrativo da Par\u00f3quia, Pascoal F\u00e9lix, sobre a destina\u00e7\u00e3o das verbas que s\u00e3o adquiridas.<\/p>\n<p style=\"text-align: justify;\">Ele explicou que elas \u201cs\u00e3o direcionadas para obras dentro da par\u00f3quia, nas comunidades, para as melhorias das igrejas, das estruturas dos frades, entre outras\u201d. E este ano a festa conta com uma novidade: as celebra\u00e7\u00f5es ser\u00e3o transmitidas ao vivo pelo facebook e instagram da par\u00f3quia. Basta seguir a p\u00e1gina e conectar-se no hor\u00e1rio da missa.<\/p>\n<p style=\"text-align: justify;\"><strong>O endere\u00e7o, tanto do facebook, quanto do instagram \u00e9 @pascomcosmedamiaoita .<\/strong><\/p>\n<p style=\"text-align: justify;\">A quermesse, que acontece todos os dias ap\u00f3s a celebra\u00e7\u00e3o, tamb\u00e9m foi tema da coletiva: \u201cA nossa quermesse \u00e9 aberta a toda a comunidade itamarajuense e estar\u00e1 recheada de guloseimas e del\u00edcias como bolos, tortas, past\u00e9is, entre outras. Ap\u00f3s a celebra\u00e7\u00e3o, todos s\u00e3o convidados a participarem aqui no Centro de Evangeliza\u00e7\u00e3o\u201d, ressaltou a coordenadora da comiss\u00e3o de eventos.<\/p>\n<p style=\"text-align: justify;\">Sobre os barraqueiros, aqueles que tiverem interesse em adquirirem o alvar\u00e1 para trabalharem como camel\u00f4s durante o noven\u00e1rio de 2019, podem procurar a equipe respons\u00e1vel no Centro de Evangeliza\u00e7\u00e3o da par\u00f3quia. Maiores informa\u00e7\u00f5es pelo telefone 73 3294 3950.<\/p>\n<p><strong>Pastoral da Comunica\u00e7\u00e3o Par\u00f3quia S\u00e3o Cosme e S\u00e3o Dami\u00e3o (PASCOM)<\/strong><\/p>\n<figure id=\"attachment_7957\" aria-describedby=\"caption-attachment-7957\" style=\"width: 720px\" class=\"wp-caption aligncenter\"><a href=\"https:\/\/dioceseteixeiradefreitas.com.br\/wp-content\/uploads\/2019\/09\/FB_IMG_1568292017427.jpg\"><img loading=\"lazy\" decoding=\"async\" class=\"wp-image-7957 size-full\" src=\"https:\/\/dioceseteixeiradefreitas.com.br\/wp-content\/uploads\/2019\/09\/FB_IMG_1568292017427.jpg\" alt=\"\" width=\"720\" height=\"495\" srcset=\"https:\/\/dioceseteixeiradefreitas.com.br\/wp-content\/uploads\/2019\/09\/FB_IMG_1568292017427.jpg 720w, https:\/\/dioceseteixeiradefreitas.com.br\/wp-content\/uploads\/2019\/09\/FB_IMG_1568292017427-600x413.jpg 600w, https:\/\/dioceseteixeiradefreitas.com.br\/wp-content\/uploads\/2019\/09\/FB_IMG_1568292017427-300x206.jpg 300w, https:\/\/dioceseteixeiradefreitas.com.br\/wp-content\/uploads\/2019\/09\/FB_IMG_1568292017427-220x150.jpg 220w\" sizes=\"auto, (max-width: 720px) 100vw, 720px\" \/><\/a><figcaption id=\"caption-attachment-7957\" class=\"wp-caption-text\"><strong>\u00a0 \u00a0 \u00a0 \u00a0 \u00a0 \u00a0 \u00a0 \u00a0 \u00a0 \u00a0 \u00a0 \u00a0 \u00a0 \u00a0 \u00a0 \u00a0 \u00a0 \u00a0 \u00a0 \u00a0 \u00a0 \u00a0 \u00a0 \u00a0 \u00a0 \u00a0 \u00a0 \u00a0 \u00a0 \u00a0 \u00a0 \u00a0 \u00a0 \u00a0 PROGRAMA\u00c7\u00c3O DO NOVEN\u00c1RIO\/ Pascom divulga\u00e7\u00e3o<\/strong><\/figcaption><\/figure>\n<p>&nbsp;<\/p>\n<figure id=\"attachment_7954\" aria-describedby=\"caption-attachment-7954\" style=\"width: 712px\" class=\"wp-caption aligncenter\"><a href=\"https:\/\/dioceseteixeiradefreitas.com.br\/wp-content\/uploads\/2019\/09\/FB_IMG_15682908375908785.jpg\"><img loading=\"lazy\" decoding=\"async\" class=\"wp-image-7954 size-full\" src=\"https:\/\/dioceseteixeiradefreitas.com.br\/wp-content\/uploads\/2019\/09\/FB_IMG_15682908375908785.jpg\" alt=\"\" width=\"712\" height=\"490\" srcset=\"https:\/\/dioceseteixeiradefreitas.com.br\/wp-content\/uploads\/2019\/09\/FB_IMG_15682908375908785.jpg 712w, https:\/\/dioceseteixeiradefreitas.com.br\/wp-content\/uploads\/2019\/09\/FB_IMG_15682908375908785-600x413.jpg 600w, https:\/\/dioceseteixeiradefreitas.com.br\/wp-content\/uploads\/2019\/09\/FB_IMG_15682908375908785-300x206.jpg 300w, https:\/\/dioceseteixeiradefreitas.com.br\/wp-content\/uploads\/2019\/09\/FB_IMG_15682908375908785-220x150.jpg 220w\" sizes=\"auto, (max-width: 712px) 100vw, 712px\" \/><\/a><figcaption id=\"caption-attachment-7954\" class=\"wp-caption-text\"><strong>Novena \u00e0 S\u00e3o Cosme e S\u00e3o Dami\u00e3o\/ Pascom divulga\u00e7\u00e3o<\/strong><\/figcaption><\/figure>\n","protected":false},"excerpt":{"rendered":"<p>&nbsp; Na noite de Ontem quarta-feira (11), aconteceu uma coletiva de imprensa no Centro de Evangeliza\u00e7\u00e3o da Par\u00f3quia Santos Cosme e Dami\u00e3o, em Itamaraju, onde foi lan\u00e7ado e apresentado oficialmente os festejos em honra aos padroeiros da cidade. da Par\u00f3quia Santos Cosme e Dami\u00e3o, em Itamaraju, onde foi lan\u00e7ado e apresentado oficialmente os festejos em &hellip;<\/p>\n","protected":false},"author":1,"featured_media":7956,"comment_status":"closed","ping_status":"closed","sticky":false,"template":"","format":"standard","meta":{"footnotes":""},"categories":[310],"tags":[90,207,242],"class_list":["post-7953","post","type-post","status-publish","format-standard","has-post-thumbnail","hentry","category-noticias-paroquiais","tag-itamaraju","tag-novenario","tag-paroquia-sao-cosme-e-sao-damiao"],"_links":{"self":[{"href":"https:\/\/dioceseteixeiradefreitas.com.br\/index.php?rest_route=\/wp\/v2\/posts\/7953","targetHints":{"allow":["GET"]}}],"collection":[{"href":"https:\/\/dioceseteixeiradefreitas.com.br\/index.php?rest_route=\/wp\/v2\/posts"}],"about":[{"href":"https:\/\/dioceseteixeiradefreitas.com.br\/index.php?rest_route=\/wp\/v2\/types\/post"}],"author":[{"embeddable":true,"href":"https:\/\/dioceseteixeiradefreitas.com.br\/index.php?rest_route=\/wp\/v2\/users\/1"}],"replies":[{"embeddable":true,"href":"https:\/\/dioceseteixeiradefreitas.com.br\/index.php?rest_route=%2Fwp%2Fv2%2Fcomments&post=7953"}],"version-history":[{"count":5,"href":"https:\/\/dioceseteixeiradefreitas.com.br\/index.php?rest_route=\/wp\/v2\/posts\/7953\/revisions"}],"predecessor-version":[{"id":7963,"href":"https:\/\/dioceseteixeiradefreitas.com.br\/index.php?rest_route=\/wp\/v2\/posts\/7953\/revisions\/7963"}],"wp:featuredmedia":[{"embeddable":true,"href":"https:\/\/dioceseteixeiradefreitas.com.br\/index.php?rest_route=\/wp\/v2\/media\/7956"}],"wp:attachment":[{"href":"https:\/\/dioceseteixeiradefreitas.com.br\/index.php?rest_route=%2Fwp%2Fv2%2Fmedia&parent=7953"}],"wp:term":[{"taxonomy":"category","embeddable":true,"href":"https:\/\/dioceseteixeiradefreitas.com.br\/index.php?rest_route=%2Fwp%2Fv2%2Fcategories&post=7953"},{"taxonomy":"post_tag","embeddable":true,"href":"https:\/\/dioceseteixeiradefreitas.com.br\/index.php?rest_route=%2Fwp%2Fv2%2Ftags&post=7953"}],"curies":[{"name":"wp","href":"https:\/\/api.w.org\/{rel}","templated":true}]}}