{"id":8036,"date":"2019-09-19T18:42:33","date_gmt":"2019-09-19T21:42:33","guid":{"rendered":"https:\/\/dioceseteixeiradefreitas.com.br\/?p=8036"},"modified":"2019-09-19T18:42:33","modified_gmt":"2019-09-19T21:42:33","slug":"primeira-missa-em-honra-a-santa-dulce-dos-pobres-sera-realizada-na-igreja-santandrea-della-valle-e-presidida-pelo-arcebispo-dom-murilo-krieger","status":"publish","type":"post","link":"https:\/\/dioceseteixeiradefreitas.com.br\/?p=8036","title":{"rendered":"Primeira Missa em honra \u00e0 Santa Dulce dos Pobres ser\u00e1 realizada na Igreja Sant&#8217;Andrea della Valle e presidida pelo Arcebispo Dom Murilo Krieger"},"content":{"rendered":"<figure id=\"attachment_8038\" aria-describedby=\"caption-attachment-8038\" style=\"width: 576px\" class=\"wp-caption aligncenter\"><img loading=\"lazy\" decoding=\"async\" class=\"wp-image-8038\" src=\"https:\/\/dioceseteixeiradefreitas.com.br\/wp-content\/uploads\/2019\/09\/Sant\u2019Andrea_della_Valle_Front.jpg\" alt=\"\" width=\"576\" height=\"432\" srcset=\"https:\/\/dioceseteixeiradefreitas.com.br\/wp-content\/uploads\/2019\/09\/Sant\u2019Andrea_della_Valle_Front.jpg 800w, https:\/\/dioceseteixeiradefreitas.com.br\/wp-content\/uploads\/2019\/09\/Sant\u2019Andrea_della_Valle_Front-600x450.jpg 600w, https:\/\/dioceseteixeiradefreitas.com.br\/wp-content\/uploads\/2019\/09\/Sant\u2019Andrea_della_Valle_Front-300x225.jpg 300w, https:\/\/dioceseteixeiradefreitas.com.br\/wp-content\/uploads\/2019\/09\/Sant\u2019Andrea_della_Valle_Front-768x576.jpg 768w\" sizes=\"auto, (max-width: 576px) 100vw, 576px\" \/><figcaption id=\"caption-attachment-8038\" class=\"wp-caption-text\">Foto: Bas\u00edlica de Sant&#8217;Andrea della Valle, onde ser\u00e1 celebrada a primeira Missa em honra \u00e0 Santa Dulce dos Pobres, em Roma. O templo, localizado na pra\u00e7a Vidoni, \u00e9 a sede mundial da Ordem dos Teatinos- PASCOM\/Divulga\u00e7\u00e3o<\/figcaption><\/figure>\n<p>Ap\u00f3s a canoniza\u00e7\u00e3o, a primeira Missa em honra \u00e0 Santa Dulce dos Pobres ser\u00e1 celebrada pelo Arcebispo de Salvador e Primaz do Brasil, Dom Murilo Krieger, no dia 14 de outubro, \u00e0s 10h (hor\u00e1rio de Roma) &#8211; 5h no hor\u00e1rio de Bras\u00edlia, na Bas\u00edlica Sant\u2019Andrea della Valle, em Roma. Inicialmente, estava sendo divulgado que esta Missa seria na Igreja Santo Ant\u00f4nio dos Portugueses, por\u00e9m, diante da quantidade de fi\u00e9is que confirmaram presen\u00e7a, foi necess\u00e1rio transferir a Celebra\u00e7\u00e3o Eucar\u00edstica para um templo maior.<\/p>\n<p>Irm\u00e3 Dulce ser\u00e1 proclamada santa em 13 de outubro, \u00e0s 10h (hor\u00e1rio local) &#8211; 5h no hor\u00e1rio de Bras\u00edlia -, em celebra\u00e7\u00e3o presidida pelo Papa Francisco, no Vaticano. Em Salvador, oito dias ap\u00f3s a canoniza\u00e7\u00e3o \u2013 20 de outubro, acontecer\u00e1 a primeira Missa em A\u00e7\u00e3o de Gra\u00e7as, na Arena Fonte Nova, com a expectativa de reunir 55 mil pessoas.<\/p>\n<p><strong>PROGRAMA\u00c7\u00c3O DA SEMANA FESTIVA<\/strong><\/p>\n<ul>\n<li><strong>CERIM\u00d4NIA DE CANONIZA\u00c7\u00c3O:<\/strong> 13 de outubro de 2019, em uma celebra\u00e7\u00e3o presidida pelo Papa Francisco, no Vaticano, em Roma \u00e0s 10h (hor\u00e1rio de Roma) &#8211; 05h hor\u00e1rio de Bras\u00edlia.<\/li>\n<li><strong>PRIMEIRA MISSA EM HONRA \u00c0 SANTA DULCE DOS POBRES:<\/strong> Missa presidida pelo arcebispo de Salvador e primaz do Brasil, Dom Murilo Krieger \u00e0s 10h (hor\u00e1rio de Roma) &#8211; 05h hor\u00e1rio de Bras\u00edlia.<\/li>\n<li><strong>PRIMEIRA CELEBRA\u00c7\u00c3O NO BRASIL PELA CANONIZA\u00c7\u00c3O DE IRM\u00c3 DULCE:<\/strong> Arena Fonte Nova, 20 de Outubro de 2019 (Abertura dos Port\u00f5es \u00e0s 12h, apresenta\u00e7\u00f5es musicais e espet\u00e1culo teatral \u00e0s 12h30 e Missa \u00e0s 17h).<\/li>\n<\/ul>\n<p><strong>O PROCESSO DE CANONIZA\u00c7\u00c3O<\/strong><\/p>\n<p>A causa da Canoniza\u00e7\u00e3o de Irm\u00e3 Dulce foi iniciada em janeiro de 2000. Com o in\u00edcio do processo, seus restos mortais, que desde 1992 (ano de seu falecimento) estavam na Igreja da Concei\u00e7\u00e3o da Praia, foram ent\u00e3o transferidos para a Capela do Convento Santo Ant\u00f4nio, na sede das Obras Sociais Irm\u00e3 Dulce (OSID), tamb\u00e9m em Salvador. A valida\u00e7\u00e3o jur\u00eddica do virtual milagre presente no processo foi emitida pela Santa S\u00e9 em junho de 2003. J\u00e1 em abril de 2009, o Papa Bento XVI reconheceu as virtudes her\u00f3icas da Serva de Deus Dulce Lopes Pontes, autorizando oficialmente a concess\u00e3o do t\u00edtulo de Vener\u00e1vel \u00e0 freira baiana. O t\u00edtulo foi o reconhecimento de que Irm\u00e3 Dulce viveu, em grau her\u00f3ico, as virtudes crist\u00e3s da F\u00e9, Esperan\u00e7a e Caridade. Em 10 de dezembro de 2010, o Papa Bento XVI autoriza a promulga\u00e7\u00e3o do decreto do milagre que transforma a Vener\u00e1vel Dulce em Beata, ou Bem-Aventurada. A autoriza\u00e7\u00e3o foi dada pelo pont\u00edfice ao prefeito da Congrega\u00e7\u00e3o para as Causas dos Santos, Cardeal Angelo Amato, em audi\u00eancia privada no Vaticano.<\/p>\n<p>Em 13 de maio de 2019, o Papa Francisco promulgou o decreto que reconhece o segundo milagre atribu\u00eddo \u00e0 intercess\u00e3o de Irm\u00e3 Dulce, cumprindo-se assim a \u00faltima etapa do processo de Canoniza\u00e7\u00e3o da beata baiana. A freira, conhecida como o Anjo Bom da Bahia, se tornar\u00e1 a primeira santa brasileira da nossa \u00e9poca e sua canoniza\u00e7\u00e3o ser\u00e1 a terceira mais r\u00e1pida da hist\u00f3ria (27 anos ap\u00f3s seu falecimento), atr\u00e1s apenas da santifica\u00e7\u00e3o do Papa Jo\u00e3o Paulo II (9 anos ap\u00f3s sua morte) e de Madre Teresa de Calcut\u00e1 (19 anos ap\u00f3s o falecimento da religiosa).<\/p>\n<p>Durante reuni\u00e3o do Consist\u00f3rio, no Vaticano, o Papa Francisco anuncia que Irm\u00e3 Dulce ser\u00e1 canonizada no dia 13 de outubro de 2019.\u00a0Oficialmente, ela passar\u00e1 a ser chamada de Santa Dulce dos Pobres e ter\u00e1 como data lit\u00fargica o dia 13 de agosto.<\/p>\n<p>&nbsp;<\/p>\n","protected":false},"excerpt":{"rendered":"<p>Ap\u00f3s a canoniza\u00e7\u00e3o, a primeira Missa em honra \u00e0 Santa Dulce dos Pobres ser\u00e1 celebrada pelo Arcebispo de Salvador e Primaz do Brasil, Dom Murilo Krieger, no dia 14 de outubro, \u00e0s 10h (hor\u00e1rio de Roma) &#8211; 5h no hor\u00e1rio de Bras\u00edlia, na Bas\u00edlica Sant\u2019Andrea della Valle, em Roma. Inicialmente, estava sendo divulgado que esta &hellip;<\/p>\n","protected":false},"author":1,"featured_media":8038,"comment_status":"closed","ping_status":"closed","sticky":false,"template":"","format":"standard","meta":{"footnotes":""},"categories":[104],"tags":[293,290,120,292,291],"class_list":["post-8036","post","type-post","status-publish","format-standard","has-post-thumbnail","hentry","category-noticias-da-cnbb","tag-arquidiocese-de-sao-salvador","tag-bem-aventurada-dulce-dos-pobres","tag-irma-dulce","tag-salvador","tag-santa-dulce-dos-pobres"],"_links":{"self":[{"href":"https:\/\/dioceseteixeiradefreitas.com.br\/index.php?rest_route=\/wp\/v2\/posts\/8036","targetHints":{"allow":["GET"]}}],"collection":[{"href":"https:\/\/dioceseteixeiradefreitas.com.br\/index.php?rest_route=\/wp\/v2\/posts"}],"about":[{"href":"https:\/\/dioceseteixeiradefreitas.com.br\/index.php?rest_route=\/wp\/v2\/types\/post"}],"author":[{"embeddable":true,"href":"https:\/\/dioceseteixeiradefreitas.com.br\/index.php?rest_route=\/wp\/v2\/users\/1"}],"replies":[{"embeddable":true,"href":"https:\/\/dioceseteixeiradefreitas.com.br\/index.php?rest_route=%2Fwp%2Fv2%2Fcomments&post=8036"}],"version-history":[{"count":2,"href":"https:\/\/dioceseteixeiradefreitas.com.br\/index.php?rest_route=\/wp\/v2\/posts\/8036\/revisions"}],"predecessor-version":[{"id":8040,"href":"https:\/\/dioceseteixeiradefreitas.com.br\/index.php?rest_route=\/wp\/v2\/posts\/8036\/revisions\/8040"}],"wp:featuredmedia":[{"embeddable":true,"href":"https:\/\/dioceseteixeiradefreitas.com.br\/index.php?rest_route=\/wp\/v2\/media\/8038"}],"wp:attachment":[{"href":"https:\/\/dioceseteixeiradefreitas.com.br\/index.php?rest_route=%2Fwp%2Fv2%2Fmedia&parent=8036"}],"wp:term":[{"taxonomy":"category","embeddable":true,"href":"https:\/\/dioceseteixeiradefreitas.com.br\/index.php?rest_route=%2Fwp%2Fv2%2Fcategories&post=8036"},{"taxonomy":"post_tag","embeddable":true,"href":"https:\/\/dioceseteixeiradefreitas.com.br\/index.php?rest_route=%2Fwp%2Fv2%2Ftags&post=8036"}],"curies":[{"name":"wp","href":"https:\/\/api.w.org\/{rel}","templated":true}]}}