{"id":8041,"date":"2019-09-21T14:44:21","date_gmt":"2019-09-21T17:44:21","guid":{"rendered":"https:\/\/dioceseteixeiradefreitas.com.br\/?p=8041"},"modified":"2019-09-21T14:49:31","modified_gmt":"2019-09-21T17:49:31","slug":"diocese-realiza-romaria-diocesana-para-o-santuario-da-mae-rainha-schoenstatt","status":"publish","type":"post","link":"https:\/\/dioceseteixeiradefreitas.com.br\/?p=8041","title":{"rendered":"Diocese realiza Romaria Diocesana para o Santu\u00e1rio da M\u00e3e Rainha Schoenstatt"},"content":{"rendered":"<figure id=\"attachment_8042\" aria-describedby=\"caption-attachment-8042\" style=\"width: 708px\" class=\"wp-caption aligncenter\"><img loading=\"lazy\" decoding=\"async\" class=\"wp-image-8042 size-large\" src=\"https:\/\/dioceseteixeiradefreitas.com.br\/wp-content\/uploads\/2019\/09\/romaria-mae-1-1024x497.jpg\" alt=\"\" width=\"708\" height=\"344\" srcset=\"https:\/\/dioceseteixeiradefreitas.com.br\/wp-content\/uploads\/2019\/09\/romaria-mae-1-1024x497.jpg 1024w, https:\/\/dioceseteixeiradefreitas.com.br\/wp-content\/uploads\/2019\/09\/romaria-mae-1-600x291.jpg 600w, https:\/\/dioceseteixeiradefreitas.com.br\/wp-content\/uploads\/2019\/09\/romaria-mae-1-300x146.jpg 300w, https:\/\/dioceseteixeiradefreitas.com.br\/wp-content\/uploads\/2019\/09\/romaria-mae-1-768x373.jpg 768w, https:\/\/dioceseteixeiradefreitas.com.br\/wp-content\/uploads\/2019\/09\/romaria-mae-1.jpg 1280w\" sizes=\"auto, (max-width: 708px) 100vw, 708px\" \/><figcaption id=\"caption-attachment-8042\" class=\"wp-caption-text\">Foto: Romeiros no Santu\u00e1rio da M\u00e3e Rainha Schoenstatt &#8211; PASCOM\/Divulga\u00e7\u00e3o<\/figcaption><\/figure>\n<p>No dia 13 de setembro, cerca de 210 peregrinos da Diocese de Teixeira de Freitas\/Caravelas participaram da Romaria Diocesana ao Santu\u00e1rio da M\u00e3e Rainha de Schoenstatt, na cidade de Salvador\/BA.<\/p>\n<p>Os peregrinos sa\u00edram de nossa diocese no dia 13 de setembro \u00e0s 16h30, chegando \u00e0 capital baiana na manh\u00e3 do dia 14. Os romeiros participaram de uma celebra\u00e7\u00e3o na igreja de Nosso Senhor do Bonfim e em seguida, o grupo saiu em passeio por pontos tur\u00edsticos.<\/p>\n<p>No domingo (15), foi a chegada t\u00e3o esperada visita ao Santu\u00e1rio da M\u00e3e Rainha de Schoenstatt onde todos foram recebidos com muito carinho e aten\u00e7\u00e3o pelas irm\u00e3s de Maria. Os peregrinos viveram um dia de muita ora\u00e7\u00e3o e reflex\u00e3o com maravilhosas palestras e temas, entre elas: Unidos ao Pai e profeta por uma Nova terra Mariana. O outro tema: 70 anos, impulso a renovar o coroa\u00e7\u00e3o das imagens da M\u00e3e peregrina no Esp\u00edrito da filialidade heroica. Ap\u00f3s a Missa de envio e um dia inesquec\u00edvel para todos que ali estavam, os romeiros retornaram a diocese ao final do dia.<\/p>\n<p>[su_note note_color=&#8221;#f3b418&#8243; text_color=&#8221;#ffffff&#8221;]Confira as fotos na galeria[\/su_note]<\/p>\n<div id='gallery-1' class='gallery galleryid-8041 gallery-columns-4 gallery-size-medium'><figure class='gallery-item'>\n\t\t\t<div class='gallery-icon landscape'>\n\t\t\t\t<a href='https:\/\/dioceseteixeiradefreitas.com.br\/wp-content\/uploads\/2019\/09\/romaria-mae-1.jpg'><img loading=\"lazy\" decoding=\"async\" width=\"300\" height=\"146\" src=\"https:\/\/dioceseteixeiradefreitas.com.br\/wp-content\/uploads\/2019\/09\/romaria-mae-1-300x146.jpg\" class=\"attachment-medium size-medium\" alt=\"\" srcset=\"https:\/\/dioceseteixeiradefreitas.com.br\/wp-content\/uploads\/2019\/09\/romaria-mae-1-300x146.jpg 300w, https:\/\/dioceseteixeiradefreitas.com.br\/wp-content\/uploads\/2019\/09\/romaria-mae-1-600x291.jpg 600w, https:\/\/dioceseteixeiradefreitas.com.br\/wp-content\/uploads\/2019\/09\/romaria-mae-1-768x373.jpg 768w, https:\/\/dioceseteixeiradefreitas.com.br\/wp-content\/uploads\/2019\/09\/romaria-mae-1-1024x497.jpg 1024w, https:\/\/dioceseteixeiradefreitas.com.br\/wp-content\/uploads\/2019\/09\/romaria-mae-1.jpg 1280w\" sizes=\"auto, (max-width: 300px) 100vw, 300px\" \/><\/a>\n\t\t\t<\/div><\/figure><figure class='gallery-item'>\n\t\t\t<div class='gallery-icon landscape'>\n\t\t\t\t<a href='https:\/\/dioceseteixeiradefreitas.com.br\/wp-content\/uploads\/2019\/09\/romaria-mae-2.jpg'><img loading=\"lazy\" decoding=\"async\" width=\"300\" height=\"146\" src=\"https:\/\/dioceseteixeiradefreitas.com.br\/wp-content\/uploads\/2019\/09\/romaria-mae-2-300x146.jpg\" class=\"attachment-medium size-medium\" alt=\"\" srcset=\"https:\/\/dioceseteixeiradefreitas.com.br\/wp-content\/uploads\/2019\/09\/romaria-mae-2-300x146.jpg 300w, https:\/\/dioceseteixeiradefreitas.com.br\/wp-content\/uploads\/2019\/09\/romaria-mae-2-600x292.jpg 600w, https:\/\/dioceseteixeiradefreitas.com.br\/wp-content\/uploads\/2019\/09\/romaria-mae-2-768x373.jpg 768w, https:\/\/dioceseteixeiradefreitas.com.br\/wp-content\/uploads\/2019\/09\/romaria-mae-2-1024x498.jpg 1024w, https:\/\/dioceseteixeiradefreitas.com.br\/wp-content\/uploads\/2019\/09\/romaria-mae-2.jpg 1280w\" sizes=\"auto, (max-width: 300px) 100vw, 300px\" \/><\/a>\n\t\t\t<\/div><\/figure><figure class='gallery-item'>\n\t\t\t<div class='gallery-icon landscape'>\n\t\t\t\t<a href='https:\/\/dioceseteixeiradefreitas.com.br\/wp-content\/uploads\/2019\/09\/a7fb3ed0-23b9-4969-98f9-00fede1475a2.jpg'><img loading=\"lazy\" decoding=\"async\" width=\"300\" height=\"225\" src=\"https:\/\/dioceseteixeiradefreitas.com.br\/wp-content\/uploads\/2019\/09\/a7fb3ed0-23b9-4969-98f9-00fede1475a2-300x225.jpg\" class=\"attachment-medium size-medium\" alt=\"\" srcset=\"https:\/\/dioceseteixeiradefreitas.com.br\/wp-content\/uploads\/2019\/09\/a7fb3ed0-23b9-4969-98f9-00fede1475a2-300x225.jpg 300w, https:\/\/dioceseteixeiradefreitas.com.br\/wp-content\/uploads\/2019\/09\/a7fb3ed0-23b9-4969-98f9-00fede1475a2-600x450.jpg 600w, https:\/\/dioceseteixeiradefreitas.com.br\/wp-content\/uploads\/2019\/09\/a7fb3ed0-23b9-4969-98f9-00fede1475a2-768x576.jpg 768w, https:\/\/dioceseteixeiradefreitas.com.br\/wp-content\/uploads\/2019\/09\/a7fb3ed0-23b9-4969-98f9-00fede1475a2-1024x768.jpg 1024w, https:\/\/dioceseteixeiradefreitas.com.br\/wp-content\/uploads\/2019\/09\/a7fb3ed0-23b9-4969-98f9-00fede1475a2.jpg 1280w\" sizes=\"auto, (max-width: 300px) 100vw, 300px\" \/><\/a>\n\t\t\t<\/div><\/figure><figure class='gallery-item'>\n\t\t\t<div class='gallery-icon landscape'>\n\t\t\t\t<a href='https:\/\/dioceseteixeiradefreitas.com.br\/wp-content\/uploads\/2019\/09\/romaria-mae-3.jpg'><img loading=\"lazy\" decoding=\"async\" width=\"300\" height=\"146\" src=\"https:\/\/dioceseteixeiradefreitas.com.br\/wp-content\/uploads\/2019\/09\/romaria-mae-3-300x146.jpg\" class=\"attachment-medium size-medium\" alt=\"\" srcset=\"https:\/\/dioceseteixeiradefreitas.com.br\/wp-content\/uploads\/2019\/09\/romaria-mae-3-300x146.jpg 300w, https:\/\/dioceseteixeiradefreitas.com.br\/wp-content\/uploads\/2019\/09\/romaria-mae-3-600x291.jpg 600w, https:\/\/dioceseteixeiradefreitas.com.br\/wp-content\/uploads\/2019\/09\/romaria-mae-3-768x373.jpg 768w, https:\/\/dioceseteixeiradefreitas.com.br\/wp-content\/uploads\/2019\/09\/romaria-mae-3-1024x497.jpg 1024w, https:\/\/dioceseteixeiradefreitas.com.br\/wp-content\/uploads\/2019\/09\/romaria-mae-3.jpg 1280w\" sizes=\"auto, (max-width: 300px) 100vw, 300px\" \/><\/a>\n\t\t\t<\/div><\/figure><figure class='gallery-item'>\n\t\t\t<div class='gallery-icon landscape'>\n\t\t\t\t<a href='https:\/\/dioceseteixeiradefreitas.com.br\/wp-content\/uploads\/2019\/09\/romaria-mae-4.jpg'><img loading=\"lazy\" decoding=\"async\" width=\"300\" height=\"169\" src=\"https:\/\/dioceseteixeiradefreitas.com.br\/wp-content\/uploads\/2019\/09\/romaria-mae-4-300x169.jpg\" class=\"attachment-medium size-medium\" alt=\"\" srcset=\"https:\/\/dioceseteixeiradefreitas.com.br\/wp-content\/uploads\/2019\/09\/romaria-mae-4-300x169.jpg 300w, https:\/\/dioceseteixeiradefreitas.com.br\/wp-content\/uploads\/2019\/09\/romaria-mae-4-600x338.jpg 600w, https:\/\/dioceseteixeiradefreitas.com.br\/wp-content\/uploads\/2019\/09\/romaria-mae-4-768x432.jpg 768w, https:\/\/dioceseteixeiradefreitas.com.br\/wp-content\/uploads\/2019\/09\/romaria-mae-4-1024x576.jpg 1024w, https:\/\/dioceseteixeiradefreitas.com.br\/wp-content\/uploads\/2019\/09\/romaria-mae-4-390x220.jpg 390w, https:\/\/dioceseteixeiradefreitas.com.br\/wp-content\/uploads\/2019\/09\/romaria-mae-4.jpg 1032w\" sizes=\"auto, (max-width: 300px) 100vw, 300px\" \/><\/a>\n\t\t\t<\/div><\/figure><figure class='gallery-item'>\n\t\t\t<div class='gallery-icon landscape'>\n\t\t\t\t<a href='https:\/\/dioceseteixeiradefreitas.com.br\/wp-content\/uploads\/2019\/09\/romaria-mae-5.jpg'><img loading=\"lazy\" decoding=\"async\" width=\"300\" height=\"146\" src=\"https:\/\/dioceseteixeiradefreitas.com.br\/wp-content\/uploads\/2019\/09\/romaria-mae-5-300x146.jpg\" class=\"attachment-medium size-medium\" alt=\"\" srcset=\"https:\/\/dioceseteixeiradefreitas.com.br\/wp-content\/uploads\/2019\/09\/romaria-mae-5-300x146.jpg 300w, https:\/\/dioceseteixeiradefreitas.com.br\/wp-content\/uploads\/2019\/09\/romaria-mae-5-600x291.jpg 600w, https:\/\/dioceseteixeiradefreitas.com.br\/wp-content\/uploads\/2019\/09\/romaria-mae-5-768x373.jpg 768w, https:\/\/dioceseteixeiradefreitas.com.br\/wp-content\/uploads\/2019\/09\/romaria-mae-5-1024x497.jpg 1024w, https:\/\/dioceseteixeiradefreitas.com.br\/wp-content\/uploads\/2019\/09\/romaria-mae-5.jpg 1280w\" sizes=\"auto, (max-width: 300px) 100vw, 300px\" \/><\/a>\n\t\t\t<\/div><\/figure><figure class='gallery-item'>\n\t\t\t<div class='gallery-icon landscape'>\n\t\t\t\t<a href='https:\/\/dioceseteixeiradefreitas.com.br\/wp-content\/uploads\/2019\/09\/romaria-mae-6.jpg'><img loading=\"lazy\" decoding=\"async\" width=\"300\" height=\"169\" src=\"https:\/\/dioceseteixeiradefreitas.com.br\/wp-content\/uploads\/2019\/09\/romaria-mae-6-300x169.jpg\" class=\"attachment-medium size-medium\" alt=\"\" srcset=\"https:\/\/dioceseteixeiradefreitas.com.br\/wp-content\/uploads\/2019\/09\/romaria-mae-6-300x169.jpg 300w, https:\/\/dioceseteixeiradefreitas.com.br\/wp-content\/uploads\/2019\/09\/romaria-mae-6-600x338.jpg 600w, https:\/\/dioceseteixeiradefreitas.com.br\/wp-content\/uploads\/2019\/09\/romaria-mae-6-390x220.jpg 390w, https:\/\/dioceseteixeiradefreitas.com.br\/wp-content\/uploads\/2019\/09\/romaria-mae-6.jpg 720w\" sizes=\"auto, (max-width: 300px) 100vw, 300px\" \/><\/a>\n\t\t\t<\/div><\/figure><figure class='gallery-item'>\n\t\t\t<div class='gallery-icon landscape'>\n\t\t\t\t<a href='https:\/\/dioceseteixeiradefreitas.com.br\/wp-content\/uploads\/2019\/09\/romaria-mae-7.jpg'><img loading=\"lazy\" decoding=\"async\" width=\"300\" height=\"169\" src=\"https:\/\/dioceseteixeiradefreitas.com.br\/wp-content\/uploads\/2019\/09\/romaria-mae-7-300x169.jpg\" class=\"attachment-medium size-medium\" alt=\"\" srcset=\"https:\/\/dioceseteixeiradefreitas.com.br\/wp-content\/uploads\/2019\/09\/romaria-mae-7-300x169.jpg 300w, https:\/\/dioceseteixeiradefreitas.com.br\/wp-content\/uploads\/2019\/09\/romaria-mae-7-600x338.jpg 600w, https:\/\/dioceseteixeiradefreitas.com.br\/wp-content\/uploads\/2019\/09\/romaria-mae-7-390x220.jpg 390w, https:\/\/dioceseteixeiradefreitas.com.br\/wp-content\/uploads\/2019\/09\/romaria-mae-7.jpg 720w\" sizes=\"auto, (max-width: 300px) 100vw, 300px\" \/><\/a>\n\t\t\t<\/div><\/figure>\n\t\t<\/div>\n\n","protected":false},"excerpt":{"rendered":"<p>No dia 13 de setembro, cerca de 210 peregrinos da Diocese de Teixeira de Freitas\/Caravelas participaram da Romaria Diocesana ao Santu\u00e1rio da M\u00e3e Rainha de Schoenstatt, na cidade de Salvador\/BA. Os peregrinos sa\u00edram de nossa diocese no dia 13 de setembro \u00e0s 16h30, chegando \u00e0 capital baiana na manh\u00e3 do dia 14. Os romeiros participaram &hellip;<\/p>\n","protected":false},"author":1,"featured_media":8042,"comment_status":"closed","ping_status":"closed","sticky":false,"template":"","format":"standard","meta":{"footnotes":""},"categories":[100],"tags":[299,294,292,296],"class_list":["post-8041","post","type-post","status-publish","format-standard","has-post-thumbnail","hentry","category-noticias-diocesanas","tag-mae-rainha","tag-romaria-diocesana","tag-salvador","tag-santuario"],"_links":{"self":[{"href":"https:\/\/dioceseteixeiradefreitas.com.br\/index.php?rest_route=\/wp\/v2\/posts\/8041","targetHints":{"allow":["GET"]}}],"collection":[{"href":"https:\/\/dioceseteixeiradefreitas.com.br\/index.php?rest_route=\/wp\/v2\/posts"}],"about":[{"href":"https:\/\/dioceseteixeiradefreitas.com.br\/index.php?rest_route=\/wp\/v2\/types\/post"}],"author":[{"embeddable":true,"href":"https:\/\/dioceseteixeiradefreitas.com.br\/index.php?rest_route=\/wp\/v2\/users\/1"}],"replies":[{"embeddable":true,"href":"https:\/\/dioceseteixeiradefreitas.com.br\/index.php?rest_route=%2Fwp%2Fv2%2Fcomments&post=8041"}],"version-history":[{"count":5,"href":"https:\/\/dioceseteixeiradefreitas.com.br\/index.php?rest_route=\/wp\/v2\/posts\/8041\/revisions"}],"predecessor-version":[{"id":8081,"href":"https:\/\/dioceseteixeiradefreitas.com.br\/index.php?rest_route=\/wp\/v2\/posts\/8041\/revisions\/8081"}],"wp:featuredmedia":[{"embeddable":true,"href":"https:\/\/dioceseteixeiradefreitas.com.br\/index.php?rest_route=\/wp\/v2\/media\/8042"}],"wp:attachment":[{"href":"https:\/\/dioceseteixeiradefreitas.com.br\/index.php?rest_route=%2Fwp%2Fv2%2Fmedia&parent=8041"}],"wp:term":[{"taxonomy":"category","embeddable":true,"href":"https:\/\/dioceseteixeiradefreitas.com.br\/index.php?rest_route=%2Fwp%2Fv2%2Fcategories&post=8041"},{"taxonomy":"post_tag","embeddable":true,"href":"https:\/\/dioceseteixeiradefreitas.com.br\/index.php?rest_route=%2Fwp%2Fv2%2Ftags&post=8041"}],"curies":[{"name":"wp","href":"https:\/\/api.w.org\/{rel}","templated":true}]}}