{"id":8129,"date":"2019-09-26T20:52:35","date_gmt":"2019-09-26T23:52:35","guid":{"rendered":"https:\/\/dioceseteixeiradefreitas.com.br\/?p=8129"},"modified":"2019-09-26T21:26:19","modified_gmt":"2019-09-27T00:26:19","slug":"atualizacao-sobre-o-estado-de-saude-de-dom-jailton-de-oliveira-lino","status":"publish","type":"post","link":"https:\/\/dioceseteixeiradefreitas.com.br\/?p=8129","title":{"rendered":"Atualiza\u00e7\u00e3o sobre o estado de sa\u00fade de Dom Jailton de Oliveira Lino"},"content":{"rendered":"<figure id=\"attachment_4057\" aria-describedby=\"caption-attachment-4057\" style=\"width: 634px\" class=\"wp-caption aligncenter\"><img loading=\"lazy\" decoding=\"async\" class=\"wp-image-4057 size-full\" src=\"https:\/\/dioceseteixeiradefreitas.com.br\/wp-content\/uploads\/2018\/02\/dom_jailton.jpg\" alt=\"\" width=\"634\" height=\"359\" srcset=\"https:\/\/dioceseteixeiradefreitas.com.br\/wp-content\/uploads\/2018\/02\/dom_jailton.jpg 634w, https:\/\/dioceseteixeiradefreitas.com.br\/wp-content\/uploads\/2018\/02\/dom_jailton-600x340.jpg 600w, https:\/\/dioceseteixeiradefreitas.com.br\/wp-content\/uploads\/2018\/02\/dom_jailton-300x170.jpg 300w\" sizes=\"auto, (max-width: 634px) 100vw, 634px\" \/><figcaption id=\"caption-attachment-4057\" class=\"wp-caption-text\">Foto: Dom Jailton &#8211; PASCOM\/Divulga\u00e7\u00e3o<\/figcaption><\/figure>\n<p>A assessoria de Comunica\u00e7\u00e3o da Diocese de Teixeira de Freitas\/Caravelas &#8211; PASCOM vem comunicar que <strong>DOM JAILTON DE OLIVEIRA LINO<\/strong>, bispo diocesano, est\u00e1 se recuperando de uma oscila\u00e7\u00e3o de press\u00e3o arterial em sua resid\u00eancia episcopal, fato ocorrido na segunda-feira (23), enquanto celebrava Missa no Semin\u00e1rio Proped\u00eautico Bom Pastor.<\/p>\n<p>Dom Jailton est\u00e1 bem, segue com a press\u00e3o arterial controlada, sem nenhuma intercorr\u00eancia na quarta (25) e quinta-feira (26). Ele passou por consulta m\u00e9dica na manh\u00e3 de hoje (26), onde os resultados dos exames n\u00e3o apontaram gravidade em seu quadro cl\u00ednico. O m\u00e9dico que est\u00e1 acompanhando o caso desde a sua entrada no hospital, informou que o ocorrido foi fruto de atividades intensas nos \u00faltimos dias e o recomendou afastamento de suas atividades administrativas e pastorais por quinze (15) dias, onde dever\u00e1 permanecer em repouso absoluto. Dom Jailton est\u00e1 seguindo \u00e0 ordem m\u00e9dica e desde a ter\u00e7a-feira est\u00e1 recolhido em sua resid\u00eancia e neste primeiro momento, permanece afastado das atividades administrativas e pastorais da diocese por 15 dias.<\/p>\n<p>Nesta quinta-feira (26), Dom Jailton recebeu visitas de sacerdotes, que deixaram mensagens de apoio e ora\u00e7\u00f5es. Ele ficou contente com a presen\u00e7a do clero junto a ele.<\/p>\n<p>Durante o seu afastamento, o Revmo. Pe. Paulo Santos Sales, vig\u00e1rio geral, auxiliar\u00e1 na administra\u00e7\u00e3o da diocese, para resolu\u00e7\u00e3o de pend\u00eancias quanto \u00e0 parte administrativa e pastoral da diocese.<\/p>\n<p>Que continuemos unidos pela f\u00e9 com ora\u00e7\u00f5es pelo restabelecimento da sa\u00fade do nosso amado pastor diocesano e pelo seu retorno t\u00e3o logo \u00e0s atividades da diocese.<\/p>\n<p>Novas informa\u00e7\u00f5es poder\u00e3o ser oportunamente divulgadas em nosso site.<\/p>\n<p>&nbsp;<\/p>\n<p style=\"text-align: right;\">Teixeira de Freitas\/BA, 26 de setembro de 2019.<\/p>\n<p>&nbsp;<\/p>\n<p style=\"text-align: center;\"><strong>Pe. Ricardo de Pinho Menezes<\/strong><br \/>\nAssessor de Imprensa (PASCOM) da Diocese<\/p>\n","protected":false},"excerpt":{"rendered":"<p>A assessoria de Comunica\u00e7\u00e3o da Diocese de Teixeira de Freitas\/Caravelas &#8211; PASCOM vem comunicar que DOM JAILTON DE OLIVEIRA LINO, bispo diocesano, est\u00e1 se recuperando de uma oscila\u00e7\u00e3o de press\u00e3o arterial em sua resid\u00eancia episcopal, fato ocorrido na segunda-feira (23), enquanto celebrava Missa no Semin\u00e1rio Proped\u00eautico Bom Pastor. Dom Jailton est\u00e1 bem, segue com a &hellip;<\/p>\n","protected":false},"author":1,"featured_media":4057,"comment_status":"closed","ping_status":"closed","sticky":false,"template":"","format":"standard","meta":{"footnotes":""},"categories":[51],"tags":[304,60,305,65],"class_list":["post-8129","post","type-post","status-publish","format-standard","has-post-thumbnail","hentry","category-notas","tag-atualizacao","tag-dom-jailton","tag-estado-de-saude","tag-nota-oficial"],"_links":{"self":[{"href":"https:\/\/dioceseteixeiradefreitas.com.br\/index.php?rest_route=\/wp\/v2\/posts\/8129","targetHints":{"allow":["GET"]}}],"collection":[{"href":"https:\/\/dioceseteixeiradefreitas.com.br\/index.php?rest_route=\/wp\/v2\/posts"}],"about":[{"href":"https:\/\/dioceseteixeiradefreitas.com.br\/index.php?rest_route=\/wp\/v2\/types\/post"}],"author":[{"embeddable":true,"href":"https:\/\/dioceseteixeiradefreitas.com.br\/index.php?rest_route=\/wp\/v2\/users\/1"}],"replies":[{"embeddable":true,"href":"https:\/\/dioceseteixeiradefreitas.com.br\/index.php?rest_route=%2Fwp%2Fv2%2Fcomments&post=8129"}],"version-history":[{"count":12,"href":"https:\/\/dioceseteixeiradefreitas.com.br\/index.php?rest_route=\/wp\/v2\/posts\/8129\/revisions"}],"predecessor-version":[{"id":8143,"href":"https:\/\/dioceseteixeiradefreitas.com.br\/index.php?rest_route=\/wp\/v2\/posts\/8129\/revisions\/8143"}],"wp:featuredmedia":[{"embeddable":true,"href":"https:\/\/dioceseteixeiradefreitas.com.br\/index.php?rest_route=\/wp\/v2\/media\/4057"}],"wp:attachment":[{"href":"https:\/\/dioceseteixeiradefreitas.com.br\/index.php?rest_route=%2Fwp%2Fv2%2Fmedia&parent=8129"}],"wp:term":[{"taxonomy":"category","embeddable":true,"href":"https:\/\/dioceseteixeiradefreitas.com.br\/index.php?rest_route=%2Fwp%2Fv2%2Fcategories&post=8129"},{"taxonomy":"post_tag","embeddable":true,"href":"https:\/\/dioceseteixeiradefreitas.com.br\/index.php?rest_route=%2Fwp%2Fv2%2Ftags&post=8129"}],"curies":[{"name":"wp","href":"https:\/\/api.w.org\/{rel}","templated":true}]}}