{"id":8181,"date":"2019-10-01T15:24:02","date_gmt":"2019-10-01T18:24:02","guid":{"rendered":"https:\/\/dioceseteixeiradefreitas.com.br\/?p=8181"},"modified":"2019-10-01T15:25:26","modified_gmt":"2019-10-01T18:25:26","slug":"papa-francisco-exorta-a-omissao-e-o-contrario-da-missao","status":"publish","type":"post","link":"https:\/\/dioceseteixeiradefreitas.com.br\/?p=8181","title":{"rendered":"Papa Francisco exorta: A omiss\u00e3o \u00e9 o contr\u00e1rio da miss\u00e3o"},"content":{"rendered":"<figure style=\"width: 1000px\" class=\"wp-caption alignnone\"><img loading=\"lazy\" decoding=\"async\" src=\"https:\/\/www.vaticannews.va\/content\/dam\/vaticannews\/agenzie\/images\/srv\/2019\/10\/01\/2019-10-01-celebrazione-vespri-per-inizio-mese-missionario\/1569947234836.JPG\/_jcr_content\/renditions\/cq5dam.thumbnail.cropped.1000.563.jpeg\" alt=\"1569947234836.JPG\" width=\"1000\" height=\"563\" \/><figcaption class=\"wp-caption-text\">Foto: Papa Francisco &#8211; Vatican News\/Divulga\u00e7\u00e3o<\/figcaption><\/figure>\n<p>O Papa Francisco celebrou as v\u00e9speras de in\u00edcio do M\u00eas Mission\u00e1rio, na tarde desta ter\u00e7a-feira (01\/10), na Bas\u00edlica de S\u00e3o Pedro.<\/p>\n<p>\u201c<b>Este M\u00eas Mission\u00e1rio Extraordin\u00e1rio quer nos dar uma sacudida\u00a0<\/b>que nos provoca a ser\u00a0<i>ativos no bem<\/i>. N\u00e3o not\u00e1rios da f\u00e9 e guardi\u00f5es da gra\u00e7a, mas mission\u00e1rios. Entretanto, como fazer para se tornar mission\u00e1rio? Vivendo como testemunha: testemunhando com a vida que se conhece Jesus\u201d, disse o Papa em sua homilia.<\/p>\n<p>&#8220;Saibam que a f\u00e9 n\u00e3o \u00e9 propaganda nem proselitismo, mas um respeitoso dom de vida. Vivem espalhando paz e alegria, amando a todos, incluindo os inimigos, por amor a Jesus.\u201d E \u201c Viver de omiss\u00f5es \u00e9 renegar a nossa voca\u00e7\u00e3o: a omiss\u00e3o \u00e9 o contr\u00e1rio da miss\u00e3o.\u201d<\/p>\n<p>\u201cPecamos por omiss\u00e3o, ou seja, contra a miss\u00e3o, quando, em vez de espalhar a alegria, nos fechamos numa triste vitimiza\u00e7\u00e3o, pensando que ningu\u00e9m nos ama nem compreende. Pecamos contra a miss\u00e3o, quando cedemos \u00e0 resigna\u00e7\u00e3o: (N\u00e3o consigo fazer isto, n\u00e3o sou capaz). Pecamos contra a miss\u00e3o, quando, num lamento sem fim, continuamos a dizer que est\u00e1 tudo mal, no mundo e na Igreja. Pecamos contra a miss\u00e3o, quando ca\u00edmos escravos dos medos que imobilizam, e nos deixamos paralisar pelo (sempre se fez assim) e pecamos contra a miss\u00e3o, quando vivemos a vida como um peso e n\u00e3o como um dom; quando, no centro, estamos n\u00f3s com as nossas fadigas, n\u00e3o os irm\u00e3os e irm\u00e3s que esperam ser amados&#8221;, disse o pont\u00edfice.<\/p>\n<h2>Ningu\u00e9m est\u00e1 exclu\u00eddo da miss\u00e3o da Igreja<\/h2>\n<p>\u201cAcompanham-nos uma\u00a0<b>religiosa, um sacerdote e uma leiga. Ningu\u00e9m est\u00e1 exclu\u00eddo da miss\u00e3o da Igreja<\/b>. Sim, neste m\u00eas, o Senhor chama voc\u00ea tamb\u00e9m. Chama voc\u00ea, pai e m\u00e3e de fam\u00edlia; voc\u00ea, jovem que sonha com grandes coisas; voc\u00ea que trabalha numa f\u00e1brica, numa loja, num banco, num restaurante; voc\u00ea que est\u00e1 sem emprego; voc\u00ea que est\u00e1 numa cama de hospital\u201d, ressaltou o Pont\u00edfice.<\/p>\n<p>Segundo Francisco, Deus pede para que sejamos um dom no lugar onde nos encontramos, com quem est\u00e1 ao seu lado. Deus \u201cespera tamb\u00e9m que algu\u00e9m tenha a coragem de partir, ir aonde falta esperan\u00e7a e dignidade,<em> ad gentes,<\/em> aonde tantas pessoas vivem ainda sem a alegria do Evangelho\u201d.<\/p>\n<p>\u201cCoragem, Igreja M\u00e3e: reencontra a tua fecundidade na alegria da miss\u00e3o\u201d, concluiu o Papa.<\/p>\n","protected":false},"excerpt":{"rendered":"<p>O Papa Francisco celebrou as v\u00e9speras de in\u00edcio do M\u00eas Mission\u00e1rio, na tarde desta ter\u00e7a-feira (01\/10), na Bas\u00edlica de S\u00e3o Pedro. \u201cEste M\u00eas Mission\u00e1rio Extraordin\u00e1rio quer nos dar uma sacudida\u00a0que nos provoca a ser\u00a0ativos no bem. N\u00e3o not\u00e1rios da f\u00e9 e guardi\u00f5es da gra\u00e7a, mas mission\u00e1rios. Entretanto, como fazer para se tornar mission\u00e1rio? Vivendo como &hellip;<\/p>\n","protected":false},"author":1,"featured_media":8182,"comment_status":"closed","ping_status":"closed","sticky":false,"template":"","format":"standard","meta":{"footnotes":""},"categories":[103],"tags":[311,303,213,71],"class_list":["post-8181","post","type-post","status-publish","format-standard","has-post-thumbnail","hentry","category-noticias-do-vaticano","tag-basilica-de-sao-pedro","tag-mes-missionario-extraordinario","tag-missao","tag-papa-francisco"],"_links":{"self":[{"href":"https:\/\/dioceseteixeiradefreitas.com.br\/index.php?rest_route=\/wp\/v2\/posts\/8181","targetHints":{"allow":["GET"]}}],"collection":[{"href":"https:\/\/dioceseteixeiradefreitas.com.br\/index.php?rest_route=\/wp\/v2\/posts"}],"about":[{"href":"https:\/\/dioceseteixeiradefreitas.com.br\/index.php?rest_route=\/wp\/v2\/types\/post"}],"author":[{"embeddable":true,"href":"https:\/\/dioceseteixeiradefreitas.com.br\/index.php?rest_route=\/wp\/v2\/users\/1"}],"replies":[{"embeddable":true,"href":"https:\/\/dioceseteixeiradefreitas.com.br\/index.php?rest_route=%2Fwp%2Fv2%2Fcomments&post=8181"}],"version-history":[{"count":3,"href":"https:\/\/dioceseteixeiradefreitas.com.br\/index.php?rest_route=\/wp\/v2\/posts\/8181\/revisions"}],"predecessor-version":[{"id":8185,"href":"https:\/\/dioceseteixeiradefreitas.com.br\/index.php?rest_route=\/wp\/v2\/posts\/8181\/revisions\/8185"}],"wp:featuredmedia":[{"embeddable":true,"href":"https:\/\/dioceseteixeiradefreitas.com.br\/index.php?rest_route=\/wp\/v2\/media\/8182"}],"wp:attachment":[{"href":"https:\/\/dioceseteixeiradefreitas.com.br\/index.php?rest_route=%2Fwp%2Fv2%2Fmedia&parent=8181"}],"wp:term":[{"taxonomy":"category","embeddable":true,"href":"https:\/\/dioceseteixeiradefreitas.com.br\/index.php?rest_route=%2Fwp%2Fv2%2Fcategories&post=8181"},{"taxonomy":"post_tag","embeddable":true,"href":"https:\/\/dioceseteixeiradefreitas.com.br\/index.php?rest_route=%2Fwp%2Fv2%2Ftags&post=8181"}],"curies":[{"name":"wp","href":"https:\/\/api.w.org\/{rel}","templated":true}]}}