{"id":8222,"date":"2019-10-07T19:17:07","date_gmt":"2019-10-07T22:17:07","guid":{"rendered":"https:\/\/dioceseteixeiradefreitas.com.br\/?p=8222"},"modified":"2019-10-08T10:42:52","modified_gmt":"2019-10-08T13:42:52","slug":"diocese-de-teixeira-de-freitas-caravelas-tera-uma-nova-paroquia","status":"publish","type":"post","link":"https:\/\/dioceseteixeiradefreitas.com.br\/?p=8222","title":{"rendered":"Diocese de Teixeira de Freitas\/Caravelas ter\u00e1 uma nova par\u00f3quia"},"content":{"rendered":"<figure id=\"attachment_8223\" aria-describedby=\"caption-attachment-8223\" style=\"width: 708px\" class=\"wp-caption aligncenter\"><img loading=\"lazy\" decoding=\"async\" class=\"wp-image-8223 size-large\" src=\"https:\/\/dioceseteixeiradefreitas.com.br\/wp-content\/uploads\/2019\/10\/313120ce-1bf6-4af5-b561-ba13f57092f4-1024x750.jpg\" alt=\"\" width=\"708\" height=\"519\" srcset=\"https:\/\/dioceseteixeiradefreitas.com.br\/wp-content\/uploads\/2019\/10\/313120ce-1bf6-4af5-b561-ba13f57092f4-1024x750.jpg 1024w, https:\/\/dioceseteixeiradefreitas.com.br\/wp-content\/uploads\/2019\/10\/313120ce-1bf6-4af5-b561-ba13f57092f4-600x440.jpg 600w, https:\/\/dioceseteixeiradefreitas.com.br\/wp-content\/uploads\/2019\/10\/313120ce-1bf6-4af5-b561-ba13f57092f4-300x220.jpg 300w, https:\/\/dioceseteixeiradefreitas.com.br\/wp-content\/uploads\/2019\/10\/313120ce-1bf6-4af5-b561-ba13f57092f4-768x563.jpg 768w, https:\/\/dioceseteixeiradefreitas.com.br\/wp-content\/uploads\/2019\/10\/313120ce-1bf6-4af5-b561-ba13f57092f4.jpg 1280w\" sizes=\"auto, (max-width: 708px) 100vw, 708px\" \/><figcaption id=\"caption-attachment-8223\" class=\"wp-caption-text\">Imagem: Convite para Ere\u00e7\u00e3o Can\u00f4nica da Par\u00f3quia S\u00e3o Louren\u00e7o e Missa em A\u00e7\u00e3o de Gra\u00e7as pela canoniza\u00e7\u00e3o de Santa Dulce dos Pobres<\/figcaption><\/figure>\n<p>A diocese de Teixeira de Freitas\/Caravelas convida a todos para participarem da Celebra\u00e7\u00e3o Eucar\u00edstica em A\u00e7\u00e3o de Gra\u00e7as pela Canoniza\u00e7\u00e3o da Santa Irm\u00e3 Dulce dos Pobres e que, na ocasi\u00e3o, tamb\u00e9m ocorrer\u00e1 a Ere\u00e7\u00e3o Can\u00f4nica da Par\u00f3quia S\u00e3o Louren\u00e7o e tomada de posse de seu 1\u00ba p\u00e1roco, Met\u00f3dio Macedo Santos. Ap\u00f3s 7 meses em que as comunidades S\u00e3o Louren\u00e7o, Nossa Senhora Auxiliadora, Sagrada Fam\u00edlia e S\u00e3o Judas Tadeu se tornaram a Quase Par\u00f3quia S\u00e3o Louren\u00e7o, se tornar\u00e3o agora Par\u00f3quia S\u00e3o Louren\u00e7o.<\/p>\n<p>A celebra\u00e7\u00e3o ser\u00e1 presidida pelo bispo diocesano, Dom Jailton de Oliveira Lino, na Igreja Matriz S\u00e3o Louren\u00e7o, localizada na Rua da Penha, n\u00ba 454, no bairro S\u00e3o Louren\u00e7o, em Teixeira de Freitas, no dia 13 de outubro, \u00e0s 10h30.<\/p>\n<p>De acordo com C\u00f3digo de Direito Can\u00f4nico, C\u00e2n. 515 &#8211; par\u00e1grafo 1\u00ba: &#8220;A par\u00f3quia \u00e9 uma certa comunidade de fi\u00e9is, constitu\u00edda estavelmente na Igreja particular, cuja cura pastoral, sob a autoridade do Bispo diocesano, est\u00e1 confiada ao p\u00e1roco, como a seu pastor pr\u00f3prio.&#8221;<\/p>\n<p><strong>PROGRAMA\u00c7\u00c3O DO TR\u00cdDUO<\/strong><\/p>\n<p><strong>10\/10 Quinta-Feira \u2013 19h30min<\/strong><br \/>\nPe. Met\u00f3dio Macedo<\/p>\n<p><strong>11\/10 Sexta-Feira \u2013 19h30min<\/strong><br \/>\nPe. Jos\u00e9 Ailton<\/p>\n<p><strong>12\/10 S\u00e1bado \u2013 19h30min<\/strong><br \/>\nPe. Vanderlei Oliveira<\/p>\n<p>*Durante os dias de tr\u00edduo e festa haver\u00e1 barraquinhas com comidas t\u00edpicas e a arrecada\u00e7\u00e3o ser\u00e1 em prol da constru\u00e7\u00e3o da igreja da Comunidade Nossa Senhora Auxiliadora.<\/p>\n","protected":false},"excerpt":{"rendered":"<p>A diocese de Teixeira de Freitas\/Caravelas convida a todos para participarem da Celebra\u00e7\u00e3o Eucar\u00edstica em A\u00e7\u00e3o de Gra\u00e7as pela Canoniza\u00e7\u00e3o da Santa Irm\u00e3 Dulce dos Pobres e que, na ocasi\u00e3o, tamb\u00e9m ocorrer\u00e1 a Ere\u00e7\u00e3o Can\u00f4nica da Par\u00f3quia S\u00e3o Louren\u00e7o e tomada de posse de seu 1\u00ba p\u00e1roco, Met\u00f3dio Macedo Santos. Ap\u00f3s 7 meses em que &hellip;<\/p>\n","protected":false},"author":1,"featured_media":8223,"comment_status":"closed","ping_status":"closed","sticky":false,"template":"","format":"standard","meta":{"footnotes":""},"categories":[100],"tags":[60,315,273,208],"class_list":["post-8222","post","type-post","status-publish","format-standard","has-post-thumbnail","hentry","category-noticias-diocesanas","tag-dom-jailton","tag-erecao-canonica","tag-pe-metodio","tag-quase-paroquia-sao-lourenco"],"_links":{"self":[{"href":"https:\/\/dioceseteixeiradefreitas.com.br\/index.php?rest_route=\/wp\/v2\/posts\/8222","targetHints":{"allow":["GET"]}}],"collection":[{"href":"https:\/\/dioceseteixeiradefreitas.com.br\/index.php?rest_route=\/wp\/v2\/posts"}],"about":[{"href":"https:\/\/dioceseteixeiradefreitas.com.br\/index.php?rest_route=\/wp\/v2\/types\/post"}],"author":[{"embeddable":true,"href":"https:\/\/dioceseteixeiradefreitas.com.br\/index.php?rest_route=\/wp\/v2\/users\/1"}],"replies":[{"embeddable":true,"href":"https:\/\/dioceseteixeiradefreitas.com.br\/index.php?rest_route=%2Fwp%2Fv2%2Fcomments&post=8222"}],"version-history":[{"count":5,"href":"https:\/\/dioceseteixeiradefreitas.com.br\/index.php?rest_route=\/wp\/v2\/posts\/8222\/revisions"}],"predecessor-version":[{"id":8247,"href":"https:\/\/dioceseteixeiradefreitas.com.br\/index.php?rest_route=\/wp\/v2\/posts\/8222\/revisions\/8247"}],"wp:featuredmedia":[{"embeddable":true,"href":"https:\/\/dioceseteixeiradefreitas.com.br\/index.php?rest_route=\/wp\/v2\/media\/8223"}],"wp:attachment":[{"href":"https:\/\/dioceseteixeiradefreitas.com.br\/index.php?rest_route=%2Fwp%2Fv2%2Fmedia&parent=8222"}],"wp:term":[{"taxonomy":"category","embeddable":true,"href":"https:\/\/dioceseteixeiradefreitas.com.br\/index.php?rest_route=%2Fwp%2Fv2%2Fcategories&post=8222"},{"taxonomy":"post_tag","embeddable":true,"href":"https:\/\/dioceseteixeiradefreitas.com.br\/index.php?rest_route=%2Fwp%2Fv2%2Ftags&post=8222"}],"curies":[{"name":"wp","href":"https:\/\/api.w.org\/{rel}","templated":true}]}}