{"id":8258,"date":"2019-10-12T10:17:47","date_gmt":"2019-10-12T13:17:47","guid":{"rendered":"https:\/\/dioceseteixeiradefreitas.com.br\/?p=8258"},"modified":"2019-10-12T10:17:47","modified_gmt":"2019-10-12T13:17:47","slug":"papa-envia-saudacao-aos-brasileiros-no-dia-de-nossa-senhora-aparecida","status":"publish","type":"post","link":"https:\/\/dioceseteixeiradefreitas.com.br\/?p=8258","title":{"rendered":"Papa envia sauda\u00e7\u00e3o aos brasileiros no dia de Nossa Senhora Aparecida"},"content":{"rendered":"<figure id=\"attachment_8259\" aria-describedby=\"caption-attachment-8259\" style=\"width: 708px\" class=\"wp-caption aligncenter\"><img loading=\"lazy\" decoding=\"async\" class=\"wp-image-8259 size-large\" src=\"https:\/\/dioceseteixeiradefreitas.com.br\/wp-content\/uploads\/2019\/10\/PAPA-FRANCISCO-12-12-19-1024x650.jpg\" alt=\"\" width=\"708\" height=\"449\" srcset=\"https:\/\/dioceseteixeiradefreitas.com.br\/wp-content\/uploads\/2019\/10\/PAPA-FRANCISCO-12-12-19-1024x650.jpg 1024w, https:\/\/dioceseteixeiradefreitas.com.br\/wp-content\/uploads\/2019\/10\/PAPA-FRANCISCO-12-12-19-600x381.jpg 600w, https:\/\/dioceseteixeiradefreitas.com.br\/wp-content\/uploads\/2019\/10\/PAPA-FRANCISCO-12-12-19-300x191.jpg 300w, https:\/\/dioceseteixeiradefreitas.com.br\/wp-content\/uploads\/2019\/10\/PAPA-FRANCISCO-12-12-19-768x488.jpg 768w, https:\/\/dioceseteixeiradefreitas.com.br\/wp-content\/uploads\/2019\/10\/PAPA-FRANCISCO-12-12-19.jpg 1200w\" sizes=\"auto, (max-width: 708px) 100vw, 708px\" \/><figcaption id=\"caption-attachment-8259\" class=\"wp-caption-text\">Foto: Papa Francisco &#8211; CNBB\/Divulga\u00e7\u00e3o<\/figcaption><\/figure>\n<p>No dia de Nossa Senhora Aparecida (12\/10), a padroeira do Brasil, o Papa Francisco fez quest\u00e3o de transmitir uma mensagem ao povo brasileiro:<\/p>\n<blockquote><p><i>No dia de Nossa Senhora Aparecida, trago no cora\u00e7\u00e3o o povo brasileiro e envio uma sauda\u00e7\u00e3o. Que Ela, pequenina e humilde, continue os cobrindo e acompanhando em seu caminho: caminho de paz, de alegria, de justi\u00e7a. Que Ela os acompanhe em suas dores, quando n\u00e3o podem crescer por tantas limita\u00e7\u00f5es pol\u00edticas ou sociais ou ecol\u00f3gicas, e de tantos lugares prov\u00eam. Que Ela os ajude a crescer e a se libertar continuamente. Que os aben\u00e7oe.<\/i><\/p><\/blockquote>\n<p>Veja o v\u00eddeo<a href=\"https:\/\/youtu.be\/4QwwjEnyvkU\">\u00a0aqui<\/a><\/p>\n<p><iframe loading=\"lazy\" title=\"Mensagem do Papa aos brasileiros no dia de Nossa Senhora Aparecida\" width=\"500\" height=\"281\" src=\"https:\/\/www.youtube.com\/embed\/4QwwjEnyvkU?feature=oembed\" frameborder=\"0\" allow=\"accelerometer; autoplay; clipboard-write; encrypted-media; gyroscope; picture-in-picture; web-share\" referrerpolicy=\"strict-origin-when-cross-origin\" allowfullscreen><\/iframe><\/p>\n<p>Por CNBB<\/p>\n","protected":false},"excerpt":{"rendered":"<p>No dia de Nossa Senhora Aparecida (12\/10), a padroeira do Brasil, o Papa Francisco fez quest\u00e3o de transmitir uma mensagem ao povo brasileiro: No dia de Nossa Senhora Aparecida, trago no cora\u00e7\u00e3o o povo brasileiro e envio uma sauda\u00e7\u00e3o. Que Ela, pequenina e humilde, continue os cobrindo e acompanhando em seu caminho: caminho de paz, &hellip;<\/p>\n","protected":false},"author":1,"featured_media":8259,"comment_status":"closed","ping_status":"closed","sticky":false,"template":"","format":"standard","meta":{"footnotes":""},"categories":[104],"tags":[319,71,318],"class_list":["post-8258","post","type-post","status-publish","format-standard","has-post-thumbnail","hentry","category-noticias-da-cnbb","tag-dia-de-nossa-senhora-aparecida","tag-papa-francisco","tag-saudacao-do-papa-francisco"],"_links":{"self":[{"href":"https:\/\/dioceseteixeiradefreitas.com.br\/index.php?rest_route=\/wp\/v2\/posts\/8258","targetHints":{"allow":["GET"]}}],"collection":[{"href":"https:\/\/dioceseteixeiradefreitas.com.br\/index.php?rest_route=\/wp\/v2\/posts"}],"about":[{"href":"https:\/\/dioceseteixeiradefreitas.com.br\/index.php?rest_route=\/wp\/v2\/types\/post"}],"author":[{"embeddable":true,"href":"https:\/\/dioceseteixeiradefreitas.com.br\/index.php?rest_route=\/wp\/v2\/users\/1"}],"replies":[{"embeddable":true,"href":"https:\/\/dioceseteixeiradefreitas.com.br\/index.php?rest_route=%2Fwp%2Fv2%2Fcomments&post=8258"}],"version-history":[{"count":1,"href":"https:\/\/dioceseteixeiradefreitas.com.br\/index.php?rest_route=\/wp\/v2\/posts\/8258\/revisions"}],"predecessor-version":[{"id":8260,"href":"https:\/\/dioceseteixeiradefreitas.com.br\/index.php?rest_route=\/wp\/v2\/posts\/8258\/revisions\/8260"}],"wp:featuredmedia":[{"embeddable":true,"href":"https:\/\/dioceseteixeiradefreitas.com.br\/index.php?rest_route=\/wp\/v2\/media\/8259"}],"wp:attachment":[{"href":"https:\/\/dioceseteixeiradefreitas.com.br\/index.php?rest_route=%2Fwp%2Fv2%2Fmedia&parent=8258"}],"wp:term":[{"taxonomy":"category","embeddable":true,"href":"https:\/\/dioceseteixeiradefreitas.com.br\/index.php?rest_route=%2Fwp%2Fv2%2Fcategories&post=8258"},{"taxonomy":"post_tag","embeddable":true,"href":"https:\/\/dioceseteixeiradefreitas.com.br\/index.php?rest_route=%2Fwp%2Fv2%2Ftags&post=8258"}],"curies":[{"name":"wp","href":"https:\/\/api.w.org\/{rel}","templated":true}]}}