{"id":8487,"date":"2019-10-21T19:01:14","date_gmt":"2019-10-21T22:01:14","guid":{"rendered":"https:\/\/dioceseteixeiradefreitas.com.br\/?p=8487"},"modified":"2019-10-22T21:31:44","modified_gmt":"2019-10-23T00:31:44","slug":"com-missa-em-salvador-52-600-fieis-celebram-a-canonizacao-de-santa-dulce-dos-pobres","status":"publish","type":"post","link":"https:\/\/dioceseteixeiradefreitas.com.br\/?p=8487","title":{"rendered":"Com Missa em Salvador, 52.600 fi\u00e9is celebram a canoniza\u00e7\u00e3o de Santa Dulce dos Pobres"},"content":{"rendered":"<figure id=\"attachment_8488\" aria-describedby=\"caption-attachment-8488\" style=\"width: 708px\" class=\"wp-caption aligncenter\"><img loading=\"lazy\" decoding=\"async\" class=\"wp-image-8488 size-large\" src=\"https:\/\/dioceseteixeiradefreitas.com.br\/wp-content\/uploads\/2019\/10\/SantaDulcedosPobres-1200x762_c-1024x650.jpeg\" alt=\"\" width=\"708\" height=\"449\" srcset=\"https:\/\/dioceseteixeiradefreitas.com.br\/wp-content\/uploads\/2019\/10\/SantaDulcedosPobres-1200x762_c-1024x650.jpeg 1024w, https:\/\/dioceseteixeiradefreitas.com.br\/wp-content\/uploads\/2019\/10\/SantaDulcedosPobres-1200x762_c-600x381.jpeg 600w, https:\/\/dioceseteixeiradefreitas.com.br\/wp-content\/uploads\/2019\/10\/SantaDulcedosPobres-1200x762_c-300x191.jpeg 300w, https:\/\/dioceseteixeiradefreitas.com.br\/wp-content\/uploads\/2019\/10\/SantaDulcedosPobres-1200x762_c-768x488.jpeg 768w, https:\/\/dioceseteixeiradefreitas.com.br\/wp-content\/uploads\/2019\/10\/SantaDulcedosPobres-1200x762_c.jpeg 1200w\" sizes=\"auto, (max-width: 708px) 100vw, 708px\" \/><figcaption id=\"caption-attachment-8488\" class=\"wp-caption-text\">Foto: Fi\u00e9is lotaram a Arena Fonte Nova, em Salvador &#8211; PASCOM\/Divulga\u00e7\u00e3o<\/figcaption><\/figure>\n<p>A Arena Fonte Nova ficou pequena, neste domingo (20), diante da quantidade de fi\u00e9is que, juntos, celebraram a canoniza\u00e7\u00e3o da Santa Dulce dos Pobres, o Anjo Bom da Bahia. Embora a informa\u00e7\u00e3o fosse de que os port\u00f5es seriam abertos ao meio dia, antes das 8h in\u00fameras pessoas j\u00e1 formavam filas, tanto na Ladeira da Fonte, quanto pr\u00f3ximo ao Dique do Toror\u00f3.<\/p>\n<figure id=\"attachment_8514\" aria-describedby=\"caption-attachment-8514\" style=\"width: 708px\" class=\"wp-caption aligncenter\"><img loading=\"lazy\" decoding=\"async\" class=\"wp-image-8514 size-large\" src=\"https:\/\/dioceseteixeiradefreitas.com.br\/wp-content\/uploads\/2019\/10\/7e7a6c35-52ba-4fdc-a549-70214e39369a-1024x576.jpg\" alt=\"\" width=\"708\" height=\"398\" srcset=\"https:\/\/dioceseteixeiradefreitas.com.br\/wp-content\/uploads\/2019\/10\/7e7a6c35-52ba-4fdc-a549-70214e39369a-1024x576.jpg 1024w, https:\/\/dioceseteixeiradefreitas.com.br\/wp-content\/uploads\/2019\/10\/7e7a6c35-52ba-4fdc-a549-70214e39369a-600x338.jpg 600w, https:\/\/dioceseteixeiradefreitas.com.br\/wp-content\/uploads\/2019\/10\/7e7a6c35-52ba-4fdc-a549-70214e39369a-300x169.jpg 300w, https:\/\/dioceseteixeiradefreitas.com.br\/wp-content\/uploads\/2019\/10\/7e7a6c35-52ba-4fdc-a549-70214e39369a-768x432.jpg 768w, https:\/\/dioceseteixeiradefreitas.com.br\/wp-content\/uploads\/2019\/10\/7e7a6c35-52ba-4fdc-a549-70214e39369a-390x220.jpg 390w, https:\/\/dioceseteixeiradefreitas.com.br\/wp-content\/uploads\/2019\/10\/7e7a6c35-52ba-4fdc-a549-70214e39369a.jpg 1040w\" sizes=\"auto, (max-width: 708px) 100vw, 708px\" \/><figcaption id=\"caption-attachment-8514\" class=\"wp-caption-text\">Foto: Fi\u00e9is da Diocese foram a Salvador para a celebra\u00e7\u00e3o da Missa de Santa Dulce dos pobres &#8211; Colaborador\/Divulga\u00e7\u00e3o<\/figcaption><\/figure>\n<p>Entre os 52.600 fi\u00e9is presentes na Arena Fonte Nova, 50 vieram de nossa Diocese, o grupo saiu da cidade de Teixeira de Freitas no dia 18\/10, com destino a capital baiana.<\/p>\n<p>Assim que os port\u00f5es foram abertos, rapidamente a Arena ficou lotada. As boas-vindas foram dadas por meio de um v\u00eddeo que contou um pouco a hist\u00f3ria de Irm\u00e3 Dulce. Em seguida, o padre L\u00e1zaro Muniz, p\u00e1roco da Par\u00f3quia Santa Cruz, e o frei Vande\u00ed, do Santu\u00e1rio Santa Dulce dos Pobres, conduziram a anima\u00e7\u00e3o e chamaram ao palco as bandas cat\u00f3licas Miss\u00e3o Par\u00e1clito, Divina Face, Minist\u00e9rio Ignes, Recome\u00e7ar e a cantora Patr\u00edcia Ribeiro.<\/p>\n<p>Pontualmente \u00e0s 14h45, teve in\u00edcio o espet\u00e1culo Imp\u00e9rio de Amor, sobre a vida e a obra da Santa Dulce dos Pobres. Encenado por mais de 600 crian\u00e7as e colaboradores das Obras Sociais Irm\u00e3 Dulce (OSID), a apresenta\u00e7\u00e3o contou, ainda, com participa\u00e7\u00f5es do padre Ant\u00f4nio Maria e dos artistas Saulo, Tuca Fernandes, Margareth Menezes e Waldonys.<\/p>\n<p>\u201cEsta celebra\u00e7\u00e3o \u00e9 uma grande a\u00e7\u00e3o de gra\u00e7as. Eu penso que n\u00f3s aqui nem somos suficientes para agradecer devidamente a Deus por este Brasil todo estar se unindo a n\u00f3s atrav\u00e9s das televis\u00f5es, do r\u00e1dio, da internet. N\u00f3s temos que dizer ao Senhor como somos gratos por essa vida. E esta encena\u00e7\u00e3o que acabamos de ver, eu estava pensando, n\u00e3o foi um teatro; foi vida porque foi apresentada por pessoas que hoje s\u00e3o beneficiadas pelas Obras Sociais Irm\u00e3 Dulce. Isso \u00e9 o que me toca mais de perto: saber que a obra que ela deixou \u00e9 uma obra viva, onde cada crian\u00e7a \u00e9 uma pedrinha nesse mosaico que amor que forma o rosto de Jesus Cristo\u201d, afirmou Dom Murilo.<\/p>\n<p>Um dos momentos mais emocionantes aconteceu durante as prociss\u00f5es. A primeira, acompanhada do Hino da Santa, foi com a rel\u00edquia de Irm\u00e3 Dulce, conduzida por Jos\u00e9 Maur\u00edcio, o miraculado, por toda a Arena. Tamb\u00e9m foram levadas em prociss\u00e3o as imagens de Santo Ant\u00f4nio \u2013 santo de devo\u00e7\u00e3o de Irm\u00e3 Dulce -, a de Nossa Senhora da Concei\u00e7\u00e3o da Praia \u2013 padroeira da Bahia \u2013 e a do Senhor Bom Jesus do Bonfim.<\/p>\n<p>Para o miraculado, faltam palavras para descrever a alegria em poder celebrar este momento. \u201cO sentimento \u00e9 de que \u00e9 uma grande honra ter sido instrumento e tamb\u00e9m sentimento de gratid\u00e3o. \u00c9 uma honra divina, uma honra que eu quero levar ao c\u00e9u e entregar \u00e0 Santa Dulce. Eu sou muito grato a ela pelo que ela fez comigo. Voltar a enxergar depois de 14 anos \u00e9 algo que eu n\u00e3o sei nem mensurar, nem dizer a alegria que eu sinto em palavras. \u00c9 uma emo\u00e7\u00e3o fora do comum, eu nunca vivi uma emo\u00e7\u00e3o t\u00e3o grande como estou vivendo agora. O cora\u00e7\u00e3o palpita dentro do peito, as pernas tremem\u201d, disse Jos\u00e9 Maur\u00edcio.<\/p>\n<p>O ponto alto dos festejos teve in\u00edcio \u00e0s 17h, com a celebra\u00e7\u00e3o da Santa Missa, presidida pelo Arcebispo de Salvador e Primaz do Brasil, Dom Murilo Krieger, e concelebrada por 32 Arcebispos e bispos, entre eles o nosso bispo diocesano, Dom Jailton de Oliveira Lino e por 620 padres das mais diversas regi\u00f5es do Brasil. \u201cHoje \u00e9 um dia de festa, Santa Dulce dos Pobres. Mas aprendemos com a senhora a ser realistas. Assim, sabemos que, se sairmos agora pelas ruas de nossa cidade, de nosso Estado ou de nosso pa\u00eds, veremos que h\u00e1 muitas pessoas que a deixariam inquieta. Sim, h\u00e1 muito a ser feito, para que as desigualdades entre os filhos e as filhas de Deus sejam superadas; para que o amor aproxime os diferentes, e os necessitados tenham parte na distribui\u00e7\u00e3o das riquezas que Deus deixou para todos os seus filhos e filhas. A senhora fez a sua parte. Cabe-nos, agora, imit\u00e1-la e fazer a nossa parte; cabe-nos multiplicar-nos, n\u00e3o permitindo que nos atinja o v\u00edrus do individualismo ou o da indiferen\u00e7a. A mundo precisa de muitas \u2018Irm\u00e3s Dulce\u2019\u201d, disse Dom Murilo durante a homilia.<\/p>\n<p>Ap\u00f3s a Celebra\u00e7\u00e3o Eucar\u00edstica, mais um momento emocionante: a imagem da Santa Dulce dos Pobres foi conduzida pela Arena Fonte Nova. Neste momento, as luzes da Arena foram apagadas e os fi\u00e9is foram convidados a acender as lanternas dos celulares. \u201cIrm\u00e3 Dulce representa, para mim, um anjo de Deus e vai ser para sempre, no meu cora\u00e7\u00e3o, por que uma pessoa que ajuda os pobres de cora\u00e7\u00e3o tem o seu lugar l\u00e1 em cima; e ela vivia para os pobres, para fazer a caridade\u201d, disse a fiel Joana Oliveira Santos.<\/p>\n<p>Por PASCOM Arquidiocese de Salvador<\/p>\n<p>Texto: Sara Gomes &#8211; Adaptado por Arnaldo Santos.<\/p>\n<p>[su_note note_color=&#8221;#f3b418&#8243; text_color=&#8221;#ffffff&#8221;]Confira as fotos na galeria[\/su_note]<\/p>\n<div id='gallery-1' class='gallery galleryid-8487 gallery-columns-4 gallery-size-medium'><figure class='gallery-item'>\n\t\t\t<div class='gallery-icon landscape'>\n\t\t\t\t<a href='https:\/\/dioceseteixeiradefreitas.com.br\/wp-content\/uploads\/2019\/10\/Irm\u00e3Dulce.jpeg'><img loading=\"lazy\" decoding=\"async\" width=\"300\" height=\"200\" src=\"https:\/\/dioceseteixeiradefreitas.com.br\/wp-content\/uploads\/2019\/10\/Irm\u00e3Dulce-300x200.jpeg\" class=\"attachment-medium size-medium\" alt=\"\" srcset=\"https:\/\/dioceseteixeiradefreitas.com.br\/wp-content\/uploads\/2019\/10\/Irm\u00e3Dulce-300x200.jpeg 300w, https:\/\/dioceseteixeiradefreitas.com.br\/wp-content\/uploads\/2019\/10\/Irm\u00e3Dulce-600x400.jpeg 600w, https:\/\/dioceseteixeiradefreitas.com.br\/wp-content\/uploads\/2019\/10\/Irm\u00e3Dulce-768x512.jpeg 768w, https:\/\/dioceseteixeiradefreitas.com.br\/wp-content\/uploads\/2019\/10\/Irm\u00e3Dulce-1024x682.jpeg 1024w, https:\/\/dioceseteixeiradefreitas.com.br\/wp-content\/uploads\/2019\/10\/Irm\u00e3Dulce.jpeg 1280w\" sizes=\"auto, (max-width: 300px) 100vw, 300px\" \/><\/a>\n\t\t\t<\/div><\/figure><figure class='gallery-item'>\n\t\t\t<div class='gallery-icon landscape'>\n\t\t\t\t<a href='https:\/\/dioceseteixeiradefreitas.com.br\/wp-content\/uploads\/2019\/10\/Missa-Arena-Fonte-Nova-Santa-Dulce-dos-Pobres-Fotos-F\u00e1bio-Silva-42.jpg'><img loading=\"lazy\" decoding=\"async\" width=\"300\" height=\"200\" src=\"https:\/\/dioceseteixeiradefreitas.com.br\/wp-content\/uploads\/2019\/10\/Missa-Arena-Fonte-Nova-Santa-Dulce-dos-Pobres-Fotos-F\u00e1bio-Silva-42-300x200.jpg\" class=\"attachment-medium size-medium\" alt=\"\" srcset=\"https:\/\/dioceseteixeiradefreitas.com.br\/wp-content\/uploads\/2019\/10\/Missa-Arena-Fonte-Nova-Santa-Dulce-dos-Pobres-Fotos-F\u00e1bio-Silva-42-300x200.jpg 300w, https:\/\/dioceseteixeiradefreitas.com.br\/wp-content\/uploads\/2019\/10\/Missa-Arena-Fonte-Nova-Santa-Dulce-dos-Pobres-Fotos-F\u00e1bio-Silva-42-600x400.jpg 600w, https:\/\/dioceseteixeiradefreitas.com.br\/wp-content\/uploads\/2019\/10\/Missa-Arena-Fonte-Nova-Santa-Dulce-dos-Pobres-Fotos-F\u00e1bio-Silva-42-768x512.jpg 768w, https:\/\/dioceseteixeiradefreitas.com.br\/wp-content\/uploads\/2019\/10\/Missa-Arena-Fonte-Nova-Santa-Dulce-dos-Pobres-Fotos-F\u00e1bio-Silva-42.jpg 1000w\" sizes=\"auto, (max-width: 300px) 100vw, 300px\" \/><\/a>\n\t\t\t<\/div><\/figure><figure class='gallery-item'>\n\t\t\t<div class='gallery-icon landscape'>\n\t\t\t\t<a href='https:\/\/dioceseteixeiradefreitas.com.br\/wp-content\/uploads\/2019\/10\/Missa-Arena-Fonte-Nova-Santa-Dulce-dos-Pobres-Fotos-Ant\u00f4nio-Jos\u00e9-4.jpg'><img loading=\"lazy\" decoding=\"async\" width=\"300\" height=\"181\" src=\"https:\/\/dioceseteixeiradefreitas.com.br\/wp-content\/uploads\/2019\/10\/Missa-Arena-Fonte-Nova-Santa-Dulce-dos-Pobres-Fotos-Ant\u00f4nio-Jos\u00e9-4-300x181.jpg\" class=\"attachment-medium size-medium\" alt=\"\" srcset=\"https:\/\/dioceseteixeiradefreitas.com.br\/wp-content\/uploads\/2019\/10\/Missa-Arena-Fonte-Nova-Santa-Dulce-dos-Pobres-Fotos-Ant\u00f4nio-Jos\u00e9-4-300x181.jpg 300w, https:\/\/dioceseteixeiradefreitas.com.br\/wp-content\/uploads\/2019\/10\/Missa-Arena-Fonte-Nova-Santa-Dulce-dos-Pobres-Fotos-Ant\u00f4nio-Jos\u00e9-4-600x362.jpg 600w, https:\/\/dioceseteixeiradefreitas.com.br\/wp-content\/uploads\/2019\/10\/Missa-Arena-Fonte-Nova-Santa-Dulce-dos-Pobres-Fotos-Ant\u00f4nio-Jos\u00e9-4-768x464.jpg 768w, https:\/\/dioceseteixeiradefreitas.com.br\/wp-content\/uploads\/2019\/10\/Missa-Arena-Fonte-Nova-Santa-Dulce-dos-Pobres-Fotos-Ant\u00f4nio-Jos\u00e9-4.jpg 1000w\" sizes=\"auto, (max-width: 300px) 100vw, 300px\" \/><\/a>\n\t\t\t<\/div><\/figure><figure class='gallery-item'>\n\t\t\t<div class='gallery-icon landscape'>\n\t\t\t\t<a href='https:\/\/dioceseteixeiradefreitas.com.br\/wp-content\/uploads\/2019\/10\/Missa-Arena-Fonte-Nova-Santa-Dulce-dos-Pobres-Fotos-Ant\u00f4nio-Jos\u00e9-8.jpg'><img loading=\"lazy\" decoding=\"async\" width=\"300\" height=\"200\" src=\"https:\/\/dioceseteixeiradefreitas.com.br\/wp-content\/uploads\/2019\/10\/Missa-Arena-Fonte-Nova-Santa-Dulce-dos-Pobres-Fotos-Ant\u00f4nio-Jos\u00e9-8-300x200.jpg\" class=\"attachment-medium size-medium\" alt=\"\" srcset=\"https:\/\/dioceseteixeiradefreitas.com.br\/wp-content\/uploads\/2019\/10\/Missa-Arena-Fonte-Nova-Santa-Dulce-dos-Pobres-Fotos-Ant\u00f4nio-Jos\u00e9-8-300x200.jpg 300w, https:\/\/dioceseteixeiradefreitas.com.br\/wp-content\/uploads\/2019\/10\/Missa-Arena-Fonte-Nova-Santa-Dulce-dos-Pobres-Fotos-Ant\u00f4nio-Jos\u00e9-8-600x401.jpg 600w, https:\/\/dioceseteixeiradefreitas.com.br\/wp-content\/uploads\/2019\/10\/Missa-Arena-Fonte-Nova-Santa-Dulce-dos-Pobres-Fotos-Ant\u00f4nio-Jos\u00e9-8-768x513.jpg 768w, https:\/\/dioceseteixeiradefreitas.com.br\/wp-content\/uploads\/2019\/10\/Missa-Arena-Fonte-Nova-Santa-Dulce-dos-Pobres-Fotos-Ant\u00f4nio-Jos\u00e9-8.jpg 1000w\" sizes=\"auto, (max-width: 300px) 100vw, 300px\" \/><\/a>\n\t\t\t<\/div><\/figure><figure class='gallery-item'>\n\t\t\t<div class='gallery-icon landscape'>\n\t\t\t\t<a href='https:\/\/dioceseteixeiradefreitas.com.br\/wp-content\/uploads\/2019\/10\/Missa-Arena-Fonte-Nova-Santa-Dulce-dos-Pobres-Fotos-Ant\u00f4nio-Jos\u00e9-10.jpg'><img loading=\"lazy\" decoding=\"async\" width=\"300\" height=\"200\" src=\"https:\/\/dioceseteixeiradefreitas.com.br\/wp-content\/uploads\/2019\/10\/Missa-Arena-Fonte-Nova-Santa-Dulce-dos-Pobres-Fotos-Ant\u00f4nio-Jos\u00e9-10-300x200.jpg\" class=\"attachment-medium size-medium\" alt=\"\" srcset=\"https:\/\/dioceseteixeiradefreitas.com.br\/wp-content\/uploads\/2019\/10\/Missa-Arena-Fonte-Nova-Santa-Dulce-dos-Pobres-Fotos-Ant\u00f4nio-Jos\u00e9-10-300x200.jpg 300w, https:\/\/dioceseteixeiradefreitas.com.br\/wp-content\/uploads\/2019\/10\/Missa-Arena-Fonte-Nova-Santa-Dulce-dos-Pobres-Fotos-Ant\u00f4nio-Jos\u00e9-10-600x401.jpg 600w, https:\/\/dioceseteixeiradefreitas.com.br\/wp-content\/uploads\/2019\/10\/Missa-Arena-Fonte-Nova-Santa-Dulce-dos-Pobres-Fotos-Ant\u00f4nio-Jos\u00e9-10-768x513.jpg 768w, https:\/\/dioceseteixeiradefreitas.com.br\/wp-content\/uploads\/2019\/10\/Missa-Arena-Fonte-Nova-Santa-Dulce-dos-Pobres-Fotos-Ant\u00f4nio-Jos\u00e9-10.jpg 1000w\" sizes=\"auto, (max-width: 300px) 100vw, 300px\" \/><\/a>\n\t\t\t<\/div><\/figure><figure class='gallery-item'>\n\t\t\t<div class='gallery-icon landscape'>\n\t\t\t\t<a href='https:\/\/dioceseteixeiradefreitas.com.br\/wp-content\/uploads\/2019\/10\/Missa-Arena-Fonte-Nova-Santa-Dulce-dos-Pobres-Fotos-Ant\u00f4nio-Jos\u00e9-17.jpg'><img loading=\"lazy\" decoding=\"async\" width=\"300\" height=\"200\" src=\"https:\/\/dioceseteixeiradefreitas.com.br\/wp-content\/uploads\/2019\/10\/Missa-Arena-Fonte-Nova-Santa-Dulce-dos-Pobres-Fotos-Ant\u00f4nio-Jos\u00e9-17-300x200.jpg\" class=\"attachment-medium size-medium\" alt=\"\" srcset=\"https:\/\/dioceseteixeiradefreitas.com.br\/wp-content\/uploads\/2019\/10\/Missa-Arena-Fonte-Nova-Santa-Dulce-dos-Pobres-Fotos-Ant\u00f4nio-Jos\u00e9-17-300x200.jpg 300w, https:\/\/dioceseteixeiradefreitas.com.br\/wp-content\/uploads\/2019\/10\/Missa-Arena-Fonte-Nova-Santa-Dulce-dos-Pobres-Fotos-Ant\u00f4nio-Jos\u00e9-17-600x401.jpg 600w, https:\/\/dioceseteixeiradefreitas.com.br\/wp-content\/uploads\/2019\/10\/Missa-Arena-Fonte-Nova-Santa-Dulce-dos-Pobres-Fotos-Ant\u00f4nio-Jos\u00e9-17-768x513.jpg 768w, https:\/\/dioceseteixeiradefreitas.com.br\/wp-content\/uploads\/2019\/10\/Missa-Arena-Fonte-Nova-Santa-Dulce-dos-Pobres-Fotos-Ant\u00f4nio-Jos\u00e9-17.jpg 1000w\" sizes=\"auto, (max-width: 300px) 100vw, 300px\" \/><\/a>\n\t\t\t<\/div><\/figure><figure class='gallery-item'>\n\t\t\t<div class='gallery-icon portrait'>\n\t\t\t\t<a href='https:\/\/dioceseteixeiradefreitas.com.br\/wp-content\/uploads\/2019\/10\/Missa-Arena-Fonte-Nova-Santa-Dulce-dos-Pobres-Fotos-Ant\u00f4nio-Jos\u00e9-21.jpg'><img loading=\"lazy\" decoding=\"async\" width=\"200\" height=\"300\" src=\"https:\/\/dioceseteixeiradefreitas.com.br\/wp-content\/uploads\/2019\/10\/Missa-Arena-Fonte-Nova-Santa-Dulce-dos-Pobres-Fotos-Ant\u00f4nio-Jos\u00e9-21-200x300.jpg\" class=\"attachment-medium size-medium\" alt=\"\" srcset=\"https:\/\/dioceseteixeiradefreitas.com.br\/wp-content\/uploads\/2019\/10\/Missa-Arena-Fonte-Nova-Santa-Dulce-dos-Pobres-Fotos-Ant\u00f4nio-Jos\u00e9-21-200x300.jpg 200w, https:\/\/dioceseteixeiradefreitas.com.br\/wp-content\/uploads\/2019\/10\/Missa-Arena-Fonte-Nova-Santa-Dulce-dos-Pobres-Fotos-Ant\u00f4nio-Jos\u00e9-21-600x898.jpg 600w, https:\/\/dioceseteixeiradefreitas.com.br\/wp-content\/uploads\/2019\/10\/Missa-Arena-Fonte-Nova-Santa-Dulce-dos-Pobres-Fotos-Ant\u00f4nio-Jos\u00e9-21.jpg 668w\" sizes=\"auto, (max-width: 200px) 100vw, 200px\" \/><\/a>\n\t\t\t<\/div><\/figure><figure class='gallery-item'>\n\t\t\t<div class='gallery-icon landscape'>\n\t\t\t\t<a href='https:\/\/dioceseteixeiradefreitas.com.br\/wp-content\/uploads\/2019\/10\/Missa-Arena-Fonte-Nova-Santa-Dulce-dos-Pobres-Fotos-Ant\u00f4nio-Jos\u00e9-22.jpg'><img loading=\"lazy\" decoding=\"async\" width=\"300\" height=\"200\" src=\"https:\/\/dioceseteixeiradefreitas.com.br\/wp-content\/uploads\/2019\/10\/Missa-Arena-Fonte-Nova-Santa-Dulce-dos-Pobres-Fotos-Ant\u00f4nio-Jos\u00e9-22-300x200.jpg\" class=\"attachment-medium size-medium\" alt=\"\" srcset=\"https:\/\/dioceseteixeiradefreitas.com.br\/wp-content\/uploads\/2019\/10\/Missa-Arena-Fonte-Nova-Santa-Dulce-dos-Pobres-Fotos-Ant\u00f4nio-Jos\u00e9-22-300x200.jpg 300w, https:\/\/dioceseteixeiradefreitas.com.br\/wp-content\/uploads\/2019\/10\/Missa-Arena-Fonte-Nova-Santa-Dulce-dos-Pobres-Fotos-Ant\u00f4nio-Jos\u00e9-22-600x401.jpg 600w, https:\/\/dioceseteixeiradefreitas.com.br\/wp-content\/uploads\/2019\/10\/Missa-Arena-Fonte-Nova-Santa-Dulce-dos-Pobres-Fotos-Ant\u00f4nio-Jos\u00e9-22-768x513.jpg 768w, https:\/\/dioceseteixeiradefreitas.com.br\/wp-content\/uploads\/2019\/10\/Missa-Arena-Fonte-Nova-Santa-Dulce-dos-Pobres-Fotos-Ant\u00f4nio-Jos\u00e9-22.jpg 1000w\" sizes=\"auto, (max-width: 300px) 100vw, 300px\" \/><\/a>\n\t\t\t<\/div><\/figure><figure class='gallery-item'>\n\t\t\t<div class='gallery-icon landscape'>\n\t\t\t\t<a href='https:\/\/dioceseteixeiradefreitas.com.br\/wp-content\/uploads\/2019\/10\/Missa-Arena-Fonte-Nova-Santa-Dulce-dos-Pobres-Fotos-Ant\u00f4nio-Jos\u00e9-23.jpg'><img loading=\"lazy\" decoding=\"async\" width=\"300\" height=\"200\" src=\"https:\/\/dioceseteixeiradefreitas.com.br\/wp-content\/uploads\/2019\/10\/Missa-Arena-Fonte-Nova-Santa-Dulce-dos-Pobres-Fotos-Ant\u00f4nio-Jos\u00e9-23-300x200.jpg\" class=\"attachment-medium size-medium\" alt=\"\" srcset=\"https:\/\/dioceseteixeiradefreitas.com.br\/wp-content\/uploads\/2019\/10\/Missa-Arena-Fonte-Nova-Santa-Dulce-dos-Pobres-Fotos-Ant\u00f4nio-Jos\u00e9-23-300x200.jpg 300w, https:\/\/dioceseteixeiradefreitas.com.br\/wp-content\/uploads\/2019\/10\/Missa-Arena-Fonte-Nova-Santa-Dulce-dos-Pobres-Fotos-Ant\u00f4nio-Jos\u00e9-23-600x401.jpg 600w, https:\/\/dioceseteixeiradefreitas.com.br\/wp-content\/uploads\/2019\/10\/Missa-Arena-Fonte-Nova-Santa-Dulce-dos-Pobres-Fotos-Ant\u00f4nio-Jos\u00e9-23-768x513.jpg 768w, https:\/\/dioceseteixeiradefreitas.com.br\/wp-content\/uploads\/2019\/10\/Missa-Arena-Fonte-Nova-Santa-Dulce-dos-Pobres-Fotos-Ant\u00f4nio-Jos\u00e9-23.jpg 1000w\" sizes=\"auto, (max-width: 300px) 100vw, 300px\" \/><\/a>\n\t\t\t<\/div><\/figure><figure class='gallery-item'>\n\t\t\t<div class='gallery-icon landscape'>\n\t\t\t\t<a href='https:\/\/dioceseteixeiradefreitas.com.br\/wp-content\/uploads\/2019\/10\/Missa-Arena-Fonte-Nova-Santa-Dulce-dos-Pobres-Fotos-Ant\u00f4nio-Jos\u00e9-25.jpg'><img loading=\"lazy\" decoding=\"async\" width=\"300\" height=\"200\" src=\"https:\/\/dioceseteixeiradefreitas.com.br\/wp-content\/uploads\/2019\/10\/Missa-Arena-Fonte-Nova-Santa-Dulce-dos-Pobres-Fotos-Ant\u00f4nio-Jos\u00e9-25-300x200.jpg\" class=\"attachment-medium size-medium\" alt=\"\" srcset=\"https:\/\/dioceseteixeiradefreitas.com.br\/wp-content\/uploads\/2019\/10\/Missa-Arena-Fonte-Nova-Santa-Dulce-dos-Pobres-Fotos-Ant\u00f4nio-Jos\u00e9-25-300x200.jpg 300w, https:\/\/dioceseteixeiradefreitas.com.br\/wp-content\/uploads\/2019\/10\/Missa-Arena-Fonte-Nova-Santa-Dulce-dos-Pobres-Fotos-Ant\u00f4nio-Jos\u00e9-25-600x401.jpg 600w, https:\/\/dioceseteixeiradefreitas.com.br\/wp-content\/uploads\/2019\/10\/Missa-Arena-Fonte-Nova-Santa-Dulce-dos-Pobres-Fotos-Ant\u00f4nio-Jos\u00e9-25-768x513.jpg 768w, https:\/\/dioceseteixeiradefreitas.com.br\/wp-content\/uploads\/2019\/10\/Missa-Arena-Fonte-Nova-Santa-Dulce-dos-Pobres-Fotos-Ant\u00f4nio-Jos\u00e9-25.jpg 1000w\" sizes=\"auto, (max-width: 300px) 100vw, 300px\" \/><\/a>\n\t\t\t<\/div><\/figure><figure class='gallery-item'>\n\t\t\t<div class='gallery-icon landscape'>\n\t\t\t\t<a href='https:\/\/dioceseteixeiradefreitas.com.br\/wp-content\/uploads\/2019\/10\/Missa-Arena-Fonte-Nova-Santa-Dulce-dos-Pobres-Fotos-Ant\u00f4nio-Jos\u00e9-39.jpg'><img loading=\"lazy\" decoding=\"async\" width=\"300\" height=\"200\" src=\"https:\/\/dioceseteixeiradefreitas.com.br\/wp-content\/uploads\/2019\/10\/Missa-Arena-Fonte-Nova-Santa-Dulce-dos-Pobres-Fotos-Ant\u00f4nio-Jos\u00e9-39-300x200.jpg\" class=\"attachment-medium size-medium\" alt=\"\" srcset=\"https:\/\/dioceseteixeiradefreitas.com.br\/wp-content\/uploads\/2019\/10\/Missa-Arena-Fonte-Nova-Santa-Dulce-dos-Pobres-Fotos-Ant\u00f4nio-Jos\u00e9-39-300x200.jpg 300w, https:\/\/dioceseteixeiradefreitas.com.br\/wp-content\/uploads\/2019\/10\/Missa-Arena-Fonte-Nova-Santa-Dulce-dos-Pobres-Fotos-Ant\u00f4nio-Jos\u00e9-39-600x401.jpg 600w, https:\/\/dioceseteixeiradefreitas.com.br\/wp-content\/uploads\/2019\/10\/Missa-Arena-Fonte-Nova-Santa-Dulce-dos-Pobres-Fotos-Ant\u00f4nio-Jos\u00e9-39-768x513.jpg 768w, https:\/\/dioceseteixeiradefreitas.com.br\/wp-content\/uploads\/2019\/10\/Missa-Arena-Fonte-Nova-Santa-Dulce-dos-Pobres-Fotos-Ant\u00f4nio-Jos\u00e9-39.jpg 1000w\" sizes=\"auto, (max-width: 300px) 100vw, 300px\" \/><\/a>\n\t\t\t<\/div><\/figure><figure class='gallery-item'>\n\t\t\t<div class='gallery-icon landscape'>\n\t\t\t\t<a href='https:\/\/dioceseteixeiradefreitas.com.br\/wp-content\/uploads\/2019\/10\/Missa-Arena-Fonte-Nova-Santa-Dulce-dos-Pobres-Fotos-Catiane-Leandro-2.jpg'><img loading=\"lazy\" decoding=\"async\" width=\"300\" height=\"202\" src=\"https:\/\/dioceseteixeiradefreitas.com.br\/wp-content\/uploads\/2019\/10\/Missa-Arena-Fonte-Nova-Santa-Dulce-dos-Pobres-Fotos-Catiane-Leandro-2-300x202.jpg\" class=\"attachment-medium size-medium\" alt=\"\" srcset=\"https:\/\/dioceseteixeiradefreitas.com.br\/wp-content\/uploads\/2019\/10\/Missa-Arena-Fonte-Nova-Santa-Dulce-dos-Pobres-Fotos-Catiane-Leandro-2-300x202.jpg 300w, https:\/\/dioceseteixeiradefreitas.com.br\/wp-content\/uploads\/2019\/10\/Missa-Arena-Fonte-Nova-Santa-Dulce-dos-Pobres-Fotos-Catiane-Leandro-2-600x403.jpg 600w, https:\/\/dioceseteixeiradefreitas.com.br\/wp-content\/uploads\/2019\/10\/Missa-Arena-Fonte-Nova-Santa-Dulce-dos-Pobres-Fotos-Catiane-Leandro-2-768x516.jpg 768w, https:\/\/dioceseteixeiradefreitas.com.br\/wp-content\/uploads\/2019\/10\/Missa-Arena-Fonte-Nova-Santa-Dulce-dos-Pobres-Fotos-Catiane-Leandro-2.jpg 1000w\" sizes=\"auto, (max-width: 300px) 100vw, 300px\" \/><\/a>\n\t\t\t<\/div><\/figure><figure class='gallery-item'>\n\t\t\t<div class='gallery-icon landscape'>\n\t\t\t\t<a href='https:\/\/dioceseteixeiradefreitas.com.br\/wp-content\/uploads\/2019\/10\/Missa-Arena-Fonte-Nova-Santa-Dulce-dos-Pobres-Fotos-Catiane-Leandro-10.jpg'><img loading=\"lazy\" decoding=\"async\" width=\"300\" height=\"200\" src=\"https:\/\/dioceseteixeiradefreitas.com.br\/wp-content\/uploads\/2019\/10\/Missa-Arena-Fonte-Nova-Santa-Dulce-dos-Pobres-Fotos-Catiane-Leandro-10-300x200.jpg\" class=\"attachment-medium size-medium\" alt=\"\" srcset=\"https:\/\/dioceseteixeiradefreitas.com.br\/wp-content\/uploads\/2019\/10\/Missa-Arena-Fonte-Nova-Santa-Dulce-dos-Pobres-Fotos-Catiane-Leandro-10-300x200.jpg 300w, https:\/\/dioceseteixeiradefreitas.com.br\/wp-content\/uploads\/2019\/10\/Missa-Arena-Fonte-Nova-Santa-Dulce-dos-Pobres-Fotos-Catiane-Leandro-10-600x400.jpg 600w, https:\/\/dioceseteixeiradefreitas.com.br\/wp-content\/uploads\/2019\/10\/Missa-Arena-Fonte-Nova-Santa-Dulce-dos-Pobres-Fotos-Catiane-Leandro-10-768x512.jpg 768w, https:\/\/dioceseteixeiradefreitas.com.br\/wp-content\/uploads\/2019\/10\/Missa-Arena-Fonte-Nova-Santa-Dulce-dos-Pobres-Fotos-Catiane-Leandro-10.jpg 1000w\" sizes=\"auto, (max-width: 300px) 100vw, 300px\" \/><\/a>\n\t\t\t<\/div><\/figure><figure class='gallery-item'>\n\t\t\t<div class='gallery-icon landscape'>\n\t\t\t\t<a href='https:\/\/dioceseteixeiradefreitas.com.br\/wp-content\/uploads\/2019\/10\/Missa-Arena-Fonte-Nova-Santa-Dulce-dos-Pobres-Fotos-Catiane-Leandro-16.jpg'><img loading=\"lazy\" decoding=\"async\" width=\"300\" height=\"200\" src=\"https:\/\/dioceseteixeiradefreitas.com.br\/wp-content\/uploads\/2019\/10\/Missa-Arena-Fonte-Nova-Santa-Dulce-dos-Pobres-Fotos-Catiane-Leandro-16-300x200.jpg\" class=\"attachment-medium size-medium\" alt=\"\" srcset=\"https:\/\/dioceseteixeiradefreitas.com.br\/wp-content\/uploads\/2019\/10\/Missa-Arena-Fonte-Nova-Santa-Dulce-dos-Pobres-Fotos-Catiane-Leandro-16-300x200.jpg 300w, https:\/\/dioceseteixeiradefreitas.com.br\/wp-content\/uploads\/2019\/10\/Missa-Arena-Fonte-Nova-Santa-Dulce-dos-Pobres-Fotos-Catiane-Leandro-16-600x400.jpg 600w, https:\/\/dioceseteixeiradefreitas.com.br\/wp-content\/uploads\/2019\/10\/Missa-Arena-Fonte-Nova-Santa-Dulce-dos-Pobres-Fotos-Catiane-Leandro-16-768x512.jpg 768w, https:\/\/dioceseteixeiradefreitas.com.br\/wp-content\/uploads\/2019\/10\/Missa-Arena-Fonte-Nova-Santa-Dulce-dos-Pobres-Fotos-Catiane-Leandro-16.jpg 1000w\" sizes=\"auto, (max-width: 300px) 100vw, 300px\" \/><\/a>\n\t\t\t<\/div><\/figure><figure class='gallery-item'>\n\t\t\t<div class='gallery-icon landscape'>\n\t\t\t\t<a href='https:\/\/dioceseteixeiradefreitas.com.br\/wp-content\/uploads\/2019\/10\/Missa-Arena-Fonte-Nova-Santa-Dulce-dos-Pobres-Fotos-Catiane-Leandro-17.jpg'><img loading=\"lazy\" decoding=\"async\" width=\"300\" height=\"200\" src=\"https:\/\/dioceseteixeiradefreitas.com.br\/wp-content\/uploads\/2019\/10\/Missa-Arena-Fonte-Nova-Santa-Dulce-dos-Pobres-Fotos-Catiane-Leandro-17-300x200.jpg\" class=\"attachment-medium size-medium\" alt=\"\" srcset=\"https:\/\/dioceseteixeiradefreitas.com.br\/wp-content\/uploads\/2019\/10\/Missa-Arena-Fonte-Nova-Santa-Dulce-dos-Pobres-Fotos-Catiane-Leandro-17-300x200.jpg 300w, https:\/\/dioceseteixeiradefreitas.com.br\/wp-content\/uploads\/2019\/10\/Missa-Arena-Fonte-Nova-Santa-Dulce-dos-Pobres-Fotos-Catiane-Leandro-17-600x400.jpg 600w, https:\/\/dioceseteixeiradefreitas.com.br\/wp-content\/uploads\/2019\/10\/Missa-Arena-Fonte-Nova-Santa-Dulce-dos-Pobres-Fotos-Catiane-Leandro-17-768x512.jpg 768w, https:\/\/dioceseteixeiradefreitas.com.br\/wp-content\/uploads\/2019\/10\/Missa-Arena-Fonte-Nova-Santa-Dulce-dos-Pobres-Fotos-Catiane-Leandro-17.jpg 1000w\" sizes=\"auto, (max-width: 300px) 100vw, 300px\" \/><\/a>\n\t\t\t<\/div><\/figure><figure class='gallery-item'>\n\t\t\t<div class='gallery-icon landscape'>\n\t\t\t\t<a href='https:\/\/dioceseteixeiradefreitas.com.br\/wp-content\/uploads\/2019\/10\/Missa-Arena-Fonte-Nova-Santa-Dulce-dos-Pobres-Fotos-Catiane-Leandro-31.jpg'><img loading=\"lazy\" decoding=\"async\" width=\"300\" height=\"200\" src=\"https:\/\/dioceseteixeiradefreitas.com.br\/wp-content\/uploads\/2019\/10\/Missa-Arena-Fonte-Nova-Santa-Dulce-dos-Pobres-Fotos-Catiane-Leandro-31-300x200.jpg\" class=\"attachment-medium size-medium\" alt=\"\" srcset=\"https:\/\/dioceseteixeiradefreitas.com.br\/wp-content\/uploads\/2019\/10\/Missa-Arena-Fonte-Nova-Santa-Dulce-dos-Pobres-Fotos-Catiane-Leandro-31-300x200.jpg 300w, https:\/\/dioceseteixeiradefreitas.com.br\/wp-content\/uploads\/2019\/10\/Missa-Arena-Fonte-Nova-Santa-Dulce-dos-Pobres-Fotos-Catiane-Leandro-31-600x400.jpg 600w, https:\/\/dioceseteixeiradefreitas.com.br\/wp-content\/uploads\/2019\/10\/Missa-Arena-Fonte-Nova-Santa-Dulce-dos-Pobres-Fotos-Catiane-Leandro-31-768x512.jpg 768w, https:\/\/dioceseteixeiradefreitas.com.br\/wp-content\/uploads\/2019\/10\/Missa-Arena-Fonte-Nova-Santa-Dulce-dos-Pobres-Fotos-Catiane-Leandro-31.jpg 1000w\" sizes=\"auto, (max-width: 300px) 100vw, 300px\" \/><\/a>\n\t\t\t<\/div><\/figure><figure class='gallery-item'>\n\t\t\t<div class='gallery-icon landscape'>\n\t\t\t\t<a href='https:\/\/dioceseteixeiradefreitas.com.br\/wp-content\/uploads\/2019\/10\/1d2485ab-aa6b-468b-a3ed-c3109259203b.jpg'><img loading=\"lazy\" decoding=\"async\" width=\"300\" height=\"225\" src=\"https:\/\/dioceseteixeiradefreitas.com.br\/wp-content\/uploads\/2019\/10\/1d2485ab-aa6b-468b-a3ed-c3109259203b-300x225.jpg\" class=\"attachment-medium size-medium\" alt=\"\" srcset=\"https:\/\/dioceseteixeiradefreitas.com.br\/wp-content\/uploads\/2019\/10\/1d2485ab-aa6b-468b-a3ed-c3109259203b-300x225.jpg 300w, https:\/\/dioceseteixeiradefreitas.com.br\/wp-content\/uploads\/2019\/10\/1d2485ab-aa6b-468b-a3ed-c3109259203b-600x450.jpg 600w, https:\/\/dioceseteixeiradefreitas.com.br\/wp-content\/uploads\/2019\/10\/1d2485ab-aa6b-468b-a3ed-c3109259203b-768x576.jpg 768w, https:\/\/dioceseteixeiradefreitas.com.br\/wp-content\/uploads\/2019\/10\/1d2485ab-aa6b-468b-a3ed-c3109259203b-1024x768.jpg 1024w, https:\/\/dioceseteixeiradefreitas.com.br\/wp-content\/uploads\/2019\/10\/1d2485ab-aa6b-468b-a3ed-c3109259203b.jpg 1280w\" sizes=\"auto, (max-width: 300px) 100vw, 300px\" \/><\/a>\n\t\t\t<\/div><\/figure><figure class='gallery-item'>\n\t\t\t<div class='gallery-icon landscape'>\n\t\t\t\t<a href='https:\/\/dioceseteixeiradefreitas.com.br\/wp-content\/uploads\/2019\/10\/Missa-Arena-Fonte-Nova-Santa-Dulce-dos-Pobres-Fotos-Catiane-Leandro-52.jpg'><img loading=\"lazy\" decoding=\"async\" width=\"300\" height=\"200\" src=\"https:\/\/dioceseteixeiradefreitas.com.br\/wp-content\/uploads\/2019\/10\/Missa-Arena-Fonte-Nova-Santa-Dulce-dos-Pobres-Fotos-Catiane-Leandro-52-300x200.jpg\" class=\"attachment-medium size-medium\" alt=\"\" srcset=\"https:\/\/dioceseteixeiradefreitas.com.br\/wp-content\/uploads\/2019\/10\/Missa-Arena-Fonte-Nova-Santa-Dulce-dos-Pobres-Fotos-Catiane-Leandro-52-300x200.jpg 300w, https:\/\/dioceseteixeiradefreitas.com.br\/wp-content\/uploads\/2019\/10\/Missa-Arena-Fonte-Nova-Santa-Dulce-dos-Pobres-Fotos-Catiane-Leandro-52-600x400.jpg 600w, https:\/\/dioceseteixeiradefreitas.com.br\/wp-content\/uploads\/2019\/10\/Missa-Arena-Fonte-Nova-Santa-Dulce-dos-Pobres-Fotos-Catiane-Leandro-52-768x512.jpg 768w, https:\/\/dioceseteixeiradefreitas.com.br\/wp-content\/uploads\/2019\/10\/Missa-Arena-Fonte-Nova-Santa-Dulce-dos-Pobres-Fotos-Catiane-Leandro-52.jpg 1000w\" sizes=\"auto, (max-width: 300px) 100vw, 300px\" \/><\/a>\n\t\t\t<\/div><\/figure><figure class='gallery-item'>\n\t\t\t<div class='gallery-icon landscape'>\n\t\t\t\t<a href='https:\/\/dioceseteixeiradefreitas.com.br\/wp-content\/uploads\/2019\/10\/Missa-Arena-Fonte-Nova-Santa-Dulce-dos-Pobres-Fotos-Catiane-Leandro-63.jpg'><img loading=\"lazy\" decoding=\"async\" width=\"300\" height=\"200\" src=\"https:\/\/dioceseteixeiradefreitas.com.br\/wp-content\/uploads\/2019\/10\/Missa-Arena-Fonte-Nova-Santa-Dulce-dos-Pobres-Fotos-Catiane-Leandro-63-300x200.jpg\" class=\"attachment-medium size-medium\" alt=\"\" srcset=\"https:\/\/dioceseteixeiradefreitas.com.br\/wp-content\/uploads\/2019\/10\/Missa-Arena-Fonte-Nova-Santa-Dulce-dos-Pobres-Fotos-Catiane-Leandro-63-300x200.jpg 300w, https:\/\/dioceseteixeiradefreitas.com.br\/wp-content\/uploads\/2019\/10\/Missa-Arena-Fonte-Nova-Santa-Dulce-dos-Pobres-Fotos-Catiane-Leandro-63-600x400.jpg 600w, https:\/\/dioceseteixeiradefreitas.com.br\/wp-content\/uploads\/2019\/10\/Missa-Arena-Fonte-Nova-Santa-Dulce-dos-Pobres-Fotos-Catiane-Leandro-63-768x512.jpg 768w, https:\/\/dioceseteixeiradefreitas.com.br\/wp-content\/uploads\/2019\/10\/Missa-Arena-Fonte-Nova-Santa-Dulce-dos-Pobres-Fotos-Catiane-Leandro-63.jpg 1000w\" sizes=\"auto, (max-width: 300px) 100vw, 300px\" \/><\/a>\n\t\t\t<\/div><\/figure><figure class='gallery-item'>\n\t\t\t<div class='gallery-icon landscape'>\n\t\t\t\t<a href='https:\/\/dioceseteixeiradefreitas.com.br\/wp-content\/uploads\/2019\/10\/Missa-Arena-Fonte-Nova-Santa-Dulce-dos-Pobres-Fotos-Catiane-Leandro-64.jpg'><img loading=\"lazy\" decoding=\"async\" width=\"300\" height=\"200\" src=\"https:\/\/dioceseteixeiradefreitas.com.br\/wp-content\/uploads\/2019\/10\/Missa-Arena-Fonte-Nova-Santa-Dulce-dos-Pobres-Fotos-Catiane-Leandro-64-300x200.jpg\" class=\"attachment-medium size-medium\" alt=\"\" srcset=\"https:\/\/dioceseteixeiradefreitas.com.br\/wp-content\/uploads\/2019\/10\/Missa-Arena-Fonte-Nova-Santa-Dulce-dos-Pobres-Fotos-Catiane-Leandro-64-300x200.jpg 300w, https:\/\/dioceseteixeiradefreitas.com.br\/wp-content\/uploads\/2019\/10\/Missa-Arena-Fonte-Nova-Santa-Dulce-dos-Pobres-Fotos-Catiane-Leandro-64-600x400.jpg 600w, https:\/\/dioceseteixeiradefreitas.com.br\/wp-content\/uploads\/2019\/10\/Missa-Arena-Fonte-Nova-Santa-Dulce-dos-Pobres-Fotos-Catiane-Leandro-64-768x512.jpg 768w, https:\/\/dioceseteixeiradefreitas.com.br\/wp-content\/uploads\/2019\/10\/Missa-Arena-Fonte-Nova-Santa-Dulce-dos-Pobres-Fotos-Catiane-Leandro-64.jpg 1000w\" sizes=\"auto, (max-width: 300px) 100vw, 300px\" \/><\/a>\n\t\t\t<\/div><\/figure><figure class='gallery-item'>\n\t\t\t<div class='gallery-icon landscape'>\n\t\t\t\t<a href='https:\/\/dioceseteixeiradefreitas.com.br\/wp-content\/uploads\/2019\/10\/Missa-Arena-Fonte-Nova-Santa-Dulce-dos-Pobres-Fotos-Catiane-Leandro-65.jpg'><img loading=\"lazy\" decoding=\"async\" width=\"300\" height=\"200\" src=\"https:\/\/dioceseteixeiradefreitas.com.br\/wp-content\/uploads\/2019\/10\/Missa-Arena-Fonte-Nova-Santa-Dulce-dos-Pobres-Fotos-Catiane-Leandro-65-300x200.jpg\" class=\"attachment-medium size-medium\" alt=\"\" srcset=\"https:\/\/dioceseteixeiradefreitas.com.br\/wp-content\/uploads\/2019\/10\/Missa-Arena-Fonte-Nova-Santa-Dulce-dos-Pobres-Fotos-Catiane-Leandro-65-300x200.jpg 300w, https:\/\/dioceseteixeiradefreitas.com.br\/wp-content\/uploads\/2019\/10\/Missa-Arena-Fonte-Nova-Santa-Dulce-dos-Pobres-Fotos-Catiane-Leandro-65-600x400.jpg 600w, https:\/\/dioceseteixeiradefreitas.com.br\/wp-content\/uploads\/2019\/10\/Missa-Arena-Fonte-Nova-Santa-Dulce-dos-Pobres-Fotos-Catiane-Leandro-65-768x512.jpg 768w, https:\/\/dioceseteixeiradefreitas.com.br\/wp-content\/uploads\/2019\/10\/Missa-Arena-Fonte-Nova-Santa-Dulce-dos-Pobres-Fotos-Catiane-Leandro-65.jpg 1000w\" sizes=\"auto, (max-width: 300px) 100vw, 300px\" \/><\/a>\n\t\t\t<\/div><\/figure><figure class='gallery-item'>\n\t\t\t<div class='gallery-icon landscape'>\n\t\t\t\t<a href='https:\/\/dioceseteixeiradefreitas.com.br\/wp-content\/uploads\/2019\/10\/Missa-Arena-Fonte-Nova-Santa-Dulce-dos-Pobres-Fotos-Catiane-Leandro-73.jpg'><img loading=\"lazy\" decoding=\"async\" width=\"300\" height=\"200\" src=\"https:\/\/dioceseteixeiradefreitas.com.br\/wp-content\/uploads\/2019\/10\/Missa-Arena-Fonte-Nova-Santa-Dulce-dos-Pobres-Fotos-Catiane-Leandro-73-300x200.jpg\" class=\"attachment-medium size-medium\" alt=\"\" srcset=\"https:\/\/dioceseteixeiradefreitas.com.br\/wp-content\/uploads\/2019\/10\/Missa-Arena-Fonte-Nova-Santa-Dulce-dos-Pobres-Fotos-Catiane-Leandro-73-300x200.jpg 300w, https:\/\/dioceseteixeiradefreitas.com.br\/wp-content\/uploads\/2019\/10\/Missa-Arena-Fonte-Nova-Santa-Dulce-dos-Pobres-Fotos-Catiane-Leandro-73-600x400.jpg 600w, https:\/\/dioceseteixeiradefreitas.com.br\/wp-content\/uploads\/2019\/10\/Missa-Arena-Fonte-Nova-Santa-Dulce-dos-Pobres-Fotos-Catiane-Leandro-73-768x512.jpg 768w, https:\/\/dioceseteixeiradefreitas.com.br\/wp-content\/uploads\/2019\/10\/Missa-Arena-Fonte-Nova-Santa-Dulce-dos-Pobres-Fotos-Catiane-Leandro-73.jpg 1000w\" sizes=\"auto, (max-width: 300px) 100vw, 300px\" \/><\/a>\n\t\t\t<\/div><\/figure><figure class='gallery-item'>\n\t\t\t<div class='gallery-icon landscape'>\n\t\t\t\t<a href='https:\/\/dioceseteixeiradefreitas.com.br\/wp-content\/uploads\/2019\/10\/Missa-Arena-Fonte-Nova-Santa-Dulce-dos-Pobres-Fotos-Catiane-Leandro-72.jpg'><img loading=\"lazy\" decoding=\"async\" width=\"300\" height=\"200\" src=\"https:\/\/dioceseteixeiradefreitas.com.br\/wp-content\/uploads\/2019\/10\/Missa-Arena-Fonte-Nova-Santa-Dulce-dos-Pobres-Fotos-Catiane-Leandro-72-300x200.jpg\" class=\"attachment-medium size-medium\" alt=\"\" srcset=\"https:\/\/dioceseteixeiradefreitas.com.br\/wp-content\/uploads\/2019\/10\/Missa-Arena-Fonte-Nova-Santa-Dulce-dos-Pobres-Fotos-Catiane-Leandro-72-300x200.jpg 300w, https:\/\/dioceseteixeiradefreitas.com.br\/wp-content\/uploads\/2019\/10\/Missa-Arena-Fonte-Nova-Santa-Dulce-dos-Pobres-Fotos-Catiane-Leandro-72-600x400.jpg 600w, https:\/\/dioceseteixeiradefreitas.com.br\/wp-content\/uploads\/2019\/10\/Missa-Arena-Fonte-Nova-Santa-Dulce-dos-Pobres-Fotos-Catiane-Leandro-72-768x512.jpg 768w, https:\/\/dioceseteixeiradefreitas.com.br\/wp-content\/uploads\/2019\/10\/Missa-Arena-Fonte-Nova-Santa-Dulce-dos-Pobres-Fotos-Catiane-Leandro-72.jpg 1000w\" sizes=\"auto, (max-width: 300px) 100vw, 300px\" \/><\/a>\n\t\t\t<\/div><\/figure>\n\t\t<\/div>\n\n","protected":false},"excerpt":{"rendered":"<p>A Arena Fonte Nova ficou pequena, neste domingo (20), diante da quantidade de fi\u00e9is que, juntos, celebraram a canoniza\u00e7\u00e3o da Santa Dulce dos Pobres, o Anjo Bom da Bahia. Embora a informa\u00e7\u00e3o fosse de que os port\u00f5es seriam abertos ao meio dia, antes das 8h in\u00fameras pessoas j\u00e1 formavam filas, tanto na Ladeira da Fonte, &hellip;<\/p>\n","protected":false},"author":1,"featured_media":8488,"comment_status":"closed","ping_status":"closed","sticky":false,"template":"","format":"standard","meta":{"footnotes":""},"categories":[104],"tags":[333,292,291],"class_list":["post-8487","post","type-post","status-publish","format-standard","has-post-thumbnail","hentry","category-noticias-da-cnbb","tag-fonte-nova","tag-salvador","tag-santa-dulce-dos-pobres"],"_links":{"self":[{"href":"https:\/\/dioceseteixeiradefreitas.com.br\/index.php?rest_route=\/wp\/v2\/posts\/8487","targetHints":{"allow":["GET"]}}],"collection":[{"href":"https:\/\/dioceseteixeiradefreitas.com.br\/index.php?rest_route=\/wp\/v2\/posts"}],"about":[{"href":"https:\/\/dioceseteixeiradefreitas.com.br\/index.php?rest_route=\/wp\/v2\/types\/post"}],"author":[{"embeddable":true,"href":"https:\/\/dioceseteixeiradefreitas.com.br\/index.php?rest_route=\/wp\/v2\/users\/1"}],"replies":[{"embeddable":true,"href":"https:\/\/dioceseteixeiradefreitas.com.br\/index.php?rest_route=%2Fwp%2Fv2%2Fcomments&post=8487"}],"version-history":[{"count":7,"href":"https:\/\/dioceseteixeiradefreitas.com.br\/index.php?rest_route=\/wp\/v2\/posts\/8487\/revisions"}],"predecessor-version":[{"id":8519,"href":"https:\/\/dioceseteixeiradefreitas.com.br\/index.php?rest_route=\/wp\/v2\/posts\/8487\/revisions\/8519"}],"wp:featuredmedia":[{"embeddable":true,"href":"https:\/\/dioceseteixeiradefreitas.com.br\/index.php?rest_route=\/wp\/v2\/media\/8488"}],"wp:attachment":[{"href":"https:\/\/dioceseteixeiradefreitas.com.br\/index.php?rest_route=%2Fwp%2Fv2%2Fmedia&parent=8487"}],"wp:term":[{"taxonomy":"category","embeddable":true,"href":"https:\/\/dioceseteixeiradefreitas.com.br\/index.php?rest_route=%2Fwp%2Fv2%2Fcategories&post=8487"},{"taxonomy":"post_tag","embeddable":true,"href":"https:\/\/dioceseteixeiradefreitas.com.br\/index.php?rest_route=%2Fwp%2Fv2%2Ftags&post=8487"}],"curies":[{"name":"wp","href":"https:\/\/api.w.org\/{rel}","templated":true}]}}