{"id":8637,"date":"2019-10-31T14:35:11","date_gmt":"2019-10-31T17:35:11","guid":{"rendered":"https:\/\/dioceseteixeiradefreitas.com.br\/?p=8637"},"modified":"2019-10-31T14:46:15","modified_gmt":"2019-10-31T17:46:15","slug":"nota-de-falecimento-sra-aguinelina","status":"publish","type":"post","link":"https:\/\/dioceseteixeiradefreitas.com.br\/?p=8637","title":{"rendered":"Nota de Falecimento &#8211; Sra. Aguinelina"},"content":{"rendered":"<p><img decoding=\"async\" class=\"aligncenter\" src=\"https:\/\/dioceseteixeiradefreitas.com.br\/wp-content\/uploads\/2018\/04\/Bras%C3%A3o_F_Branco_Pequeno.jpg\" \/><\/p>\n<p>A Diocese de Teixeira de Freitas\/Caravelas manifesta seus sentimentos de pesar ao Pe. Edileis Silva e fam\u00edlia pela passagem de sua m\u00e3e, a Sra. Aguinelina Maria de Jesus da Silva. Ao mesmo tempo se une em prece pelo descanso eterno desta nossa irm\u00e3 que tanto contribuiu, ao longo de sua, vida com a comunidade de Vila Portela, onde residia.<\/p>\n<p>A missa de corpo presente ser\u00e1 amanh\u00e3,<strong> 01\/11, \u00e0s 10h na Capela da Vila Portela<\/strong>. Logo ap\u00f3s a Missa, o sepultamento.<br \/>\nDai-lhe Senhor o repouso eterno.<\/p>\n<div class=\"entry-content entry clearfix\">\n<p style=\"text-align: right;\">Dom Jailton de Oliveira Lino e presb\u00edteros.<\/p>\n<\/div>\n","protected":false},"excerpt":{"rendered":"<p>A Diocese de Teixeira de Freitas\/Caravelas manifesta seus sentimentos de pesar ao Pe. Edileis Silva e fam\u00edlia pela passagem de sua m\u00e3e, a Sra. Aguinelina Maria de Jesus da Silva. Ao mesmo tempo se une em prece pelo descanso eterno desta nossa irm\u00e3 que tanto contribuiu, ao longo de sua, vida com a comunidade de &hellip;<\/p>\n","protected":false},"author":1,"featured_media":4771,"comment_status":"closed","ping_status":"closed","sticky":false,"template":"","format":"standard","meta":{"footnotes":""},"categories":[51],"tags":[125,345,347,346],"class_list":["post-8637","post","type-post","status-publish","format-standard","has-post-thumbnail","hentry","category-notas","tag-diocese","tag-nota-de-falecimento","tag-pe-edileis","tag-sra-aguinelina"],"_links":{"self":[{"href":"https:\/\/dioceseteixeiradefreitas.com.br\/index.php?rest_route=\/wp\/v2\/posts\/8637","targetHints":{"allow":["GET"]}}],"collection":[{"href":"https:\/\/dioceseteixeiradefreitas.com.br\/index.php?rest_route=\/wp\/v2\/posts"}],"about":[{"href":"https:\/\/dioceseteixeiradefreitas.com.br\/index.php?rest_route=\/wp\/v2\/types\/post"}],"author":[{"embeddable":true,"href":"https:\/\/dioceseteixeiradefreitas.com.br\/index.php?rest_route=\/wp\/v2\/users\/1"}],"replies":[{"embeddable":true,"href":"https:\/\/dioceseteixeiradefreitas.com.br\/index.php?rest_route=%2Fwp%2Fv2%2Fcomments&post=8637"}],"version-history":[{"count":2,"href":"https:\/\/dioceseteixeiradefreitas.com.br\/index.php?rest_route=\/wp\/v2\/posts\/8637\/revisions"}],"predecessor-version":[{"id":8639,"href":"https:\/\/dioceseteixeiradefreitas.com.br\/index.php?rest_route=\/wp\/v2\/posts\/8637\/revisions\/8639"}],"wp:featuredmedia":[{"embeddable":true,"href":"https:\/\/dioceseteixeiradefreitas.com.br\/index.php?rest_route=\/wp\/v2\/media\/4771"}],"wp:attachment":[{"href":"https:\/\/dioceseteixeiradefreitas.com.br\/index.php?rest_route=%2Fwp%2Fv2%2Fmedia&parent=8637"}],"wp:term":[{"taxonomy":"category","embeddable":true,"href":"https:\/\/dioceseteixeiradefreitas.com.br\/index.php?rest_route=%2Fwp%2Fv2%2Fcategories&post=8637"},{"taxonomy":"post_tag","embeddable":true,"href":"https:\/\/dioceseteixeiradefreitas.com.br\/index.php?rest_route=%2Fwp%2Fv2%2Ftags&post=8637"}],"curies":[{"name":"wp","href":"https:\/\/api.w.org\/{rel}","templated":true}]}}