{"id":8823,"date":"2019-11-15T23:21:49","date_gmt":"2019-11-16T02:21:49","guid":{"rendered":"https:\/\/dioceseteixeiradefreitas.com.br\/?p=8823"},"modified":"2019-11-15T23:53:22","modified_gmt":"2019-11-16T02:53:22","slug":"abertura-do-novenario-a-cristo-rei-do-universo-quase-paroquia-cristo-rei","status":"publish","type":"post","link":"https:\/\/dioceseteixeiradefreitas.com.br\/?p=8823","title":{"rendered":"Abertura do Noven\u00e1rio a Cristo Rei do Universo 2019 &#8211; Quase Par\u00f3quia Cristo Rei"},"content":{"rendered":"<figure id=\"attachment_8825\" aria-describedby=\"caption-attachment-8825\" style=\"width: 604px\" class=\"wp-caption aligncenter\"><a href=\"https:\/\/dioceseteixeiradefreitas.com.br\/wp-content\/uploads\/2019\/11\/IMG_20191115_192902.jpg\"><img loading=\"lazy\" decoding=\"async\" class=\"wp-image-8825\" src=\"https:\/\/dioceseteixeiradefreitas.com.br\/wp-content\/uploads\/2019\/11\/IMG_20191115_192902.jpg\" alt=\"\" width=\"604\" height=\"453\" srcset=\"https:\/\/dioceseteixeiradefreitas.com.br\/wp-content\/uploads\/2019\/11\/IMG_20191115_192902.jpg 900w, https:\/\/dioceseteixeiradefreitas.com.br\/wp-content\/uploads\/2019\/11\/IMG_20191115_192902-600x450.jpg 600w, https:\/\/dioceseteixeiradefreitas.com.br\/wp-content\/uploads\/2019\/11\/IMG_20191115_192902-300x225.jpg 300w, https:\/\/dioceseteixeiradefreitas.com.br\/wp-content\/uploads\/2019\/11\/IMG_20191115_192902-768x576.jpg 768w\" sizes=\"auto, (max-width: 604px) 100vw, 604px\" \/><\/a><figcaption id=\"caption-attachment-8825\" class=\"wp-caption-text\">Foto: Noven\u00e1rio a Cristo Rei do Universo &#8211; PASCOM\/Divulga\u00e7\u00e3o<\/figcaption><\/figure>\n<p style=\"text-align: justify;\">Nesta Sexta-Feira 15 de Novembro feriado da <strong>(Proclama\u00e7\u00e3o da Rep\u00fablica) <\/strong>deu in\u00edcio o Noven\u00e1rio em honra a Cristo Rei do Universo, padroeiro da Quase Par\u00f3quia Cristo Rei do Universo,<strong>(Bairro Cristo Redentor- Itamaraju,Ba). <\/strong>A Santa Missa teve in\u00edcio com a prociss\u00e3o das bandeiras do Brasil, Bahia e Itamaraju carregadas pelo <strong>Tiro de Guerra <\/strong>ao som de Saxofone entoando o hino de Itamaraju pelo Saxofonista <strong>Carlos Am\u00e9rico<\/strong> popular Cafu, rito\u00a0 comemorativo a este dia t\u00e3o importante para n\u00f3s brasileiros, o dia da proclama\u00e7\u00e3o da Rep\u00fablica Federativa do Brasil.<\/p>\n<p style=\"text-align: justify;\">Ap\u00f3s a bela apresenta\u00e7\u00e3o, a Celebra\u00e7\u00e3o foi presidida por Padre Rog\u00e9rio Gon\u00e7alves <strong>(Par\u00f3quia S\u00e3o Jos\u00e9 Oper\u00e1rio &#8211; Teixeira de Freitas), <\/strong>o qual apresenta em sua homilia os diversos caminhos que o homem toma ao longo de sua vida, os avan\u00e7os da ci\u00eancia e tecnologias fundamentais mas o mesmo permanece no vazio interior por se afastar de Deus. Este ano o Noven\u00e1rio traz como tema central <em><strong>&#8220;Batizados e Enviados&#8221;<\/strong><\/em> tem\u00e1tica proposta pela Igreja no Brasil para o Outubro mission\u00e1rio 2019.<\/p>\n<p>Os Festejos continuam ao longo da semana com alegria e fervor mission\u00e1rio, por isso voc\u00ea \u00e9 nosso convidado \u00e1 festejar Cristo Rei de nossas vidas.<\/p>\n<p><strong>Por: Pascom Par\u00f3quia Nossa Senhora de F\u00e1tima<\/strong><\/p>\n<p>[su_note note_color=&#8221;#f3b418&#8243; text_color=&#8221;#ffffff&#8221;]Confira as fotos na galeria[\/su_note]<\/p>\n<div id='gallery-1' class='gallery galleryid-8823 gallery-columns-4 gallery-size-full'><figure class='gallery-item'>\n\t\t\t<div class='gallery-icon landscape'>\n\t\t\t\t<a href='https:\/\/dioceseteixeiradefreitas.com.br\/wp-content\/uploads\/2019\/11\/IMG_20191115_192900.jpg'><img loading=\"lazy\" decoding=\"async\" width=\"900\" height=\"675\" src=\"https:\/\/dioceseteixeiradefreitas.com.br\/wp-content\/uploads\/2019\/11\/IMG_20191115_192900.jpg\" class=\"attachment-full size-full\" alt=\"\" srcset=\"https:\/\/dioceseteixeiradefreitas.com.br\/wp-content\/uploads\/2019\/11\/IMG_20191115_192900.jpg 900w, https:\/\/dioceseteixeiradefreitas.com.br\/wp-content\/uploads\/2019\/11\/IMG_20191115_192900-600x450.jpg 600w, https:\/\/dioceseteixeiradefreitas.com.br\/wp-content\/uploads\/2019\/11\/IMG_20191115_192900-300x225.jpg 300w, https:\/\/dioceseteixeiradefreitas.com.br\/wp-content\/uploads\/2019\/11\/IMG_20191115_192900-768x576.jpg 768w\" sizes=\"auto, (max-width: 900px) 100vw, 900px\" \/><\/a>\n\t\t\t<\/div><\/figure><figure class='gallery-item'>\n\t\t\t<div class='gallery-icon landscape'>\n\t\t\t\t<a href='https:\/\/dioceseteixeiradefreitas.com.br\/wp-content\/uploads\/2019\/11\/IMG_20191115_192902.jpg'><img loading=\"lazy\" decoding=\"async\" width=\"900\" height=\"675\" src=\"https:\/\/dioceseteixeiradefreitas.com.br\/wp-content\/uploads\/2019\/11\/IMG_20191115_192902.jpg\" class=\"attachment-full size-full\" alt=\"\" srcset=\"https:\/\/dioceseteixeiradefreitas.com.br\/wp-content\/uploads\/2019\/11\/IMG_20191115_192902.jpg 900w, https:\/\/dioceseteixeiradefreitas.com.br\/wp-content\/uploads\/2019\/11\/IMG_20191115_192902-600x450.jpg 600w, https:\/\/dioceseteixeiradefreitas.com.br\/wp-content\/uploads\/2019\/11\/IMG_20191115_192902-300x225.jpg 300w, https:\/\/dioceseteixeiradefreitas.com.br\/wp-content\/uploads\/2019\/11\/IMG_20191115_192902-768x576.jpg 768w\" sizes=\"auto, (max-width: 900px) 100vw, 900px\" \/><\/a>\n\t\t\t<\/div><\/figure><figure class='gallery-item'>\n\t\t\t<div class='gallery-icon landscape'>\n\t\t\t\t<a href='https:\/\/dioceseteixeiradefreitas.com.br\/wp-content\/uploads\/2019\/11\/IMG_20191115_193038.jpg'><img loading=\"lazy\" decoding=\"async\" width=\"900\" height=\"675\" src=\"https:\/\/dioceseteixeiradefreitas.com.br\/wp-content\/uploads\/2019\/11\/IMG_20191115_193038.jpg\" class=\"attachment-full size-full\" alt=\"\" srcset=\"https:\/\/dioceseteixeiradefreitas.com.br\/wp-content\/uploads\/2019\/11\/IMG_20191115_193038.jpg 900w, https:\/\/dioceseteixeiradefreitas.com.br\/wp-content\/uploads\/2019\/11\/IMG_20191115_193038-600x450.jpg 600w, https:\/\/dioceseteixeiradefreitas.com.br\/wp-content\/uploads\/2019\/11\/IMG_20191115_193038-300x225.jpg 300w, https:\/\/dioceseteixeiradefreitas.com.br\/wp-content\/uploads\/2019\/11\/IMG_20191115_193038-768x576.jpg 768w\" sizes=\"auto, (max-width: 900px) 100vw, 900px\" \/><\/a>\n\t\t\t<\/div><\/figure><figure class='gallery-item'>\n\t\t\t<div class='gallery-icon landscape'>\n\t\t\t\t<a href='https:\/\/dioceseteixeiradefreitas.com.br\/wp-content\/uploads\/2019\/11\/IMG_20191115_193116.jpg'><img loading=\"lazy\" decoding=\"async\" width=\"900\" height=\"675\" src=\"https:\/\/dioceseteixeiradefreitas.com.br\/wp-content\/uploads\/2019\/11\/IMG_20191115_193116.jpg\" class=\"attachment-full size-full\" alt=\"\" srcset=\"https:\/\/dioceseteixeiradefreitas.com.br\/wp-content\/uploads\/2019\/11\/IMG_20191115_193116.jpg 900w, https:\/\/dioceseteixeiradefreitas.com.br\/wp-content\/uploads\/2019\/11\/IMG_20191115_193116-600x450.jpg 600w, https:\/\/dioceseteixeiradefreitas.com.br\/wp-content\/uploads\/2019\/11\/IMG_20191115_193116-300x225.jpg 300w, https:\/\/dioceseteixeiradefreitas.com.br\/wp-content\/uploads\/2019\/11\/IMG_20191115_193116-768x576.jpg 768w\" sizes=\"auto, (max-width: 900px) 100vw, 900px\" \/><\/a>\n\t\t\t<\/div><\/figure><figure class='gallery-item'>\n\t\t\t<div class='gallery-icon landscape'>\n\t\t\t\t<a href='https:\/\/dioceseteixeiradefreitas.com.br\/wp-content\/uploads\/2019\/11\/IMG_20191115_193506.jpg'><img loading=\"lazy\" decoding=\"async\" width=\"900\" height=\"675\" src=\"https:\/\/dioceseteixeiradefreitas.com.br\/wp-content\/uploads\/2019\/11\/IMG_20191115_193506.jpg\" class=\"attachment-full size-full\" alt=\"\" srcset=\"https:\/\/dioceseteixeiradefreitas.com.br\/wp-content\/uploads\/2019\/11\/IMG_20191115_193506.jpg 900w, https:\/\/dioceseteixeiradefreitas.com.br\/wp-content\/uploads\/2019\/11\/IMG_20191115_193506-600x450.jpg 600w, https:\/\/dioceseteixeiradefreitas.com.br\/wp-content\/uploads\/2019\/11\/IMG_20191115_193506-300x225.jpg 300w, https:\/\/dioceseteixeiradefreitas.com.br\/wp-content\/uploads\/2019\/11\/IMG_20191115_193506-768x576.jpg 768w\" sizes=\"auto, (max-width: 900px) 100vw, 900px\" \/><\/a>\n\t\t\t<\/div><\/figure><figure class='gallery-item'>\n\t\t\t<div class='gallery-icon landscape'>\n\t\t\t\t<a href='https:\/\/dioceseteixeiradefreitas.com.br\/wp-content\/uploads\/2019\/11\/IMG_20191115_193753.jpg'><img loading=\"lazy\" decoding=\"async\" width=\"900\" height=\"675\" src=\"https:\/\/dioceseteixeiradefreitas.com.br\/wp-content\/uploads\/2019\/11\/IMG_20191115_193753.jpg\" class=\"attachment-full size-full\" alt=\"\" srcset=\"https:\/\/dioceseteixeiradefreitas.com.br\/wp-content\/uploads\/2019\/11\/IMG_20191115_193753.jpg 900w, https:\/\/dioceseteixeiradefreitas.com.br\/wp-content\/uploads\/2019\/11\/IMG_20191115_193753-600x450.jpg 600w, https:\/\/dioceseteixeiradefreitas.com.br\/wp-content\/uploads\/2019\/11\/IMG_20191115_193753-300x225.jpg 300w, https:\/\/dioceseteixeiradefreitas.com.br\/wp-content\/uploads\/2019\/11\/IMG_20191115_193753-768x576.jpg 768w\" sizes=\"auto, (max-width: 900px) 100vw, 900px\" \/><\/a>\n\t\t\t<\/div><\/figure><figure class='gallery-item'>\n\t\t\t<div class='gallery-icon landscape'>\n\t\t\t\t<a href='https:\/\/dioceseteixeiradefreitas.com.br\/wp-content\/uploads\/2019\/11\/IMG_20191115_193814.jpg'><img loading=\"lazy\" decoding=\"async\" width=\"900\" height=\"675\" src=\"https:\/\/dioceseteixeiradefreitas.com.br\/wp-content\/uploads\/2019\/11\/IMG_20191115_193814.jpg\" class=\"attachment-full size-full\" alt=\"\" srcset=\"https:\/\/dioceseteixeiradefreitas.com.br\/wp-content\/uploads\/2019\/11\/IMG_20191115_193814.jpg 900w, https:\/\/dioceseteixeiradefreitas.com.br\/wp-content\/uploads\/2019\/11\/IMG_20191115_193814-600x450.jpg 600w, https:\/\/dioceseteixeiradefreitas.com.br\/wp-content\/uploads\/2019\/11\/IMG_20191115_193814-300x225.jpg 300w, https:\/\/dioceseteixeiradefreitas.com.br\/wp-content\/uploads\/2019\/11\/IMG_20191115_193814-768x576.jpg 768w\" sizes=\"auto, (max-width: 900px) 100vw, 900px\" \/><\/a>\n\t\t\t<\/div><\/figure><figure class='gallery-item'>\n\t\t\t<div class='gallery-icon landscape'>\n\t\t\t\t<a href='https:\/\/dioceseteixeiradefreitas.com.br\/wp-content\/uploads\/2019\/11\/IMG_20191115_193839.jpg'><img loading=\"lazy\" decoding=\"async\" width=\"900\" height=\"675\" src=\"https:\/\/dioceseteixeiradefreitas.com.br\/wp-content\/uploads\/2019\/11\/IMG_20191115_193839.jpg\" class=\"attachment-full size-full\" alt=\"\" srcset=\"https:\/\/dioceseteixeiradefreitas.com.br\/wp-content\/uploads\/2019\/11\/IMG_20191115_193839.jpg 900w, https:\/\/dioceseteixeiradefreitas.com.br\/wp-content\/uploads\/2019\/11\/IMG_20191115_193839-600x450.jpg 600w, https:\/\/dioceseteixeiradefreitas.com.br\/wp-content\/uploads\/2019\/11\/IMG_20191115_193839-300x225.jpg 300w, https:\/\/dioceseteixeiradefreitas.com.br\/wp-content\/uploads\/2019\/11\/IMG_20191115_193839-768x576.jpg 768w\" sizes=\"auto, (max-width: 900px) 100vw, 900px\" \/><\/a>\n\t\t\t<\/div><\/figure><figure class='gallery-item'>\n\t\t\t<div class='gallery-icon landscape'>\n\t\t\t\t<a href='https:\/\/dioceseteixeiradefreitas.com.br\/wp-content\/uploads\/2019\/11\/IMG_20191115_193918.jpg'><img loading=\"lazy\" decoding=\"async\" width=\"900\" height=\"675\" src=\"https:\/\/dioceseteixeiradefreitas.com.br\/wp-content\/uploads\/2019\/11\/IMG_20191115_193918.jpg\" class=\"attachment-full size-full\" alt=\"\" srcset=\"https:\/\/dioceseteixeiradefreitas.com.br\/wp-content\/uploads\/2019\/11\/IMG_20191115_193918.jpg 900w, https:\/\/dioceseteixeiradefreitas.com.br\/wp-content\/uploads\/2019\/11\/IMG_20191115_193918-600x450.jpg 600w, https:\/\/dioceseteixeiradefreitas.com.br\/wp-content\/uploads\/2019\/11\/IMG_20191115_193918-300x225.jpg 300w, https:\/\/dioceseteixeiradefreitas.com.br\/wp-content\/uploads\/2019\/11\/IMG_20191115_193918-768x576.jpg 768w\" sizes=\"auto, (max-width: 900px) 100vw, 900px\" \/><\/a>\n\t\t\t<\/div><\/figure><figure class='gallery-item'>\n\t\t\t<div class='gallery-icon landscape'>\n\t\t\t\t<a href='https:\/\/dioceseteixeiradefreitas.com.br\/wp-content\/uploads\/2019\/11\/IMG_20191115_194008.jpg'><img loading=\"lazy\" decoding=\"async\" width=\"900\" height=\"675\" src=\"https:\/\/dioceseteixeiradefreitas.com.br\/wp-content\/uploads\/2019\/11\/IMG_20191115_194008.jpg\" class=\"attachment-full size-full\" alt=\"\" srcset=\"https:\/\/dioceseteixeiradefreitas.com.br\/wp-content\/uploads\/2019\/11\/IMG_20191115_194008.jpg 900w, https:\/\/dioceseteixeiradefreitas.com.br\/wp-content\/uploads\/2019\/11\/IMG_20191115_194008-600x450.jpg 600w, https:\/\/dioceseteixeiradefreitas.com.br\/wp-content\/uploads\/2019\/11\/IMG_20191115_194008-300x225.jpg 300w, https:\/\/dioceseteixeiradefreitas.com.br\/wp-content\/uploads\/2019\/11\/IMG_20191115_194008-768x576.jpg 768w\" sizes=\"auto, (max-width: 900px) 100vw, 900px\" \/><\/a>\n\t\t\t<\/div><\/figure><figure class='gallery-item'>\n\t\t\t<div class='gallery-icon landscape'>\n\t\t\t\t<a href='https:\/\/dioceseteixeiradefreitas.com.br\/wp-content\/uploads\/2019\/11\/IMG_20191115_194022.jpg'><img loading=\"lazy\" decoding=\"async\" width=\"900\" height=\"675\" src=\"https:\/\/dioceseteixeiradefreitas.com.br\/wp-content\/uploads\/2019\/11\/IMG_20191115_194022.jpg\" class=\"attachment-full size-full\" alt=\"\" srcset=\"https:\/\/dioceseteixeiradefreitas.com.br\/wp-content\/uploads\/2019\/11\/IMG_20191115_194022.jpg 900w, https:\/\/dioceseteixeiradefreitas.com.br\/wp-content\/uploads\/2019\/11\/IMG_20191115_194022-600x450.jpg 600w, https:\/\/dioceseteixeiradefreitas.com.br\/wp-content\/uploads\/2019\/11\/IMG_20191115_194022-300x225.jpg 300w, https:\/\/dioceseteixeiradefreitas.com.br\/wp-content\/uploads\/2019\/11\/IMG_20191115_194022-768x576.jpg 768w\" sizes=\"auto, (max-width: 900px) 100vw, 900px\" \/><\/a>\n\t\t\t<\/div><\/figure><figure class='gallery-item'>\n\t\t\t<div class='gallery-icon landscape'>\n\t\t\t\t<a href='https:\/\/dioceseteixeiradefreitas.com.br\/wp-content\/uploads\/2019\/11\/IMG_20191115_194100.jpg'><img loading=\"lazy\" decoding=\"async\" width=\"900\" height=\"675\" src=\"https:\/\/dioceseteixeiradefreitas.com.br\/wp-content\/uploads\/2019\/11\/IMG_20191115_194100.jpg\" class=\"attachment-full size-full\" alt=\"\" srcset=\"https:\/\/dioceseteixeiradefreitas.com.br\/wp-content\/uploads\/2019\/11\/IMG_20191115_194100.jpg 900w, https:\/\/dioceseteixeiradefreitas.com.br\/wp-content\/uploads\/2019\/11\/IMG_20191115_194100-600x450.jpg 600w, https:\/\/dioceseteixeiradefreitas.com.br\/wp-content\/uploads\/2019\/11\/IMG_20191115_194100-300x225.jpg 300w, https:\/\/dioceseteixeiradefreitas.com.br\/wp-content\/uploads\/2019\/11\/IMG_20191115_194100-768x576.jpg 768w\" sizes=\"auto, (max-width: 900px) 100vw, 900px\" \/><\/a>\n\t\t\t<\/div><\/figure><figure class='gallery-item'>\n\t\t\t<div class='gallery-icon landscape'>\n\t\t\t\t<a href='https:\/\/dioceseteixeiradefreitas.com.br\/wp-content\/uploads\/2019\/11\/IMG_20191115_194430.jpg'><img loading=\"lazy\" decoding=\"async\" width=\"900\" height=\"675\" src=\"https:\/\/dioceseteixeiradefreitas.com.br\/wp-content\/uploads\/2019\/11\/IMG_20191115_194430.jpg\" class=\"attachment-full size-full\" alt=\"\" srcset=\"https:\/\/dioceseteixeiradefreitas.com.br\/wp-content\/uploads\/2019\/11\/IMG_20191115_194430.jpg 900w, https:\/\/dioceseteixeiradefreitas.com.br\/wp-content\/uploads\/2019\/11\/IMG_20191115_194430-600x450.jpg 600w, https:\/\/dioceseteixeiradefreitas.com.br\/wp-content\/uploads\/2019\/11\/IMG_20191115_194430-300x225.jpg 300w, https:\/\/dioceseteixeiradefreitas.com.br\/wp-content\/uploads\/2019\/11\/IMG_20191115_194430-768x576.jpg 768w\" sizes=\"auto, (max-width: 900px) 100vw, 900px\" \/><\/a>\n\t\t\t<\/div><\/figure><figure class='gallery-item'>\n\t\t\t<div class='gallery-icon landscape'>\n\t\t\t\t<a href='https:\/\/dioceseteixeiradefreitas.com.br\/wp-content\/uploads\/2019\/11\/IMG_20191115_194540.jpg'><img loading=\"lazy\" decoding=\"async\" width=\"900\" height=\"675\" src=\"https:\/\/dioceseteixeiradefreitas.com.br\/wp-content\/uploads\/2019\/11\/IMG_20191115_194540.jpg\" class=\"attachment-full size-full\" alt=\"\" srcset=\"https:\/\/dioceseteixeiradefreitas.com.br\/wp-content\/uploads\/2019\/11\/IMG_20191115_194540.jpg 900w, https:\/\/dioceseteixeiradefreitas.com.br\/wp-content\/uploads\/2019\/11\/IMG_20191115_194540-600x450.jpg 600w, https:\/\/dioceseteixeiradefreitas.com.br\/wp-content\/uploads\/2019\/11\/IMG_20191115_194540-300x225.jpg 300w, https:\/\/dioceseteixeiradefreitas.com.br\/wp-content\/uploads\/2019\/11\/IMG_20191115_194540-768x576.jpg 768w\" sizes=\"auto, (max-width: 900px) 100vw, 900px\" \/><\/a>\n\t\t\t<\/div><\/figure><figure class='gallery-item'>\n\t\t\t<div class='gallery-icon landscape'>\n\t\t\t\t<a href='https:\/\/dioceseteixeiradefreitas.com.br\/wp-content\/uploads\/2019\/11\/IMG_20191115_195157.jpg'><img loading=\"lazy\" decoding=\"async\" width=\"900\" height=\"675\" src=\"https:\/\/dioceseteixeiradefreitas.com.br\/wp-content\/uploads\/2019\/11\/IMG_20191115_195157.jpg\" class=\"attachment-full size-full\" alt=\"\" srcset=\"https:\/\/dioceseteixeiradefreitas.com.br\/wp-content\/uploads\/2019\/11\/IMG_20191115_195157.jpg 900w, https:\/\/dioceseteixeiradefreitas.com.br\/wp-content\/uploads\/2019\/11\/IMG_20191115_195157-600x450.jpg 600w, https:\/\/dioceseteixeiradefreitas.com.br\/wp-content\/uploads\/2019\/11\/IMG_20191115_195157-300x225.jpg 300w, https:\/\/dioceseteixeiradefreitas.com.br\/wp-content\/uploads\/2019\/11\/IMG_20191115_195157-768x576.jpg 768w\" sizes=\"auto, (max-width: 900px) 100vw, 900px\" \/><\/a>\n\t\t\t<\/div><\/figure><figure class='gallery-item'>\n\t\t\t<div class='gallery-icon landscape'>\n\t\t\t\t<a href='https:\/\/dioceseteixeiradefreitas.com.br\/wp-content\/uploads\/2019\/11\/IMG_20191115_195207.jpg'><img loading=\"lazy\" decoding=\"async\" width=\"900\" height=\"675\" src=\"https:\/\/dioceseteixeiradefreitas.com.br\/wp-content\/uploads\/2019\/11\/IMG_20191115_195207.jpg\" class=\"attachment-full size-full\" alt=\"\" srcset=\"https:\/\/dioceseteixeiradefreitas.com.br\/wp-content\/uploads\/2019\/11\/IMG_20191115_195207.jpg 900w, https:\/\/dioceseteixeiradefreitas.com.br\/wp-content\/uploads\/2019\/11\/IMG_20191115_195207-600x450.jpg 600w, https:\/\/dioceseteixeiradefreitas.com.br\/wp-content\/uploads\/2019\/11\/IMG_20191115_195207-300x225.jpg 300w, https:\/\/dioceseteixeiradefreitas.com.br\/wp-content\/uploads\/2019\/11\/IMG_20191115_195207-768x576.jpg 768w\" sizes=\"auto, (max-width: 900px) 100vw, 900px\" \/><\/a>\n\t\t\t<\/div><\/figure><figure class='gallery-item'>\n\t\t\t<div class='gallery-icon landscape'>\n\t\t\t\t<a href='https:\/\/dioceseteixeiradefreitas.com.br\/wp-content\/uploads\/2019\/11\/IMG_20191115_195423.jpg'><img loading=\"lazy\" decoding=\"async\" width=\"900\" height=\"675\" src=\"https:\/\/dioceseteixeiradefreitas.com.br\/wp-content\/uploads\/2019\/11\/IMG_20191115_195423.jpg\" class=\"attachment-full size-full\" alt=\"\" srcset=\"https:\/\/dioceseteixeiradefreitas.com.br\/wp-content\/uploads\/2019\/11\/IMG_20191115_195423.jpg 900w, https:\/\/dioceseteixeiradefreitas.com.br\/wp-content\/uploads\/2019\/11\/IMG_20191115_195423-600x450.jpg 600w, https:\/\/dioceseteixeiradefreitas.com.br\/wp-content\/uploads\/2019\/11\/IMG_20191115_195423-300x225.jpg 300w, https:\/\/dioceseteixeiradefreitas.com.br\/wp-content\/uploads\/2019\/11\/IMG_20191115_195423-768x576.jpg 768w\" sizes=\"auto, (max-width: 900px) 100vw, 900px\" \/><\/a>\n\t\t\t<\/div><\/figure><figure class='gallery-item'>\n\t\t\t<div class='gallery-icon landscape'>\n\t\t\t\t<a href='https:\/\/dioceseteixeiradefreitas.com.br\/wp-content\/uploads\/2019\/11\/IMG_20191115_195702.jpg'><img loading=\"lazy\" decoding=\"async\" width=\"900\" height=\"675\" src=\"https:\/\/dioceseteixeiradefreitas.com.br\/wp-content\/uploads\/2019\/11\/IMG_20191115_195702.jpg\" class=\"attachment-full size-full\" alt=\"\" srcset=\"https:\/\/dioceseteixeiradefreitas.com.br\/wp-content\/uploads\/2019\/11\/IMG_20191115_195702.jpg 900w, https:\/\/dioceseteixeiradefreitas.com.br\/wp-content\/uploads\/2019\/11\/IMG_20191115_195702-600x450.jpg 600w, https:\/\/dioceseteixeiradefreitas.com.br\/wp-content\/uploads\/2019\/11\/IMG_20191115_195702-300x225.jpg 300w, https:\/\/dioceseteixeiradefreitas.com.br\/wp-content\/uploads\/2019\/11\/IMG_20191115_195702-768x576.jpg 768w\" sizes=\"auto, (max-width: 900px) 100vw, 900px\" \/><\/a>\n\t\t\t<\/div><\/figure><figure class='gallery-item'>\n\t\t\t<div class='gallery-icon landscape'>\n\t\t\t\t<a href='https:\/\/dioceseteixeiradefreitas.com.br\/wp-content\/uploads\/2019\/11\/IMG_20191115_200040.jpg'><img loading=\"lazy\" decoding=\"async\" width=\"900\" height=\"675\" src=\"https:\/\/dioceseteixeiradefreitas.com.br\/wp-content\/uploads\/2019\/11\/IMG_20191115_200040.jpg\" class=\"attachment-full size-full\" alt=\"\" srcset=\"https:\/\/dioceseteixeiradefreitas.com.br\/wp-content\/uploads\/2019\/11\/IMG_20191115_200040.jpg 900w, https:\/\/dioceseteixeiradefreitas.com.br\/wp-content\/uploads\/2019\/11\/IMG_20191115_200040-600x450.jpg 600w, https:\/\/dioceseteixeiradefreitas.com.br\/wp-content\/uploads\/2019\/11\/IMG_20191115_200040-300x225.jpg 300w, https:\/\/dioceseteixeiradefreitas.com.br\/wp-content\/uploads\/2019\/11\/IMG_20191115_200040-768x576.jpg 768w\" sizes=\"auto, (max-width: 900px) 100vw, 900px\" \/><\/a>\n\t\t\t<\/div><\/figure><figure class='gallery-item'>\n\t\t\t<div class='gallery-icon landscape'>\n\t\t\t\t<a href='https:\/\/dioceseteixeiradefreitas.com.br\/wp-content\/uploads\/2019\/11\/IMG_20191115_200047.jpg'><img loading=\"lazy\" decoding=\"async\" width=\"900\" height=\"675\" src=\"https:\/\/dioceseteixeiradefreitas.com.br\/wp-content\/uploads\/2019\/11\/IMG_20191115_200047.jpg\" class=\"attachment-full size-full\" alt=\"\" srcset=\"https:\/\/dioceseteixeiradefreitas.com.br\/wp-content\/uploads\/2019\/11\/IMG_20191115_200047.jpg 900w, https:\/\/dioceseteixeiradefreitas.com.br\/wp-content\/uploads\/2019\/11\/IMG_20191115_200047-600x450.jpg 600w, https:\/\/dioceseteixeiradefreitas.com.br\/wp-content\/uploads\/2019\/11\/IMG_20191115_200047-300x225.jpg 300w, https:\/\/dioceseteixeiradefreitas.com.br\/wp-content\/uploads\/2019\/11\/IMG_20191115_200047-768x576.jpg 768w\" sizes=\"auto, (max-width: 900px) 100vw, 900px\" \/><\/a>\n\t\t\t<\/div><\/figure><figure class='gallery-item'>\n\t\t\t<div class='gallery-icon landscape'>\n\t\t\t\t<a href='https:\/\/dioceseteixeiradefreitas.com.br\/wp-content\/uploads\/2019\/11\/IMG_20191115_200113.jpg'><img loading=\"lazy\" decoding=\"async\" width=\"900\" height=\"675\" src=\"https:\/\/dioceseteixeiradefreitas.com.br\/wp-content\/uploads\/2019\/11\/IMG_20191115_200113.jpg\" class=\"attachment-full size-full\" alt=\"\" srcset=\"https:\/\/dioceseteixeiradefreitas.com.br\/wp-content\/uploads\/2019\/11\/IMG_20191115_200113.jpg 900w, https:\/\/dioceseteixeiradefreitas.com.br\/wp-content\/uploads\/2019\/11\/IMG_20191115_200113-600x450.jpg 600w, https:\/\/dioceseteixeiradefreitas.com.br\/wp-content\/uploads\/2019\/11\/IMG_20191115_200113-300x225.jpg 300w, https:\/\/dioceseteixeiradefreitas.com.br\/wp-content\/uploads\/2019\/11\/IMG_20191115_200113-768x576.jpg 768w\" sizes=\"auto, (max-width: 900px) 100vw, 900px\" \/><\/a>\n\t\t\t<\/div><\/figure><figure class='gallery-item'>\n\t\t\t<div class='gallery-icon landscape'>\n\t\t\t\t<a href='https:\/\/dioceseteixeiradefreitas.com.br\/wp-content\/uploads\/2019\/11\/IMG_20191115_200146.jpg'><img loading=\"lazy\" decoding=\"async\" width=\"900\" height=\"675\" src=\"https:\/\/dioceseteixeiradefreitas.com.br\/wp-content\/uploads\/2019\/11\/IMG_20191115_200146.jpg\" class=\"attachment-full size-full\" alt=\"\" srcset=\"https:\/\/dioceseteixeiradefreitas.com.br\/wp-content\/uploads\/2019\/11\/IMG_20191115_200146.jpg 900w, https:\/\/dioceseteixeiradefreitas.com.br\/wp-content\/uploads\/2019\/11\/IMG_20191115_200146-600x450.jpg 600w, https:\/\/dioceseteixeiradefreitas.com.br\/wp-content\/uploads\/2019\/11\/IMG_20191115_200146-300x225.jpg 300w, https:\/\/dioceseteixeiradefreitas.com.br\/wp-content\/uploads\/2019\/11\/IMG_20191115_200146-768x576.jpg 768w\" sizes=\"auto, (max-width: 900px) 100vw, 900px\" \/><\/a>\n\t\t\t<\/div><\/figure><figure class='gallery-item'>\n\t\t\t<div class='gallery-icon landscape'>\n\t\t\t\t<a href='https:\/\/dioceseteixeiradefreitas.com.br\/wp-content\/uploads\/2019\/11\/IMG_20191115_200214.jpg'><img loading=\"lazy\" decoding=\"async\" width=\"900\" height=\"675\" src=\"https:\/\/dioceseteixeiradefreitas.com.br\/wp-content\/uploads\/2019\/11\/IMG_20191115_200214.jpg\" class=\"attachment-full size-full\" alt=\"\" srcset=\"https:\/\/dioceseteixeiradefreitas.com.br\/wp-content\/uploads\/2019\/11\/IMG_20191115_200214.jpg 900w, https:\/\/dioceseteixeiradefreitas.com.br\/wp-content\/uploads\/2019\/11\/IMG_20191115_200214-600x450.jpg 600w, https:\/\/dioceseteixeiradefreitas.com.br\/wp-content\/uploads\/2019\/11\/IMG_20191115_200214-300x225.jpg 300w, https:\/\/dioceseteixeiradefreitas.com.br\/wp-content\/uploads\/2019\/11\/IMG_20191115_200214-768x576.jpg 768w\" sizes=\"auto, (max-width: 900px) 100vw, 900px\" \/><\/a>\n\t\t\t<\/div><\/figure><figure class='gallery-item'>\n\t\t\t<div class='gallery-icon landscape'>\n\t\t\t\t<a href='https:\/\/dioceseteixeiradefreitas.com.br\/wp-content\/uploads\/2019\/11\/IMG_20191115_201743.jpg'><img loading=\"lazy\" decoding=\"async\" width=\"900\" height=\"675\" src=\"https:\/\/dioceseteixeiradefreitas.com.br\/wp-content\/uploads\/2019\/11\/IMG_20191115_201743.jpg\" class=\"attachment-full size-full\" alt=\"\" srcset=\"https:\/\/dioceseteixeiradefreitas.com.br\/wp-content\/uploads\/2019\/11\/IMG_20191115_201743.jpg 900w, https:\/\/dioceseteixeiradefreitas.com.br\/wp-content\/uploads\/2019\/11\/IMG_20191115_201743-600x450.jpg 600w, https:\/\/dioceseteixeiradefreitas.com.br\/wp-content\/uploads\/2019\/11\/IMG_20191115_201743-300x225.jpg 300w, https:\/\/dioceseteixeiradefreitas.com.br\/wp-content\/uploads\/2019\/11\/IMG_20191115_201743-768x576.jpg 768w\" sizes=\"auto, (max-width: 900px) 100vw, 900px\" \/><\/a>\n\t\t\t<\/div><\/figure><figure class='gallery-item'>\n\t\t\t<div class='gallery-icon landscape'>\n\t\t\t\t<a href='https:\/\/dioceseteixeiradefreitas.com.br\/wp-content\/uploads\/2019\/11\/IMG_20191115_202722.jpg'><img loading=\"lazy\" decoding=\"async\" width=\"900\" height=\"675\" src=\"https:\/\/dioceseteixeiradefreitas.com.br\/wp-content\/uploads\/2019\/11\/IMG_20191115_202722.jpg\" class=\"attachment-full size-full\" alt=\"\" srcset=\"https:\/\/dioceseteixeiradefreitas.com.br\/wp-content\/uploads\/2019\/11\/IMG_20191115_202722.jpg 900w, https:\/\/dioceseteixeiradefreitas.com.br\/wp-content\/uploads\/2019\/11\/IMG_20191115_202722-600x450.jpg 600w, https:\/\/dioceseteixeiradefreitas.com.br\/wp-content\/uploads\/2019\/11\/IMG_20191115_202722-300x225.jpg 300w, https:\/\/dioceseteixeiradefreitas.com.br\/wp-content\/uploads\/2019\/11\/IMG_20191115_202722-768x576.jpg 768w\" sizes=\"auto, (max-width: 900px) 100vw, 900px\" \/><\/a>\n\t\t\t<\/div><\/figure><figure class='gallery-item'>\n\t\t\t<div class='gallery-icon landscape'>\n\t\t\t\t<a href='https:\/\/dioceseteixeiradefreitas.com.br\/wp-content\/uploads\/2019\/11\/IMG_20191115_202732.jpg'><img loading=\"lazy\" decoding=\"async\" width=\"900\" height=\"675\" src=\"https:\/\/dioceseteixeiradefreitas.com.br\/wp-content\/uploads\/2019\/11\/IMG_20191115_202732.jpg\" class=\"attachment-full size-full\" alt=\"\" srcset=\"https:\/\/dioceseteixeiradefreitas.com.br\/wp-content\/uploads\/2019\/11\/IMG_20191115_202732.jpg 900w, https:\/\/dioceseteixeiradefreitas.com.br\/wp-content\/uploads\/2019\/11\/IMG_20191115_202732-600x450.jpg 600w, https:\/\/dioceseteixeiradefreitas.com.br\/wp-content\/uploads\/2019\/11\/IMG_20191115_202732-300x225.jpg 300w, https:\/\/dioceseteixeiradefreitas.com.br\/wp-content\/uploads\/2019\/11\/IMG_20191115_202732-768x576.jpg 768w\" sizes=\"auto, (max-width: 900px) 100vw, 900px\" \/><\/a>\n\t\t\t<\/div><\/figure><figure class='gallery-item'>\n\t\t\t<div class='gallery-icon landscape'>\n\t\t\t\t<a href='https:\/\/dioceseteixeiradefreitas.com.br\/wp-content\/uploads\/2019\/11\/IMG_20191115_203149.jpg'><img loading=\"lazy\" decoding=\"async\" width=\"900\" height=\"675\" src=\"https:\/\/dioceseteixeiradefreitas.com.br\/wp-content\/uploads\/2019\/11\/IMG_20191115_203149.jpg\" class=\"attachment-full size-full\" alt=\"\" srcset=\"https:\/\/dioceseteixeiradefreitas.com.br\/wp-content\/uploads\/2019\/11\/IMG_20191115_203149.jpg 900w, https:\/\/dioceseteixeiradefreitas.com.br\/wp-content\/uploads\/2019\/11\/IMG_20191115_203149-600x450.jpg 600w, https:\/\/dioceseteixeiradefreitas.com.br\/wp-content\/uploads\/2019\/11\/IMG_20191115_203149-300x225.jpg 300w, https:\/\/dioceseteixeiradefreitas.com.br\/wp-content\/uploads\/2019\/11\/IMG_20191115_203149-768x576.jpg 768w\" sizes=\"auto, (max-width: 900px) 100vw, 900px\" \/><\/a>\n\t\t\t<\/div><\/figure><figure class='gallery-item'>\n\t\t\t<div class='gallery-icon landscape'>\n\t\t\t\t<a href='https:\/\/dioceseteixeiradefreitas.com.br\/wp-content\/uploads\/2019\/11\/IMG_20191115_203514.jpg'><img loading=\"lazy\" decoding=\"async\" width=\"900\" height=\"675\" src=\"https:\/\/dioceseteixeiradefreitas.com.br\/wp-content\/uploads\/2019\/11\/IMG_20191115_203514.jpg\" class=\"attachment-full size-full\" alt=\"\" srcset=\"https:\/\/dioceseteixeiradefreitas.com.br\/wp-content\/uploads\/2019\/11\/IMG_20191115_203514.jpg 900w, https:\/\/dioceseteixeiradefreitas.com.br\/wp-content\/uploads\/2019\/11\/IMG_20191115_203514-600x450.jpg 600w, https:\/\/dioceseteixeiradefreitas.com.br\/wp-content\/uploads\/2019\/11\/IMG_20191115_203514-300x225.jpg 300w, https:\/\/dioceseteixeiradefreitas.com.br\/wp-content\/uploads\/2019\/11\/IMG_20191115_203514-768x576.jpg 768w\" sizes=\"auto, (max-width: 900px) 100vw, 900px\" \/><\/a>\n\t\t\t<\/div><\/figure><figure class='gallery-item'>\n\t\t\t<div class='gallery-icon landscape'>\n\t\t\t\t<a href='https:\/\/dioceseteixeiradefreitas.com.br\/wp-content\/uploads\/2019\/11\/IMG_20191115_204640.jpg'><img loading=\"lazy\" decoding=\"async\" width=\"900\" height=\"675\" src=\"https:\/\/dioceseteixeiradefreitas.com.br\/wp-content\/uploads\/2019\/11\/IMG_20191115_204640.jpg\" class=\"attachment-full size-full\" alt=\"\" srcset=\"https:\/\/dioceseteixeiradefreitas.com.br\/wp-content\/uploads\/2019\/11\/IMG_20191115_204640.jpg 900w, https:\/\/dioceseteixeiradefreitas.com.br\/wp-content\/uploads\/2019\/11\/IMG_20191115_204640-600x450.jpg 600w, https:\/\/dioceseteixeiradefreitas.com.br\/wp-content\/uploads\/2019\/11\/IMG_20191115_204640-300x225.jpg 300w, https:\/\/dioceseteixeiradefreitas.com.br\/wp-content\/uploads\/2019\/11\/IMG_20191115_204640-768x576.jpg 768w\" sizes=\"auto, (max-width: 900px) 100vw, 900px\" \/><\/a>\n\t\t\t<\/div><\/figure><figure class='gallery-item'>\n\t\t\t<div class='gallery-icon landscape'>\n\t\t\t\t<a href='https:\/\/dioceseteixeiradefreitas.com.br\/wp-content\/uploads\/2019\/11\/IMG_20191115_204714.jpg'><img loading=\"lazy\" decoding=\"async\" width=\"900\" height=\"675\" src=\"https:\/\/dioceseteixeiradefreitas.com.br\/wp-content\/uploads\/2019\/11\/IMG_20191115_204714.jpg\" class=\"attachment-full size-full\" alt=\"\" srcset=\"https:\/\/dioceseteixeiradefreitas.com.br\/wp-content\/uploads\/2019\/11\/IMG_20191115_204714.jpg 900w, https:\/\/dioceseteixeiradefreitas.com.br\/wp-content\/uploads\/2019\/11\/IMG_20191115_204714-600x450.jpg 600w, https:\/\/dioceseteixeiradefreitas.com.br\/wp-content\/uploads\/2019\/11\/IMG_20191115_204714-300x225.jpg 300w, https:\/\/dioceseteixeiradefreitas.com.br\/wp-content\/uploads\/2019\/11\/IMG_20191115_204714-768x576.jpg 768w\" sizes=\"auto, (max-width: 900px) 100vw, 900px\" \/><\/a>\n\t\t\t<\/div><\/figure><figure class='gallery-item'>\n\t\t\t<div class='gallery-icon landscape'>\n\t\t\t\t<a href='https:\/\/dioceseteixeiradefreitas.com.br\/wp-content\/uploads\/2019\/11\/IMG_20191115_204905.jpg'><img loading=\"lazy\" decoding=\"async\" width=\"900\" height=\"675\" src=\"https:\/\/dioceseteixeiradefreitas.com.br\/wp-content\/uploads\/2019\/11\/IMG_20191115_204905.jpg\" class=\"attachment-full size-full\" alt=\"\" srcset=\"https:\/\/dioceseteixeiradefreitas.com.br\/wp-content\/uploads\/2019\/11\/IMG_20191115_204905.jpg 900w, https:\/\/dioceseteixeiradefreitas.com.br\/wp-content\/uploads\/2019\/11\/IMG_20191115_204905-600x450.jpg 600w, https:\/\/dioceseteixeiradefreitas.com.br\/wp-content\/uploads\/2019\/11\/IMG_20191115_204905-300x225.jpg 300w, https:\/\/dioceseteixeiradefreitas.com.br\/wp-content\/uploads\/2019\/11\/IMG_20191115_204905-768x576.jpg 768w\" sizes=\"auto, (max-width: 900px) 100vw, 900px\" \/><\/a>\n\t\t\t<\/div><\/figure><figure class='gallery-item'>\n\t\t\t<div class='gallery-icon landscape'>\n\t\t\t\t<a href='https:\/\/dioceseteixeiradefreitas.com.br\/wp-content\/uploads\/2019\/11\/IMG_20191115_205638.jpg'><img loading=\"lazy\" decoding=\"async\" width=\"900\" height=\"675\" src=\"https:\/\/dioceseteixeiradefreitas.com.br\/wp-content\/uploads\/2019\/11\/IMG_20191115_205638.jpg\" class=\"attachment-full size-full\" alt=\"\" srcset=\"https:\/\/dioceseteixeiradefreitas.com.br\/wp-content\/uploads\/2019\/11\/IMG_20191115_205638.jpg 900w, https:\/\/dioceseteixeiradefreitas.com.br\/wp-content\/uploads\/2019\/11\/IMG_20191115_205638-600x450.jpg 600w, https:\/\/dioceseteixeiradefreitas.com.br\/wp-content\/uploads\/2019\/11\/IMG_20191115_205638-300x225.jpg 300w, https:\/\/dioceseteixeiradefreitas.com.br\/wp-content\/uploads\/2019\/11\/IMG_20191115_205638-768x576.jpg 768w\" sizes=\"auto, (max-width: 900px) 100vw, 900px\" \/><\/a>\n\t\t\t<\/div><\/figure><figure class='gallery-item'>\n\t\t\t<div class='gallery-icon landscape'>\n\t\t\t\t<a href='https:\/\/dioceseteixeiradefreitas.com.br\/wp-content\/uploads\/2019\/11\/IMG_20191115_210034.jpg'><img loading=\"lazy\" decoding=\"async\" width=\"900\" height=\"675\" src=\"https:\/\/dioceseteixeiradefreitas.com.br\/wp-content\/uploads\/2019\/11\/IMG_20191115_210034.jpg\" class=\"attachment-full size-full\" alt=\"\" srcset=\"https:\/\/dioceseteixeiradefreitas.com.br\/wp-content\/uploads\/2019\/11\/IMG_20191115_210034.jpg 900w, https:\/\/dioceseteixeiradefreitas.com.br\/wp-content\/uploads\/2019\/11\/IMG_20191115_210034-600x450.jpg 600w, https:\/\/dioceseteixeiradefreitas.com.br\/wp-content\/uploads\/2019\/11\/IMG_20191115_210034-300x225.jpg 300w, https:\/\/dioceseteixeiradefreitas.com.br\/wp-content\/uploads\/2019\/11\/IMG_20191115_210034-768x576.jpg 768w\" sizes=\"auto, (max-width: 900px) 100vw, 900px\" \/><\/a>\n\t\t\t<\/div><\/figure><figure class='gallery-item'>\n\t\t\t<div class='gallery-icon landscape'>\n\t\t\t\t<a href='https:\/\/dioceseteixeiradefreitas.com.br\/wp-content\/uploads\/2019\/11\/IMG_20191115_210052.jpg'><img loading=\"lazy\" decoding=\"async\" width=\"900\" height=\"675\" src=\"https:\/\/dioceseteixeiradefreitas.com.br\/wp-content\/uploads\/2019\/11\/IMG_20191115_210052.jpg\" class=\"attachment-full size-full\" alt=\"\" srcset=\"https:\/\/dioceseteixeiradefreitas.com.br\/wp-content\/uploads\/2019\/11\/IMG_20191115_210052.jpg 900w, https:\/\/dioceseteixeiradefreitas.com.br\/wp-content\/uploads\/2019\/11\/IMG_20191115_210052-600x450.jpg 600w, https:\/\/dioceseteixeiradefreitas.com.br\/wp-content\/uploads\/2019\/11\/IMG_20191115_210052-300x225.jpg 300w, https:\/\/dioceseteixeiradefreitas.com.br\/wp-content\/uploads\/2019\/11\/IMG_20191115_210052-768x576.jpg 768w\" sizes=\"auto, (max-width: 900px) 100vw, 900px\" \/><\/a>\n\t\t\t<\/div><\/figure><figure class='gallery-item'>\n\t\t\t<div class='gallery-icon landscape'>\n\t\t\t\t<a href='https:\/\/dioceseteixeiradefreitas.com.br\/wp-content\/uploads\/2019\/11\/IMG_20191115_210118.jpg'><img loading=\"lazy\" decoding=\"async\" width=\"900\" height=\"675\" src=\"https:\/\/dioceseteixeiradefreitas.com.br\/wp-content\/uploads\/2019\/11\/IMG_20191115_210118.jpg\" class=\"attachment-full size-full\" alt=\"\" srcset=\"https:\/\/dioceseteixeiradefreitas.com.br\/wp-content\/uploads\/2019\/11\/IMG_20191115_210118.jpg 900w, https:\/\/dioceseteixeiradefreitas.com.br\/wp-content\/uploads\/2019\/11\/IMG_20191115_210118-600x450.jpg 600w, https:\/\/dioceseteixeiradefreitas.com.br\/wp-content\/uploads\/2019\/11\/IMG_20191115_210118-300x225.jpg 300w, https:\/\/dioceseteixeiradefreitas.com.br\/wp-content\/uploads\/2019\/11\/IMG_20191115_210118-768x576.jpg 768w\" sizes=\"auto, (max-width: 900px) 100vw, 900px\" \/><\/a>\n\t\t\t<\/div><\/figure><figure class='gallery-item'>\n\t\t\t<div class='gallery-icon landscape'>\n\t\t\t\t<a href='https:\/\/dioceseteixeiradefreitas.com.br\/wp-content\/uploads\/2019\/11\/IMG_20191115_210137.jpg'><img loading=\"lazy\" decoding=\"async\" width=\"900\" height=\"675\" src=\"https:\/\/dioceseteixeiradefreitas.com.br\/wp-content\/uploads\/2019\/11\/IMG_20191115_210137.jpg\" class=\"attachment-full size-full\" alt=\"\" srcset=\"https:\/\/dioceseteixeiradefreitas.com.br\/wp-content\/uploads\/2019\/11\/IMG_20191115_210137.jpg 900w, https:\/\/dioceseteixeiradefreitas.com.br\/wp-content\/uploads\/2019\/11\/IMG_20191115_210137-600x450.jpg 600w, https:\/\/dioceseteixeiradefreitas.com.br\/wp-content\/uploads\/2019\/11\/IMG_20191115_210137-300x225.jpg 300w, https:\/\/dioceseteixeiradefreitas.com.br\/wp-content\/uploads\/2019\/11\/IMG_20191115_210137-768x576.jpg 768w\" sizes=\"auto, (max-width: 900px) 100vw, 900px\" \/><\/a>\n\t\t\t<\/div><\/figure><figure class='gallery-item'>\n\t\t\t<div class='gallery-icon landscape'>\n\t\t\t\t<a href='https:\/\/dioceseteixeiradefreitas.com.br\/wp-content\/uploads\/2019\/11\/IMG_20191115_210218.jpg'><img loading=\"lazy\" decoding=\"async\" width=\"900\" height=\"675\" src=\"https:\/\/dioceseteixeiradefreitas.com.br\/wp-content\/uploads\/2019\/11\/IMG_20191115_210218.jpg\" class=\"attachment-full size-full\" alt=\"\" srcset=\"https:\/\/dioceseteixeiradefreitas.com.br\/wp-content\/uploads\/2019\/11\/IMG_20191115_210218.jpg 900w, https:\/\/dioceseteixeiradefreitas.com.br\/wp-content\/uploads\/2019\/11\/IMG_20191115_210218-600x450.jpg 600w, https:\/\/dioceseteixeiradefreitas.com.br\/wp-content\/uploads\/2019\/11\/IMG_20191115_210218-300x225.jpg 300w, https:\/\/dioceseteixeiradefreitas.com.br\/wp-content\/uploads\/2019\/11\/IMG_20191115_210218-768x576.jpg 768w\" sizes=\"auto, (max-width: 900px) 100vw, 900px\" \/><\/a>\n\t\t\t<\/div><\/figure>\n\t\t<\/div>\n\n","protected":false},"excerpt":{"rendered":"<p>Nesta Sexta-Feira 15 de Novembro feriado da (Proclama\u00e7\u00e3o da Rep\u00fablica) deu in\u00edcio o Noven\u00e1rio em honra a Cristo Rei do Universo, padroeiro da Quase Par\u00f3quia Cristo Rei do Universo,(Bairro Cristo Redentor- Itamaraju,Ba). A Santa Missa teve in\u00edcio com a prociss\u00e3o das bandeiras do Brasil, Bahia e Itamaraju carregadas pelo Tiro de Guerra ao som de &hellip;<\/p>\n","protected":false},"author":1,"featured_media":8824,"comment_status":"closed","ping_status":"closed","sticky":false,"template":"","format":"standard","meta":{"footnotes":""},"categories":[310],"tags":[330,109,207,349],"class_list":["post-8823","post","type-post","status-publish","format-standard","has-post-thumbnail","hentry","category-noticias-paroquiais","tag-batizados-e-enviados","tag-forania-santo-antonio","tag-novenario","tag-quase-paroquia-cristo-rei-do-universo"],"_links":{"self":[{"href":"https:\/\/dioceseteixeiradefreitas.com.br\/index.php?rest_route=\/wp\/v2\/posts\/8823","targetHints":{"allow":["GET"]}}],"collection":[{"href":"https:\/\/dioceseteixeiradefreitas.com.br\/index.php?rest_route=\/wp\/v2\/posts"}],"about":[{"href":"https:\/\/dioceseteixeiradefreitas.com.br\/index.php?rest_route=\/wp\/v2\/types\/post"}],"author":[{"embeddable":true,"href":"https:\/\/dioceseteixeiradefreitas.com.br\/index.php?rest_route=\/wp\/v2\/users\/1"}],"replies":[{"embeddable":true,"href":"https:\/\/dioceseteixeiradefreitas.com.br\/index.php?rest_route=%2Fwp%2Fv2%2Fcomments&post=8823"}],"version-history":[{"count":2,"href":"https:\/\/dioceseteixeiradefreitas.com.br\/index.php?rest_route=\/wp\/v2\/posts\/8823\/revisions"}],"predecessor-version":[{"id":8863,"href":"https:\/\/dioceseteixeiradefreitas.com.br\/index.php?rest_route=\/wp\/v2\/posts\/8823\/revisions\/8863"}],"wp:featuredmedia":[{"embeddable":true,"href":"https:\/\/dioceseteixeiradefreitas.com.br\/index.php?rest_route=\/wp\/v2\/media\/8824"}],"wp:attachment":[{"href":"https:\/\/dioceseteixeiradefreitas.com.br\/index.php?rest_route=%2Fwp%2Fv2%2Fmedia&parent=8823"}],"wp:term":[{"taxonomy":"category","embeddable":true,"href":"https:\/\/dioceseteixeiradefreitas.com.br\/index.php?rest_route=%2Fwp%2Fv2%2Fcategories&post=8823"},{"taxonomy":"post_tag","embeddable":true,"href":"https:\/\/dioceseteixeiradefreitas.com.br\/index.php?rest_route=%2Fwp%2Fv2%2Ftags&post=8823"}],"curies":[{"name":"wp","href":"https:\/\/api.w.org\/{rel}","templated":true}]}}