{"id":8900,"date":"2019-11-28T19:07:06","date_gmt":"2019-11-28T22:07:06","guid":{"rendered":"https:\/\/dioceseteixeiradefreitas.com.br\/?p=8900"},"modified":"2019-11-28T19:24:21","modified_gmt":"2019-11-28T22:24:21","slug":"paroquia-sao-cosme-e-sao-damiao-de-itamaraju-tera-novo-paroco","status":"publish","type":"post","link":"https:\/\/dioceseteixeiradefreitas.com.br\/?p=8900","title":{"rendered":"Par\u00f3quia S\u00e3o Cosme e S\u00e3o Dami\u00e3o de Itamaraju ter\u00e1 novo p\u00e1roco"},"content":{"rendered":"<figure id=\"attachment_8901\" aria-describedby=\"caption-attachment-8901\" style=\"width: 708px\" class=\"wp-caption aligncenter\"><img loading=\"lazy\" decoding=\"async\" class=\"wp-image-8901 size-large\" src=\"https:\/\/dioceseteixeiradefreitas.com.br\/wp-content\/uploads\/2019\/11\/Frei-Vande\u00ed-1024x682.jpg\" alt=\"\" width=\"708\" height=\"472\" srcset=\"https:\/\/dioceseteixeiradefreitas.com.br\/wp-content\/uploads\/2019\/11\/Frei-Vande\u00ed-1024x682.jpg 1024w, https:\/\/dioceseteixeiradefreitas.com.br\/wp-content\/uploads\/2019\/11\/Frei-Vande\u00ed-600x400.jpg 600w, https:\/\/dioceseteixeiradefreitas.com.br\/wp-content\/uploads\/2019\/11\/Frei-Vande\u00ed-300x200.jpg 300w, https:\/\/dioceseteixeiradefreitas.com.br\/wp-content\/uploads\/2019\/11\/Frei-Vande\u00ed-768x512.jpg 768w, https:\/\/dioceseteixeiradefreitas.com.br\/wp-content\/uploads\/2019\/11\/Frei-Vande\u00ed.jpg 1280w\" sizes=\"auto, (max-width: 708px) 100vw, 708px\" \/><figcaption id=\"caption-attachment-8901\" class=\"wp-caption-text\">Frei Vande\u00ed Santana Rocha &#8211; Foto: PASCOM\/Divulga\u00e7\u00e3o<\/figcaption><\/figure>\n<p>A Par\u00f3quia S\u00e3o Cosme e S\u00e3o Dami\u00e3o em Itamaraju\/BA acolher\u00e1 no pr\u00f3ximo dia 06 de dezembro (sexta-feira), seu novo p\u00e1roco, Frei Vande\u00ed Santana Rocha OFMCap. A cerim\u00f4nia de posse acontecer\u00e1 na Igreja Matriz e ter\u00e1 in\u00edcio a partir das 19h30, presidida pelo bispo Dom Jailton.<\/p>\n<p>Frei Vande\u00ed \u00e9 natural de Eun\u00e1polis\/BA, tem 46 anos e pertence a Ordem dos Frades Menores Capuchinhos da prov\u00edncia de Bahia e Sergipe, ocasi\u00e3o em que foi 3\u00ba conselheiro da prov\u00edncia. Ordenado presb\u00edtero em 03\/06\/2006, \u00e9 a segunda passagem do Frei na par\u00f3quia, a primeira ocorreu de janeiro de 2008 a mar\u00e7o de 2010, quando na ocasi\u00e3o foi para Roma fazer Mestrado em liturgia.<\/p>\n<p>Ele desempenhou a fun\u00e7\u00e3o de Reitor do Santu\u00e1rio de Santa Dulce dos Pobres, localizado em Salvador no per\u00edodo de 2013 a 2016, foi superintendente da Funda\u00e7\u00e3o Santo Ant\u00f4nio dos Frades Capuchinhos, coordenando a Rede de R\u00e1dio de Comunica\u00e7\u00e3o &#8211; RRC: Sociedade News, e Princesa em Feira de Santana, onde acompanhou a mudan\u00e7a de frequ\u00eancia da R\u00e1dio Sociedade AM para FM na sua gest\u00e3o. Foi tamb\u00e9m Superintendente das emissoras Interativa em Itabuna e Cara\u00edba em Senhor do Bonfim.<\/p>\n<p>Deste modo, a Diocese de Teixeira de Freitas\/Caravelas convida voc\u00ea e fam\u00edlia para participarem desta preciosa cerim\u00f4nia. Confira o convite:<\/p>\n<figure id=\"attachment_8902\" aria-describedby=\"caption-attachment-8902\" style=\"width: 800px\" class=\"wp-caption aligncenter\"><img loading=\"lazy\" decoding=\"async\" class=\"size-full wp-image-8902\" src=\"https:\/\/dioceseteixeiradefreitas.com.br\/wp-content\/uploads\/2019\/11\/WhatsApp-Image-2019-11-27-at-21.20.42.jpeg\" alt=\"\" width=\"800\" height=\"800\" srcset=\"https:\/\/dioceseteixeiradefreitas.com.br\/wp-content\/uploads\/2019\/11\/WhatsApp-Image-2019-11-27-at-21.20.42.jpeg 800w, https:\/\/dioceseteixeiradefreitas.com.br\/wp-content\/uploads\/2019\/11\/WhatsApp-Image-2019-11-27-at-21.20.42-300x300.jpeg 300w, https:\/\/dioceseteixeiradefreitas.com.br\/wp-content\/uploads\/2019\/11\/WhatsApp-Image-2019-11-27-at-21.20.42-100x100.jpeg 100w, https:\/\/dioceseteixeiradefreitas.com.br\/wp-content\/uploads\/2019\/11\/WhatsApp-Image-2019-11-27-at-21.20.42-600x600.jpeg 600w, https:\/\/dioceseteixeiradefreitas.com.br\/wp-content\/uploads\/2019\/11\/WhatsApp-Image-2019-11-27-at-21.20.42-150x150.jpeg 150w, https:\/\/dioceseteixeiradefreitas.com.br\/wp-content\/uploads\/2019\/11\/WhatsApp-Image-2019-11-27-at-21.20.42-768x768.jpeg 768w\" sizes=\"auto, (max-width: 800px) 100vw, 800px\" \/><figcaption id=\"caption-attachment-8902\" class=\"wp-caption-text\">Imagem: Convite &#8211; Colaborador\/Divulga\u00e7\u00e3o<\/figcaption><\/figure>\n","protected":false},"excerpt":{"rendered":"<p>A Par\u00f3quia S\u00e3o Cosme e S\u00e3o Dami\u00e3o em Itamaraju\/BA acolher\u00e1 no pr\u00f3ximo dia 06 de dezembro (sexta-feira), seu novo p\u00e1roco, Frei Vande\u00ed Santana Rocha OFMCap. A cerim\u00f4nia de posse acontecer\u00e1 na Igreja Matriz e ter\u00e1 in\u00edcio a partir das 19h30, presidida pelo bispo Dom Jailton. Frei Vande\u00ed \u00e9 natural de Eun\u00e1polis\/BA, tem 46 anos e &hellip;<\/p>\n","protected":false},"author":1,"featured_media":8901,"comment_status":"closed","ping_status":"closed","sticky":false,"template":"","format":"standard","meta":{"footnotes":""},"categories":[100],"tags":[372,371,90,242],"class_list":["post-8900","post","type-post","status-publish","format-standard","has-post-thumbnail","hentry","category-noticias-diocesanas","tag-frei-vandei","tag-frei-vandei-santana","tag-itamaraju","tag-paroquia-sao-cosme-e-sao-damiao"],"_links":{"self":[{"href":"https:\/\/dioceseteixeiradefreitas.com.br\/index.php?rest_route=\/wp\/v2\/posts\/8900","targetHints":{"allow":["GET"]}}],"collection":[{"href":"https:\/\/dioceseteixeiradefreitas.com.br\/index.php?rest_route=\/wp\/v2\/posts"}],"about":[{"href":"https:\/\/dioceseteixeiradefreitas.com.br\/index.php?rest_route=\/wp\/v2\/types\/post"}],"author":[{"embeddable":true,"href":"https:\/\/dioceseteixeiradefreitas.com.br\/index.php?rest_route=\/wp\/v2\/users\/1"}],"replies":[{"embeddable":true,"href":"https:\/\/dioceseteixeiradefreitas.com.br\/index.php?rest_route=%2Fwp%2Fv2%2Fcomments&post=8900"}],"version-history":[{"count":9,"href":"https:\/\/dioceseteixeiradefreitas.com.br\/index.php?rest_route=\/wp\/v2\/posts\/8900\/revisions"}],"predecessor-version":[{"id":8919,"href":"https:\/\/dioceseteixeiradefreitas.com.br\/index.php?rest_route=\/wp\/v2\/posts\/8900\/revisions\/8919"}],"wp:featuredmedia":[{"embeddable":true,"href":"https:\/\/dioceseteixeiradefreitas.com.br\/index.php?rest_route=\/wp\/v2\/media\/8901"}],"wp:attachment":[{"href":"https:\/\/dioceseteixeiradefreitas.com.br\/index.php?rest_route=%2Fwp%2Fv2%2Fmedia&parent=8900"}],"wp:term":[{"taxonomy":"category","embeddable":true,"href":"https:\/\/dioceseteixeiradefreitas.com.br\/index.php?rest_route=%2Fwp%2Fv2%2Fcategories&post=8900"},{"taxonomy":"post_tag","embeddable":true,"href":"https:\/\/dioceseteixeiradefreitas.com.br\/index.php?rest_route=%2Fwp%2Fv2%2Ftags&post=8900"}],"curies":[{"name":"wp","href":"https:\/\/api.w.org\/{rel}","templated":true}]}}