{"id":8965,"date":"2019-12-12T22:36:56","date_gmt":"2019-12-13T01:36:56","guid":{"rendered":"https:\/\/dioceseteixeiradefreitas.com.br\/?p=8965"},"modified":"2019-12-12T22:41:03","modified_gmt":"2019-12-13T01:41:03","slug":"cnbb-emite-nota-sobre-o-desrespeito-a-fe-crista","status":"publish","type":"post","link":"https:\/\/dioceseteixeiradefreitas.com.br\/?p=8965","title":{"rendered":"CNBB emite nota sobre o desrespeito \u00e0 f\u00e9 crist\u00e3"},"content":{"rendered":"<figure id=\"attachment_8966\" aria-describedby=\"caption-attachment-8966\" style=\"width: 708px\" class=\"wp-caption aligncenter\"><img loading=\"lazy\" decoding=\"async\" class=\"wp-image-8966 size-large\" src=\"https:\/\/dioceseteixeiradefreitas.com.br\/wp-content\/uploads\/2019\/12\/Notaf\u00e9-1024x650.jpg\" alt=\"CNBB emite nota sobre o desrespeito \u00e0 f\u00e9 crist\u00e3\" width=\"708\" height=\"449\" srcset=\"https:\/\/dioceseteixeiradefreitas.com.br\/wp-content\/uploads\/2019\/12\/Notaf\u00e9-1024x650.jpg 1024w, https:\/\/dioceseteixeiradefreitas.com.br\/wp-content\/uploads\/2019\/12\/Notaf\u00e9-600x381.jpg 600w, https:\/\/dioceseteixeiradefreitas.com.br\/wp-content\/uploads\/2019\/12\/Notaf\u00e9-300x191.jpg 300w, https:\/\/dioceseteixeiradefreitas.com.br\/wp-content\/uploads\/2019\/12\/Notaf\u00e9-768x488.jpg 768w, https:\/\/dioceseteixeiradefreitas.com.br\/wp-content\/uploads\/2019\/12\/Notaf\u00e9.jpg 1200w\" sizes=\"auto, (max-width: 708px) 100vw, 708px\" \/><figcaption id=\"caption-attachment-8966\" class=\"wp-caption-text\">CNBB emite nota sobre o desrespeito \u00e0 f\u00e9 crist\u00e3 &#8211; Imagem: CNBB\/Divulga\u00e7\u00e3o<\/figcaption><\/figure>\n<p>A Confer\u00eancia Nacional dos Bispos do Brasil (CNBB) divulgou nota na tarde desta quinta-feira, 12 de dezembro, na qual critica a postura de artistas que, em nome da liberdade de express\u00e3o, vilipendiam s\u00edmbolos sagrados da f\u00e9 crist\u00e3. \u201cRidicularizar a cren\u00e7a de um grupo, seja ele qual for, al\u00e9m de constituir il\u00edcito previsto na legisla\u00e7\u00e3o penal, significa desrespeitar todas as pessoas, ferindo a busca por uma sociedade efetivamente democr\u00e1tica, que valoriza todos os seus cidad\u00e3os\u201d, diz o texto. Confira abaixo a \u00edntegra do documento.<\/p>\n<p>&nbsp;<\/p>\n<h3 style=\"text-align: center;\"><strong>Nota ofical da CNBB<br \/>\nsobre o desrespeito \u00e0 f\u00e9 crist\u00e3<\/strong><\/h3>\n<p style=\"text-align: right;\">Examinai tudo e ficai com o que \u00e9 bom! (1 Ts 5,21)<\/p>\n<p>A Confer\u00eancia Nacional dos Bispos do Brasil (CNBB) repudia recentes fatos que, em nome da liberdade de express\u00e3o e da criatividade art\u00edstica, agridem profundamente a f\u00e9 crist\u00e3. Ridicularizar a cren\u00e7a de um grupo, seja ele qual for, al\u00e9m de constituir il\u00edcito previsto na legisla\u00e7\u00e3o penal, significa desrespeitar todas as pessoas, ferindo a busca por uma sociedade efetivamente democr\u00e1tica, que valoriza todos os seus cidad\u00e3os.<\/p>\n<p>A Igreja nunca deixou de promover a arte e a liberdade de express\u00e3o. Por isso, a CNBB reitera que toda produ\u00e7\u00e3o art\u00edstica respeite \u201cos sentimentos de um povo ou de grupos que vivem valores, muitas vezes, revestidos de uma sacralidade inviol\u00e1vel\u201d.\u00a0Quando h\u00e1 desrespeito em produ\u00e7\u00f5es midi\u00e1ticas, os meios de comunica\u00e7\u00e3o tornam-se violentos, verdadeiras armas que contribuem para ridicularizar e matar os valores mais profundos de um povo.<\/p>\n<p>Vivemos em uma sociedade pluralista. Nem todos t\u00eam as mesmas cren\u00e7as. Devemos, no entanto, como exig\u00eancia \u00e9tica e democr\u00e1tica, respeitar todas as pessoas. Nada permite a quem quer que seja o direito de vilipendiar cren\u00e7as, atingindo vidas. O direito \u00e0 liberdade de express\u00e3o n\u00e3o anula o respeito \u00e0s pessoas e aos seus valores.<\/p>\n<p>Neste tempo de Advento, somos convocados a permanecer firmes na f\u00e9, constantes na esperan\u00e7a e ass\u00edduos na caridade. N\u00e3o podemos nos deixar conduzir por atitudes de quem, utilizando a intelig\u00eancia recebida de Deus, agride esse mesmo Deus. Um dia, haveremos de prestar contas de todos os nossos atos.<\/p>\n<p>Diante, pois, dessas agress\u00f5es, respeitando a autonomia de cada pessoa a reagir conforme sua consci\u00eancia, a CNBB clama a todos os cidad\u00e3os brasileiros a se unirem por um pa\u00eds com mais justi\u00e7a, paz, respeito e fraternidade.<\/p>\n<p style=\"text-align: right;\">Bras\u00edlia-DF, 12 de dezembro de 2019<br \/>\nFesta de Nossa Senhora de Guadalupe<\/p>\n<p>No \u00e1udio abaixo, a nota \u00e9 lida pelo arcebispo de Belo Horizonte (MG) e presidente da CNBB, dom Walmor Oliveira de Azevedo. Confira:<\/p>\n<audio class=\"wp-audio-shortcode\" id=\"audio-8965-1\" preload=\"none\" style=\"width: 100%;\" controls=\"controls\"><source type=\"audio\/ogg\" src=\"https:\/\/dioceseteixeiradefreitas.com.br\/wp-content\/uploads\/2019\/12\/Audio-Dom-Walmor.ogg?_=1\" \/><a href=\"https:\/\/dioceseteixeiradefreitas.com.br\/wp-content\/uploads\/2019\/12\/Audio-Dom-Walmor.ogg\">https:\/\/dioceseteixeiradefreitas.com.br\/wp-content\/uploads\/2019\/12\/Audio-Dom-Walmor.ogg<\/a><\/audio>\n<p style=\"text-align: center;\"><strong>Dom Walmor Oliveira de Azevedo<\/strong><br \/>\nArcebispo de Belo Horizonte \u2013 MG<br \/>\nPresidente da CNBB<\/p>\n<p style=\"text-align: center;\"><strong>Dom Jaime Spengler<\/strong><br \/>\nArcebispo de Porto Alegre \u2013 RS<br \/>\n1\u00ba Vice-Presidente da CNBB<\/p>\n<p style=\"text-align: center;\"><strong>Dom M\u00e1rio Ant\u00f4nio da Silva<\/strong><br \/>\nBispo de Roraima \u2013 RR<br \/>\n2\u00ba Vice-Presidente da CNBB<\/p>\n<p style=\"text-align: center;\"><strong>Dom Joel Portella Amado<\/strong><br \/>\nBispo Auxiliar de S. Sebasti\u00e3o do Rio de Janeiro \u2013 RJ<br \/>\nSecret\u00e1rio-Geral da CNBB<\/p>\n<div id=\"mep_0\" class=\"mejs-container wp-audio-shortcode mejs-audio\" tabindex=\"0\" role=\"application\" aria-label=\"Tocador de \u00e1udio\">\n<div class=\"mejs-inner\">\n<div class=\"mejs-controls\">\n<div class=\"mejs-time mejs-currenttime-container\" role=\"timer\" aria-live=\"off\"><\/div>\n<div class=\"mejs-time-rail\"><\/div>\n<\/div>\n<\/div>\n<\/div>\n","protected":false},"excerpt":{"rendered":"<p>A Confer\u00eancia Nacional dos Bispos do Brasil (CNBB) divulgou nota na tarde desta quinta-feira, 12 de dezembro, na qual critica a postura de artistas que, em nome da liberdade de express\u00e3o, vilipendiam s\u00edmbolos sagrados da f\u00e9 crist\u00e3. \u201cRidicularizar a cren\u00e7a de um grupo, seja ele qual for, al\u00e9m de constituir il\u00edcito previsto na legisla\u00e7\u00e3o penal, &hellip;<\/p>\n","protected":false},"author":1,"featured_media":8966,"comment_status":"closed","ping_status":"closed","sticky":false,"template":"","format":"standard","meta":{"footnotes":""},"categories":[104],"tags":[191,389,390,65],"class_list":["post-8965","post","type-post","status-publish","format-standard","has-post-thumbnail","hentry","category-noticias-da-cnbb","tag-cnbb","tag-fe","tag-fe-crista","tag-nota-oficial"],"_links":{"self":[{"href":"https:\/\/dioceseteixeiradefreitas.com.br\/index.php?rest_route=\/wp\/v2\/posts\/8965","targetHints":{"allow":["GET"]}}],"collection":[{"href":"https:\/\/dioceseteixeiradefreitas.com.br\/index.php?rest_route=\/wp\/v2\/posts"}],"about":[{"href":"https:\/\/dioceseteixeiradefreitas.com.br\/index.php?rest_route=\/wp\/v2\/types\/post"}],"author":[{"embeddable":true,"href":"https:\/\/dioceseteixeiradefreitas.com.br\/index.php?rest_route=\/wp\/v2\/users\/1"}],"replies":[{"embeddable":true,"href":"https:\/\/dioceseteixeiradefreitas.com.br\/index.php?rest_route=%2Fwp%2Fv2%2Fcomments&post=8965"}],"version-history":[{"count":3,"href":"https:\/\/dioceseteixeiradefreitas.com.br\/index.php?rest_route=\/wp\/v2\/posts\/8965\/revisions"}],"predecessor-version":[{"id":8970,"href":"https:\/\/dioceseteixeiradefreitas.com.br\/index.php?rest_route=\/wp\/v2\/posts\/8965\/revisions\/8970"}],"wp:featuredmedia":[{"embeddable":true,"href":"https:\/\/dioceseteixeiradefreitas.com.br\/index.php?rest_route=\/wp\/v2\/media\/8966"}],"wp:attachment":[{"href":"https:\/\/dioceseteixeiradefreitas.com.br\/index.php?rest_route=%2Fwp%2Fv2%2Fmedia&parent=8965"}],"wp:term":[{"taxonomy":"category","embeddable":true,"href":"https:\/\/dioceseteixeiradefreitas.com.br\/index.php?rest_route=%2Fwp%2Fv2%2Fcategories&post=8965"},{"taxonomy":"post_tag","embeddable":true,"href":"https:\/\/dioceseteixeiradefreitas.com.br\/index.php?rest_route=%2Fwp%2Fv2%2Ftags&post=8965"}],"curies":[{"name":"wp","href":"https:\/\/api.w.org\/{rel}","templated":true}]}}