{"id":9113,"date":"2019-12-25T19:41:53","date_gmt":"2019-12-25T22:41:53","guid":{"rendered":"https:\/\/dioceseteixeiradefreitas.com.br\/?p=9113"},"modified":"2019-12-25T19:41:53","modified_gmt":"2019-12-25T22:41:53","slug":"papa-francisco-na-noite-de-natal-amar-nao-e-tempo-perdido","status":"publish","type":"post","link":"https:\/\/dioceseteixeiradefreitas.com.br\/?p=9113","title":{"rendered":"Papa Francisco na noite de Natal: amar n\u00e3o \u00e9 tempo perdido"},"content":{"rendered":"<figure id=\"attachment_9114\" aria-describedby=\"caption-attachment-9114\" style=\"width: 740px\" class=\"wp-caption aligncenter\"><img loading=\"lazy\" decoding=\"async\" class=\"wp-image-9114\" src=\"https:\/\/dioceseteixeiradefreitas.com.br\/wp-content\/uploads\/2019\/12\/cq5dam.thumbnail.cropped.1000.563.jpeg\" alt=\"\" width=\"740\" height=\"416\" srcset=\"https:\/\/dioceseteixeiradefreitas.com.br\/wp-content\/uploads\/2019\/12\/cq5dam.thumbnail.cropped.1000.563.jpeg 1000w, https:\/\/dioceseteixeiradefreitas.com.br\/wp-content\/uploads\/2019\/12\/cq5dam.thumbnail.cropped.1000.563-600x338.jpeg 600w, https:\/\/dioceseteixeiradefreitas.com.br\/wp-content\/uploads\/2019\/12\/cq5dam.thumbnail.cropped.1000.563-300x169.jpeg 300w, https:\/\/dioceseteixeiradefreitas.com.br\/wp-content\/uploads\/2019\/12\/cq5dam.thumbnail.cropped.1000.563-768x432.jpeg 768w, https:\/\/dioceseteixeiradefreitas.com.br\/wp-content\/uploads\/2019\/12\/cq5dam.thumbnail.cropped.1000.563-390x220.jpeg 390w\" sizes=\"auto, (max-width: 740px) 100vw, 740px\" \/><figcaption id=\"caption-attachment-9114\" class=\"wp-caption-text\">Papa Francisco beija o Menino Jesus na Noite de Natal &#8211; Foto: Vatican News\/Divulga\u00e7\u00e3o<\/figcaption><\/figure>\n<p>Na Bas\u00edlica de S\u00e3o Pedro neste dia 24 de dezembro, repleta de fi\u00e9is, ressoaram as palavras do profeta Isa\u00edas: \u201c<em>Habitavam numa terra de sombras, mas uma luz brilhou sobre eles<\/em>\u201d.<\/p>\n<p>Esta luz que se manifestou na escurid\u00e3o \u00e9 a gra\u00e7a de Deus, disse o Papa, explicando: \u201c<em>\u00e9 o amor divino, o amor que transforma a vida, renova a hist\u00f3ria, liberta do mal, infunde paz e alegria<\/em>\u201d. Esta luz \u00e9 Jesus.<\/p>\n<figure style=\"width: 769px\" class=\"wp-caption alignnone\"><img loading=\"lazy\" decoding=\"async\" src=\"https:\/\/www.vaticannews.va\/content\/dam\/vaticannews\/agenzie\/images\/srv\/2019\/12\/24\/2019-12-24-santa-messa-natale-del-signore\/1577222092284.JPG\/_jcr_content\/renditions\/cq5dam.thumbnail.cropped.1500.844.jpeg\" alt=\"\" width=\"769\" height=\"433\" \/><figcaption class=\"wp-caption-text\">Papa Francisco na homilia na Noite de Natal &#8211; Foto: Vatican News\/Divulga\u00e7\u00e3o<\/figcaption><\/figure>\n<h2>O dom da gra\u00e7a<\/h2>\n<p>O Ap\u00f3stolo Paulo a chama de \u201cgra\u00e7a\u201d porque \u00e9 completamente gratuita: \u201c<em>Enquanto aqui, na terra, tudo parece seguir a l\u00f3gica do dar para receber, Deus chega de gra\u00e7a. O seu amor ultrapassa qualquer possibilidade de neg\u00f3cio: nada fizemos para o merecer, e nunca poderemos retribu\u00ed-lo<\/em>\u201d.<\/p>\n<p>Por n\u00e3o estamos \u00e0 Sua altura, Ele desce at\u00e9 n\u00f3s: \u201c<em>O Natal nos lembra que Deus continua a amar todo o homem, mesmo o pior<\/em>\u201d.<\/p>\n<div>\n<aside class=\"article__readmore\">\n<div class=\"teaser--labelEvidence teaser teaser--type-article\">\n<article>\n<div class=\"teaser__labelWrapper\"><\/div>\n<\/article>\n<\/div>\n<\/aside>\n<\/div>\n<h2>Acolher o dom<\/h2>\n<p>Diante desta gra\u00e7a de Deus, n\u00e3o nos resta que acolher este dom entregando-se a Ele. N\u00e3o h\u00e1 desculpas: os problemas da vida, os erros da Igreja, o mal que existe no mundo. Tudo passa em segundo plano diante do amor de Jesus por n\u00f3s.<\/p>\n<p>Ent\u00e3o, afirmou Francisco, a quest\u00e3o do Natal \u00e9 esta: \u201cDeixo-me amar por Deus? Abandono-me ao seu amor que vem me salvar?\u201d<\/p>\n<h2>Acolher com gratid\u00e3o<\/h2>\n<p>Acolher a gra\u00e7a \u00e9 saber\u00a0agradecer, prosseguiu o Pont\u00edfice<i>.<\/i><\/p>\n<p>Acolher o dom que \u00e9 Jesus para depois se tornar dom como Jesus e, assim, dar sentido \u00e0 pr\u00f3pria vida. \u00c9 dando sentido a ela que podemos mudar mundo e toda a realidade que nos circunda:<\/p>\n<p>\u201cN\u00e3o esperemos que o pr\u00f3ximo se torne bom para lhe fazermos bem, que a Igreja seja perfeita para a amarmos, que os outros tenham considera\u00e7\u00e3o por n\u00f3s para os servirmos. Comecemos n\u00f3s. Isto \u00e9 acolher o dom da gra\u00e7a.\u201d<\/p>\n<p>O Papa Francisco concluiu a homilia citando um breve epis\u00f3dio que se narra sobre um dos pastores que, maneira humilde, sem nada a oferecer, segura nos seus bra\u00e7os o Menino Jesus:<\/p>\n<div>\n<div class=\"article__embed article__embed--border embed_style\">\n<blockquote><p>\u201cQuerido irm\u00e3o, querida irm\u00e3, se as suas m\u00e3os lhe parecem vazias, se v\u00ea o seu cora\u00e7\u00e3o pobre de amor, esta \u00e9 a sua noite. Manifestou-se a gra\u00e7a de Deus, para resplandecer na sua vida. Acolha-a e brilhar\u00e1 em voc\u00ea a luz do Natal.\u201d<\/p><\/blockquote>\n<\/div>\n<\/div>\n<div>\n<div class=\"article__embed article__embed--border embed_style\">\n<p>Por Bianca Fraccalvieri &#8211; Cidade do Vaticano &#8211; VATICAN NEWS<br \/>\nAdapta\u00e7\u00e3o: PASCOM Diocesana<\/p>\n<\/div>\n<\/div>\n","protected":false},"excerpt":{"rendered":"<p>Na Bas\u00edlica de S\u00e3o Pedro neste dia 24 de dezembro, repleta de fi\u00e9is, ressoaram as palavras do profeta Isa\u00edas: \u201cHabitavam numa terra de sombras, mas uma luz brilhou sobre eles\u201d. Esta luz que se manifestou na escurid\u00e3o \u00e9 a gra\u00e7a de Deus, disse o Papa, explicando: \u201c\u00e9 o amor divino, o amor que transforma a &hellip;<\/p>\n","protected":false},"author":1,"featured_media":9114,"comment_status":"closed","ping_status":"closed","sticky":false,"template":"","format":"standard","meta":{"footnotes":""},"categories":[103],"tags":[397,396,71,123],"class_list":["post-9113","post","type-post","status-publish","format-standard","has-post-thumbnail","hentry","category-noticias-do-vaticano","tag-amar-nao-e-tempo-perdido","tag-noite-de-natal","tag-papa-francisco","tag-vaticano"],"_links":{"self":[{"href":"https:\/\/dioceseteixeiradefreitas.com.br\/index.php?rest_route=\/wp\/v2\/posts\/9113","targetHints":{"allow":["GET"]}}],"collection":[{"href":"https:\/\/dioceseteixeiradefreitas.com.br\/index.php?rest_route=\/wp\/v2\/posts"}],"about":[{"href":"https:\/\/dioceseteixeiradefreitas.com.br\/index.php?rest_route=\/wp\/v2\/types\/post"}],"author":[{"embeddable":true,"href":"https:\/\/dioceseteixeiradefreitas.com.br\/index.php?rest_route=\/wp\/v2\/users\/1"}],"replies":[{"embeddable":true,"href":"https:\/\/dioceseteixeiradefreitas.com.br\/index.php?rest_route=%2Fwp%2Fv2%2Fcomments&post=9113"}],"version-history":[{"count":1,"href":"https:\/\/dioceseteixeiradefreitas.com.br\/index.php?rest_route=\/wp\/v2\/posts\/9113\/revisions"}],"predecessor-version":[{"id":9115,"href":"https:\/\/dioceseteixeiradefreitas.com.br\/index.php?rest_route=\/wp\/v2\/posts\/9113\/revisions\/9115"}],"wp:featuredmedia":[{"embeddable":true,"href":"https:\/\/dioceseteixeiradefreitas.com.br\/index.php?rest_route=\/wp\/v2\/media\/9114"}],"wp:attachment":[{"href":"https:\/\/dioceseteixeiradefreitas.com.br\/index.php?rest_route=%2Fwp%2Fv2%2Fmedia&parent=9113"}],"wp:term":[{"taxonomy":"category","embeddable":true,"href":"https:\/\/dioceseteixeiradefreitas.com.br\/index.php?rest_route=%2Fwp%2Fv2%2Fcategories&post=9113"},{"taxonomy":"post_tag","embeddable":true,"href":"https:\/\/dioceseteixeiradefreitas.com.br\/index.php?rest_route=%2Fwp%2Fv2%2Ftags&post=9113"}],"curies":[{"name":"wp","href":"https:\/\/api.w.org\/{rel}","templated":true}]}}