{"id":9137,"date":"2019-12-28T21:07:26","date_gmt":"2019-12-29T00:07:26","guid":{"rendered":"https:\/\/dioceseteixeiradefreitas.com.br\/?p=9137"},"modified":"2019-12-28T21:07:26","modified_gmt":"2019-12-29T00:07:26","slug":"participe-da-vigilia-de-ano-novo-na-catedral-sao-pedro-2","status":"publish","type":"post","link":"https:\/\/dioceseteixeiradefreitas.com.br\/?p=9137","title":{"rendered":"Participe da Vig\u00edlia de Ano Novo na Catedral S\u00e3o Pedro"},"content":{"rendered":"<figure id=\"attachment_5849\" aria-describedby=\"caption-attachment-5849\" style=\"width: 708px\" class=\"wp-caption aligncenter\"><img loading=\"lazy\" decoding=\"async\" class=\"wp-image-5849 size-large\" src=\"https:\/\/dioceseteixeiradefreitas.com.br\/wp-content\/uploads\/2018\/12\/vigilia-1200x762_c-1024x650.jpg\" alt=\"\" width=\"708\" height=\"449\" srcset=\"https:\/\/dioceseteixeiradefreitas.com.br\/wp-content\/uploads\/2018\/12\/vigilia-1200x762_c-1024x650.jpg 1024w, https:\/\/dioceseteixeiradefreitas.com.br\/wp-content\/uploads\/2018\/12\/vigilia-1200x762_c-600x381.jpg 600w, https:\/\/dioceseteixeiradefreitas.com.br\/wp-content\/uploads\/2018\/12\/vigilia-1200x762_c-300x191.jpg 300w, https:\/\/dioceseteixeiradefreitas.com.br\/wp-content\/uploads\/2018\/12\/vigilia-1200x762_c-768x488.jpg 768w, https:\/\/dioceseteixeiradefreitas.com.br\/wp-content\/uploads\/2018\/12\/vigilia-1200x762_c.jpg 1200w\" sizes=\"auto, (max-width: 708px) 100vw, 708px\" \/><figcaption id=\"caption-attachment-5849\" class=\"wp-caption-text\">Vig\u00edlia do Ano Novo &#8211; Foto: Internet\/Divulga\u00e7\u00e3o<\/figcaption><\/figure>\n<p>O Grupo da Vig\u00edlia do Imposs\u00edvel convida voc\u00ea e sua fam\u00edlia para a Vig\u00edlia de Ano Novo, que acontecer\u00e1 no dia 31\/12\/2019 (pr\u00f3xima ter\u00e7a-feira) a partir das 22h30\u00a0 na Catedral S\u00e3o Pedro.<\/p>\n<p>Venha iniciar o ano de 2020 e passar essa noite especial diante da presen\u00e7a de Jesus. Teremos prega\u00e7\u00e3o, louvor, adora\u00e7\u00e3o ao Sant\u00edssimo Sacramento e muito mais.<\/p>\n<p>Venha e viva essa experi\u00eancia com o amor do Senhor!<\/p>\n","protected":false},"excerpt":{"rendered":"<p>O Grupo da Vig\u00edlia do Imposs\u00edvel convida voc\u00ea e sua fam\u00edlia para a Vig\u00edlia de Ano Novo, que acontecer\u00e1 no dia 31\/12\/2019 (pr\u00f3xima ter\u00e7a-feira) a partir das 22h30\u00a0 na Catedral S\u00e3o Pedro. Venha iniciar o ano de 2020 e passar essa noite especial diante da presen\u00e7a de Jesus. Teremos prega\u00e7\u00e3o, louvor, adora\u00e7\u00e3o ao Sant\u00edssimo Sacramento &hellip;<\/p>\n","protected":false},"author":1,"featured_media":5849,"comment_status":"closed","ping_status":"closed","sticky":false,"template":"","format":"standard","meta":{"footnotes":""},"categories":[100],"tags":[59,125,405,404,403],"class_list":["post-9137","post","type-post","status-publish","format-standard","has-post-thumbnail","hentry","category-noticias-diocesanas","tag-catedral-sao-pedro","tag-diocese","tag-grupo-vigilia-do-impossivel","tag-vigilia","tag-vigilia-do-ano-novo"],"_links":{"self":[{"href":"https:\/\/dioceseteixeiradefreitas.com.br\/index.php?rest_route=\/wp\/v2\/posts\/9137","targetHints":{"allow":["GET"]}}],"collection":[{"href":"https:\/\/dioceseteixeiradefreitas.com.br\/index.php?rest_route=\/wp\/v2\/posts"}],"about":[{"href":"https:\/\/dioceseteixeiradefreitas.com.br\/index.php?rest_route=\/wp\/v2\/types\/post"}],"author":[{"embeddable":true,"href":"https:\/\/dioceseteixeiradefreitas.com.br\/index.php?rest_route=\/wp\/v2\/users\/1"}],"replies":[{"embeddable":true,"href":"https:\/\/dioceseteixeiradefreitas.com.br\/index.php?rest_route=%2Fwp%2Fv2%2Fcomments&post=9137"}],"version-history":[{"count":1,"href":"https:\/\/dioceseteixeiradefreitas.com.br\/index.php?rest_route=\/wp\/v2\/posts\/9137\/revisions"}],"predecessor-version":[{"id":9138,"href":"https:\/\/dioceseteixeiradefreitas.com.br\/index.php?rest_route=\/wp\/v2\/posts\/9137\/revisions\/9138"}],"wp:featuredmedia":[{"embeddable":true,"href":"https:\/\/dioceseteixeiradefreitas.com.br\/index.php?rest_route=\/wp\/v2\/media\/5849"}],"wp:attachment":[{"href":"https:\/\/dioceseteixeiradefreitas.com.br\/index.php?rest_route=%2Fwp%2Fv2%2Fmedia&parent=9137"}],"wp:term":[{"taxonomy":"category","embeddable":true,"href":"https:\/\/dioceseteixeiradefreitas.com.br\/index.php?rest_route=%2Fwp%2Fv2%2Fcategories&post=9137"},{"taxonomy":"post_tag","embeddable":true,"href":"https:\/\/dioceseteixeiradefreitas.com.br\/index.php?rest_route=%2Fwp%2Fv2%2Ftags&post=9137"}],"curies":[{"name":"wp","href":"https:\/\/api.w.org\/{rel}","templated":true}]}}