{"id":9147,"date":"2020-01-05T11:10:06","date_gmt":"2020-01-05T14:10:06","guid":{"rendered":"https:\/\/dioceseteixeiradefreitas.com.br\/?p=9147"},"modified":"2020-01-05T11:10:06","modified_gmt":"2020-01-05T14:10:06","slug":"programa-palavra-viva-05-01-2020","status":"publish","type":"post","link":"https:\/\/dioceseteixeiradefreitas.com.br\/?p=9147","title":{"rendered":"Programa Palavra Viva (05\/01\/2020)"},"content":{"rendered":"<p><img loading=\"lazy\" decoding=\"async\" class=\"aligncenter size-large wp-image-8199\" src=\"https:\/\/dioceseteixeiradefreitas.com.br\/wp-content\/uploads\/2019\/10\/56330eee-0de2-4c3d-843a-a7f50fdfa1e8-1024x1024.jpg\" alt=\"\" width=\"708\" height=\"708\" srcset=\"https:\/\/dioceseteixeiradefreitas.com.br\/wp-content\/uploads\/2019\/10\/56330eee-0de2-4c3d-843a-a7f50fdfa1e8-1024x1024.jpg 1024w, https:\/\/dioceseteixeiradefreitas.com.br\/wp-content\/uploads\/2019\/10\/56330eee-0de2-4c3d-843a-a7f50fdfa1e8-300x300.jpg 300w, https:\/\/dioceseteixeiradefreitas.com.br\/wp-content\/uploads\/2019\/10\/56330eee-0de2-4c3d-843a-a7f50fdfa1e8-100x100.jpg 100w, https:\/\/dioceseteixeiradefreitas.com.br\/wp-content\/uploads\/2019\/10\/56330eee-0de2-4c3d-843a-a7f50fdfa1e8-600x600.jpg 600w, https:\/\/dioceseteixeiradefreitas.com.br\/wp-content\/uploads\/2019\/10\/56330eee-0de2-4c3d-843a-a7f50fdfa1e8-150x150.jpg 150w, https:\/\/dioceseteixeiradefreitas.com.br\/wp-content\/uploads\/2019\/10\/56330eee-0de2-4c3d-843a-a7f50fdfa1e8-768x768.jpg 768w, https:\/\/dioceseteixeiradefreitas.com.br\/wp-content\/uploads\/2019\/10\/56330eee-0de2-4c3d-843a-a7f50fdfa1e8.jpg 1280w\" sizes=\"auto, (max-width: 708px) 100vw, 708px\" \/><\/p>\n<audio class=\"wp-audio-shortcode\" id=\"audio-9147-1\" preload=\"none\" style=\"width: 100%;\" controls=\"controls\"><source type=\"audio\/mpeg\" src=\"https:\/\/dioceseteixeiradefreitas.com.br\/wp-content\/uploads\/2020\/01\/PROGRAMA-PALAVRA-VIVA-DOMINGO-05-01-20-1.mp3?_=1\" \/><a href=\"https:\/\/dioceseteixeiradefreitas.com.br\/wp-content\/uploads\/2020\/01\/PROGRAMA-PALAVRA-VIVA-DOMINGO-05-01-20-1.mp3\">https:\/\/dioceseteixeiradefreitas.com.br\/wp-content\/uploads\/2020\/01\/PROGRAMA-PALAVRA-VIVA-DOMINGO-05-01-20-1.mp3<\/a><\/audio>\n<p>Programa voltado para a comunidade cat\u00f3lica da Diocese de Teixeira de Freitas\/Caravelas e convidados. O programa tem a apresenta\u00e7\u00e3o do Pe. Ricardo (Assessor Diocesano da PASCOM \u2013 Pastoral da Comunica\u00e7\u00e3o e Assessor de Imprensa) que conta com leitura do evangelho do dia, reflex\u00e3o, inten\u00e7\u00f5es e pedidos de ora\u00e7\u00e3o de fi\u00e9is, m\u00fasicas, e acontecimentos semanais na Diocese.<\/p>\n<p>Programa: Palavra Viva<br \/>\nEpis\u00f3dio: 14\u00ba \u2013 05\/01\/2020<br \/>\nProdu\u00e7\u00e3o: R\u00e1dio Sucesso Fm (104,9)<br \/>\nRealiza\u00e7\u00e3o: PASCOM<br \/>\n\u00a9 2019 &#8211; 2020<\/p>\n","protected":false},"excerpt":{"rendered":"<p>Programa voltado para a comunidade cat\u00f3lica da Diocese de Teixeira de Freitas\/Caravelas e convidados. O programa tem a apresenta\u00e7\u00e3o do Pe. Ricardo (Assessor Diocesano da PASCOM \u2013 Pastoral da Comunica\u00e7\u00e3o e Assessor de Imprensa) que conta com leitura do evangelho do dia, reflex\u00e3o, inten\u00e7\u00f5es e pedidos de ora\u00e7\u00e3o de fi\u00e9is, m\u00fasicas, e acontecimentos semanais na &hellip;<\/p>\n","protected":false},"author":1,"featured_media":8199,"comment_status":"closed","ping_status":"closed","sticky":false,"template":"","format":"standard","meta":{"footnotes":""},"categories":[313],"tags":[125,314,321,312,322],"class_list":["post-9147","post","type-post","status-publish","format-standard","has-post-thumbnail","hentry","category-programa-palavra-viva","tag-diocese","tag-palavra-viva","tag-pe-ricardo-menezes","tag-programa-palavra-viva","tag-radio-sucesso-fm"],"_links":{"self":[{"href":"https:\/\/dioceseteixeiradefreitas.com.br\/index.php?rest_route=\/wp\/v2\/posts\/9147","targetHints":{"allow":["GET"]}}],"collection":[{"href":"https:\/\/dioceseteixeiradefreitas.com.br\/index.php?rest_route=\/wp\/v2\/posts"}],"about":[{"href":"https:\/\/dioceseteixeiradefreitas.com.br\/index.php?rest_route=\/wp\/v2\/types\/post"}],"author":[{"embeddable":true,"href":"https:\/\/dioceseteixeiradefreitas.com.br\/index.php?rest_route=\/wp\/v2\/users\/1"}],"replies":[{"embeddable":true,"href":"https:\/\/dioceseteixeiradefreitas.com.br\/index.php?rest_route=%2Fwp%2Fv2%2Fcomments&post=9147"}],"version-history":[{"count":1,"href":"https:\/\/dioceseteixeiradefreitas.com.br\/index.php?rest_route=\/wp\/v2\/posts\/9147\/revisions"}],"predecessor-version":[{"id":9149,"href":"https:\/\/dioceseteixeiradefreitas.com.br\/index.php?rest_route=\/wp\/v2\/posts\/9147\/revisions\/9149"}],"wp:featuredmedia":[{"embeddable":true,"href":"https:\/\/dioceseteixeiradefreitas.com.br\/index.php?rest_route=\/wp\/v2\/media\/8199"}],"wp:attachment":[{"href":"https:\/\/dioceseteixeiradefreitas.com.br\/index.php?rest_route=%2Fwp%2Fv2%2Fmedia&parent=9147"}],"wp:term":[{"taxonomy":"category","embeddable":true,"href":"https:\/\/dioceseteixeiradefreitas.com.br\/index.php?rest_route=%2Fwp%2Fv2%2Fcategories&post=9147"},{"taxonomy":"post_tag","embeddable":true,"href":"https:\/\/dioceseteixeiradefreitas.com.br\/index.php?rest_route=%2Fwp%2Fv2%2Ftags&post=9147"}],"curies":[{"name":"wp","href":"https:\/\/api.w.org\/{rel}","templated":true}]}}