{"id":9248,"date":"2020-01-11T13:08:18","date_gmt":"2020-01-11T16:08:18","guid":{"rendered":"https:\/\/dioceseteixeiradefreitas.com.br\/?p=9248"},"modified":"2020-01-11T13:08:18","modified_gmt":"2020-01-11T16:08:18","slug":"diocese-realiza-doacoes-para-instituicoes-carentes-da-regiao","status":"publish","type":"post","link":"https:\/\/dioceseteixeiradefreitas.com.br\/?p=9248","title":{"rendered":"Diocese realiza doa\u00e7\u00f5es para Institui\u00e7\u00f5es carentes da regi\u00e3o"},"content":{"rendered":"<figure id=\"attachment_9251\" aria-describedby=\"caption-attachment-9251\" style=\"width: 900px\" class=\"wp-caption aligncenter\"><img loading=\"lazy\" decoding=\"async\" class=\"wp-image-9251 size-full\" src=\"https:\/\/dioceseteixeiradefreitas.com.br\/wp-content\/uploads\/2020\/01\/cf-capa.png\" alt=\"\" width=\"900\" height=\"600\" srcset=\"https:\/\/dioceseteixeiradefreitas.com.br\/wp-content\/uploads\/2020\/01\/cf-capa.png 900w, https:\/\/dioceseteixeiradefreitas.com.br\/wp-content\/uploads\/2020\/01\/cf-capa-600x400.png 600w, https:\/\/dioceseteixeiradefreitas.com.br\/wp-content\/uploads\/2020\/01\/cf-capa-300x200.png 300w, https:\/\/dioceseteixeiradefreitas.com.br\/wp-content\/uploads\/2020\/01\/cf-capa-768x512.png 768w\" sizes=\"auto, (max-width: 900px) 100vw, 900px\" \/><figcaption id=\"caption-attachment-9251\" class=\"wp-caption-text\">Cartaz da CF 2019 &#8211; Imagem: CNBB\/Divulga\u00e7\u00e3o<\/figcaption><\/figure>\n<p>A Diocese de Teixeira de Freitas\/Caravelas, realizou 5 (cinco) doa\u00e7\u00f5es para as institui\u00e7\u00f5es carentes de nossa regi\u00e3o. Cada institui\u00e7\u00e3o beneficiada recebeu o valor de R$ 2.128,80 (dois mil e cento e vinte e oito reais e oitenta centavos). Total repassado para \u00e0s institui\u00e7\u00f5es carentes: 10.644,00 (dez mil e seiscentos e quarenta e quatro reais).<\/p>\n<p>As institui\u00e7\u00f5es benefici\u00e1rias foram: Casa da Crian\u00e7a Renascer (Teixeira de Freitas-BA), APAE &#8211; Associa\u00e7\u00e3o de Pais e Amigos dos Excepcionais \/ Escola Especial Rosa Azul (Prado-BA), APAE &#8211; Associa\u00e7\u00e3o de Pais e Amigos dos Excepcionais (Itamaraju-BA), Lar dos Idosos Santo Ant\u00f4nio de Caravelas (Caravelas-BA) e Lar dos Idosos Frei Elias Hooji (Alcoba\u00e7a-BA).<\/p>\n<p>&#8220;<em>Agradecemos todos os Crist\u00e3os Cat\u00f3licos da nossa Diocese pela generosidade quanto \u00e0 doa\u00e7\u00e3o para a coleta da Campanha da Fraternidade 2019. Todos os anos estaremos dedicando 50% desta coleta para as institui\u00e7\u00f5es carentes conforme est\u00e1 estabelecido nas Diretrizes Administrativas da Diocese citada na p\u00e1gina 116 do Diret\u00f3rio Administrativo. Deus retribua com b\u00ean\u00e7\u00e3os a todos!<\/em>&#8220;, assinaram o comunicado o Pe. Aldomiro Aciole do Nascimento Ara\u00fajo &#8211; Presidente da C\u00e1ritas Diocesana e Pe. Ronaldo Cardoso de Oliveira &#8211; Ec\u00f4nomo da Diocese.<\/p>\n<p><strong>Confira o Comunicado Diocesano:<\/strong><\/p>\n<div id='gallery-1' class='gallery galleryid-9248 gallery-columns-1 gallery-size-medium'><figure class='gallery-item'>\n\t\t\t<div class='gallery-icon portrait'>\n\t\t\t\t<a href='https:\/\/dioceseteixeiradefreitas.com.br\/wp-content\/uploads\/2020\/01\/img630-scaled.jpg'><img loading=\"lazy\" decoding=\"async\" width=\"212\" height=\"300\" src=\"https:\/\/dioceseteixeiradefreitas.com.br\/wp-content\/uploads\/2020\/01\/img630-212x300.jpg\" class=\"attachment-medium size-medium\" alt=\"\" srcset=\"https:\/\/dioceseteixeiradefreitas.com.br\/wp-content\/uploads\/2020\/01\/img630-212x300.jpg 212w, https:\/\/dioceseteixeiradefreitas.com.br\/wp-content\/uploads\/2020\/01\/img630-scaled-600x848.jpg 600w, https:\/\/dioceseteixeiradefreitas.com.br\/wp-content\/uploads\/2020\/01\/img630-725x1024.jpg 725w, https:\/\/dioceseteixeiradefreitas.com.br\/wp-content\/uploads\/2020\/01\/img630-768x1085.jpg 768w, https:\/\/dioceseteixeiradefreitas.com.br\/wp-content\/uploads\/2020\/01\/img630-1087x1536.jpg 1087w, https:\/\/dioceseteixeiradefreitas.com.br\/wp-content\/uploads\/2020\/01\/img630-1449x2048.jpg 1449w, https:\/\/dioceseteixeiradefreitas.com.br\/wp-content\/uploads\/2020\/01\/img630-scaled.jpg 1812w\" sizes=\"auto, (max-width: 212px) 100vw, 212px\" \/><\/a>\n\t\t\t<\/div><\/figure>\n\t\t<\/div>\n\n<p>&nbsp;<\/p>\n","protected":false},"excerpt":{"rendered":"<p>A Diocese de Teixeira de Freitas\/Caravelas, realizou 5 (cinco) doa\u00e7\u00f5es para as institui\u00e7\u00f5es carentes de nossa regi\u00e3o. Cada institui\u00e7\u00e3o beneficiada recebeu o valor de R$ 2.128,80 (dois mil e cento e vinte e oito reais e oitenta centavos). Total repassado para \u00e0s institui\u00e7\u00f5es carentes: 10.644,00 (dez mil e seiscentos e quarenta e quatro reais). As &hellip;<\/p>\n","protected":false},"author":1,"featured_media":9249,"comment_status":"closed","ping_status":"closed","sticky":false,"template":"","format":"standard","meta":{"footnotes":""},"categories":[100],"tags":[421,420,125,418,419],"class_list":["post-9248","post","type-post","status-publish","format-standard","has-post-thumbnail","hentry","category-noticias-diocesanas","tag-campanha-da-fraternidade-2019","tag-coleta","tag-diocese","tag-doacao","tag-instituicoes-carentes"],"_links":{"self":[{"href":"https:\/\/dioceseteixeiradefreitas.com.br\/index.php?rest_route=\/wp\/v2\/posts\/9248","targetHints":{"allow":["GET"]}}],"collection":[{"href":"https:\/\/dioceseteixeiradefreitas.com.br\/index.php?rest_route=\/wp\/v2\/posts"}],"about":[{"href":"https:\/\/dioceseteixeiradefreitas.com.br\/index.php?rest_route=\/wp\/v2\/types\/post"}],"author":[{"embeddable":true,"href":"https:\/\/dioceseteixeiradefreitas.com.br\/index.php?rest_route=\/wp\/v2\/users\/1"}],"replies":[{"embeddable":true,"href":"https:\/\/dioceseteixeiradefreitas.com.br\/index.php?rest_route=%2Fwp%2Fv2%2Fcomments&post=9248"}],"version-history":[{"count":2,"href":"https:\/\/dioceseteixeiradefreitas.com.br\/index.php?rest_route=\/wp\/v2\/posts\/9248\/revisions"}],"predecessor-version":[{"id":9252,"href":"https:\/\/dioceseteixeiradefreitas.com.br\/index.php?rest_route=\/wp\/v2\/posts\/9248\/revisions\/9252"}],"wp:featuredmedia":[{"embeddable":true,"href":"https:\/\/dioceseteixeiradefreitas.com.br\/index.php?rest_route=\/wp\/v2\/media\/9249"}],"wp:attachment":[{"href":"https:\/\/dioceseteixeiradefreitas.com.br\/index.php?rest_route=%2Fwp%2Fv2%2Fmedia&parent=9248"}],"wp:term":[{"taxonomy":"category","embeddable":true,"href":"https:\/\/dioceseteixeiradefreitas.com.br\/index.php?rest_route=%2Fwp%2Fv2%2Fcategories&post=9248"},{"taxonomy":"post_tag","embeddable":true,"href":"https:\/\/dioceseteixeiradefreitas.com.br\/index.php?rest_route=%2Fwp%2Fv2%2Ftags&post=9248"}],"curies":[{"name":"wp","href":"https:\/\/api.w.org\/{rel}","templated":true}]}}