{"id":9265,"date":"2020-01-13T15:24:24","date_gmt":"2020-01-13T18:24:24","guid":{"rendered":"https:\/\/dioceseteixeiradefreitas.com.br\/?p=9265"},"modified":"2020-01-13T15:24:24","modified_gmt":"2020-01-13T18:24:24","slug":"padre-paulo-cesar-toma-posse-na-paroquia-santo-antonio-de-padua","status":"publish","type":"post","link":"https:\/\/dioceseteixeiradefreitas.com.br\/?p=9265","title":{"rendered":"Padre Paulo C\u00e9sar toma posse na Par\u00f3quia Santo Ant\u00f4nio de P\u00e1dua"},"content":{"rendered":"<figure id=\"attachment_9273\" aria-describedby=\"caption-attachment-9273\" style=\"width: 708px\" class=\"wp-caption aligncenter\"><img loading=\"lazy\" decoding=\"async\" class=\"wp-image-9273 size-large\" src=\"https:\/\/dioceseteixeiradefreitas.com.br\/wp-content\/uploads\/2020\/01\/51820d7f-8d20-4fe7-95bb-ecbea9cdab50-1024x904.jpg\" alt=\"\" width=\"708\" height=\"625\" srcset=\"https:\/\/dioceseteixeiradefreitas.com.br\/wp-content\/uploads\/2020\/01\/51820d7f-8d20-4fe7-95bb-ecbea9cdab50-1024x904.jpg 1024w, https:\/\/dioceseteixeiradefreitas.com.br\/wp-content\/uploads\/2020\/01\/51820d7f-8d20-4fe7-95bb-ecbea9cdab50-600x530.jpg 600w, https:\/\/dioceseteixeiradefreitas.com.br\/wp-content\/uploads\/2020\/01\/51820d7f-8d20-4fe7-95bb-ecbea9cdab50-300x265.jpg 300w, https:\/\/dioceseteixeiradefreitas.com.br\/wp-content\/uploads\/2020\/01\/51820d7f-8d20-4fe7-95bb-ecbea9cdab50-768x678.jpg 768w, https:\/\/dioceseteixeiradefreitas.com.br\/wp-content\/uploads\/2020\/01\/51820d7f-8d20-4fe7-95bb-ecbea9cdab50.jpg 1087w\" sizes=\"auto, (max-width: 708px) 100vw, 708px\" \/><figcaption id=\"caption-attachment-9273\" class=\"wp-caption-text\">Padre Paulo C\u00e9sar recebe o ato de Posse como Administrador Paroquial \u2013 Foto: PASCOM\/Divulga\u00e7\u00e3o<\/figcaption><\/figure>\n<p>A Par\u00f3quia Santo Ant\u00f4nio de P\u00e1dua, Distrito Santo Ant\u00f4nio, no dia 09 de janeiro, acolheu com alegria seu novo Administrador Paroquial, Reverend\u00edssimo Padre Paulo C\u00e9sar Pereira Pinto. A posse do padre aconteceu na missa das 19h, presidida pelo Bispo diocesano Dom Jailton de Oliveira Lino. Na qual estavam presentes, alguns dos sacerdotes da diocese, seminaristas diocesanos, amigos, paroquianos de sua antiga par\u00f3quia, e toda a par\u00f3quia na qual foi empossado.<\/p>\n<p>Dom Jailton Lino em sua homilia, ap\u00f3s a reflex\u00e3o sobre o evangelho da Quinta-feira depois da Epifania do Natal, destacou sobre a miss\u00e3o do P\u00e1roco: &#8220;<em>Se Deus lhe designar uma nova miss\u00e3o ele deve ir e cuidar sempre de suas ovelhas, mas depois de alimentadas pela palavra chegar\u00e1 um tempo que dever\u00e1 partir para pastorear um novo rebanho, o pastor nunca ser\u00e1 apenas de um rebanho s\u00f3, mas buscar\u00e1 novos trajetos sempre que Deus lhe tra\u00e7ar novos caminhos, a onde mandar eu irei&#8221;<\/em>, disse o bispo.<\/p>\n<p>O Rito de posse Can\u00f4nica foi composto pela leitura da Provis\u00e3o e Profiss\u00e3o de F\u00e9 do Padre. Uma noite de alegria e de muita import\u00e2ncia para a Par\u00f3quia Santo Ant\u00f4nio de P\u00e1dua.<\/p>\n<p>Padre Paulo C\u00e9sar afirmou que cumprir\u00e1 com sabedoria essa miss\u00e3o institu\u00edda a ele, assim como zelou de sua par\u00f3quia anterior com amor, e ensinou a cada pessoa como buscar o caminho dos c\u00e9us, tamb\u00e9m far\u00e1 o mesmo na sua nova par\u00f3quia. Pois como um sacerdote institu\u00eddo por Deus tem como miss\u00e3o evangelizar, e ir onde Jesus lhe mandar, ent\u00e3o essa miss\u00e3o na que lhe foi confiada, ser\u00e1 cumprida de acordo com os des\u00edgnios de Deus, disse Padre Paulo C\u00e9sar.<\/p>\n<p>Por PASCOM Santa Rita<\/p>\n<p>[su_note note_color=&#8221;#f3b418&#8243; text_color=&#8221;#ffffff&#8221;]Confira as fotos na galeria[\/su_note]<\/p>\n<div id='gallery-1' class='gallery galleryid-9265 gallery-columns-4 gallery-size-medium'><figure class='gallery-item'>\n\t\t\t<div class='gallery-icon landscape'>\n\t\t\t\t<a href='https:\/\/dioceseteixeiradefreitas.com.br\/wp-content\/uploads\/2020\/01\/2d090c57-cd94-4586-bcd2-f41a6cd75ad3.jpg'><img loading=\"lazy\" decoding=\"async\" width=\"300\" height=\"225\" src=\"https:\/\/dioceseteixeiradefreitas.com.br\/wp-content\/uploads\/2020\/01\/2d090c57-cd94-4586-bcd2-f41a6cd75ad3-300x225.jpg\" class=\"attachment-medium size-medium\" alt=\"\" srcset=\"https:\/\/dioceseteixeiradefreitas.com.br\/wp-content\/uploads\/2020\/01\/2d090c57-cd94-4586-bcd2-f41a6cd75ad3-300x225.jpg 300w, https:\/\/dioceseteixeiradefreitas.com.br\/wp-content\/uploads\/2020\/01\/2d090c57-cd94-4586-bcd2-f41a6cd75ad3-600x450.jpg 600w, https:\/\/dioceseteixeiradefreitas.com.br\/wp-content\/uploads\/2020\/01\/2d090c57-cd94-4586-bcd2-f41a6cd75ad3-1024x768.jpg 1024w, https:\/\/dioceseteixeiradefreitas.com.br\/wp-content\/uploads\/2020\/01\/2d090c57-cd94-4586-bcd2-f41a6cd75ad3-768x576.jpg 768w, https:\/\/dioceseteixeiradefreitas.com.br\/wp-content\/uploads\/2020\/01\/2d090c57-cd94-4586-bcd2-f41a6cd75ad3.jpg 1280w\" sizes=\"auto, (max-width: 300px) 100vw, 300px\" \/><\/a>\n\t\t\t<\/div><\/figure><figure class='gallery-item'>\n\t\t\t<div class='gallery-icon landscape'>\n\t\t\t\t<a href='https:\/\/dioceseteixeiradefreitas.com.br\/wp-content\/uploads\/2020\/01\/5f2bea98-3d40-4430-bae7-172bfe8400dc.jpg'><img loading=\"lazy\" decoding=\"async\" width=\"300\" height=\"240\" src=\"https:\/\/dioceseteixeiradefreitas.com.br\/wp-content\/uploads\/2020\/01\/5f2bea98-3d40-4430-bae7-172bfe8400dc-300x240.jpg\" class=\"attachment-medium size-medium\" alt=\"\" srcset=\"https:\/\/dioceseteixeiradefreitas.com.br\/wp-content\/uploads\/2020\/01\/5f2bea98-3d40-4430-bae7-172bfe8400dc-300x240.jpg 300w, https:\/\/dioceseteixeiradefreitas.com.br\/wp-content\/uploads\/2020\/01\/5f2bea98-3d40-4430-bae7-172bfe8400dc-600x481.jpg 600w, https:\/\/dioceseteixeiradefreitas.com.br\/wp-content\/uploads\/2020\/01\/5f2bea98-3d40-4430-bae7-172bfe8400dc-1024x821.jpg 1024w, https:\/\/dioceseteixeiradefreitas.com.br\/wp-content\/uploads\/2020\/01\/5f2bea98-3d40-4430-bae7-172bfe8400dc-768x615.jpg 768w, https:\/\/dioceseteixeiradefreitas.com.br\/wp-content\/uploads\/2020\/01\/5f2bea98-3d40-4430-bae7-172bfe8400dc.jpg 1198w\" sizes=\"auto, (max-width: 300px) 100vw, 300px\" \/><\/a>\n\t\t\t<\/div><\/figure><figure class='gallery-item'>\n\t\t\t<div class='gallery-icon landscape'>\n\t\t\t\t<a href='https:\/\/dioceseteixeiradefreitas.com.br\/wp-content\/uploads\/2020\/01\/9d9b2612-825b-47ef-ba4d-ff974f54ea04.jpg'><img loading=\"lazy\" decoding=\"async\" width=\"300\" height=\"225\" src=\"https:\/\/dioceseteixeiradefreitas.com.br\/wp-content\/uploads\/2020\/01\/9d9b2612-825b-47ef-ba4d-ff974f54ea04-300x225.jpg\" class=\"attachment-medium size-medium\" alt=\"\" srcset=\"https:\/\/dioceseteixeiradefreitas.com.br\/wp-content\/uploads\/2020\/01\/9d9b2612-825b-47ef-ba4d-ff974f54ea04-300x225.jpg 300w, https:\/\/dioceseteixeiradefreitas.com.br\/wp-content\/uploads\/2020\/01\/9d9b2612-825b-47ef-ba4d-ff974f54ea04-600x450.jpg 600w, https:\/\/dioceseteixeiradefreitas.com.br\/wp-content\/uploads\/2020\/01\/9d9b2612-825b-47ef-ba4d-ff974f54ea04-1024x768.jpg 1024w, https:\/\/dioceseteixeiradefreitas.com.br\/wp-content\/uploads\/2020\/01\/9d9b2612-825b-47ef-ba4d-ff974f54ea04-768x576.jpg 768w, https:\/\/dioceseteixeiradefreitas.com.br\/wp-content\/uploads\/2020\/01\/9d9b2612-825b-47ef-ba4d-ff974f54ea04.jpg 1280w\" sizes=\"auto, (max-width: 300px) 100vw, 300px\" \/><\/a>\n\t\t\t<\/div><\/figure><figure class='gallery-item'>\n\t\t\t<div class='gallery-icon landscape'>\n\t\t\t\t<a href='https:\/\/dioceseteixeiradefreitas.com.br\/wp-content\/uploads\/2020\/01\/31d73cf2-3f0a-4ec0-9a6a-ea7d8ba95539.jpg'><img loading=\"lazy\" decoding=\"async\" width=\"300\" height=\"244\" src=\"https:\/\/dioceseteixeiradefreitas.com.br\/wp-content\/uploads\/2020\/01\/31d73cf2-3f0a-4ec0-9a6a-ea7d8ba95539-300x244.jpg\" class=\"attachment-medium size-medium\" alt=\"\" srcset=\"https:\/\/dioceseteixeiradefreitas.com.br\/wp-content\/uploads\/2020\/01\/31d73cf2-3f0a-4ec0-9a6a-ea7d8ba95539-300x244.jpg 300w, https:\/\/dioceseteixeiradefreitas.com.br\/wp-content\/uploads\/2020\/01\/31d73cf2-3f0a-4ec0-9a6a-ea7d8ba95539-600x488.jpg 600w, https:\/\/dioceseteixeiradefreitas.com.br\/wp-content\/uploads\/2020\/01\/31d73cf2-3f0a-4ec0-9a6a-ea7d8ba95539-1024x833.jpg 1024w, https:\/\/dioceseteixeiradefreitas.com.br\/wp-content\/uploads\/2020\/01\/31d73cf2-3f0a-4ec0-9a6a-ea7d8ba95539-768x625.jpg 768w, https:\/\/dioceseteixeiradefreitas.com.br\/wp-content\/uploads\/2020\/01\/31d73cf2-3f0a-4ec0-9a6a-ea7d8ba95539.jpg 1180w\" sizes=\"auto, (max-width: 300px) 100vw, 300px\" \/><\/a>\n\t\t\t<\/div><\/figure><figure class='gallery-item'>\n\t\t\t<div class='gallery-icon portrait'>\n\t\t\t\t<a href='https:\/\/dioceseteixeiradefreitas.com.br\/wp-content\/uploads\/2020\/01\/40ecb575-67fa-478f-9ecc-f44089193c2b.jpg'><img loading=\"lazy\" decoding=\"async\" width=\"264\" height=\"300\" src=\"https:\/\/dioceseteixeiradefreitas.com.br\/wp-content\/uploads\/2020\/01\/40ecb575-67fa-478f-9ecc-f44089193c2b-264x300.jpg\" class=\"attachment-medium size-medium\" alt=\"\" srcset=\"https:\/\/dioceseteixeiradefreitas.com.br\/wp-content\/uploads\/2020\/01\/40ecb575-67fa-478f-9ecc-f44089193c2b-264x300.jpg 264w, https:\/\/dioceseteixeiradefreitas.com.br\/wp-content\/uploads\/2020\/01\/40ecb575-67fa-478f-9ecc-f44089193c2b-600x683.jpg 600w, https:\/\/dioceseteixeiradefreitas.com.br\/wp-content\/uploads\/2020\/01\/40ecb575-67fa-478f-9ecc-f44089193c2b-900x1024.jpg 900w, https:\/\/dioceseteixeiradefreitas.com.br\/wp-content\/uploads\/2020\/01\/40ecb575-67fa-478f-9ecc-f44089193c2b-768x874.jpg 768w, https:\/\/dioceseteixeiradefreitas.com.br\/wp-content\/uploads\/2020\/01\/40ecb575-67fa-478f-9ecc-f44089193c2b.jpg 960w\" sizes=\"auto, (max-width: 264px) 100vw, 264px\" \/><\/a>\n\t\t\t<\/div><\/figure><figure class='gallery-item'>\n\t\t\t<div class='gallery-icon landscape'>\n\t\t\t\t<a href='https:\/\/dioceseteixeiradefreitas.com.br\/wp-content\/uploads\/2020\/01\/92c46341-18d0-46b5-ba8b-ec485480bd86.jpg'><img loading=\"lazy\" decoding=\"async\" width=\"300\" height=\"278\" src=\"https:\/\/dioceseteixeiradefreitas.com.br\/wp-content\/uploads\/2020\/01\/92c46341-18d0-46b5-ba8b-ec485480bd86-300x278.jpg\" class=\"attachment-medium size-medium\" alt=\"\" srcset=\"https:\/\/dioceseteixeiradefreitas.com.br\/wp-content\/uploads\/2020\/01\/92c46341-18d0-46b5-ba8b-ec485480bd86-300x278.jpg 300w, https:\/\/dioceseteixeiradefreitas.com.br\/wp-content\/uploads\/2020\/01\/92c46341-18d0-46b5-ba8b-ec485480bd86-600x555.jpg 600w, https:\/\/dioceseteixeiradefreitas.com.br\/wp-content\/uploads\/2020\/01\/92c46341-18d0-46b5-ba8b-ec485480bd86-1024x948.jpg 1024w, https:\/\/dioceseteixeiradefreitas.com.br\/wp-content\/uploads\/2020\/01\/92c46341-18d0-46b5-ba8b-ec485480bd86-768x711.jpg 768w, https:\/\/dioceseteixeiradefreitas.com.br\/wp-content\/uploads\/2020\/01\/92c46341-18d0-46b5-ba8b-ec485480bd86.jpg 1280w\" sizes=\"auto, (max-width: 300px) 100vw, 300px\" \/><\/a>\n\t\t\t<\/div><\/figure><figure class='gallery-item'>\n\t\t\t<div class='gallery-icon landscape'>\n\t\t\t\t<a href='https:\/\/dioceseteixeiradefreitas.com.br\/wp-content\/uploads\/2020\/01\/2723f7c6-df72-4298-a02e-dfdd33e95df4.jpg'><img loading=\"lazy\" decoding=\"async\" width=\"300\" height=\"225\" src=\"https:\/\/dioceseteixeiradefreitas.com.br\/wp-content\/uploads\/2020\/01\/2723f7c6-df72-4298-a02e-dfdd33e95df4-300x225.jpg\" class=\"attachment-medium size-medium\" alt=\"\" srcset=\"https:\/\/dioceseteixeiradefreitas.com.br\/wp-content\/uploads\/2020\/01\/2723f7c6-df72-4298-a02e-dfdd33e95df4-300x225.jpg 300w, https:\/\/dioceseteixeiradefreitas.com.br\/wp-content\/uploads\/2020\/01\/2723f7c6-df72-4298-a02e-dfdd33e95df4-600x450.jpg 600w, https:\/\/dioceseteixeiradefreitas.com.br\/wp-content\/uploads\/2020\/01\/2723f7c6-df72-4298-a02e-dfdd33e95df4-1024x768.jpg 1024w, https:\/\/dioceseteixeiradefreitas.com.br\/wp-content\/uploads\/2020\/01\/2723f7c6-df72-4298-a02e-dfdd33e95df4-768x576.jpg 768w, https:\/\/dioceseteixeiradefreitas.com.br\/wp-content\/uploads\/2020\/01\/2723f7c6-df72-4298-a02e-dfdd33e95df4.jpg 1280w\" sizes=\"auto, (max-width: 300px) 100vw, 300px\" \/><\/a>\n\t\t\t<\/div><\/figure><figure class='gallery-item'>\n\t\t\t<div class='gallery-icon landscape'>\n\t\t\t\t<a href='https:\/\/dioceseteixeiradefreitas.com.br\/wp-content\/uploads\/2020\/01\/51820d7f-8d20-4fe7-95bb-ecbea9cdab50.jpg'><img loading=\"lazy\" decoding=\"async\" width=\"300\" height=\"265\" src=\"https:\/\/dioceseteixeiradefreitas.com.br\/wp-content\/uploads\/2020\/01\/51820d7f-8d20-4fe7-95bb-ecbea9cdab50-300x265.jpg\" class=\"attachment-medium size-medium\" alt=\"\" srcset=\"https:\/\/dioceseteixeiradefreitas.com.br\/wp-content\/uploads\/2020\/01\/51820d7f-8d20-4fe7-95bb-ecbea9cdab50-300x265.jpg 300w, https:\/\/dioceseteixeiradefreitas.com.br\/wp-content\/uploads\/2020\/01\/51820d7f-8d20-4fe7-95bb-ecbea9cdab50-600x530.jpg 600w, https:\/\/dioceseteixeiradefreitas.com.br\/wp-content\/uploads\/2020\/01\/51820d7f-8d20-4fe7-95bb-ecbea9cdab50-1024x904.jpg 1024w, https:\/\/dioceseteixeiradefreitas.com.br\/wp-content\/uploads\/2020\/01\/51820d7f-8d20-4fe7-95bb-ecbea9cdab50-768x678.jpg 768w, https:\/\/dioceseteixeiradefreitas.com.br\/wp-content\/uploads\/2020\/01\/51820d7f-8d20-4fe7-95bb-ecbea9cdab50.jpg 1087w\" sizes=\"auto, (max-width: 300px) 100vw, 300px\" \/><\/a>\n\t\t\t<\/div><\/figure><figure class='gallery-item'>\n\t\t\t<div class='gallery-icon landscape'>\n\t\t\t\t<a href='https:\/\/dioceseteixeiradefreitas.com.br\/wp-content\/uploads\/2020\/01\/a15bf70d-daf9-4d46-b630-823ab0a19e3a.jpg'><img loading=\"lazy\" decoding=\"async\" width=\"300\" height=\"275\" src=\"https:\/\/dioceseteixeiradefreitas.com.br\/wp-content\/uploads\/2020\/01\/a15bf70d-daf9-4d46-b630-823ab0a19e3a-300x275.jpg\" class=\"attachment-medium size-medium\" alt=\"\" srcset=\"https:\/\/dioceseteixeiradefreitas.com.br\/wp-content\/uploads\/2020\/01\/a15bf70d-daf9-4d46-b630-823ab0a19e3a-300x275.jpg 300w, https:\/\/dioceseteixeiradefreitas.com.br\/wp-content\/uploads\/2020\/01\/a15bf70d-daf9-4d46-b630-823ab0a19e3a-600x551.jpg 600w, https:\/\/dioceseteixeiradefreitas.com.br\/wp-content\/uploads\/2020\/01\/a15bf70d-daf9-4d46-b630-823ab0a19e3a-1024x940.jpg 1024w, https:\/\/dioceseteixeiradefreitas.com.br\/wp-content\/uploads\/2020\/01\/a15bf70d-daf9-4d46-b630-823ab0a19e3a-768x705.jpg 768w, https:\/\/dioceseteixeiradefreitas.com.br\/wp-content\/uploads\/2020\/01\/a15bf70d-daf9-4d46-b630-823ab0a19e3a.jpg 1280w\" sizes=\"auto, (max-width: 300px) 100vw, 300px\" \/><\/a>\n\t\t\t<\/div><\/figure><figure class='gallery-item'>\n\t\t\t<div class='gallery-icon landscape'>\n\t\t\t\t<a href='https:\/\/dioceseteixeiradefreitas.com.br\/wp-content\/uploads\/2020\/01\/cb13c3a3-17d1-4b53-bc10-6f95a3554e6c.jpg'><img loading=\"lazy\" decoding=\"async\" width=\"300\" height=\"172\" src=\"https:\/\/dioceseteixeiradefreitas.com.br\/wp-content\/uploads\/2020\/01\/cb13c3a3-17d1-4b53-bc10-6f95a3554e6c-300x172.jpg\" class=\"attachment-medium size-medium\" alt=\"\" srcset=\"https:\/\/dioceseteixeiradefreitas.com.br\/wp-content\/uploads\/2020\/01\/cb13c3a3-17d1-4b53-bc10-6f95a3554e6c-300x172.jpg 300w, https:\/\/dioceseteixeiradefreitas.com.br\/wp-content\/uploads\/2020\/01\/cb13c3a3-17d1-4b53-bc10-6f95a3554e6c-600x344.jpg 600w, https:\/\/dioceseteixeiradefreitas.com.br\/wp-content\/uploads\/2020\/01\/cb13c3a3-17d1-4b53-bc10-6f95a3554e6c-1024x587.jpg 1024w, https:\/\/dioceseteixeiradefreitas.com.br\/wp-content\/uploads\/2020\/01\/cb13c3a3-17d1-4b53-bc10-6f95a3554e6c-768x440.jpg 768w, https:\/\/dioceseteixeiradefreitas.com.br\/wp-content\/uploads\/2020\/01\/cb13c3a3-17d1-4b53-bc10-6f95a3554e6c.jpg 1280w\" sizes=\"auto, (max-width: 300px) 100vw, 300px\" \/><\/a>\n\t\t\t<\/div><\/figure>\n\t\t<\/div>\n\n","protected":false},"excerpt":{"rendered":"<p>A Par\u00f3quia Santo Ant\u00f4nio de P\u00e1dua, Distrito Santo Ant\u00f4nio, no dia 09 de janeiro, acolheu com alegria seu novo Administrador Paroquial, Reverend\u00edssimo Padre Paulo C\u00e9sar Pereira Pinto. A posse do padre aconteceu na missa das 19h, presidida pelo Bispo diocesano Dom Jailton de Oliveira Lino. Na qual estavam presentes, alguns dos sacerdotes da diocese, seminaristas &hellip;<\/p>\n","protected":false},"author":1,"featured_media":9273,"comment_status":"closed","ping_status":"closed","sticky":false,"template":"","format":"standard","meta":{"footnotes":""},"categories":[310],"tags":[125,57,87,426],"class_list":["post-9265","post","type-post","status-publish","format-standard","has-post-thumbnail","hentry","category-noticias-paroquiais","tag-diocese","tag-forania-sao-pedro","tag-paroquia-santo-antonio","tag-pe-paulo-cesar"],"_links":{"self":[{"href":"https:\/\/dioceseteixeiradefreitas.com.br\/index.php?rest_route=\/wp\/v2\/posts\/9265","targetHints":{"allow":["GET"]}}],"collection":[{"href":"https:\/\/dioceseteixeiradefreitas.com.br\/index.php?rest_route=\/wp\/v2\/posts"}],"about":[{"href":"https:\/\/dioceseteixeiradefreitas.com.br\/index.php?rest_route=\/wp\/v2\/types\/post"}],"author":[{"embeddable":true,"href":"https:\/\/dioceseteixeiradefreitas.com.br\/index.php?rest_route=\/wp\/v2\/users\/1"}],"replies":[{"embeddable":true,"href":"https:\/\/dioceseteixeiradefreitas.com.br\/index.php?rest_route=%2Fwp%2Fv2%2Fcomments&post=9265"}],"version-history":[{"count":1,"href":"https:\/\/dioceseteixeiradefreitas.com.br\/index.php?rest_route=\/wp\/v2\/posts\/9265\/revisions"}],"predecessor-version":[{"id":9276,"href":"https:\/\/dioceseteixeiradefreitas.com.br\/index.php?rest_route=\/wp\/v2\/posts\/9265\/revisions\/9276"}],"wp:featuredmedia":[{"embeddable":true,"href":"https:\/\/dioceseteixeiradefreitas.com.br\/index.php?rest_route=\/wp\/v2\/media\/9273"}],"wp:attachment":[{"href":"https:\/\/dioceseteixeiradefreitas.com.br\/index.php?rest_route=%2Fwp%2Fv2%2Fmedia&parent=9265"}],"wp:term":[{"taxonomy":"category","embeddable":true,"href":"https:\/\/dioceseteixeiradefreitas.com.br\/index.php?rest_route=%2Fwp%2Fv2%2Fcategories&post=9265"},{"taxonomy":"post_tag","embeddable":true,"href":"https:\/\/dioceseteixeiradefreitas.com.br\/index.php?rest_route=%2Fwp%2Fv2%2Ftags&post=9265"}],"curies":[{"name":"wp","href":"https:\/\/api.w.org\/{rel}","templated":true}]}}