{"id":9290,"date":"2020-01-16T16:15:00","date_gmt":"2020-01-16T19:15:00","guid":{"rendered":"https:\/\/dioceseteixeiradefreitas.com.br\/?p=9290"},"modified":"2020-01-16T23:03:12","modified_gmt":"2020-01-17T02:03:12","slug":"vem-ai-o-novenario-de-sao-paulo-apostolo-2020","status":"publish","type":"post","link":"https:\/\/dioceseteixeiradefreitas.com.br\/?p=9290","title":{"rendered":"Vem a\u00ed o Noven\u00e1rio de S\u00e3o Paulo Ap\u00f3stolo 2020"},"content":{"rendered":"<figure id=\"attachment_9292\" aria-describedby=\"caption-attachment-9292\" style=\"width: 708px\" class=\"wp-caption aligncenter\"><img loading=\"lazy\" decoding=\"async\" class=\"wp-image-9292 size-large\" src=\"https:\/\/dioceseteixeiradefreitas.com.br\/wp-content\/uploads\/2020\/01\/f5c5bd9d-f29d-49a4-8658-f0850b6828c7-1024x723.jpg\" alt=\"\" width=\"708\" height=\"500\" srcset=\"https:\/\/dioceseteixeiradefreitas.com.br\/wp-content\/uploads\/2020\/01\/f5c5bd9d-f29d-49a4-8658-f0850b6828c7-1024x723.jpg 1024w, https:\/\/dioceseteixeiradefreitas.com.br\/wp-content\/uploads\/2020\/01\/f5c5bd9d-f29d-49a4-8658-f0850b6828c7-600x424.jpg 600w, https:\/\/dioceseteixeiradefreitas.com.br\/wp-content\/uploads\/2020\/01\/f5c5bd9d-f29d-49a4-8658-f0850b6828c7-300x212.jpg 300w, https:\/\/dioceseteixeiradefreitas.com.br\/wp-content\/uploads\/2020\/01\/f5c5bd9d-f29d-49a4-8658-f0850b6828c7-768x542.jpg 768w, https:\/\/dioceseteixeiradefreitas.com.br\/wp-content\/uploads\/2020\/01\/f5c5bd9d-f29d-49a4-8658-f0850b6828c7.jpg 1280w\" sizes=\"auto, (max-width: 708px) 100vw, 708px\" \/><figcaption id=\"caption-attachment-9292\" class=\"wp-caption-text\">Cartaz da Festa de S\u00e3o Paulo Ap\u00f3stolo &#8211; Foto: PASCOM\/Divulga\u00e7\u00e3o<\/figcaption><\/figure>\n<p>\u00c9 com imensa alegria que convidamos voc\u00ea e sua fam\u00edlia para participar do Noven\u00e1rio e Festa de S\u00e3o Paulo Ap\u00f3stolo de <strong>24 de janeiro a 02 de fevereiro de 2020<\/strong>. Com o tema: &#8220;J\u00e1 n\u00e3o sou eu que vivo, \u00e9 Cristo que vive em mim&#8221; (G\u00e1latas 2, 20). De segunda a sexta as Missas ser\u00e3o \u00e0s 19h30 min e aos s\u00e1bados e domingos 19h. Todos os dias ap\u00f3s a Santa Missa, quermesse e m\u00fasica ao vivo.<\/p>\n<p>No dia 25 de janeiro \u00e0s 08h30min\u00a0 comemorando o dia da Convers\u00e3o de S\u00e3o Paulo, ocorrer\u00e1 uma carreata com saindo do Rondelli Center, com o seguinte percurso: Rua Mau\u00e1, Av. Pres. Get\u00falio Vargas e Av. Almirante Barroso (Matriz).<\/p>\n<p>At\u00e9 o dia 1\u00ba de fevereiro, os homenageados e festeiros ser\u00e3o os membros de diversas Pastorais, Movimentos e Servi\u00e7os da Diocese.<\/p>\n<p>No dia 1\u00ba de fevereiro, a Par\u00f3quia promover\u00e1 o Festival de M\u00fasica Crist\u00e3 (que est\u00e1 com inscri\u00e7\u00f5es abertas no aplicativo de mensagem instant\u00e2nea WhatsApp da Secretaria: 3291-1955) e o sorteio entre amigos. No dia 02, acontecer\u00e1 a tradicional prociss\u00e3o, saindo da Comunidade Imaculada, localizada na Avenida Estados Unidos &#8211; Jardim Liberdade, \u00e0s 18h, em dire\u00e7\u00e3o a Igreja Matriz.<\/p>\n<p>Participe com seus amigos e familiares!! A Par\u00f3quia S\u00e3o Paulo Ap\u00f3stolo est\u00e1 localizada na Avenida Almirante Barroso, N\u00famero 400 &#8211; Nova Teixeira, Teixeira de Freitas\/BA.<\/p>\n<p>[su_note note_color=&#8221;#f3b418&#8243; text_color=&#8221;#ffffff&#8221;]Confira a PROGRAMA\u00c7\u00c3O DA FESTA[\/su_note]<\/p>\n<p><a href=\"https:\/\/dioceseteixeiradefreitas.com.br\/wp-content\/uploads\/2020\/01\/f0dd5964-5596-40a9-8829-602d6e389d2d.jpg\"><img loading=\"lazy\" decoding=\"async\" class=\"aligncenter wp-image-9291\" src=\"https:\/\/dioceseteixeiradefreitas.com.br\/wp-content\/uploads\/2020\/01\/f0dd5964-5596-40a9-8829-602d6e389d2d-1024x723.jpg\" alt=\"\" width=\"858\" height=\"606\" srcset=\"https:\/\/dioceseteixeiradefreitas.com.br\/wp-content\/uploads\/2020\/01\/f0dd5964-5596-40a9-8829-602d6e389d2d-1024x723.jpg 1024w, https:\/\/dioceseteixeiradefreitas.com.br\/wp-content\/uploads\/2020\/01\/f0dd5964-5596-40a9-8829-602d6e389d2d-600x424.jpg 600w, https:\/\/dioceseteixeiradefreitas.com.br\/wp-content\/uploads\/2020\/01\/f0dd5964-5596-40a9-8829-602d6e389d2d-300x212.jpg 300w, https:\/\/dioceseteixeiradefreitas.com.br\/wp-content\/uploads\/2020\/01\/f0dd5964-5596-40a9-8829-602d6e389d2d-768x542.jpg 768w, https:\/\/dioceseteixeiradefreitas.com.br\/wp-content\/uploads\/2020\/01\/f0dd5964-5596-40a9-8829-602d6e389d2d.jpg 1280w\" sizes=\"auto, (max-width: 858px) 100vw, 858px\" \/><\/a><\/p>\n<p>Por PASCOM Par\u00f3quia S\u00e3o Paulo Ap\u00f3stolo<\/p>\n","protected":false},"excerpt":{"rendered":"<p>\u00c9 com imensa alegria que convidamos voc\u00ea e sua fam\u00edlia para participar do Noven\u00e1rio e Festa de S\u00e3o Paulo Ap\u00f3stolo de 24 de janeiro a 02 de fevereiro de 2020. Com o tema: &#8220;J\u00e1 n\u00e3o sou eu que vivo, \u00e9 Cristo que vive em mim&#8221; (G\u00e1latas 2, 20). De segunda a sexta as Missas ser\u00e3o &hellip;<\/p>\n","protected":false},"author":1,"featured_media":9292,"comment_status":"closed","ping_status":"closed","sticky":false,"template":"","format":"standard","meta":{"footnotes":""},"categories":[310],"tags":[125,435,57,437,436],"class_list":["post-9290","post","type-post","status-publish","format-standard","has-post-thumbnail","hentry","category-noticias-paroquiais","tag-diocese","tag-festa-de-sao-paulo-apostolo","tag-forania-sao-pedro","tag-paroquia-sao-paulo-apostolo","tag-pe-gilberto-santos"],"_links":{"self":[{"href":"https:\/\/dioceseteixeiradefreitas.com.br\/index.php?rest_route=\/wp\/v2\/posts\/9290","targetHints":{"allow":["GET"]}}],"collection":[{"href":"https:\/\/dioceseteixeiradefreitas.com.br\/index.php?rest_route=\/wp\/v2\/posts"}],"about":[{"href":"https:\/\/dioceseteixeiradefreitas.com.br\/index.php?rest_route=\/wp\/v2\/types\/post"}],"author":[{"embeddable":true,"href":"https:\/\/dioceseteixeiradefreitas.com.br\/index.php?rest_route=\/wp\/v2\/users\/1"}],"replies":[{"embeddable":true,"href":"https:\/\/dioceseteixeiradefreitas.com.br\/index.php?rest_route=%2Fwp%2Fv2%2Fcomments&post=9290"}],"version-history":[{"count":5,"href":"https:\/\/dioceseteixeiradefreitas.com.br\/index.php?rest_route=\/wp\/v2\/posts\/9290\/revisions"}],"predecessor-version":[{"id":9297,"href":"https:\/\/dioceseteixeiradefreitas.com.br\/index.php?rest_route=\/wp\/v2\/posts\/9290\/revisions\/9297"}],"wp:featuredmedia":[{"embeddable":true,"href":"https:\/\/dioceseteixeiradefreitas.com.br\/index.php?rest_route=\/wp\/v2\/media\/9292"}],"wp:attachment":[{"href":"https:\/\/dioceseteixeiradefreitas.com.br\/index.php?rest_route=%2Fwp%2Fv2%2Fmedia&parent=9290"}],"wp:term":[{"taxonomy":"category","embeddable":true,"href":"https:\/\/dioceseteixeiradefreitas.com.br\/index.php?rest_route=%2Fwp%2Fv2%2Fcategories&post=9290"},{"taxonomy":"post_tag","embeddable":true,"href":"https:\/\/dioceseteixeiradefreitas.com.br\/index.php?rest_route=%2Fwp%2Fv2%2Ftags&post=9290"}],"curies":[{"name":"wp","href":"https:\/\/api.w.org\/{rel}","templated":true}]}}