{"id":9301,"date":"2020-01-17T21:19:25","date_gmt":"2020-01-18T00:19:25","guid":{"rendered":"https:\/\/dioceseteixeiradefreitas.com.br\/?p=9301"},"modified":"2020-01-18T00:51:44","modified_gmt":"2020-01-18T03:51:44","slug":"nota-de-falecimento-da-mae-do-padre-jose-ricardo-de-almeida","status":"publish","type":"post","link":"https:\/\/dioceseteixeiradefreitas.com.br\/?p=9301","title":{"rendered":"Nota de Falecimento da m\u00e3e do padre Jos\u00e9 Ricardo de Almeida"},"content":{"rendered":"<p><img decoding=\"async\" class=\"aligncenter\" src=\"https:\/\/dioceseteixeiradefreitas.com.br\/wp-content\/uploads\/2018\/04\/Bras%C3%A3o_F_Branco_Pequeno.jpg\" \/><\/p>\n<p>Comunicamos, com pesar e nutridos pela f\u00e9 em Cristo Ressurrei\u00e7\u00e3o e Vida, que faleceu hoje (17\/01), a Sra. Ereni Guilherme da Silva Almeida, m\u00e3e do nosso irm\u00e3o Pe. Jos\u00e9 Ricardo de Almeida. O corpo est\u00e1 sendo <strong>velado na escola Branca de Neve, em Medeiros Neto<\/strong>. Amanh\u00e3 pela manh\u00e3 o corpo ser\u00e1 transferido para a Capela Nossa Senhora Aparecida, em Medeiros Neto, onde acontecer\u00e1 missa de corpo presente. O sepultamento est\u00e1 previsto para \u00e0s 13h.<br \/>\nNossa prece pelo descanso eterno da nossa m\u00e3e. Nossas condol\u00eancias e ora\u00e7\u00f5es ao Pe. Jos\u00e9 Ricardo e Fam\u00edlia.<br \/>\nDai-lhe Senhor o descanso eterno!!!<\/p>\n<div class=\"entry-content entry clearfix\">\n<p style=\"text-align: right;\">Dom Jailton de Oliveira Lino e presb\u00edteros.<\/p>\n<\/div>\n<div class=\"post-bottom-meta-title\">\n<figure style=\"width: 1152px\" class=\"wp-caption alignnone\"><img loading=\"lazy\" decoding=\"async\" src=\"https:\/\/dioceseteixeiradefreitas.com.br\/wp-content\/uploads\/2018\/04\/IMG_0494.jpg\" alt=\"\" width=\"1152\" height=\"768\" \/><figcaption class=\"wp-caption-text\">Sra. Ereni Guilherme (\u00e0 direita de vestido azul) na Ordena\u00e7\u00e3o Presbiteral de Pe. Jos\u00e9 Ricardo &#8211; Foto: PASCOM\/Divulga\u00e7\u00e3o<\/figcaption><\/figure>\n<\/div>\n","protected":false},"excerpt":{"rendered":"<p>Comunicamos, com pesar e nutridos pela f\u00e9 em Cristo Ressurrei\u00e7\u00e3o e Vida, que faleceu hoje (17\/01), a Sra. Ereni Guilherme da Silva Almeida, m\u00e3e do nosso irm\u00e3o Pe. Jos\u00e9 Ricardo de Almeida. O corpo est\u00e1 sendo velado na escola Branca de Neve, em Medeiros Neto. Amanh\u00e3 pela manh\u00e3 o corpo ser\u00e1 transferido para a Capela &hellip;<\/p>\n","protected":false},"author":1,"featured_media":4771,"comment_status":"closed","ping_status":"closed","sticky":false,"template":"","format":"standard","meta":{"footnotes":""},"categories":[51],"tags":[125,345,438],"class_list":["post-9301","post","type-post","status-publish","format-standard","has-post-thumbnail","hentry","category-notas","tag-diocese","tag-nota-de-falecimento","tag-sra-ereni-guilherme"],"_links":{"self":[{"href":"https:\/\/dioceseteixeiradefreitas.com.br\/index.php?rest_route=\/wp\/v2\/posts\/9301","targetHints":{"allow":["GET"]}}],"collection":[{"href":"https:\/\/dioceseteixeiradefreitas.com.br\/index.php?rest_route=\/wp\/v2\/posts"}],"about":[{"href":"https:\/\/dioceseteixeiradefreitas.com.br\/index.php?rest_route=\/wp\/v2\/types\/post"}],"author":[{"embeddable":true,"href":"https:\/\/dioceseteixeiradefreitas.com.br\/index.php?rest_route=\/wp\/v2\/users\/1"}],"replies":[{"embeddable":true,"href":"https:\/\/dioceseteixeiradefreitas.com.br\/index.php?rest_route=%2Fwp%2Fv2%2Fcomments&post=9301"}],"version-history":[{"count":3,"href":"https:\/\/dioceseteixeiradefreitas.com.br\/index.php?rest_route=\/wp\/v2\/posts\/9301\/revisions"}],"predecessor-version":[{"id":9304,"href":"https:\/\/dioceseteixeiradefreitas.com.br\/index.php?rest_route=\/wp\/v2\/posts\/9301\/revisions\/9304"}],"wp:featuredmedia":[{"embeddable":true,"href":"https:\/\/dioceseteixeiradefreitas.com.br\/index.php?rest_route=\/wp\/v2\/media\/4771"}],"wp:attachment":[{"href":"https:\/\/dioceseteixeiradefreitas.com.br\/index.php?rest_route=%2Fwp%2Fv2%2Fmedia&parent=9301"}],"wp:term":[{"taxonomy":"category","embeddable":true,"href":"https:\/\/dioceseteixeiradefreitas.com.br\/index.php?rest_route=%2Fwp%2Fv2%2Fcategories&post=9301"},{"taxonomy":"post_tag","embeddable":true,"href":"https:\/\/dioceseteixeiradefreitas.com.br\/index.php?rest_route=%2Fwp%2Fv2%2Ftags&post=9301"}],"curies":[{"name":"wp","href":"https:\/\/api.w.org\/{rel}","templated":true}]}}