{"id":9306,"date":"2020-01-20T14:12:54","date_gmt":"2020-01-20T17:12:54","guid":{"rendered":"https:\/\/dioceseteixeiradefreitas.com.br\/?p=9306"},"modified":"2020-01-20T14:23:37","modified_gmt":"2020-01-20T17:23:37","slug":"domingo-da-palavra-de-deus-ler-a-biblia-para-despertar-a-fe","status":"publish","type":"post","link":"https:\/\/dioceseteixeiradefreitas.com.br\/?p=9306","title":{"rendered":"Domingo da Palavra de Deus: ler a B\u00edblia para despertar a f\u00e9"},"content":{"rendered":"<figure id=\"attachment_9307\" aria-describedby=\"caption-attachment-9307\" style=\"width: 750px\" class=\"wp-caption aligncenter\"><img loading=\"lazy\" decoding=\"async\" class=\"wp-image-9307 size-full\" src=\"https:\/\/dioceseteixeiradefreitas.com.br\/wp-content\/uploads\/2020\/01\/cq5dam.thumbnail.cropped.750.422.jpeg\" alt=\"\" width=\"750\" height=\"422\" srcset=\"https:\/\/dioceseteixeiradefreitas.com.br\/wp-content\/uploads\/2020\/01\/cq5dam.thumbnail.cropped.750.422.jpeg 750w, https:\/\/dioceseteixeiradefreitas.com.br\/wp-content\/uploads\/2020\/01\/cq5dam.thumbnail.cropped.750.422-600x338.jpeg 600w, https:\/\/dioceseteixeiradefreitas.com.br\/wp-content\/uploads\/2020\/01\/cq5dam.thumbnail.cropped.750.422-300x169.jpeg 300w, https:\/\/dioceseteixeiradefreitas.com.br\/wp-content\/uploads\/2020\/01\/cq5dam.thumbnail.cropped.750.422-390x220.jpeg 390w\" sizes=\"auto, (max-width: 750px) 100vw, 750px\" \/><figcaption id=\"caption-attachment-9307\" class=\"wp-caption-text\">Logotipo da Iniciativa &#8211; Imagem: Vatican News\/Divulga\u00e7\u00e3o<\/figcaption><\/figure>\n<h2><b>Cidade do Vaticano<\/b><\/h2>\n<p>Os objetivos do Domingo da Palavra de Deus s\u00e3o v\u00e1rios e ricos de significados: oferecer uma dimens\u00e3o unit\u00e1ria \u00e0s v\u00e1rias iniciativas que a Igreja Cat\u00f3lica promove no mundo, em n\u00edvel local, para difundir a Palavra de Deus, dar um novo impulso \u00e0 leitura b\u00edblica no \u00e2mbito da pastoral; estabelecer mais um passo para o di\u00e1logo ecum\u00eanico; exortar os crist\u00e3os a tirar das prateleiras empoeiradas um \u201cinstrumento\u201d que desperte a nossa f\u00e9.\u00a0Pela primeira vez, ser\u00e1 celebrado no pr\u00f3ximo dia 26 de janeiro, o Domingo da Palavra de Deus. Dom Rino Fisichella, presidente do Pontif\u00edcio Conselho para a Promo\u00e7\u00e3o da Nova Evangeliza\u00e7\u00e3o apresentou a programa\u00e7\u00e3o na Sala de Imprensa da Santa S\u00e9.<\/p>\n<h2><b>Institu\u00edda pelo Papa<\/b><\/h2>\n<p>Na abertura da coletiva o bispo recordou que o Domingo da Palavra de Deus \u00e9 uma iniciativa que o Papa Francisco confia a toda a Igreja para que \u201ca comunidade crist\u00e3 se concentre no grande valor que a Palavra de Deus ocupa na vida di\u00e1ria&#8221; (<i>Aperuit illis<\/i>\u00a02). Este dia foi institu\u00eddo pelo Papa Francisco em 30 de setembro do ano passado, por ocasi\u00e3o dos 1600 anos da morte de S\u00e3o Jer\u00f4nimo, grande estudioso da Sagrada Escritura que traduziu para o latim os textos originais. Na ocasi\u00e3o o Papa publicava a sua Carta Apost\u00f3lica\u00a0<i>Aperuit illis.<\/i><\/p>\n<h2><b>Iniciativa de Evangeliza\u00e7\u00e3o<\/b><\/h2>\n<p>Dom Rino evidenciou que o Papa quis \u201cresponder aos muitos pedidos que chegam por parte do povo de Deus para que em toda a Igreja se possa celebrar em unidade de inten\u00e7\u00f5es o Domingo da Palavra de Deus\u201d. Portanto, acrescentou Dom Rino Fisichella, este domingo se coloca como uma iniciativa pastoral de Nova Evangeliza\u00e7\u00e3o, com o objetivo de reavivar a responsabilidade que os fi\u00e9is t\u00eam no conhecimento da Sagrada Escritura e em mant\u00ea-la viva atrav\u00e9s de uma obra de permanente transmiss\u00e3o e compreens\u00e3o\u201d.<\/p>\n<h2><b>O valor ecum\u00eanico<\/b><\/h2>\n<p>Neste contexto, o bispo disse que \u201cn\u00e3o pode passar em sil\u00eancio o grande valor ecum\u00eanico deste Domingo\u201d. De fato, Francisco estabeleceu que seja celebrado sempre no 3\u00ba Domingo do Tempo Comum do Ano Lit\u00fargico que \u00e9 pr\u00f3ximo ao Dia do di\u00e1logo entre Judeus e Cat\u00f3licos e da Semana de Ora\u00e7\u00e3o pela Unidade de Crist\u00e3os. Obviamente n\u00e3o \u00e9 uma simples coincid\u00eancia temporal \u2013 explicou o monsenhor -, mas uma escolha que pretende marcar mais um passo no di\u00e1logo ecum\u00eanico, colocando a Palavra de Deus no cora\u00e7\u00e3o do compromisso que os crist\u00e3os s\u00e3o chamados a realizar diariamente\u201d.<\/p>\n<h2><b>O logotipo da iniciativa<\/b><\/h2>\n<p>Durante a coletiva foi apresentado o logotipo da iniciativa que representa uma cena b\u00edblica muito conhecida: o caminho dos disc\u00edpulos ao povoado de Emaus (cf. Lc 24, 13-35) em um certo momento Jesus Ressuscitado se aproxima. O \u00edcone evidencia m\u00faltiplos aspectos que convergem sobre o Domingo da Palavra de Deus. Pode-se notar, primeiramente, os personagens. Junto com Cristo que tem nas m\u00e3os o &#8220;rolo do Livro&#8221;, isto \u00e9, a Sagrada Escritura que se realiza na sua pessoa, h\u00e1 dois disc\u00edpulos: Cleof\u00e1s, como descreve Lucas e, segundo alguns exegetas, sua esposa. Os rosto dos dois disc\u00edpulos est\u00e3o dirigidos ao Senhor para afirmar que Ele \u00e9 a realiza\u00e7\u00e3o das promessas antigas e a Palavra viva que deve ser anunciada ao mundo.<\/p>\n<h2>O programa da jornada<\/h2>\n<p>Dom Fisichella disse que no domingo, 26 de janeiro, \u00e0s 10 horas, o Papa Francisco presidir\u00e1 a Eucaristia na Bas\u00edlica de S\u00e3o Pedro. No altar papal ser\u00e1 colocada a est\u00e1tua de Nossa Senhora de Knock, Padroeira da Irlanda, que vir\u00e1 do Santu\u00e1rio acompanhada por uma grande representa\u00e7\u00e3o de fi\u00e9is, guiados pelo arcebispo Tuam, Dom Michael Neary e pelo reitor do santu\u00e1rio, padre Richard Gibbons. O coral do Santu\u00e1rio animar\u00e1 a celebra\u00e7\u00e3o alternando-se com o Coral da Capela Sistina.<\/p>\n<h2><b>Entrega da B\u00edblia<\/b><\/h2>\n<p>Na conclus\u00e3o da celebra\u00e7\u00e3o eucar\u00edstica o Papa Francisco far\u00e1 um gesto simb\u00f3lico: entregar\u00e1 a B\u00edblia a 40 pessoas representantes de v\u00e1rias realidades da sociedade: bispos, migrantes, embaixadores, professores, pobres, jornalistas, catequistas, seminaristas, detentos e algumas fam\u00edlias, assim como representantes das Igrejas Ortodoxas e das Comunidades Evang\u00e9licas.<\/p>\n<h2><b>Fisichella: a Palavra sempre presente na pastoral<\/b><\/h2>\n<p>Ao falar ao Vatican News, Dom Rino Fisichella recordou o significado mais profundo desta iniciativa: \u201cA Igreja sabe que a Palavra de Deus \u00e9 o cora\u00e7\u00e3o da sua prega\u00e7\u00e3o mas a institui\u00e7\u00e3o desse Dia especial nasce tamb\u00e9m porque h\u00e1 no mundo muitas iniciativas concretas que solicitaram ao Papa uma dimens\u00e3o unit\u00e1ria a tudo o que se realiza h\u00e1 d\u00e9cadas\u201d. Tamb\u00e9m h\u00e1 um aspecto pastoral \u2013 prosseguiu \u2013 a B\u00edblia n\u00e3o pode ser limitada ao estudo dos especialistas ou a alguns momentos da vida da nossa pastoral, mas deve estar sempre presente. Dom Fisichella explicou que a Liturgia da Palavra e a Liturgia da Eucaristia sustentam-se reciprocamente: \u201cO Conc\u00edlio Vaticano II na Constitui\u00e7\u00e3o dogm\u00e1tica\u00a0<i>Dei Verbum<\/i>, que fala da Revela\u00e7\u00e3o da Palavra de Deus, diz que o povo crist\u00e3o sempre se alimentou da Palavra de Deus e do Corpo e Sangue de Cristo que est\u00e3o depositados no altar, portanto a unidade da a\u00e7\u00e3o lit\u00fargica j\u00e1 nos diz o quanto precisamos de um e do outro\u201d.<img loading=\"lazy\" decoding=\"async\" class=\"aligncenter size-full wp-image-9307\" src=\"https:\/\/dioceseteixeiradefreitas.com.br\/wp-content\/uploads\/2020\/01\/cq5dam.thumbnail.cropped.750.422.jpeg\" alt=\"\" width=\"750\" height=\"422\" srcset=\"https:\/\/dioceseteixeiradefreitas.com.br\/wp-content\/uploads\/2020\/01\/cq5dam.thumbnail.cropped.750.422.jpeg 750w, https:\/\/dioceseteixeiradefreitas.com.br\/wp-content\/uploads\/2020\/01\/cq5dam.thumbnail.cropped.750.422-600x338.jpeg 600w, https:\/\/dioceseteixeiradefreitas.com.br\/wp-content\/uploads\/2020\/01\/cq5dam.thumbnail.cropped.750.422-300x169.jpeg 300w, https:\/\/dioceseteixeiradefreitas.com.br\/wp-content\/uploads\/2020\/01\/cq5dam.thumbnail.cropped.750.422-390x220.jpeg 390w\" sizes=\"auto, (max-width: 750px) 100vw, 750px\" \/><\/p>\n","protected":false},"excerpt":{"rendered":"<p>Cidade do Vaticano Os objetivos do Domingo da Palavra de Deus s\u00e3o v\u00e1rios e ricos de significados: oferecer uma dimens\u00e3o unit\u00e1ria \u00e0s v\u00e1rias iniciativas que a Igreja Cat\u00f3lica promove no mundo, em n\u00edvel local, para difundir a Palavra de Deus, dar um novo impulso \u00e0 leitura b\u00edblica no \u00e2mbito da pastoral; estabelecer mais um passo &hellip;<\/p>\n","protected":false},"author":1,"featured_media":9307,"comment_status":"closed","ping_status":"closed","sticky":false,"template":"","format":"standard","meta":{"footnotes":""},"categories":[103],"tags":[441,439,389,440,442],"class_list":["post-9306","post","type-post","status-publish","format-standard","has-post-thumbnail","hentry","category-noticias-do-vaticano","tag-biblia","tag-domingo-da-palavra-de-deus","tag-fe","tag-palavra-de-deus","tag-vatican-news"],"_links":{"self":[{"href":"https:\/\/dioceseteixeiradefreitas.com.br\/index.php?rest_route=\/wp\/v2\/posts\/9306","targetHints":{"allow":["GET"]}}],"collection":[{"href":"https:\/\/dioceseteixeiradefreitas.com.br\/index.php?rest_route=\/wp\/v2\/posts"}],"about":[{"href":"https:\/\/dioceseteixeiradefreitas.com.br\/index.php?rest_route=\/wp\/v2\/types\/post"}],"author":[{"embeddable":true,"href":"https:\/\/dioceseteixeiradefreitas.com.br\/index.php?rest_route=\/wp\/v2\/users\/1"}],"replies":[{"embeddable":true,"href":"https:\/\/dioceseteixeiradefreitas.com.br\/index.php?rest_route=%2Fwp%2Fv2%2Fcomments&post=9306"}],"version-history":[{"count":3,"href":"https:\/\/dioceseteixeiradefreitas.com.br\/index.php?rest_route=\/wp\/v2\/posts\/9306\/revisions"}],"predecessor-version":[{"id":9310,"href":"https:\/\/dioceseteixeiradefreitas.com.br\/index.php?rest_route=\/wp\/v2\/posts\/9306\/revisions\/9310"}],"wp:featuredmedia":[{"embeddable":true,"href":"https:\/\/dioceseteixeiradefreitas.com.br\/index.php?rest_route=\/wp\/v2\/media\/9307"}],"wp:attachment":[{"href":"https:\/\/dioceseteixeiradefreitas.com.br\/index.php?rest_route=%2Fwp%2Fv2%2Fmedia&parent=9306"}],"wp:term":[{"taxonomy":"category","embeddable":true,"href":"https:\/\/dioceseteixeiradefreitas.com.br\/index.php?rest_route=%2Fwp%2Fv2%2Fcategories&post=9306"},{"taxonomy":"post_tag","embeddable":true,"href":"https:\/\/dioceseteixeiradefreitas.com.br\/index.php?rest_route=%2Fwp%2Fv2%2Ftags&post=9306"}],"curies":[{"name":"wp","href":"https:\/\/api.w.org\/{rel}","templated":true}]}}