{"id":9311,"date":"2020-01-23T10:14:11","date_gmt":"2020-01-23T13:14:11","guid":{"rendered":"https:\/\/dioceseteixeiradefreitas.com.br\/?p=9311"},"modified":"2020-01-23T10:14:11","modified_gmt":"2020-01-23T13:14:11","slug":"devotos-lotam-paroquia-sao-sebastiao-em-jucurucu-para-celebrar-a-festa-de-seu-padroeiro","status":"publish","type":"post","link":"https:\/\/dioceseteixeiradefreitas.com.br\/?p=9311","title":{"rendered":"Devotos lotam Par\u00f3quia S\u00e3o Sebasti\u00e3o em Jucuru\u00e7u para celebrar a Festa de seu Padroeiro"},"content":{"rendered":"<figure id=\"attachment_9313\" aria-describedby=\"caption-attachment-9313\" style=\"width: 708px\" class=\"wp-caption aligncenter\"><img loading=\"lazy\" decoding=\"async\" class=\"wp-image-9313 size-large\" src=\"https:\/\/dioceseteixeiradefreitas.com.br\/wp-content\/uploads\/2020\/01\/5f13d440-394e-4fff-bbb1-abbf2a555629-1024x768.jpg\" alt=\"\" width=\"708\" height=\"531\" srcset=\"https:\/\/dioceseteixeiradefreitas.com.br\/wp-content\/uploads\/2020\/01\/5f13d440-394e-4fff-bbb1-abbf2a555629-1024x768.jpg 1024w, https:\/\/dioceseteixeiradefreitas.com.br\/wp-content\/uploads\/2020\/01\/5f13d440-394e-4fff-bbb1-abbf2a555629-600x450.jpg 600w, https:\/\/dioceseteixeiradefreitas.com.br\/wp-content\/uploads\/2020\/01\/5f13d440-394e-4fff-bbb1-abbf2a555629-300x225.jpg 300w, https:\/\/dioceseteixeiradefreitas.com.br\/wp-content\/uploads\/2020\/01\/5f13d440-394e-4fff-bbb1-abbf2a555629-768x576.jpg 768w, https:\/\/dioceseteixeiradefreitas.com.br\/wp-content\/uploads\/2020\/01\/5f13d440-394e-4fff-bbb1-abbf2a555629.jpg 1152w\" sizes=\"auto, (max-width: 708px) 100vw, 708px\" \/><figcaption id=\"caption-attachment-9313\" class=\"wp-caption-text\">Devotos na Santa Missa nesta segunda-feira (20) na Igreja Matriz &#8211; Foto: Pe. Gilson\/Divulga\u00e7\u00e3o<\/figcaption><\/figure>\n<p>A par\u00f3quia S\u00e3o Sebasti\u00e3o da cidade de Jucuru\u00e7u, celebrou dia 20 de janeiro a festa do seu padroeiro. Com a presen\u00e7a do nosso Vig\u00e1rio Geral, Pe. Paulo Salles, Pe. Gilson Ferreira Correia (Administrador Paroquial), convidados e paroquianos.<\/p>\n<p>As festividades de S\u00e3o Sebasti\u00e3o deu-se in\u00edcio no dia 12\/01, encerrando dia 20\/01, com uma bel\u00edssima prociss\u00e3o e Santa Missa Solene ao glorioso M\u00e1rtir. Logo ap\u00f3s houve barraquinhas com comidas t\u00edpicas e a\u00e7\u00e3o entre amigos. O padre Gilson agradece \u00e0 todos os fi\u00e9is que participaram e ajudaram na festa do padroeiro. Desejando a todos um ano cheio de paz, amor e b\u00ean\u00e7\u00e3os de Deus em suas vidas por intercess\u00e3o de S\u00e3o Sebasti\u00e3o.<\/p>\n<p>Por: Pe. Gilson Correia<\/p>\n<p>[su_note note_color=&#8221;#f3b418&#8243; text_color=&#8221;#ffffff&#8221;]Confira as fotos na galeria[\/su_note]<\/p>\n<p>&nbsp;<\/p>\n<div id='gallery-1' class='gallery galleryid-9311 gallery-columns-4 gallery-size-medium'><figure class='gallery-item'>\n\t\t\t<div class='gallery-icon landscape'>\n\t\t\t\t<a href='https:\/\/dioceseteixeiradefreitas.com.br\/wp-content\/uploads\/2020\/01\/5f13d440-394e-4fff-bbb1-abbf2a555629.jpg'><img loading=\"lazy\" decoding=\"async\" width=\"300\" height=\"225\" src=\"https:\/\/dioceseteixeiradefreitas.com.br\/wp-content\/uploads\/2020\/01\/5f13d440-394e-4fff-bbb1-abbf2a555629-300x225.jpg\" class=\"attachment-medium size-medium\" alt=\"\" srcset=\"https:\/\/dioceseteixeiradefreitas.com.br\/wp-content\/uploads\/2020\/01\/5f13d440-394e-4fff-bbb1-abbf2a555629-300x225.jpg 300w, https:\/\/dioceseteixeiradefreitas.com.br\/wp-content\/uploads\/2020\/01\/5f13d440-394e-4fff-bbb1-abbf2a555629-600x450.jpg 600w, https:\/\/dioceseteixeiradefreitas.com.br\/wp-content\/uploads\/2020\/01\/5f13d440-394e-4fff-bbb1-abbf2a555629-1024x768.jpg 1024w, https:\/\/dioceseteixeiradefreitas.com.br\/wp-content\/uploads\/2020\/01\/5f13d440-394e-4fff-bbb1-abbf2a555629-768x576.jpg 768w, https:\/\/dioceseteixeiradefreitas.com.br\/wp-content\/uploads\/2020\/01\/5f13d440-394e-4fff-bbb1-abbf2a555629.jpg 1152w\" sizes=\"auto, (max-width: 300px) 100vw, 300px\" \/><\/a>\n\t\t\t<\/div><\/figure><figure class='gallery-item'>\n\t\t\t<div class='gallery-icon landscape'>\n\t\t\t\t<a href='https:\/\/dioceseteixeiradefreitas.com.br\/wp-content\/uploads\/2020\/01\/fc34ae2a-a9de-46b2-acb3-229b67db06ea.jpg'><img loading=\"lazy\" decoding=\"async\" width=\"300\" height=\"225\" src=\"https:\/\/dioceseteixeiradefreitas.com.br\/wp-content\/uploads\/2020\/01\/fc34ae2a-a9de-46b2-acb3-229b67db06ea-300x225.jpg\" class=\"attachment-medium size-medium\" alt=\"\" srcset=\"https:\/\/dioceseteixeiradefreitas.com.br\/wp-content\/uploads\/2020\/01\/fc34ae2a-a9de-46b2-acb3-229b67db06ea-300x225.jpg 300w, https:\/\/dioceseteixeiradefreitas.com.br\/wp-content\/uploads\/2020\/01\/fc34ae2a-a9de-46b2-acb3-229b67db06ea-600x450.jpg 600w, https:\/\/dioceseteixeiradefreitas.com.br\/wp-content\/uploads\/2020\/01\/fc34ae2a-a9de-46b2-acb3-229b67db06ea-1024x768.jpg 1024w, https:\/\/dioceseteixeiradefreitas.com.br\/wp-content\/uploads\/2020\/01\/fc34ae2a-a9de-46b2-acb3-229b67db06ea-768x576.jpg 768w, https:\/\/dioceseteixeiradefreitas.com.br\/wp-content\/uploads\/2020\/01\/fc34ae2a-a9de-46b2-acb3-229b67db06ea.jpg 1280w\" sizes=\"auto, (max-width: 300px) 100vw, 300px\" \/><\/a>\n\t\t\t<\/div><\/figure><figure class='gallery-item'>\n\t\t\t<div class='gallery-icon landscape'>\n\t\t\t\t<a href='https:\/\/dioceseteixeiradefreitas.com.br\/wp-content\/uploads\/2020\/01\/e7909f48-557d-4911-b9fb-c9c4b6c0d1dd.jpg'><img loading=\"lazy\" decoding=\"async\" width=\"300\" height=\"225\" src=\"https:\/\/dioceseteixeiradefreitas.com.br\/wp-content\/uploads\/2020\/01\/e7909f48-557d-4911-b9fb-c9c4b6c0d1dd-300x225.jpg\" class=\"attachment-medium size-medium\" alt=\"\" srcset=\"https:\/\/dioceseteixeiradefreitas.com.br\/wp-content\/uploads\/2020\/01\/e7909f48-557d-4911-b9fb-c9c4b6c0d1dd-300x225.jpg 300w, https:\/\/dioceseteixeiradefreitas.com.br\/wp-content\/uploads\/2020\/01\/e7909f48-557d-4911-b9fb-c9c4b6c0d1dd-600x450.jpg 600w, https:\/\/dioceseteixeiradefreitas.com.br\/wp-content\/uploads\/2020\/01\/e7909f48-557d-4911-b9fb-c9c4b6c0d1dd-1024x768.jpg 1024w, https:\/\/dioceseteixeiradefreitas.com.br\/wp-content\/uploads\/2020\/01\/e7909f48-557d-4911-b9fb-c9c4b6c0d1dd-768x576.jpg 768w, https:\/\/dioceseteixeiradefreitas.com.br\/wp-content\/uploads\/2020\/01\/e7909f48-557d-4911-b9fb-c9c4b6c0d1dd.jpg 1152w\" sizes=\"auto, (max-width: 300px) 100vw, 300px\" \/><\/a>\n\t\t\t<\/div><\/figure><figure class='gallery-item'>\n\t\t\t<div class='gallery-icon landscape'>\n\t\t\t\t<a href='https:\/\/dioceseteixeiradefreitas.com.br\/wp-content\/uploads\/2020\/01\/c2ec8a73-8cd2-4d76-93c2-51abdbb80a7b.jpg'><img loading=\"lazy\" decoding=\"async\" width=\"300\" height=\"296\" src=\"https:\/\/dioceseteixeiradefreitas.com.br\/wp-content\/uploads\/2020\/01\/c2ec8a73-8cd2-4d76-93c2-51abdbb80a7b-300x296.jpg\" class=\"attachment-medium size-medium\" alt=\"\" srcset=\"https:\/\/dioceseteixeiradefreitas.com.br\/wp-content\/uploads\/2020\/01\/c2ec8a73-8cd2-4d76-93c2-51abdbb80a7b-300x296.jpg 300w, https:\/\/dioceseteixeiradefreitas.com.br\/wp-content\/uploads\/2020\/01\/c2ec8a73-8cd2-4d76-93c2-51abdbb80a7b-100x100.jpg 100w, https:\/\/dioceseteixeiradefreitas.com.br\/wp-content\/uploads\/2020\/01\/c2ec8a73-8cd2-4d76-93c2-51abdbb80a7b-600x592.jpg 600w, https:\/\/dioceseteixeiradefreitas.com.br\/wp-content\/uploads\/2020\/01\/c2ec8a73-8cd2-4d76-93c2-51abdbb80a7b-1024x1010.jpg 1024w, https:\/\/dioceseteixeiradefreitas.com.br\/wp-content\/uploads\/2020\/01\/c2ec8a73-8cd2-4d76-93c2-51abdbb80a7b-768x757.jpg 768w, https:\/\/dioceseteixeiradefreitas.com.br\/wp-content\/uploads\/2020\/01\/c2ec8a73-8cd2-4d76-93c2-51abdbb80a7b.jpg 1280w\" sizes=\"auto, (max-width: 300px) 100vw, 300px\" \/><\/a>\n\t\t\t<\/div><\/figure><figure class='gallery-item'>\n\t\t\t<div class='gallery-icon landscape'>\n\t\t\t\t<a href='https:\/\/dioceseteixeiradefreitas.com.br\/wp-content\/uploads\/2020\/01\/22a63d0a-664b-44d9-9f66-b4393a9a7454.jpg'><img loading=\"lazy\" decoding=\"async\" width=\"300\" height=\"225\" src=\"https:\/\/dioceseteixeiradefreitas.com.br\/wp-content\/uploads\/2020\/01\/22a63d0a-664b-44d9-9f66-b4393a9a7454-300x225.jpg\" class=\"attachment-medium size-medium\" alt=\"\" srcset=\"https:\/\/dioceseteixeiradefreitas.com.br\/wp-content\/uploads\/2020\/01\/22a63d0a-664b-44d9-9f66-b4393a9a7454-300x225.jpg 300w, https:\/\/dioceseteixeiradefreitas.com.br\/wp-content\/uploads\/2020\/01\/22a63d0a-664b-44d9-9f66-b4393a9a7454-600x450.jpg 600w, https:\/\/dioceseteixeiradefreitas.com.br\/wp-content\/uploads\/2020\/01\/22a63d0a-664b-44d9-9f66-b4393a9a7454-1024x768.jpg 1024w, https:\/\/dioceseteixeiradefreitas.com.br\/wp-content\/uploads\/2020\/01\/22a63d0a-664b-44d9-9f66-b4393a9a7454-768x576.jpg 768w, https:\/\/dioceseteixeiradefreitas.com.br\/wp-content\/uploads\/2020\/01\/22a63d0a-664b-44d9-9f66-b4393a9a7454.jpg 1152w\" sizes=\"auto, (max-width: 300px) 100vw, 300px\" \/><\/a>\n\t\t\t<\/div><\/figure><figure class='gallery-item'>\n\t\t\t<div class='gallery-icon landscape'>\n\t\t\t\t<a href='https:\/\/dioceseteixeiradefreitas.com.br\/wp-content\/uploads\/2020\/01\/3d35ed93-d998-4592-8958-796716e9695a.jpg'><img loading=\"lazy\" decoding=\"async\" width=\"300\" height=\"225\" src=\"https:\/\/dioceseteixeiradefreitas.com.br\/wp-content\/uploads\/2020\/01\/3d35ed93-d998-4592-8958-796716e9695a-300x225.jpg\" class=\"attachment-medium size-medium\" alt=\"\" srcset=\"https:\/\/dioceseteixeiradefreitas.com.br\/wp-content\/uploads\/2020\/01\/3d35ed93-d998-4592-8958-796716e9695a-300x225.jpg 300w, https:\/\/dioceseteixeiradefreitas.com.br\/wp-content\/uploads\/2020\/01\/3d35ed93-d998-4592-8958-796716e9695a-600x450.jpg 600w, https:\/\/dioceseteixeiradefreitas.com.br\/wp-content\/uploads\/2020\/01\/3d35ed93-d998-4592-8958-796716e9695a-1024x768.jpg 1024w, https:\/\/dioceseteixeiradefreitas.com.br\/wp-content\/uploads\/2020\/01\/3d35ed93-d998-4592-8958-796716e9695a-768x576.jpg 768w, https:\/\/dioceseteixeiradefreitas.com.br\/wp-content\/uploads\/2020\/01\/3d35ed93-d998-4592-8958-796716e9695a.jpg 1152w\" sizes=\"auto, (max-width: 300px) 100vw, 300px\" \/><\/a>\n\t\t\t<\/div><\/figure><figure class='gallery-item'>\n\t\t\t<div class='gallery-icon landscape'>\n\t\t\t\t<a href='https:\/\/dioceseteixeiradefreitas.com.br\/wp-content\/uploads\/2020\/01\/3b5aee8e-adde-4c70-9a1f-7345c2fab7ee.jpg'><img loading=\"lazy\" decoding=\"async\" width=\"300\" height=\"225\" src=\"https:\/\/dioceseteixeiradefreitas.com.br\/wp-content\/uploads\/2020\/01\/3b5aee8e-adde-4c70-9a1f-7345c2fab7ee-300x225.jpg\" class=\"attachment-medium size-medium\" alt=\"\" srcset=\"https:\/\/dioceseteixeiradefreitas.com.br\/wp-content\/uploads\/2020\/01\/3b5aee8e-adde-4c70-9a1f-7345c2fab7ee-300x225.jpg 300w, https:\/\/dioceseteixeiradefreitas.com.br\/wp-content\/uploads\/2020\/01\/3b5aee8e-adde-4c70-9a1f-7345c2fab7ee-600x450.jpg 600w, https:\/\/dioceseteixeiradefreitas.com.br\/wp-content\/uploads\/2020\/01\/3b5aee8e-adde-4c70-9a1f-7345c2fab7ee-1024x768.jpg 1024w, https:\/\/dioceseteixeiradefreitas.com.br\/wp-content\/uploads\/2020\/01\/3b5aee8e-adde-4c70-9a1f-7345c2fab7ee-768x576.jpg 768w, https:\/\/dioceseteixeiradefreitas.com.br\/wp-content\/uploads\/2020\/01\/3b5aee8e-adde-4c70-9a1f-7345c2fab7ee.jpg 1152w\" sizes=\"auto, (max-width: 300px) 100vw, 300px\" \/><\/a>\n\t\t\t<\/div><\/figure><figure class='gallery-item'>\n\t\t\t<div class='gallery-icon portrait'>\n\t\t\t\t<a href='https:\/\/dioceseteixeiradefreitas.com.br\/wp-content\/uploads\/2020\/01\/8f04760f-8886-41d7-95b5-d031cb9ecdd8.jpg'><img loading=\"lazy\" decoding=\"async\" width=\"225\" height=\"300\" src=\"https:\/\/dioceseteixeiradefreitas.com.br\/wp-content\/uploads\/2020\/01\/8f04760f-8886-41d7-95b5-d031cb9ecdd8-225x300.jpg\" class=\"attachment-medium size-medium\" alt=\"\" srcset=\"https:\/\/dioceseteixeiradefreitas.com.br\/wp-content\/uploads\/2020\/01\/8f04760f-8886-41d7-95b5-d031cb9ecdd8-225x300.jpg 225w, https:\/\/dioceseteixeiradefreitas.com.br\/wp-content\/uploads\/2020\/01\/8f04760f-8886-41d7-95b5-d031cb9ecdd8-600x800.jpg 600w, https:\/\/dioceseteixeiradefreitas.com.br\/wp-content\/uploads\/2020\/01\/8f04760f-8886-41d7-95b5-d031cb9ecdd8-768x1024.jpg 768w, https:\/\/dioceseteixeiradefreitas.com.br\/wp-content\/uploads\/2020\/01\/8f04760f-8886-41d7-95b5-d031cb9ecdd8.jpg 864w\" sizes=\"auto, (max-width: 225px) 100vw, 225px\" \/><\/a>\n\t\t\t<\/div><\/figure>\n\t\t<\/div>\n\n","protected":false},"excerpt":{"rendered":"<p>A par\u00f3quia S\u00e3o Sebasti\u00e3o da cidade de Jucuru\u00e7u, celebrou dia 20 de janeiro a festa do seu padroeiro. Com a presen\u00e7a do nosso Vig\u00e1rio Geral, Pe. Paulo Salles, Pe. Gilson Ferreira Correia (Administrador Paroquial), convidados e paroquianos. As festividades de S\u00e3o Sebasti\u00e3o deu-se in\u00edcio no dia 12\/01, encerrando dia 20\/01, com uma bel\u00edssima prociss\u00e3o e &hellip;<\/p>\n","protected":false},"author":1,"featured_media":9313,"comment_status":"closed","ping_status":"closed","sticky":false,"template":"","format":"standard","meta":{"footnotes":""},"categories":[310],"tags":[125,410,398,109,244],"class_list":["post-9311","post","type-post","status-publish","format-standard","has-post-thumbnail","hentry","category-noticias-paroquiais","tag-diocese","tag-festa-de-sao-sebastiao","tag-festa-de-sao-sebastiao-de-jucurucu","tag-forania-santo-antonio","tag-paroquia-sao-sebastiao"],"_links":{"self":[{"href":"https:\/\/dioceseteixeiradefreitas.com.br\/index.php?rest_route=\/wp\/v2\/posts\/9311","targetHints":{"allow":["GET"]}}],"collection":[{"href":"https:\/\/dioceseteixeiradefreitas.com.br\/index.php?rest_route=\/wp\/v2\/posts"}],"about":[{"href":"https:\/\/dioceseteixeiradefreitas.com.br\/index.php?rest_route=\/wp\/v2\/types\/post"}],"author":[{"embeddable":true,"href":"https:\/\/dioceseteixeiradefreitas.com.br\/index.php?rest_route=\/wp\/v2\/users\/1"}],"replies":[{"embeddable":true,"href":"https:\/\/dioceseteixeiradefreitas.com.br\/index.php?rest_route=%2Fwp%2Fv2%2Fcomments&post=9311"}],"version-history":[{"count":1,"href":"https:\/\/dioceseteixeiradefreitas.com.br\/index.php?rest_route=\/wp\/v2\/posts\/9311\/revisions"}],"predecessor-version":[{"id":9321,"href":"https:\/\/dioceseteixeiradefreitas.com.br\/index.php?rest_route=\/wp\/v2\/posts\/9311\/revisions\/9321"}],"wp:featuredmedia":[{"embeddable":true,"href":"https:\/\/dioceseteixeiradefreitas.com.br\/index.php?rest_route=\/wp\/v2\/media\/9313"}],"wp:attachment":[{"href":"https:\/\/dioceseteixeiradefreitas.com.br\/index.php?rest_route=%2Fwp%2Fv2%2Fmedia&parent=9311"}],"wp:term":[{"taxonomy":"category","embeddable":true,"href":"https:\/\/dioceseteixeiradefreitas.com.br\/index.php?rest_route=%2Fwp%2Fv2%2Fcategories&post=9311"},{"taxonomy":"post_tag","embeddable":true,"href":"https:\/\/dioceseteixeiradefreitas.com.br\/index.php?rest_route=%2Fwp%2Fv2%2Ftags&post=9311"}],"curies":[{"name":"wp","href":"https:\/\/api.w.org\/{rel}","templated":true}]}}