{"id":9378,"date":"2020-01-24T16:55:41","date_gmt":"2020-01-24T19:55:41","guid":{"rendered":"https:\/\/dioceseteixeiradefreitas.com.br\/?p=9378"},"modified":"2020-01-24T17:20:48","modified_gmt":"2020-01-24T20:20:48","slug":"nota-de-falecimento-sra-geane-faria","status":"publish","type":"post","link":"https:\/\/dioceseteixeiradefreitas.com.br\/?p=9378","title":{"rendered":"Nota de Falecimento: Sra. Geane Faria"},"content":{"rendered":"<p><img loading=\"lazy\" decoding=\"async\" class=\"aligncenter size-full wp-image-4771\" src=\"https:\/\/dioceseteixeiradefreitas.com.br\/wp-content\/uploads\/2018\/04\/Bras\u00e3o_F_Branco_Pequeno.jpg\" alt=\"\" width=\"500\" height=\"500\" srcset=\"https:\/\/dioceseteixeiradefreitas.com.br\/wp-content\/uploads\/2018\/04\/Bras\u00e3o_F_Branco_Pequeno.jpg 500w, https:\/\/dioceseteixeiradefreitas.com.br\/wp-content\/uploads\/2018\/04\/Bras\u00e3o_F_Branco_Pequeno-300x300.jpg 300w, https:\/\/dioceseteixeiradefreitas.com.br\/wp-content\/uploads\/2018\/04\/Bras\u00e3o_F_Branco_Pequeno-100x100.jpg 100w, https:\/\/dioceseteixeiradefreitas.com.br\/wp-content\/uploads\/2018\/04\/Bras\u00e3o_F_Branco_Pequeno-150x150.jpg 150w\" sizes=\"auto, (max-width: 500px) 100vw, 500px\" \/><\/p>\n<p>A Diocese de Teixeira de Freitas\/Caravelas, recebeu com pesar nesta sexta-feira (24\/01), a not\u00edcia do falecimento da senhora Geane Faria. Ela era membro da Coordena\u00e7\u00e3o Diocesana dos MESCEs &#8211; Ministro Extraordin\u00e1rio da Sagrada Comunh\u00e3o Eucar\u00edstica e da Par\u00f3quia Santa Rita de C\u00e1ssia em Teixeira de Freitas.<\/p>\n<p>Na quarta-feira (22), passou mal e foi internada no Hospital Sobrasa, em estado grave em decorr\u00eancia de um Acidente Vascular Cerebral &#8211; AVC.<\/p>\n<p>O corpo ser\u00e1 velado na <strong>Capela da Par\u00f3quia S\u00e3o Francisco de Assis em Teixeira de Freitas a partir das 19h<\/strong>. Amanh\u00e3 (25\/01), \u00e0s 09h o corpo ser\u00e1 transferido o munic\u00edpio de Medeiros Neto, onde acontecer\u00e1 as ex\u00e9quias na Igreja Matriz de Nossa Senhora da Concei\u00e7\u00e3o. O sepultamento est\u00e1 previsto para \u00e0s 15h.<br \/>\nNossa prece pelo descanso eterno da Sra. Geane Farias. Nossas condol\u00eancias e ora\u00e7\u00f5es aos familiares.<br \/>\nDai-lhe Senhor o descanso eterno!!!<\/p>\n","protected":false},"excerpt":{"rendered":"<p>A Diocese de Teixeira de Freitas\/Caravelas, recebeu com pesar nesta sexta-feira (24\/01), a not\u00edcia do falecimento da senhora Geane Faria. Ela era membro da Coordena\u00e7\u00e3o Diocesana dos MESCEs &#8211; Ministro Extraordin\u00e1rio da Sagrada Comunh\u00e3o Eucar\u00edstica e da Par\u00f3quia Santa Rita de C\u00e1ssia em Teixeira de Freitas. Na quarta-feira (22), passou mal e foi internada no &hellip;<\/p>\n","protected":false},"author":1,"featured_media":4771,"comment_status":"closed","ping_status":"closed","sticky":false,"template":"","format":"standard","meta":{"footnotes":""},"categories":[51],"tags":[223,345,443,444],"class_list":["post-9378","post","type-post","status-publish","format-standard","has-post-thumbnail","hentry","category-notas","tag-falecimento","tag-nota-de-falecimento","tag-paroquia-santa-rita","tag-sra-geane-farias"],"_links":{"self":[{"href":"https:\/\/dioceseteixeiradefreitas.com.br\/index.php?rest_route=\/wp\/v2\/posts\/9378","targetHints":{"allow":["GET"]}}],"collection":[{"href":"https:\/\/dioceseteixeiradefreitas.com.br\/index.php?rest_route=\/wp\/v2\/posts"}],"about":[{"href":"https:\/\/dioceseteixeiradefreitas.com.br\/index.php?rest_route=\/wp\/v2\/types\/post"}],"author":[{"embeddable":true,"href":"https:\/\/dioceseteixeiradefreitas.com.br\/index.php?rest_route=\/wp\/v2\/users\/1"}],"replies":[{"embeddable":true,"href":"https:\/\/dioceseteixeiradefreitas.com.br\/index.php?rest_route=%2Fwp%2Fv2%2Fcomments&post=9378"}],"version-history":[{"count":4,"href":"https:\/\/dioceseteixeiradefreitas.com.br\/index.php?rest_route=\/wp\/v2\/posts\/9378\/revisions"}],"predecessor-version":[{"id":9423,"href":"https:\/\/dioceseteixeiradefreitas.com.br\/index.php?rest_route=\/wp\/v2\/posts\/9378\/revisions\/9423"}],"wp:featuredmedia":[{"embeddable":true,"href":"https:\/\/dioceseteixeiradefreitas.com.br\/index.php?rest_route=\/wp\/v2\/media\/4771"}],"wp:attachment":[{"href":"https:\/\/dioceseteixeiradefreitas.com.br\/index.php?rest_route=%2Fwp%2Fv2%2Fmedia&parent=9378"}],"wp:term":[{"taxonomy":"category","embeddable":true,"href":"https:\/\/dioceseteixeiradefreitas.com.br\/index.php?rest_route=%2Fwp%2Fv2%2Fcategories&post=9378"},{"taxonomy":"post_tag","embeddable":true,"href":"https:\/\/dioceseteixeiradefreitas.com.br\/index.php?rest_route=%2Fwp%2Fv2%2Ftags&post=9378"}],"curies":[{"name":"wp","href":"https:\/\/api.w.org\/{rel}","templated":true}]}}