{"id":9458,"date":"2020-01-31T08:46:00","date_gmt":"2020-01-31T11:46:00","guid":{"rendered":"https:\/\/dioceseteixeiradefreitas.com.br\/?p=9458"},"modified":"2020-01-31T10:45:36","modified_gmt":"2020-01-31T13:45:36","slug":"padre-edileis-toma-posse-na-paroquia-santa-rita-de-cassia","status":"publish","type":"post","link":"https:\/\/dioceseteixeiradefreitas.com.br\/?p=9458","title":{"rendered":"Padre Edileis toma Posse na Par\u00f3quia Santa Rita de C\u00e1ssia"},"content":{"rendered":"<figure id=\"attachment_9460\" aria-describedby=\"caption-attachment-9460\" style=\"width: 708px\" class=\"wp-caption aligncenter\"><img loading=\"lazy\" decoding=\"async\" class=\"wp-image-9460 size-large\" src=\"https:\/\/dioceseteixeiradefreitas.com.br\/wp-content\/uploads\/2020\/01\/56b4fde5-edd5-4f2b-97c5-dd8a9e386406-1024x768.jpg\" alt=\"\" width=\"708\" height=\"531\" srcset=\"https:\/\/dioceseteixeiradefreitas.com.br\/wp-content\/uploads\/2020\/01\/56b4fde5-edd5-4f2b-97c5-dd8a9e386406-1024x768.jpg 1024w, https:\/\/dioceseteixeiradefreitas.com.br\/wp-content\/uploads\/2020\/01\/56b4fde5-edd5-4f2b-97c5-dd8a9e386406-600x450.jpg 600w, https:\/\/dioceseteixeiradefreitas.com.br\/wp-content\/uploads\/2020\/01\/56b4fde5-edd5-4f2b-97c5-dd8a9e386406-300x225.jpg 300w, https:\/\/dioceseteixeiradefreitas.com.br\/wp-content\/uploads\/2020\/01\/56b4fde5-edd5-4f2b-97c5-dd8a9e386406-768x576.jpg 768w, https:\/\/dioceseteixeiradefreitas.com.br\/wp-content\/uploads\/2020\/01\/56b4fde5-edd5-4f2b-97c5-dd8a9e386406.jpg 1280w\" sizes=\"auto, (max-width: 708px) 100vw, 708px\" \/><figcaption id=\"caption-attachment-9460\" class=\"wp-caption-text\">Padre Edileis recebendo a Ata de Posse &#8211; Foto: PASCOM\/Divulga\u00e7\u00e3o<\/figcaption><\/figure>\n<p>Na ultima sexta-feira 24\/01\/2020, o Reverend\u00edssimo Bispo diocesano Dom Jailton de Oliveira Lino, concedeu a posse can\u00f4nica ao Padre Edileis Silva de Ara\u00fajo como administrador da Par\u00f3quia Santa Rita de C\u00e1ssia, em Teixeira de Freitas\/BA.<\/p>\n<p>A posse can\u00f4nica deu-se in\u00edcio \u00e0s 19h30, contou com a presen\u00e7a de sacerdotes, seminaristas da Diocese, tamb\u00e9m estavam presentes religiosas consagradas, leigos de toda regi\u00e3o e familiares do Sacerdote, na qual puderam participar da Missa e prestigiar este momento da posse na referida Par\u00f3quia.<\/p>\n<p>Por PASCOM Santa Rita de C\u00e1ssia<\/p>\n<p>[su_note note_color=&#8221;#f3b418&#8243; text_color=&#8221;#ffffff&#8221;]Confira a Transmiss\u00e3o AO VIVO realizada[\/su_note]<\/p>\n<p>https:\/\/www.facebook.com\/dioceseteixeiradefreitas\/videos\/2506796109533720\/<\/p>\n<p>&nbsp;<\/p>\n<p>[su_note note_color=&#8221;#f3b418&#8243; text_color=&#8221;#ffffff&#8221;]Confira as fotos na galeria[\/su_note]<\/p>\n<div id='gallery-1' class='gallery galleryid-9458 gallery-columns-2 gallery-size-medium'><figure class='gallery-item'>\n\t\t\t<div class='gallery-icon landscape'>\n\t\t\t\t<a href='https:\/\/dioceseteixeiradefreitas.com.br\/wp-content\/uploads\/2020\/01\/39d1f130-3bb4-48a0-acbe-6a7add5978d1.jpg'><img loading=\"lazy\" decoding=\"async\" width=\"300\" height=\"225\" src=\"https:\/\/dioceseteixeiradefreitas.com.br\/wp-content\/uploads\/2020\/01\/39d1f130-3bb4-48a0-acbe-6a7add5978d1-300x225.jpg\" class=\"attachment-medium size-medium\" alt=\"\" srcset=\"https:\/\/dioceseteixeiradefreitas.com.br\/wp-content\/uploads\/2020\/01\/39d1f130-3bb4-48a0-acbe-6a7add5978d1-300x225.jpg 300w, https:\/\/dioceseteixeiradefreitas.com.br\/wp-content\/uploads\/2020\/01\/39d1f130-3bb4-48a0-acbe-6a7add5978d1-600x450.jpg 600w, https:\/\/dioceseteixeiradefreitas.com.br\/wp-content\/uploads\/2020\/01\/39d1f130-3bb4-48a0-acbe-6a7add5978d1-1024x768.jpg 1024w, https:\/\/dioceseteixeiradefreitas.com.br\/wp-content\/uploads\/2020\/01\/39d1f130-3bb4-48a0-acbe-6a7add5978d1-768x576.jpg 768w, https:\/\/dioceseteixeiradefreitas.com.br\/wp-content\/uploads\/2020\/01\/39d1f130-3bb4-48a0-acbe-6a7add5978d1.jpg 1280w\" sizes=\"auto, (max-width: 300px) 100vw, 300px\" \/><\/a>\n\t\t\t<\/div><\/figure><figure class='gallery-item'>\n\t\t\t<div class='gallery-icon landscape'>\n\t\t\t\t<a href='https:\/\/dioceseteixeiradefreitas.com.br\/wp-content\/uploads\/2020\/01\/56b4fde5-edd5-4f2b-97c5-dd8a9e386406.jpg'><img loading=\"lazy\" decoding=\"async\" width=\"300\" height=\"225\" src=\"https:\/\/dioceseteixeiradefreitas.com.br\/wp-content\/uploads\/2020\/01\/56b4fde5-edd5-4f2b-97c5-dd8a9e386406-300x225.jpg\" class=\"attachment-medium size-medium\" alt=\"\" srcset=\"https:\/\/dioceseteixeiradefreitas.com.br\/wp-content\/uploads\/2020\/01\/56b4fde5-edd5-4f2b-97c5-dd8a9e386406-300x225.jpg 300w, https:\/\/dioceseteixeiradefreitas.com.br\/wp-content\/uploads\/2020\/01\/56b4fde5-edd5-4f2b-97c5-dd8a9e386406-600x450.jpg 600w, https:\/\/dioceseteixeiradefreitas.com.br\/wp-content\/uploads\/2020\/01\/56b4fde5-edd5-4f2b-97c5-dd8a9e386406-1024x768.jpg 1024w, https:\/\/dioceseteixeiradefreitas.com.br\/wp-content\/uploads\/2020\/01\/56b4fde5-edd5-4f2b-97c5-dd8a9e386406-768x576.jpg 768w, https:\/\/dioceseteixeiradefreitas.com.br\/wp-content\/uploads\/2020\/01\/56b4fde5-edd5-4f2b-97c5-dd8a9e386406.jpg 1280w\" sizes=\"auto, (max-width: 300px) 100vw, 300px\" \/><\/a>\n\t\t\t<\/div><\/figure><figure class='gallery-item'>\n\t\t\t<div class='gallery-icon landscape'>\n\t\t\t\t<a href='https:\/\/dioceseteixeiradefreitas.com.br\/wp-content\/uploads\/2020\/01\/78fae9c5-532a-487a-a6ce-473debc9cc28.jpg'><img loading=\"lazy\" decoding=\"async\" width=\"300\" height=\"225\" src=\"https:\/\/dioceseteixeiradefreitas.com.br\/wp-content\/uploads\/2020\/01\/78fae9c5-532a-487a-a6ce-473debc9cc28-300x225.jpg\" class=\"attachment-medium size-medium\" alt=\"\" srcset=\"https:\/\/dioceseteixeiradefreitas.com.br\/wp-content\/uploads\/2020\/01\/78fae9c5-532a-487a-a6ce-473debc9cc28-300x225.jpg 300w, https:\/\/dioceseteixeiradefreitas.com.br\/wp-content\/uploads\/2020\/01\/78fae9c5-532a-487a-a6ce-473debc9cc28-600x450.jpg 600w, https:\/\/dioceseteixeiradefreitas.com.br\/wp-content\/uploads\/2020\/01\/78fae9c5-532a-487a-a6ce-473debc9cc28-1024x768.jpg 1024w, https:\/\/dioceseteixeiradefreitas.com.br\/wp-content\/uploads\/2020\/01\/78fae9c5-532a-487a-a6ce-473debc9cc28-768x576.jpg 768w, https:\/\/dioceseteixeiradefreitas.com.br\/wp-content\/uploads\/2020\/01\/78fae9c5-532a-487a-a6ce-473debc9cc28.jpg 1280w\" sizes=\"auto, (max-width: 300px) 100vw, 300px\" \/><\/a>\n\t\t\t<\/div><\/figure><figure class='gallery-item'>\n\t\t\t<div class='gallery-icon landscape'>\n\t\t\t\t<a href='https:\/\/dioceseteixeiradefreitas.com.br\/wp-content\/uploads\/2020\/01\/8474f5cd-d5fd-4c7e-b8bb-645a3239021f.jpg'><img loading=\"lazy\" decoding=\"async\" width=\"300\" height=\"225\" src=\"https:\/\/dioceseteixeiradefreitas.com.br\/wp-content\/uploads\/2020\/01\/8474f5cd-d5fd-4c7e-b8bb-645a3239021f-300x225.jpg\" class=\"attachment-medium size-medium\" alt=\"\" srcset=\"https:\/\/dioceseteixeiradefreitas.com.br\/wp-content\/uploads\/2020\/01\/8474f5cd-d5fd-4c7e-b8bb-645a3239021f-300x225.jpg 300w, https:\/\/dioceseteixeiradefreitas.com.br\/wp-content\/uploads\/2020\/01\/8474f5cd-d5fd-4c7e-b8bb-645a3239021f-600x450.jpg 600w, https:\/\/dioceseteixeiradefreitas.com.br\/wp-content\/uploads\/2020\/01\/8474f5cd-d5fd-4c7e-b8bb-645a3239021f-1024x768.jpg 1024w, https:\/\/dioceseteixeiradefreitas.com.br\/wp-content\/uploads\/2020\/01\/8474f5cd-d5fd-4c7e-b8bb-645a3239021f-768x576.jpg 768w, https:\/\/dioceseteixeiradefreitas.com.br\/wp-content\/uploads\/2020\/01\/8474f5cd-d5fd-4c7e-b8bb-645a3239021f.jpg 1280w\" sizes=\"auto, (max-width: 300px) 100vw, 300px\" \/><\/a>\n\t\t\t<\/div><\/figure><figure class='gallery-item'>\n\t\t\t<div class='gallery-icon landscape'>\n\t\t\t\t<a href='https:\/\/dioceseteixeiradefreitas.com.br\/wp-content\/uploads\/2020\/01\/63312f52-9f6d-4e0c-975a-5868203d2669.jpg'><img loading=\"lazy\" decoding=\"async\" width=\"300\" height=\"225\" src=\"https:\/\/dioceseteixeiradefreitas.com.br\/wp-content\/uploads\/2020\/01\/63312f52-9f6d-4e0c-975a-5868203d2669-300x225.jpg\" class=\"attachment-medium size-medium\" alt=\"\" srcset=\"https:\/\/dioceseteixeiradefreitas.com.br\/wp-content\/uploads\/2020\/01\/63312f52-9f6d-4e0c-975a-5868203d2669-300x225.jpg 300w, https:\/\/dioceseteixeiradefreitas.com.br\/wp-content\/uploads\/2020\/01\/63312f52-9f6d-4e0c-975a-5868203d2669-600x450.jpg 600w, https:\/\/dioceseteixeiradefreitas.com.br\/wp-content\/uploads\/2020\/01\/63312f52-9f6d-4e0c-975a-5868203d2669-1024x768.jpg 1024w, https:\/\/dioceseteixeiradefreitas.com.br\/wp-content\/uploads\/2020\/01\/63312f52-9f6d-4e0c-975a-5868203d2669-768x576.jpg 768w, https:\/\/dioceseteixeiradefreitas.com.br\/wp-content\/uploads\/2020\/01\/63312f52-9f6d-4e0c-975a-5868203d2669.jpg 1280w\" sizes=\"auto, (max-width: 300px) 100vw, 300px\" \/><\/a>\n\t\t\t<\/div><\/figure><figure class='gallery-item'>\n\t\t\t<div class='gallery-icon landscape'>\n\t\t\t\t<a href='https:\/\/dioceseteixeiradefreitas.com.br\/wp-content\/uploads\/2020\/01\/88346904-aaa2-407f-bed1-024e0f5dc5d0.jpg'><img loading=\"lazy\" decoding=\"async\" width=\"300\" height=\"225\" src=\"https:\/\/dioceseteixeiradefreitas.com.br\/wp-content\/uploads\/2020\/01\/88346904-aaa2-407f-bed1-024e0f5dc5d0-300x225.jpg\" class=\"attachment-medium size-medium\" alt=\"\" srcset=\"https:\/\/dioceseteixeiradefreitas.com.br\/wp-content\/uploads\/2020\/01\/88346904-aaa2-407f-bed1-024e0f5dc5d0-300x225.jpg 300w, https:\/\/dioceseteixeiradefreitas.com.br\/wp-content\/uploads\/2020\/01\/88346904-aaa2-407f-bed1-024e0f5dc5d0-600x450.jpg 600w, https:\/\/dioceseteixeiradefreitas.com.br\/wp-content\/uploads\/2020\/01\/88346904-aaa2-407f-bed1-024e0f5dc5d0-1024x768.jpg 1024w, https:\/\/dioceseteixeiradefreitas.com.br\/wp-content\/uploads\/2020\/01\/88346904-aaa2-407f-bed1-024e0f5dc5d0-768x576.jpg 768w, https:\/\/dioceseteixeiradefreitas.com.br\/wp-content\/uploads\/2020\/01\/88346904-aaa2-407f-bed1-024e0f5dc5d0.jpg 1280w\" sizes=\"auto, (max-width: 300px) 100vw, 300px\" \/><\/a>\n\t\t\t<\/div><\/figure><figure class='gallery-item'>\n\t\t\t<div class='gallery-icon landscape'>\n\t\t\t\t<a href='https:\/\/dioceseteixeiradefreitas.com.br\/wp-content\/uploads\/2020\/01\/a3553a63-9498-45c2-a3be-52936be1ebeb.jpg'><img loading=\"lazy\" decoding=\"async\" width=\"300\" height=\"225\" src=\"https:\/\/dioceseteixeiradefreitas.com.br\/wp-content\/uploads\/2020\/01\/a3553a63-9498-45c2-a3be-52936be1ebeb-300x225.jpg\" class=\"attachment-medium size-medium\" alt=\"\" srcset=\"https:\/\/dioceseteixeiradefreitas.com.br\/wp-content\/uploads\/2020\/01\/a3553a63-9498-45c2-a3be-52936be1ebeb-300x225.jpg 300w, https:\/\/dioceseteixeiradefreitas.com.br\/wp-content\/uploads\/2020\/01\/a3553a63-9498-45c2-a3be-52936be1ebeb-600x450.jpg 600w, https:\/\/dioceseteixeiradefreitas.com.br\/wp-content\/uploads\/2020\/01\/a3553a63-9498-45c2-a3be-52936be1ebeb-1024x768.jpg 1024w, https:\/\/dioceseteixeiradefreitas.com.br\/wp-content\/uploads\/2020\/01\/a3553a63-9498-45c2-a3be-52936be1ebeb-768x576.jpg 768w, https:\/\/dioceseteixeiradefreitas.com.br\/wp-content\/uploads\/2020\/01\/a3553a63-9498-45c2-a3be-52936be1ebeb.jpg 1280w\" sizes=\"auto, (max-width: 300px) 100vw, 300px\" \/><\/a>\n\t\t\t<\/div><\/figure>\n\t\t<\/div>\n\n<p>&nbsp;<\/p>\n","protected":false},"excerpt":{"rendered":"<p>Na ultima sexta-feira 24\/01\/2020, o Reverend\u00edssimo Bispo diocesano Dom Jailton de Oliveira Lino, concedeu a posse can\u00f4nica ao Padre Edileis Silva de Ara\u00fajo como administrador da Par\u00f3quia Santa Rita de C\u00e1ssia, em Teixeira de Freitas\/BA. A posse can\u00f4nica deu-se in\u00edcio \u00e0s 19h30, contou com a presen\u00e7a de sacerdotes, seminaristas da Diocese, tamb\u00e9m estavam presentes religiosas &hellip;<\/p>\n","protected":false},"author":1,"featured_media":9460,"comment_status":"closed","ping_status":"closed","sticky":false,"template":"","format":"standard","meta":{"footnotes":""},"categories":[310],"tags":[125,57,443,347,381],"class_list":["post-9458","post","type-post","status-publish","format-standard","has-post-thumbnail","hentry","category-noticias-paroquiais","tag-diocese","tag-forania-sao-pedro","tag-paroquia-santa-rita","tag-pe-edileis","tag-posse-canonica"],"_links":{"self":[{"href":"https:\/\/dioceseteixeiradefreitas.com.br\/index.php?rest_route=\/wp\/v2\/posts\/9458","targetHints":{"allow":["GET"]}}],"collection":[{"href":"https:\/\/dioceseteixeiradefreitas.com.br\/index.php?rest_route=\/wp\/v2\/posts"}],"about":[{"href":"https:\/\/dioceseteixeiradefreitas.com.br\/index.php?rest_route=\/wp\/v2\/types\/post"}],"author":[{"embeddable":true,"href":"https:\/\/dioceseteixeiradefreitas.com.br\/index.php?rest_route=\/wp\/v2\/users\/1"}],"replies":[{"embeddable":true,"href":"https:\/\/dioceseteixeiradefreitas.com.br\/index.php?rest_route=%2Fwp%2Fv2%2Fcomments&post=9458"}],"version-history":[{"count":7,"href":"https:\/\/dioceseteixeiradefreitas.com.br\/index.php?rest_route=\/wp\/v2\/posts\/9458\/revisions"}],"predecessor-version":[{"id":9476,"href":"https:\/\/dioceseteixeiradefreitas.com.br\/index.php?rest_route=\/wp\/v2\/posts\/9458\/revisions\/9476"}],"wp:featuredmedia":[{"embeddable":true,"href":"https:\/\/dioceseteixeiradefreitas.com.br\/index.php?rest_route=\/wp\/v2\/media\/9460"}],"wp:attachment":[{"href":"https:\/\/dioceseteixeiradefreitas.com.br\/index.php?rest_route=%2Fwp%2Fv2%2Fmedia&parent=9458"}],"wp:term":[{"taxonomy":"category","embeddable":true,"href":"https:\/\/dioceseteixeiradefreitas.com.br\/index.php?rest_route=%2Fwp%2Fv2%2Fcategories&post=9458"},{"taxonomy":"post_tag","embeddable":true,"href":"https:\/\/dioceseteixeiradefreitas.com.br\/index.php?rest_route=%2Fwp%2Fv2%2Ftags&post=9458"}],"curies":[{"name":"wp","href":"https:\/\/api.w.org\/{rel}","templated":true}]}}