{"id":9482,"date":"2020-02-04T10:44:14","date_gmt":"2020-02-04T13:44:14","guid":{"rendered":"https:\/\/dioceseteixeiradefreitas.com.br\/?p=9482"},"modified":"2020-02-04T10:48:04","modified_gmt":"2020-02-04T13:48:04","slug":"paroquia-nossa-senhora-da-purificacao-do-prado-festeja-sua-padroeira-com-forte-devocao","status":"publish","type":"post","link":"https:\/\/dioceseteixeiradefreitas.com.br\/?p=9482","title":{"rendered":"Par\u00f3quia Nossa Senhora da Purifica\u00e7\u00e3o do Prado festeja sua Padroeira com forte devo\u00e7\u00e3o"},"content":{"rendered":"<figure id=\"attachment_9484\" aria-describedby=\"caption-attachment-9484\" style=\"width: 403px\" class=\"wp-caption aligncenter\"><a href=\"https:\/\/dioceseteixeiradefreitas.com.br\/wp-content\/uploads\/2020\/02\/4c7cab21-8b80-4bdf-80c6-35642cff5189.jpg\"><img loading=\"lazy\" decoding=\"async\" class=\"wp-image-9484\" src=\"https:\/\/dioceseteixeiradefreitas.com.br\/wp-content\/uploads\/2020\/02\/4c7cab21-8b80-4bdf-80c6-35642cff5189.jpg\" alt=\"\" width=\"403\" height=\"538\" srcset=\"https:\/\/dioceseteixeiradefreitas.com.br\/wp-content\/uploads\/2020\/02\/4c7cab21-8b80-4bdf-80c6-35642cff5189.jpg 780w, https:\/\/dioceseteixeiradefreitas.com.br\/wp-content\/uploads\/2020\/02\/4c7cab21-8b80-4bdf-80c6-35642cff5189-600x800.jpg 600w, https:\/\/dioceseteixeiradefreitas.com.br\/wp-content\/uploads\/2020\/02\/4c7cab21-8b80-4bdf-80c6-35642cff5189-225x300.jpg 225w, https:\/\/dioceseteixeiradefreitas.com.br\/wp-content\/uploads\/2020\/02\/4c7cab21-8b80-4bdf-80c6-35642cff5189-768x1024.jpg 768w\" sizes=\"auto, (max-width: 403px) 100vw, 403px\" \/><\/a><figcaption id=\"caption-attachment-9484\" class=\"wp-caption-text\">FOTO: Festa de Nossa Senhora da Purifica\u00e7\u00e3oPascom\/divulga\u00e7\u00e3o<\/figcaption><\/figure>\n<p style=\"text-align: justify;\">Aos 2 dias do m\u00eas de fevereiro de 2020, aconteceu a festa em honra \u00e0 Nossa Senhora da Purifica\u00e7\u00e3o do Prado.<br \/>\n\u00c0s 9h, a Santa Missa Solene presidida pelo bispo Dom Jailton de Oliveira Lino. Neste ano o Noven\u00e1rio trouxe como tema <em><strong>&#8220;\u00c9 de Maria que se aprende o verdadeiro discipulado&#8221;<\/strong><\/em><\/p>\n<p style=\"text-align: justify;\">Ocorreu durante a celebra\u00e7\u00e3o o envio de Weslon J\u00fanior para o Semin\u00e1rio Proped\u00eautico em Teixeira de Freitas.<br \/>\n\u00c0s 16h prociss\u00e3o e logo ap\u00f3s a ben\u00e7\u00e3o ao Sant\u00edssimo Sacramento presidida pelo Pe. Jailton Sapucaia.<\/p>\n<p><strong>Por Pascom Par\u00f3quia Nossa Senhora da Purifica\u00e7\u00e3o<\/strong><\/p>\n<p>[su_note note_color=&#8221;#f3b418&#8243; text_color=&#8221;#ffffff&#8221;]Confira as fotos abaixo[\/su_note]<\/p>\n<div id='gallery-1' class='gallery galleryid-9482 gallery-columns-3 gallery-size-full'><figure class='gallery-item'>\n\t\t\t<div class='gallery-icon portrait'>\n\t\t\t\t<a href='https:\/\/dioceseteixeiradefreitas.com.br\/wp-content\/uploads\/2020\/02\/56ac36e1-182c-45eb-9202-c91d16e601e2.jpg'><img loading=\"lazy\" decoding=\"async\" width=\"750\" height=\"1000\" src=\"https:\/\/dioceseteixeiradefreitas.com.br\/wp-content\/uploads\/2020\/02\/56ac36e1-182c-45eb-9202-c91d16e601e2.jpg\" class=\"attachment-full size-full\" alt=\"\" srcset=\"https:\/\/dioceseteixeiradefreitas.com.br\/wp-content\/uploads\/2020\/02\/56ac36e1-182c-45eb-9202-c91d16e601e2.jpg 750w, https:\/\/dioceseteixeiradefreitas.com.br\/wp-content\/uploads\/2020\/02\/56ac36e1-182c-45eb-9202-c91d16e601e2-600x800.jpg 600w, https:\/\/dioceseteixeiradefreitas.com.br\/wp-content\/uploads\/2020\/02\/56ac36e1-182c-45eb-9202-c91d16e601e2-225x300.jpg 225w\" sizes=\"auto, (max-width: 750px) 100vw, 750px\" \/><\/a>\n\t\t\t<\/div><\/figure><figure class='gallery-item'>\n\t\t\t<div class='gallery-icon portrait'>\n\t\t\t\t<a href='https:\/\/dioceseteixeiradefreitas.com.br\/wp-content\/uploads\/2020\/02\/9d4d0c93-d273-4161-ae69-39dc86a5f568.jpg'><img loading=\"lazy\" decoding=\"async\" width=\"720\" height=\"1055\" src=\"https:\/\/dioceseteixeiradefreitas.com.br\/wp-content\/uploads\/2020\/02\/9d4d0c93-d273-4161-ae69-39dc86a5f568.jpg\" class=\"attachment-full size-full\" alt=\"\" srcset=\"https:\/\/dioceseteixeiradefreitas.com.br\/wp-content\/uploads\/2020\/02\/9d4d0c93-d273-4161-ae69-39dc86a5f568.jpg 720w, https:\/\/dioceseteixeiradefreitas.com.br\/wp-content\/uploads\/2020\/02\/9d4d0c93-d273-4161-ae69-39dc86a5f568-600x879.jpg 600w, https:\/\/dioceseteixeiradefreitas.com.br\/wp-content\/uploads\/2020\/02\/9d4d0c93-d273-4161-ae69-39dc86a5f568-205x300.jpg 205w, https:\/\/dioceseteixeiradefreitas.com.br\/wp-content\/uploads\/2020\/02\/9d4d0c93-d273-4161-ae69-39dc86a5f568-699x1024.jpg 699w\" sizes=\"auto, (max-width: 720px) 100vw, 720px\" \/><\/a>\n\t\t\t<\/div><\/figure><figure class='gallery-item'>\n\t\t\t<div class='gallery-icon portrait'>\n\t\t\t\t<a href='https:\/\/dioceseteixeiradefreitas.com.br\/wp-content\/uploads\/2020\/02\/da1ec91d-67db-4a3e-b1a6-985c0e4292c9.jpg'><img loading=\"lazy\" decoding=\"async\" width=\"876\" height=\"1280\" src=\"https:\/\/dioceseteixeiradefreitas.com.br\/wp-content\/uploads\/2020\/02\/da1ec91d-67db-4a3e-b1a6-985c0e4292c9.jpg\" class=\"attachment-full size-full\" alt=\"\" srcset=\"https:\/\/dioceseteixeiradefreitas.com.br\/wp-content\/uploads\/2020\/02\/da1ec91d-67db-4a3e-b1a6-985c0e4292c9.jpg 876w, https:\/\/dioceseteixeiradefreitas.com.br\/wp-content\/uploads\/2020\/02\/da1ec91d-67db-4a3e-b1a6-985c0e4292c9-600x877.jpg 600w, https:\/\/dioceseteixeiradefreitas.com.br\/wp-content\/uploads\/2020\/02\/da1ec91d-67db-4a3e-b1a6-985c0e4292c9-205x300.jpg 205w, https:\/\/dioceseteixeiradefreitas.com.br\/wp-content\/uploads\/2020\/02\/da1ec91d-67db-4a3e-b1a6-985c0e4292c9-701x1024.jpg 701w, https:\/\/dioceseteixeiradefreitas.com.br\/wp-content\/uploads\/2020\/02\/da1ec91d-67db-4a3e-b1a6-985c0e4292c9-768x1122.jpg 768w\" sizes=\"auto, (max-width: 876px) 100vw, 876px\" \/><\/a>\n\t\t\t<\/div><\/figure><figure class='gallery-item'>\n\t\t\t<div class='gallery-icon portrait'>\n\t\t\t\t<a href='https:\/\/dioceseteixeiradefreitas.com.br\/wp-content\/uploads\/2020\/02\/2132690f-5824-4cea-837f-787485445f1b.jpg'><img loading=\"lazy\" decoding=\"async\" width=\"720\" height=\"1279\" src=\"https:\/\/dioceseteixeiradefreitas.com.br\/wp-content\/uploads\/2020\/02\/2132690f-5824-4cea-837f-787485445f1b.jpg\" class=\"attachment-full size-full\" alt=\"\" srcset=\"https:\/\/dioceseteixeiradefreitas.com.br\/wp-content\/uploads\/2020\/02\/2132690f-5824-4cea-837f-787485445f1b.jpg 720w, https:\/\/dioceseteixeiradefreitas.com.br\/wp-content\/uploads\/2020\/02\/2132690f-5824-4cea-837f-787485445f1b-600x1066.jpg 600w, https:\/\/dioceseteixeiradefreitas.com.br\/wp-content\/uploads\/2020\/02\/2132690f-5824-4cea-837f-787485445f1b-169x300.jpg 169w, https:\/\/dioceseteixeiradefreitas.com.br\/wp-content\/uploads\/2020\/02\/2132690f-5824-4cea-837f-787485445f1b-576x1024.jpg 576w\" sizes=\"auto, (max-width: 720px) 100vw, 720px\" \/><\/a>\n\t\t\t<\/div><\/figure><figure class='gallery-item'>\n\t\t\t<div class='gallery-icon portrait'>\n\t\t\t\t<a href='https:\/\/dioceseteixeiradefreitas.com.br\/wp-content\/uploads\/2020\/02\/30d79352-cd55-414a-92eb-ed1a3072e960.jpg'><img loading=\"lazy\" decoding=\"async\" width=\"794\" height=\"1280\" src=\"https:\/\/dioceseteixeiradefreitas.com.br\/wp-content\/uploads\/2020\/02\/30d79352-cd55-414a-92eb-ed1a3072e960.jpg\" class=\"attachment-full size-full\" alt=\"\" srcset=\"https:\/\/dioceseteixeiradefreitas.com.br\/wp-content\/uploads\/2020\/02\/30d79352-cd55-414a-92eb-ed1a3072e960.jpg 794w, https:\/\/dioceseteixeiradefreitas.com.br\/wp-content\/uploads\/2020\/02\/30d79352-cd55-414a-92eb-ed1a3072e960-600x967.jpg 600w, https:\/\/dioceseteixeiradefreitas.com.br\/wp-content\/uploads\/2020\/02\/30d79352-cd55-414a-92eb-ed1a3072e960-186x300.jpg 186w, https:\/\/dioceseteixeiradefreitas.com.br\/wp-content\/uploads\/2020\/02\/30d79352-cd55-414a-92eb-ed1a3072e960-635x1024.jpg 635w, https:\/\/dioceseteixeiradefreitas.com.br\/wp-content\/uploads\/2020\/02\/30d79352-cd55-414a-92eb-ed1a3072e960-768x1238.jpg 768w\" sizes=\"auto, (max-width: 794px) 100vw, 794px\" \/><\/a>\n\t\t\t<\/div><\/figure><figure class='gallery-item'>\n\t\t\t<div class='gallery-icon portrait'>\n\t\t\t\t<a href='https:\/\/dioceseteixeiradefreitas.com.br\/wp-content\/uploads\/2020\/02\/4c7cab21-8b80-4bdf-80c6-35642cff5189-1.jpg'><img loading=\"lazy\" decoding=\"async\" width=\"780\" height=\"1040\" src=\"https:\/\/dioceseteixeiradefreitas.com.br\/wp-content\/uploads\/2020\/02\/4c7cab21-8b80-4bdf-80c6-35642cff5189-1.jpg\" class=\"attachment-full size-full\" alt=\"\" srcset=\"https:\/\/dioceseteixeiradefreitas.com.br\/wp-content\/uploads\/2020\/02\/4c7cab21-8b80-4bdf-80c6-35642cff5189-1.jpg 780w, https:\/\/dioceseteixeiradefreitas.com.br\/wp-content\/uploads\/2020\/02\/4c7cab21-8b80-4bdf-80c6-35642cff5189-1-600x800.jpg 600w, https:\/\/dioceseteixeiradefreitas.com.br\/wp-content\/uploads\/2020\/02\/4c7cab21-8b80-4bdf-80c6-35642cff5189-1-225x300.jpg 225w, https:\/\/dioceseteixeiradefreitas.com.br\/wp-content\/uploads\/2020\/02\/4c7cab21-8b80-4bdf-80c6-35642cff5189-1-768x1024.jpg 768w\" sizes=\"auto, (max-width: 780px) 100vw, 780px\" \/><\/a>\n\t\t\t<\/div><\/figure><figure class='gallery-item'>\n\t\t\t<div class='gallery-icon landscape'>\n\t\t\t\t<a href='https:\/\/dioceseteixeiradefreitas.com.br\/wp-content\/uploads\/2020\/02\/69085061-347f-476f-8989-fe1a5227bd05.jpg'><img loading=\"lazy\" decoding=\"async\" width=\"857\" height=\"768\" src=\"https:\/\/dioceseteixeiradefreitas.com.br\/wp-content\/uploads\/2020\/02\/69085061-347f-476f-8989-fe1a5227bd05.jpg\" class=\"attachment-full size-full\" alt=\"\" srcset=\"https:\/\/dioceseteixeiradefreitas.com.br\/wp-content\/uploads\/2020\/02\/69085061-347f-476f-8989-fe1a5227bd05.jpg 857w, https:\/\/dioceseteixeiradefreitas.com.br\/wp-content\/uploads\/2020\/02\/69085061-347f-476f-8989-fe1a5227bd05-600x538.jpg 600w, https:\/\/dioceseteixeiradefreitas.com.br\/wp-content\/uploads\/2020\/02\/69085061-347f-476f-8989-fe1a5227bd05-300x269.jpg 300w, https:\/\/dioceseteixeiradefreitas.com.br\/wp-content\/uploads\/2020\/02\/69085061-347f-476f-8989-fe1a5227bd05-768x688.jpg 768w\" sizes=\"auto, (max-width: 857px) 100vw, 857px\" \/><\/a>\n\t\t\t<\/div><\/figure><figure class='gallery-item'>\n\t\t\t<div class='gallery-icon portrait'>\n\t\t\t\t<a href='https:\/\/dioceseteixeiradefreitas.com.br\/wp-content\/uploads\/2020\/02\/254c543d-b3be-4a80-bfeb-87bb3cf538d6.jpg'><img loading=\"lazy\" decoding=\"async\" width=\"780\" height=\"1040\" src=\"https:\/\/dioceseteixeiradefreitas.com.br\/wp-content\/uploads\/2020\/02\/254c543d-b3be-4a80-bfeb-87bb3cf538d6.jpg\" class=\"attachment-full size-full\" alt=\"\" srcset=\"https:\/\/dioceseteixeiradefreitas.com.br\/wp-content\/uploads\/2020\/02\/254c543d-b3be-4a80-bfeb-87bb3cf538d6.jpg 780w, https:\/\/dioceseteixeiradefreitas.com.br\/wp-content\/uploads\/2020\/02\/254c543d-b3be-4a80-bfeb-87bb3cf538d6-600x800.jpg 600w, https:\/\/dioceseteixeiradefreitas.com.br\/wp-content\/uploads\/2020\/02\/254c543d-b3be-4a80-bfeb-87bb3cf538d6-225x300.jpg 225w, https:\/\/dioceseteixeiradefreitas.com.br\/wp-content\/uploads\/2020\/02\/254c543d-b3be-4a80-bfeb-87bb3cf538d6-768x1024.jpg 768w\" sizes=\"auto, (max-width: 780px) 100vw, 780px\" \/><\/a>\n\t\t\t<\/div><\/figure><figure class='gallery-item'>\n\t\t\t<div class='gallery-icon landscape'>\n\t\t\t\t<a href='https:\/\/dioceseteixeiradefreitas.com.br\/wp-content\/uploads\/2020\/02\/92e7f9d3-ab06-4f89-a97e-ecfb3760afda.jpg'><img loading=\"lazy\" decoding=\"async\" width=\"1280\" height=\"960\" src=\"https:\/\/dioceseteixeiradefreitas.com.br\/wp-content\/uploads\/2020\/02\/92e7f9d3-ab06-4f89-a97e-ecfb3760afda.jpg\" class=\"attachment-full size-full\" alt=\"\" srcset=\"https:\/\/dioceseteixeiradefreitas.com.br\/wp-content\/uploads\/2020\/02\/92e7f9d3-ab06-4f89-a97e-ecfb3760afda.jpg 1280w, https:\/\/dioceseteixeiradefreitas.com.br\/wp-content\/uploads\/2020\/02\/92e7f9d3-ab06-4f89-a97e-ecfb3760afda-600x450.jpg 600w, https:\/\/dioceseteixeiradefreitas.com.br\/wp-content\/uploads\/2020\/02\/92e7f9d3-ab06-4f89-a97e-ecfb3760afda-300x225.jpg 300w, https:\/\/dioceseteixeiradefreitas.com.br\/wp-content\/uploads\/2020\/02\/92e7f9d3-ab06-4f89-a97e-ecfb3760afda-1024x768.jpg 1024w, https:\/\/dioceseteixeiradefreitas.com.br\/wp-content\/uploads\/2020\/02\/92e7f9d3-ab06-4f89-a97e-ecfb3760afda-768x576.jpg 768w\" sizes=\"auto, (max-width: 1280px) 100vw, 1280px\" \/><\/a>\n\t\t\t<\/div><\/figure><figure class='gallery-item'>\n\t\t\t<div class='gallery-icon landscape'>\n\t\t\t\t<a href='https:\/\/dioceseteixeiradefreitas.com.br\/wp-content\/uploads\/2020\/02\/ea4370a6-4722-4b6d-9376-13457937dc97.jpg'><img loading=\"lazy\" decoding=\"async\" width=\"895\" height=\"768\" src=\"https:\/\/dioceseteixeiradefreitas.com.br\/wp-content\/uploads\/2020\/02\/ea4370a6-4722-4b6d-9376-13457937dc97.jpg\" class=\"attachment-full size-full\" alt=\"\" srcset=\"https:\/\/dioceseteixeiradefreitas.com.br\/wp-content\/uploads\/2020\/02\/ea4370a6-4722-4b6d-9376-13457937dc97.jpg 895w, https:\/\/dioceseteixeiradefreitas.com.br\/wp-content\/uploads\/2020\/02\/ea4370a6-4722-4b6d-9376-13457937dc97-600x515.jpg 600w, https:\/\/dioceseteixeiradefreitas.com.br\/wp-content\/uploads\/2020\/02\/ea4370a6-4722-4b6d-9376-13457937dc97-300x257.jpg 300w, https:\/\/dioceseteixeiradefreitas.com.br\/wp-content\/uploads\/2020\/02\/ea4370a6-4722-4b6d-9376-13457937dc97-768x659.jpg 768w\" sizes=\"auto, (max-width: 895px) 100vw, 895px\" \/><\/a>\n\t\t\t<\/div><\/figure><figure class='gallery-item'>\n\t\t\t<div class='gallery-icon landscape'>\n\t\t\t\t<a href='https:\/\/dioceseteixeiradefreitas.com.br\/wp-content\/uploads\/2020\/02\/f7088844-9ec4-4840-b069-84549af42100.jpg'><img loading=\"lazy\" decoding=\"async\" width=\"1280\" height=\"960\" src=\"https:\/\/dioceseteixeiradefreitas.com.br\/wp-content\/uploads\/2020\/02\/f7088844-9ec4-4840-b069-84549af42100.jpg\" class=\"attachment-full size-full\" alt=\"\" srcset=\"https:\/\/dioceseteixeiradefreitas.com.br\/wp-content\/uploads\/2020\/02\/f7088844-9ec4-4840-b069-84549af42100.jpg 1280w, https:\/\/dioceseteixeiradefreitas.com.br\/wp-content\/uploads\/2020\/02\/f7088844-9ec4-4840-b069-84549af42100-600x450.jpg 600w, https:\/\/dioceseteixeiradefreitas.com.br\/wp-content\/uploads\/2020\/02\/f7088844-9ec4-4840-b069-84549af42100-300x225.jpg 300w, https:\/\/dioceseteixeiradefreitas.com.br\/wp-content\/uploads\/2020\/02\/f7088844-9ec4-4840-b069-84549af42100-1024x768.jpg 1024w, https:\/\/dioceseteixeiradefreitas.com.br\/wp-content\/uploads\/2020\/02\/f7088844-9ec4-4840-b069-84549af42100-768x576.jpg 768w\" sizes=\"auto, (max-width: 1280px) 100vw, 1280px\" \/><\/a>\n\t\t\t<\/div><\/figure>\n\t\t<\/div>\n\n","protected":false},"excerpt":{"rendered":"<p>Aos 2 dias do m\u00eas de fevereiro de 2020, aconteceu a festa em honra \u00e0 Nossa Senhora da Purifica\u00e7\u00e3o do Prado. \u00c0s 9h, a Santa Missa Solene presidida pelo bispo Dom Jailton de Oliveira Lino. Neste ano o Noven\u00e1rio trouxe como tema &#8220;\u00c9 de Maria que se aprende o verdadeiro discipulado&#8221; Ocorreu durante a celebra\u00e7\u00e3o &hellip;<\/p>\n","protected":false},"author":1,"featured_media":9496,"comment_status":"closed","ping_status":"closed","sticky":false,"template":"","format":"standard","meta":{"footnotes":""},"categories":[310,1],"tags":[60,448,109,207],"class_list":["post-9482","post","type-post","status-publish","format-standard","has-post-thumbnail","hentry","category-noticias-paroquiais","category-uncategorized","tag-dom-jailton","tag-festa-de-nossa-senhora-da-purificacao","tag-forania-santo-antonio","tag-novenario"],"_links":{"self":[{"href":"https:\/\/dioceseteixeiradefreitas.com.br\/index.php?rest_route=\/wp\/v2\/posts\/9482","targetHints":{"allow":["GET"]}}],"collection":[{"href":"https:\/\/dioceseteixeiradefreitas.com.br\/index.php?rest_route=\/wp\/v2\/posts"}],"about":[{"href":"https:\/\/dioceseteixeiradefreitas.com.br\/index.php?rest_route=\/wp\/v2\/types\/post"}],"author":[{"embeddable":true,"href":"https:\/\/dioceseteixeiradefreitas.com.br\/index.php?rest_route=\/wp\/v2\/users\/1"}],"replies":[{"embeddable":true,"href":"https:\/\/dioceseteixeiradefreitas.com.br\/index.php?rest_route=%2Fwp%2Fv2%2Fcomments&post=9482"}],"version-history":[{"count":3,"href":"https:\/\/dioceseteixeiradefreitas.com.br\/index.php?rest_route=\/wp\/v2\/posts\/9482\/revisions"}],"predecessor-version":[{"id":9499,"href":"https:\/\/dioceseteixeiradefreitas.com.br\/index.php?rest_route=\/wp\/v2\/posts\/9482\/revisions\/9499"}],"wp:featuredmedia":[{"embeddable":true,"href":"https:\/\/dioceseteixeiradefreitas.com.br\/index.php?rest_route=\/wp\/v2\/media\/9496"}],"wp:attachment":[{"href":"https:\/\/dioceseteixeiradefreitas.com.br\/index.php?rest_route=%2Fwp%2Fv2%2Fmedia&parent=9482"}],"wp:term":[{"taxonomy":"category","embeddable":true,"href":"https:\/\/dioceseteixeiradefreitas.com.br\/index.php?rest_route=%2Fwp%2Fv2%2Fcategories&post=9482"},{"taxonomy":"post_tag","embeddable":true,"href":"https:\/\/dioceseteixeiradefreitas.com.br\/index.php?rest_route=%2Fwp%2Fv2%2Ftags&post=9482"}],"curies":[{"name":"wp","href":"https:\/\/api.w.org\/{rel}","templated":true}]}}